{"id":12909,"date":"2018-01-31T13:16:43","date_gmt":"2018-01-31T13:16:43","guid":{"rendered":"http:\/\/heavymetalonline.com.br\/?p=12909"},"modified":"2018-01-31T13:16:43","modified_gmt":"2018-01-31T13:16:43","slug":"pain-of-salvation-turne-adiada-para-abril-por-problemas-de-saude-com-o-vocalista","status":"publish","type":"post","link":"http:\/\/heavymetalonline.com.br\/?p=12909","title":{"rendered":"Pain Of Salvation: Turn\u00ea adiada para Abril por problemas de sa\u00fade com o vocalista"},"content":{"rendered":"<p style=\"text-align: justify;\">Infelizmente a turn\u00ea do Pain Of Salvation que se iniciaria nesta semana, ser\u00e1 adiada para Abril. O motivo \u00e9 uma forte gripe que acometeu o vocalista e guitarrista Daniel Gildenl\u00f6w, evoluindo para um quadro de sinusite e uma severa infec\u00e7\u00e3o na garganta.<\/p>\n<p style=\"text-align: justify;\">O comunicado de Daniel pode ser visto na postagem que ele fez no Facebbok oficial da banda:<\/p>\n<p style=\"text-align: justify;\"><a href=\"https:\/\/www.facebook.com\/Painofsalvation\/posts\/10157291710819657\">https:\/\/www.facebook.com\/Painofsalvation\/posts\/10157291710819657<\/a><\/p>\n<p style=\"text-align: justify;\">A produtora TC7 lamenta muito esses transtornos, mas tamb\u00e9m foi pega de surpresa, tanto quantos os f\u00e3s, j\u00e1 que no caso de um problema de sa\u00fade do l\u00edder da banda, n\u00e3o h\u00e1 muito o que fazer, a n\u00e3o ser, remarcar os shows. Vale lembrar que a TC7 Produ\u00e7\u00f5es jamais teve que cancelar ou adiar uma turn\u00ea.<\/p>\n<p style=\"text-align: justify;\"><strong>As novas datas da turn\u00ea Sul Americana foram remarcadas para:<\/strong><\/p>\n<p style=\"text-align: justify;\">26\/04 \u2013 Rio de Janeiro\/RJ @Teatro Rival<br \/>\n27\/04 \u2013 Belo Horizonte\/MG @Ganfinos<br \/>\n28\/04 \u2013 Limeira\/SP @Bar da Montanha<br \/>\n29\/04 \u2013 S\u00e3o Paulo\/SP @Carioca Club<br \/>\n01\/05 \u2013 Buenos Aires\/Argentina @Roxy Live<br \/>\n03\/05 \u2013 Santiago\/Chile @Blondie<\/p>\n<p style=\"text-align: justify;\">Os ingressos adquiridos valem para as novas datas \u2013 sem a necessidade de troca. Quem optar pela devolu\u00e7\u00e3o dos mesmos, deve enviar um e-mail para faleconosco@clubedoingresso.com<\/p>\n<p style=\"text-align: justify;\">Em breve ser\u00e1 divulgado sobre a venda de ingressos das novas datas \u2013 para aqueles que ainda n\u00e3o adquiriram!<\/p>\n<p style=\"text-align: justify;\">Nessa nova tour, o Pain Of Salvation vir\u00e1 com um grande atrativo; a volta do guitarrista Johan Hallgren, um dos membros mais queridos pelos f\u00e3s da banda, que esteve desde o come\u00e7o, e em seus discos cl\u00e1ssicos.<\/p>\n<p style=\"text-align: justify;\">\u201cIn The Passing Light Of Day\u201d \u00e9 o d\u00e9cimo \u00e1lbum de est\u00fadio do Pain Of Salvation, e traz um resgate ao Prog Metal que consolidou a banda como uma das gigantes do g\u00eanero.<\/p>\n<p style=\"text-align: justify;\">A forma\u00e7\u00e3o atual traz Daniel Gildenl\u00f6w (vocal e guitarra), Johan Hallgren (guitarra, vocais), L\u00e9o Margarit (bateria e vocais), Daniel Karlsson (teclados, vocais) e Gustaf Hielm (baixo, vocais).<\/p>\n<p style=\"text-align: justify;\">P\u00e1ginas relacionadas:<br \/>\n<a href=\"http:\/\/www.facebook.com\/Painofsalvation\/\">www.facebook.com\/Painofsalvation\/ <\/a><br \/>\n<a href=\"http:\/\/www.facebook.com\/tc7producoes\/\">www.facebook.com\/tc7producoes\/<\/a><\/p>\n<p style=\"text-align: justify;\">Fonte: Lanciare Comunica\u00e7\u00e3o<\/p>\n","protected":false},"excerpt":{"rendered":"<p>O motivo \u00e9 uma forte gripe que acometeu o vocalista e guitarrista Daniel Gildenl\u00f6w, evoluindo para um quadro de sinusite e uma severa infec\u00e7\u00e3o na garganta.<\/p>\n","protected":false},"author":12,"featured_media":12910,"comment_status":"closed","ping_status":"open","sticky":false,"template":"","format":"standard","meta":{"footnotes":""},"categories":[4],"tags":[791],"class_list":["post-12909","post","type-post","status-publish","format-standard","has-post-thumbnail","hentry","category-noticias","tag-pain-of-salvation"],"_links":{"self":[{"href":"http:\/\/heavymetalonline.com.br\/index.php?rest_route=\/wp\/v2\/posts\/12909","targetHints":{"allow":["GET"]}}],"collection":[{"href":"http:\/\/heavymetalonline.com.br\/index.php?rest_route=\/wp\/v2\/posts"}],"about":[{"href":"http:\/\/heavymetalonline.com.br\/index.php?rest_route=\/wp\/v2\/types\/post"}],"author":[{"embeddable":true,"href":"http:\/\/heavymetalonline.com.br\/index.php?rest_route=\/wp\/v2\/users\/12"}],"replies":[{"embeddable":true,"href":"http:\/\/heavymetalonline.com.br\/index.php?rest_route=%2Fwp%2Fv2%2Fcomments&post=12909"}],"version-history":[{"count":1,"href":"http:\/\/heavymetalonline.com.br\/index.php?rest_route=\/wp\/v2\/posts\/12909\/revisions"}],"predecessor-version":[{"id":12911,"href":"http:\/\/heavymetalonline.com.br\/index.php?rest_route=\/wp\/v2\/posts\/12909\/revisions\/12911"}],"wp:featuredmedia":[{"embeddable":true,"href":"http:\/\/heavymetalonline.com.br\/index.php?rest_route=\/wp\/v2\/media\/12910"}],"wp:attachment":[{"href":"http:\/\/heavymetalonline.com.br\/index.php?rest_route=%2Fwp%2Fv2%2Fmedia&parent=12909"}],"wp:term":[{"taxonomy":"category","embeddable":true,"href":"http:\/\/heavymetalonline.com.br\/index.php?rest_route=%2Fwp%2Fv2%2Fcategories&post=12909"},{"taxonomy":"post_tag","embeddable":true,"href":"http:\/\/heavymetalonline.com.br\/index.php?rest_route=%2Fwp%2Fv2%2Ftags&post=12909"}],"curies":[{"name":"wp","href":"https:\/\/api.w.org\/{rel}","templated":true}]}}