{"id":15209,"date":"2019-08-22T21:05:39","date_gmt":"2019-08-22T21:05:39","guid":{"rendered":"http:\/\/heavymetalonline.com.br\/?p=15209"},"modified":"2019-08-22T21:05:39","modified_gmt":"2019-08-22T21:05:39","slug":"festival-samamba-rock-vulcano-sera-headline-no-dia-do-metal","status":"publish","type":"post","link":"http:\/\/heavymetalonline.com.br\/?p=15209","title":{"rendered":"Festival Samamba Rock: Vulcano ser\u00e1 headline no dia do Metal"},"content":{"rendered":"<p style=\"text-align: justify\">O Festival Samamba Rock anunciou a banda santista Vulcano, como a atra\u00e7\u00e3o principal da segunda noite do evento. Dedicada ao Metal, o s\u00e1bado, dia 26, ter\u00e1 o peso da veterana banda nacional, que volta ao DF ap\u00f3s 8 anos, para divulgar seu mais recente CD duplo Live III &#8211; From headbangers to Headbangers, gravado ao vivo na Europa, durante a turn\u00ea realizada em 2018, em celebra\u00e7\u00e3o aos 35 anos da banda. O Samamba Rock acontece nos dias 25 e 26 de outubro, no estacionamento da Igreja da Barca, na quadra 304 da Samambaia Sul, e faz parte das comemora\u00e7\u00f5es do anivers\u00e1rio de 30 anos da Samambaia.<\/p>\n<p style=\"text-align: justify\">O s\u00e1bado conta ainda com o refor\u00e7o da banda baiana Bastard, que aporta no DF pela primeira vez. Entre as bandas convidadas est\u00e3o: Cara de Porco (RJ); Macakongs 2099; Mofo e Vozes da Anarquia. O festival reservou ainda, duas vagas para bandas escolhidas na seletiva, que deve ser anunciada em breve.<\/p>\n<p style=\"text-align: justify\">O Festival Samamba Rock acontece desde 1998, sempre com a premissa de promover a m\u00fasica independente e autoral. Pelo evento j\u00e1 passaram bandas de renome nacional e atra\u00e7\u00f5es internacionais, al\u00e9m de diversas bandas do DF e Entorno do Distrito Federal. O festival tem acesso livre, mediante a doa\u00e7\u00e3o que 1 kg de alimento n\u00e3o perec\u00edvel. Essa doa\u00e7\u00e3o \u00e9 repassada para institui\u00e7\u00f5es sociais.<\/p>\n<p><img loading=\"lazy\" decoding=\"async\" class=\"alignnone size-medium wp-image-15212\" src=\"http:\/\/heavymetalonline.com.br\/wp-content\/uploads\/2019\/08\/7d51b823-6925-49a3-8ba8-9f1c8da3d47e-300x200.jpg\" alt=\"\" width=\"300\" height=\"200\" srcset=\"http:\/\/heavymetalonline.com.br\/wp-content\/uploads\/2019\/08\/7d51b823-6925-49a3-8ba8-9f1c8da3d47e-300x200.jpg 300w, http:\/\/heavymetalonline.com.br\/wp-content\/uploads\/2019\/08\/7d51b823-6925-49a3-8ba8-9f1c8da3d47e-270x180.jpg 270w, http:\/\/heavymetalonline.com.br\/wp-content\/uploads\/2019\/08\/7d51b823-6925-49a3-8ba8-9f1c8da3d47e.jpg 640w\" sizes=\"auto, (max-width: 300px) 100vw, 300px\" \/><img loading=\"lazy\" decoding=\"async\" class=\"alignnone  wp-image-15213\" src=\"http:\/\/heavymetalonline.com.br\/wp-content\/uploads\/2019\/08\/23b0db7b-f9a7-4ca4-b44c-7a3e11e3158c-300x300.jpg\" alt=\"\" width=\"199\" height=\"199\" srcset=\"http:\/\/heavymetalonline.com.br\/wp-content\/uploads\/2019\/08\/23b0db7b-f9a7-4ca4-b44c-7a3e11e3158c-300x300.jpg 300w, http:\/\/heavymetalonline.com.br\/wp-content\/uploads\/2019\/08\/23b0db7b-f9a7-4ca4-b44c-7a3e11e3158c-500x500.jpg 500w, http:\/\/heavymetalonline.com.br\/wp-content\/uploads\/2019\/08\/23b0db7b-f9a7-4ca4-b44c-7a3e11e3158c-768x768.jpg 768w, http:\/\/heavymetalonline.com.br\/wp-content\/uploads\/2019\/08\/23b0db7b-f9a7-4ca4-b44c-7a3e11e3158c-1024x1024.jpg 1024w, http:\/\/heavymetalonline.com.br\/wp-content\/uploads\/2019\/08\/23b0db7b-f9a7-4ca4-b44c-7a3e11e3158c-45x45.jpg 45w, http:\/\/heavymetalonline.com.br\/wp-content\/uploads\/2019\/08\/23b0db7b-f9a7-4ca4-b44c-7a3e11e3158c.jpg 1081w\" sizes=\"auto, (max-width: 199px) 100vw, 199px\" \/><\/p>\n<p style=\"text-align: justify\">Servi\u00e7o: Samamba Rock 2019<br \/>\nData: 25 e 26 de outubro 2019 a partir das 17h<br \/>\nLocal: Estacionamento da Igreja Santa Luzia, &#8221; Barca &#8221;<br \/>\nRealiza\u00e7\u00e3o: Instituto Solidar&#8217;t<br \/>\nApoio: Saloon Red Rock Alternativo<br \/>\nPatroc\u00ednio: FAC &#8211; Fundo de Apoio a Cultura do Distrito Federal<\/p>\n","protected":false},"excerpt":{"rendered":"<p>O Festival Samamba Rock anunciou a banda santista Vulcano, como a atra\u00e7\u00e3o principal da segunda noite do evento. Dedicada ao Metal, o s\u00e1bado, dia 26, ter\u00e1 o peso da veterana banda nacional, que volta ao DF ap\u00f3s 8 anos, para divulgar seu mais recente CD duplo Live III &#8211; From headbangers to Headbangers, gravado ao [&hellip;]<\/p>\n","protected":false},"author":12,"featured_media":15211,"comment_status":"closed","ping_status":"open","sticky":false,"template":"","format":"standard","meta":{"footnotes":""},"categories":[4],"tags":[],"class_list":["post-15209","post","type-post","status-publish","format-standard","has-post-thumbnail","hentry","category-noticias"],"_links":{"self":[{"href":"http:\/\/heavymetalonline.com.br\/index.php?rest_route=\/wp\/v2\/posts\/15209","targetHints":{"allow":["GET"]}}],"collection":[{"href":"http:\/\/heavymetalonline.com.br\/index.php?rest_route=\/wp\/v2\/posts"}],"about":[{"href":"http:\/\/heavymetalonline.com.br\/index.php?rest_route=\/wp\/v2\/types\/post"}],"author":[{"embeddable":true,"href":"http:\/\/heavymetalonline.com.br\/index.php?rest_route=\/wp\/v2\/users\/12"}],"replies":[{"embeddable":true,"href":"http:\/\/heavymetalonline.com.br\/index.php?rest_route=%2Fwp%2Fv2%2Fcomments&post=15209"}],"version-history":[{"count":1,"href":"http:\/\/heavymetalonline.com.br\/index.php?rest_route=\/wp\/v2\/posts\/15209\/revisions"}],"predecessor-version":[{"id":15214,"href":"http:\/\/heavymetalonline.com.br\/index.php?rest_route=\/wp\/v2\/posts\/15209\/revisions\/15214"}],"wp:featuredmedia":[{"embeddable":true,"href":"http:\/\/heavymetalonline.com.br\/index.php?rest_route=\/wp\/v2\/media\/15211"}],"wp:attachment":[{"href":"http:\/\/heavymetalonline.com.br\/index.php?rest_route=%2Fwp%2Fv2%2Fmedia&parent=15209"}],"wp:term":[{"taxonomy":"category","embeddable":true,"href":"http:\/\/heavymetalonline.com.br\/index.php?rest_route=%2Fwp%2Fv2%2Fcategories&post=15209"},{"taxonomy":"post_tag","embeddable":true,"href":"http:\/\/heavymetalonline.com.br\/index.php?rest_route=%2Fwp%2Fv2%2Ftags&post=15209"}],"curies":[{"name":"wp","href":"https:\/\/api.w.org\/{rel}","templated":true}]}}