{"id":1523,"date":"2015-06-24T00:07:18","date_gmt":"2015-06-24T00:07:18","guid":{"rendered":"http:\/\/heavymetalonline.com.br\/?p=1523"},"modified":"2015-06-24T00:08:36","modified_gmt":"2015-06-24T00:08:36","slug":"fear-factory-tony-campos-faz-sua-estreia-ao-vivo-com-a-banda","status":"publish","type":"post","link":"http:\/\/heavymetalonline.com.br\/?p=1523","title":{"rendered":"Fear Factory: Tony Campos faz sua estreia ao vivo com a banda"},"content":{"rendered":"<p style=\"text-align: justify;\">O baixista Tony Campos (ex-Soulfly, Static-X, Prong, Ministry) fez sua estreia ao vivo com o Fear Factory no \u00faltimo s\u00e1bado (20\/06), durante o Amnesia Rockfest em Montebello, no Canad\u00e1. Um v\u00eddeo da apresenta\u00e7\u00e3o pode ser conferido a seguir.<\/p>\n<p style=\"text-align: justify;\">Campos se juntou ao Fear Factory no in\u00edcio de maio, para substituir Matt DeVries, o qual deixou a banda devido a motivos pessoais.<\/p>\n<p style=\"text-align: justify;\">Em outras not\u00edcias, o Fear Factory lan\u00e7a o seu novo \u00e1lbum, intitulado &#8220;Genexus&#8221;, no dia 7 de agosto, via Nuclar Blast Entertainment. O sucessor do &#8220;The Industrialist&#8221; (2012) foi co-produzido por Rhys Fulber, ao lado do guitarrista Dino Cazares e o vocalista Burton C. Bell, e mixado por Andy Sneap (Arch Enemy, Testament, Exodus, Machine Head). A bateria para &#8220;Genexus&#8221; foi registrada por Mike Heller (Malignancy).<\/p>\n<p><iframe loading=\"lazy\" title=\"AMNESIA ROCKFEST 2015 - Fear Factory &#039;Replica&#039; - 20\/06\/2015\" width=\"640\" height=\"360\" src=\"https:\/\/www.youtube.com\/embed\/3c1VxyIQBds?feature=oembed\" frameborder=\"0\" allow=\"accelerometer; autoplay; clipboard-write; encrypted-media; gyroscope; picture-in-picture; web-share\" referrerpolicy=\"strict-origin-when-cross-origin\" allowfullscreen><\/iframe><\/p>\n","protected":false},"excerpt":{"rendered":"<p>O baixista Tony Campos (ex-Soulfly, Static-X, Prong, Ministry) fez sua estreia ao vivo com o Fear Factory no \u00faltimo s\u00e1bado (20\/06), durante o Amnesia Rockfest em Montebello, no Canad\u00e1. Um v\u00eddeo da apresenta\u00e7\u00e3o pode ser conferido a seguir. Campos se juntou ao Fear Factory no in\u00edcio de maio, para substituir Matt DeVries, o qual deixou [&hellip;]<\/p>\n","protected":false},"author":1,"featured_media":1570,"comment_status":"closed","ping_status":"open","sticky":false,"template":"","format":"standard","meta":{"footnotes":""},"categories":[4],"tags":[84],"class_list":["post-1523","post","type-post","status-publish","format-standard","has-post-thumbnail","hentry","category-noticias","tag-fear-factory"],"_links":{"self":[{"href":"http:\/\/heavymetalonline.com.br\/index.php?rest_route=\/wp\/v2\/posts\/1523","targetHints":{"allow":["GET"]}}],"collection":[{"href":"http:\/\/heavymetalonline.com.br\/index.php?rest_route=\/wp\/v2\/posts"}],"about":[{"href":"http:\/\/heavymetalonline.com.br\/index.php?rest_route=\/wp\/v2\/types\/post"}],"author":[{"embeddable":true,"href":"http:\/\/heavymetalonline.com.br\/index.php?rest_route=\/wp\/v2\/users\/1"}],"replies":[{"embeddable":true,"href":"http:\/\/heavymetalonline.com.br\/index.php?rest_route=%2Fwp%2Fv2%2Fcomments&post=1523"}],"version-history":[{"count":2,"href":"http:\/\/heavymetalonline.com.br\/index.php?rest_route=\/wp\/v2\/posts\/1523\/revisions"}],"predecessor-version":[{"id":1571,"href":"http:\/\/heavymetalonline.com.br\/index.php?rest_route=\/wp\/v2\/posts\/1523\/revisions\/1571"}],"wp:featuredmedia":[{"embeddable":true,"href":"http:\/\/heavymetalonline.com.br\/index.php?rest_route=\/wp\/v2\/media\/1570"}],"wp:attachment":[{"href":"http:\/\/heavymetalonline.com.br\/index.php?rest_route=%2Fwp%2Fv2%2Fmedia&parent=1523"}],"wp:term":[{"taxonomy":"category","embeddable":true,"href":"http:\/\/heavymetalonline.com.br\/index.php?rest_route=%2Fwp%2Fv2%2Fcategories&post=1523"},{"taxonomy":"post_tag","embeddable":true,"href":"http:\/\/heavymetalonline.com.br\/index.php?rest_route=%2Fwp%2Fv2%2Ftags&post=1523"}],"curies":[{"name":"wp","href":"https:\/\/api.w.org\/{rel}","templated":true}]}}