{"id":17918,"date":"2023-06-10T18:04:55","date_gmt":"2023-06-10T18:04:55","guid":{"rendered":"http:\/\/heavymetalonline.com.br\/?p=17918"},"modified":"2023-12-20T02:09:06","modified_gmt":"2023-12-20T02:09:06","slug":"uma-declaracao-de-roger-waters-sobre-sobre-sua-ultima-turne","status":"publish","type":"post","link":"http:\/\/heavymetalonline.com.br\/?p=17918","title":{"rendered":"Uma declara\u00e7\u00e3o de Roger Waters sobre sobre sua \u00faltima turn\u00ea"},"content":{"rendered":"<p><img loading=\"lazy\" decoding=\"async\" class=\"alignnone size-full wp-image-17920\" src=\"http:\/\/heavymetalonline.com.br\/wp-content\/uploads\/2023\/06\/roger-Waters-1-768x512.jpeg\" alt=\"\" width=\"768\" height=\"512\" srcset=\"http:\/\/heavymetalonline.com.br\/wp-content\/uploads\/2023\/06\/roger-Waters-1-768x512.jpeg 768w, http:\/\/heavymetalonline.com.br\/wp-content\/uploads\/2023\/06\/roger-Waters-1-768x512-300x200.jpeg 300w, http:\/\/heavymetalonline.com.br\/wp-content\/uploads\/2023\/06\/roger-Waters-1-768x512-270x180.jpeg 270w\" sizes=\"auto, (max-width: 768px) 100vw, 768px\" \/><\/p>\n<p id=\"viewer-fa3sm\" class=\"xVISr Y9Dpf WkT0MK OZy-3 cDpYU VrUyH9 WkT0MK public-DraftStyleDefault-block-depth0 fixed-tab-size public-DraftStyleDefault-text-ltr\" style=\"text-align: center;\"><span class=\"B2EFF public-DraftStyleDefault-ltr\"><em>Roger Waters responde aos questionamentos<\/em><\/span><\/p>\n<div style=\"text-align: center;\" data-hook=\"rcv-block3\"><span class=\"B2EFF public-DraftStyleDefault-ltr\"><em>sobre seu show e seus posicionamentos pol\u00edticos<\/em><\/span><\/div>\n<p>&nbsp;<\/p>\n<p id=\"viewer-7qi6r\" class=\"xVISr Y9Dpf WkT0MK OZy-3 lnyWN T3Ond1 WkT0MK public-DraftStyleDefault-block-depth0 fixed-tab-size public-DraftStyleDefault-text-ltr\"><span class=\"B2EFF public-DraftStyleDefault-ltr\">Ap\u00f3s surgirem questionamentos de diferentes grupos sobre sua \u00faltima turn\u00ea, que traz elementos utilizados no<strong> Pink Floyd <\/strong>nos anos 80, e sobre seus posicionamentos pol\u00edticos, o m\u00fasico <strong>Roger Waters <\/strong>divulgou em suas redes sociais o seguinte statement:<\/span><\/p>\n<div data-hook=\"rcv-block5\"><\/div>\n<div id=\"viewer-3d8r3\" class=\"xVISr Y9Dpf WkT0MK OZy-3 lnyWN T3Ond1 WkT0MK public-DraftStyleDefault-block-depth0 fixed-tab-size public-DraftStyleDefault-text-ltr\"><span class=\"B2EFF public-DraftStyleDefault-ltr\">\u00a0<\/span><\/div>\n<div data-hook=\"rcv-block6\"><\/div>\n<p id=\"viewer-4fub2\" class=\"xVISr Y9Dpf WkT0MK OZy-3 cDpYU VrUyH9 WkT0MK public-DraftStyleDefault-block-depth0 fixed-tab-size public-DraftStyleDefault-text-ltr\" style=\"text-align: center;\"><span class=\"B2EFF public-DraftStyleDefault-ltr\"><u class=\"D-jZk\">Uma declara\u00e7\u00e3o de Roger Waters sobre a controv\u00e9rsia sobre seu concerto em Berlim<\/u><\/span><\/p>\n<div data-hook=\"rcv-block7\"><\/div>\n<div id=\"viewer-4v2m4\" class=\"xVISr Y9Dpf WkT0MK OZy-3 lnyWN T3Ond1 WkT0MK public-DraftStyleDefault-block-depth0 fixed-tab-size public-DraftStyleDefault-text-ltr\"><span class=\"B2EFF public-DraftStyleDefault-ltr\">\u00a0<\/span><\/div>\n<div data-hook=\"rcv-block8\"><\/div>\n<p id=\"viewer-j15m\" class=\"xVISr Y9Dpf WkT0MK OZy-3 lnyWN T3Ond1 WkT0MK public-DraftStyleDefault-block-depth0 fixed-tab-size public-DraftStyleDefault-text-ltr\"><span class=\"B2EFF public-DraftStyleDefault-ltr\"><em>Minha recente apresenta\u00e7\u00e3o em Berlim recebeu ataques de m\u00e1-f\u00e9 daqueles que querem me caluniar e me silenciar porque discordam de minhas opini\u00f5es pol\u00edticas e princ\u00edpios morais.<\/em><\/span><\/p>\n<div data-hook=\"rcv-block9\"><\/div>\n<div id=\"viewer-da6a6\" class=\"xVISr Y9Dpf WkT0MK OZy-3 lnyWN T3Ond1 WkT0MK public-DraftStyleDefault-block-depth0 fixed-tab-size public-DraftStyleDefault-text-ltr\"><span class=\"B2EFF public-DraftStyleDefault-ltr\">\u00a0<\/span><\/div>\n<div data-hook=\"rcv-block10\"><\/div>\n<p id=\"viewer-90aqh\" class=\"xVISr Y9Dpf WkT0MK OZy-3 lnyWN T3Ond1 WkT0MK public-DraftStyleDefault-block-depth0 fixed-tab-size public-DraftStyleDefault-text-ltr\"><span class=\"B2EFF public-DraftStyleDefault-ltr\"><em>Os elementos de minha performance que foram questionados s\u00e3o claramente uma declara\u00e7\u00e3o em oposi\u00e7\u00e3o ao fascismo, a injusti\u00e7a e ao fanatismo em todas as suas formas. As tentativas de retratar esses elementos como algo diferente s\u00e3o dissimuladas e politicamente motivadas. A representa\u00e7\u00e3o de um demagogo fascista desequilibrado tem sido uma caracter\u00edstica dos meus shows desde \u201cThe Wall\u201d, do Pink Floyd, em 1980.<\/em><\/span><\/p>\n<div data-hook=\"rcv-block11\"><\/div>\n<div id=\"viewer-19vvu\" class=\"xVISr Y9Dpf WkT0MK OZy-3 lnyWN T3Ond1 WkT0MK public-DraftStyleDefault-block-depth0 fixed-tab-size public-DraftStyleDefault-text-ltr\"><span class=\"B2EFF public-DraftStyleDefault-ltr\">\u00a0<\/span><\/div>\n<div data-hook=\"rcv-block12\"><\/div>\n<p id=\"viewer-9k5jg\" class=\"xVISr Y9Dpf WkT0MK OZy-3 lnyWN T3Ond1 WkT0MK public-DraftStyleDefault-block-depth0 fixed-tab-size public-DraftStyleDefault-text-ltr\"><span class=\"B2EFF public-DraftStyleDefault-ltr\"><em>Passei minha vida inteira falando contra o autoritarismo e a opress\u00e3o onde quer que os veja. Quando eu era crian\u00e7a, depois da guerra, o nome de Anne Frank era frequentemente falado em nossa casa &#8211; ela se tornou uma lembran\u00e7a permanente do que acontece quando o fascismo n\u00e3o \u00e9 controlado. Meus pais lutaram contra os nazistas na Segunda Guerra Mundial, com meu pai pagando o pre\u00e7o final.<\/em><\/span><\/p>\n<div data-hook=\"rcv-block13\"><\/div>\n<div id=\"viewer-565k2\" class=\"xVISr Y9Dpf WkT0MK OZy-3 lnyWN T3Ond1 WkT0MK public-DraftStyleDefault-block-depth0 fixed-tab-size public-DraftStyleDefault-text-ltr\"><span class=\"B2EFF public-DraftStyleDefault-ltr\">\u00a0<\/span><\/div>\n<div data-hook=\"rcv-block14\"><\/div>\n<p id=\"viewer-73o2u\" class=\"xVISr Y9Dpf WkT0MK OZy-3 lnyWN T3Ond1 WkT0MK public-DraftStyleDefault-block-depth0 fixed-tab-size public-DraftStyleDefault-text-ltr\"><span class=\"B2EFF public-DraftStyleDefault-ltr\"><em>Independente das consequ\u00eancias dos ataques contra mim, continuarei a condenar a injusti\u00e7a e todos aqueles que a cometem.<\/em><\/span><\/p>\n<div data-hook=\"rcv-block15\"><\/div>\n<div id=\"viewer-2upb7\" class=\"xVISr Y9Dpf WkT0MK OZy-3 lnyWN T3Ond1 WkT0MK public-DraftStyleDefault-block-depth0 fixed-tab-size public-DraftStyleDefault-text-ltr\"><span class=\"B2EFF public-DraftStyleDefault-ltr\">\u00a0<\/span><\/div>\n<div data-hook=\"rcv-block16\"><\/div>\n<p id=\"viewer-b0bbp\" class=\"xVISr Y9Dpf WkT0MK OZy-3 lnyWN T3Ond1 WkT0MK public-DraftStyleDefault-block-depth0 fixed-tab-size public-DraftStyleDefault-text-ltr\"><span class=\"B2EFF public-DraftStyleDefault-ltr\"><strong>Fonte:<\/strong>FleishmanHillard<\/span><\/p>\n","protected":false},"excerpt":{"rendered":"<p>Roger Waters responde aos questionamentos sobre seu show e seus posicionamentos pol\u00edticos &nbsp; Ap\u00f3s surgirem questionamentos de diferentes grupos sobre sua \u00faltima turn\u00ea, que traz elementos utilizados no Pink Floyd nos anos 80, e sobre seus posicionamentos pol\u00edticos, o m\u00fasico Roger Waters divulgou em suas redes sociais o seguinte statement: \u00a0 Uma declara\u00e7\u00e3o de Roger [&hellip;]<\/p>\n","protected":false},"author":12,"featured_media":17920,"comment_status":"closed","ping_status":"open","sticky":false,"template":"","format":"standard","meta":{"footnotes":""},"categories":[4],"tags":[],"class_list":["post-17918","post","type-post","status-publish","format-standard","has-post-thumbnail","hentry","category-noticias"],"_links":{"self":[{"href":"http:\/\/heavymetalonline.com.br\/index.php?rest_route=\/wp\/v2\/posts\/17918","targetHints":{"allow":["GET"]}}],"collection":[{"href":"http:\/\/heavymetalonline.com.br\/index.php?rest_route=\/wp\/v2\/posts"}],"about":[{"href":"http:\/\/heavymetalonline.com.br\/index.php?rest_route=\/wp\/v2\/types\/post"}],"author":[{"embeddable":true,"href":"http:\/\/heavymetalonline.com.br\/index.php?rest_route=\/wp\/v2\/users\/12"}],"replies":[{"embeddable":true,"href":"http:\/\/heavymetalonline.com.br\/index.php?rest_route=%2Fwp%2Fv2%2Fcomments&post=17918"}],"version-history":[{"count":2,"href":"http:\/\/heavymetalonline.com.br\/index.php?rest_route=\/wp\/v2\/posts\/17918\/revisions"}],"predecessor-version":[{"id":17921,"href":"http:\/\/heavymetalonline.com.br\/index.php?rest_route=\/wp\/v2\/posts\/17918\/revisions\/17921"}],"wp:featuredmedia":[{"embeddable":true,"href":"http:\/\/heavymetalonline.com.br\/index.php?rest_route=\/wp\/v2\/media\/17920"}],"wp:attachment":[{"href":"http:\/\/heavymetalonline.com.br\/index.php?rest_route=%2Fwp%2Fv2%2Fmedia&parent=17918"}],"wp:term":[{"taxonomy":"category","embeddable":true,"href":"http:\/\/heavymetalonline.com.br\/index.php?rest_route=%2Fwp%2Fv2%2Fcategories&post=17918"},{"taxonomy":"post_tag","embeddable":true,"href":"http:\/\/heavymetalonline.com.br\/index.php?rest_route=%2Fwp%2Fv2%2Ftags&post=17918"}],"curies":[{"name":"wp","href":"https:\/\/api.w.org\/{rel}","templated":true}]}}