{"id":19164,"date":"2023-11-30T19:57:02","date_gmt":"2023-11-30T19:57:02","guid":{"rendered":"http:\/\/heavymetalonline.com.br\/?p=19164"},"modified":"2023-11-30T19:57:02","modified_gmt":"2023-11-30T19:57:02","slug":"rock-in-rio-2024-surpreende-com-uma-nova-area-na-cidade-do-rock-o-global-village","status":"publish","type":"post","link":"http:\/\/heavymetalonline.com.br\/?p=19164","title":{"rendered":"Rock in Rio 2024 surpreende com uma nova \u00e1rea na Cidade do Rock: o Global Village"},"content":{"rendered":"<div class=\"nLG8d5\" data-hook=\"post-description\">\n<article class=\"blog-post-page-font\">\n<div class=\"post-content__body\">\n<div class=\"moHCnT\">\n<div class=\"moHCnT\">\n<div class=\"fTEXDR A2sIZ4 QEEfz0\" data-rce-version=\"9.14.8\">\n<div class=\"itVXy dojW8l s6hjqn _8a1b4\" dir=\"ltr\" data-id=\"rich-content-viewer\">\n<p>&nbsp;<\/p>\n<div class=\"mhGZq BAGeNT\">\n<p id=\"viewer-e2pim\" class=\"xVISr Y9Dpf bCMSCT OZy-3 _40ACk Ecq9kg bCMSCT public-DraftStyleDefault-block-depth0 fixed-tab-size public-DraftStyleDefault-text-ltr\"><span class=\"B2EFF public-DraftStyleDefault-ltr\"><img loading=\"lazy\" decoding=\"async\" class=\"alignnone size-full wp-image-18380\" src=\"http:\/\/heavymetalonline.com.br\/wp-content\/uploads\/2023\/09\/unnamed.png\" alt=\"\" width=\"703\" height=\"309\" srcset=\"http:\/\/heavymetalonline.com.br\/wp-content\/uploads\/2023\/09\/unnamed.png 703w, http:\/\/heavymetalonline.com.br\/wp-content\/uploads\/2023\/09\/unnamed-300x132.png 300w\" sizes=\"auto, (max-width: 703px) 100vw, 703px\" \/><\/span><\/p>\n<p id=\"viewer-a60rl\" class=\"xVISr Y9Dpf bCMSCT OZy-3 cDpYU ok2w4y bCMSCT public-DraftStyleDefault-block-depth0 fixed-tab-size public-DraftStyleDefault-text-ltr\" style=\"text-align: center;\"><span class=\"B2EFF public-DraftStyleDefault-ltr\"><em>Faltando menos de oito dias para a venda do Rock in Rio Card, o festival lan\u00e7a uma nova atra\u00e7\u00e3o que, al\u00e9m da pot\u00eancia arquitet\u00f4nica e musical, ser\u00e1 um manifesto pela paz<\/em><\/span><\/p>\n<p id=\"viewer-16p48\" class=\"xVISr Y9Dpf bCMSCT OZy-3 cDpYU ok2w4y bCMSCT public-DraftStyleDefault-block-depth0 fixed-tab-size public-DraftStyleDefault-text-ltr\" style=\"text-align: center;\"><span class=\"B2EFF public-DraftStyleDefault-ltr\"><em>A consagrada artista Angelique Kidjo \u00e9 a embaixadora do espa\u00e7o e tamb\u00e9m a primeira atra\u00e7\u00e3o confirmada do line-up<\/em><\/span><\/p>\n<p class=\"xVISr Y9Dpf bCMSCT OZy-3 _40ACk Ecq9kg bCMSCT public-DraftStyleDefault-block-depth0 fixed-tab-size public-DraftStyleDefault-text-ltr\"><span class=\"B2EFF public-DraftStyleDefault-ltr\">O Rock in Rio, em sua celebra\u00e7\u00e3o de 40 anos, est\u00e1 prestes a surpreender o p\u00fablico com uma novidade extraordin\u00e1ria \u00e0 Cidade do Rock: o Global Village. Este novo espa\u00e7o de entretenimento \u00e9 uma express\u00e3o tang\u00edvel do compromisso cont\u00ednuo do festival com a paz e por um mundo melhor, ressaltando a diversidade, a m\u00fasica global e a multiplicidade cultural. A nova \u00e1rea, que deve ocupar 7.500 m2 da Cidade do Rock, vai proporcionar uma experi\u00eancia imersiva totalmente in\u00e9dita no festival, contando com uma robusta cenografia inspirada em \u00edcones arquitet\u00f4nicos de todo o mundo \u2014 onde as pessoas poder\u00e3o andar por uma longa via, entrar em lojas e experimentar as riquezas gastron\u00f4micas de diversos pa\u00edses.<\/span><\/p>\n<p id=\"viewer-euts3\" class=\"xVISr Y9Dpf bCMSCT OZy-3 _40ACk Ecq9kg bCMSCT public-DraftStyleDefault-block-depth0 fixed-tab-size public-DraftStyleDefault-text-ltr\"><span class=\"B2EFF public-DraftStyleDefault-ltr\">Fazendo jus a toda a grandiosidade deste espa\u00e7o, a organiza\u00e7\u00e3o tamb\u00e9m anunciou que <strong>Angelique Kidjo<\/strong>, duas vezes vencedora do Grammy Awards na categoria Best Global Music Album, ser\u00e1 a embaixadora do Global Village. A artista \u00e9 a primeira artista confirmada para se apresentar no palco da nova \u00e1rea. O festival tamb\u00e9m entra na contagem regressiva para <strong>a data da<\/strong> <strong>venda do Rock in Rio Card<\/strong>, ingresso sem data pr\u00e9-definida que garante a entrada no Rock in Rio 2024 antes mesmo da confirma\u00e7\u00e3o de todas as atra\u00e7\u00f5es. Ela acontece no dia <strong>07 de dezembro, \u00e0s 19h<\/strong>. A partir desta edi\u00e7\u00e3o, os ingressos ser\u00e3o vendidos exclusivamente pela plataforma da Ticketmaster Brasil. O<strong> Rock in Rio <\/strong>est\u00e1 marcado para os dias <strong>13, 14, 15, 19, 20, 21 e 22 de setembro de 2024<\/strong>, na Cidade do Rock, no Rio de Janeiro.<\/span><\/p>\n<div id=\"viewer-1uota\" class=\"xVISr Y9Dpf bCMSCT OZy-3 _40ACk Ecq9kg bCMSCT public-DraftStyleDefault-block-depth0 fixed-tab-size public-DraftStyleDefault-text-ltr\"><span class=\"B2EFF public-DraftStyleDefault-ltr\">\u00a0<\/span><\/div>\n<p id=\"viewer-3f823\" class=\"xVISr Y9Dpf bCMSCT OZy-3 _40ACk Ecq9kg bCMSCT public-DraftStyleDefault-block-depth0 fixed-tab-size public-DraftStyleDefault-text-ltr\"><span class=\"B2EFF public-DraftStyleDefault-ltr\">\u201c<em>Este espa\u00e7o vai encantar e emocionar as 700 mil pessoas que estar\u00e3o na Cidade do Rock durante o Rock in Rio no ano que vem. Para esta, que \u00e9 uma edi\u00e7\u00e3o especial para n\u00f3s, estamos preparando uma experi\u00eancia nunca antes vista no festival.\u201d<\/em> afirma Roberto Medina, presidente da Rock World, empre<em>sa que criou, organiza e produz o Rock in Rio e o The Town, empolgado com a nova \u00e1rea. \u201cA Cidade do Rock desde sempre representou o que acreditamos ser um Mundo Melhor: respeito \u00e0 diversidade, valoriza\u00e7\u00e3o das conex\u00f5es, grandes emo\u00e7\u00f5es coletivas vividas ao vivo, atitude consciente com o meio ambiente e com as pessoas, clima de paz independente das diferen\u00e7as, celebra\u00e7\u00e3o e energia positiva em torno da m\u00fasica, arte e cultura. Trazer o Global Village para o Rock in Rio \u00e9 tamb\u00e9m uma forma representar o nosso desejo de que toda essa atmosfera de mundo melhor da Cidade do Rock transborde globalmente. \u00c9 um manifesto pela paz em um local onde o mundo inteiro vai se conectar. Como diz a nossa m\u00fasica, no Global Village estaremos todos em uma s\u00f3 dire\u00e7\u00e3o e vamos al\u00e9m seguindo o mesmo prop\u00f3sito: a paz.\u201d<\/em> finaliza Roberto Medina.<\/span><\/p>\n<div id=\"viewer-9t5rv\" class=\"xVISr Y9Dpf bCMSCT OZy-3 _40ACk Ecq9kg bCMSCT public-DraftStyleDefault-block-depth0 fixed-tab-size public-DraftStyleDefault-text-ltr\"><span class=\"B2EFF public-DraftStyleDefault-ltr\">\u00a0<\/span><\/div>\n<p id=\"viewer-4ulq5\" class=\"xVISr Y9Dpf bCMSCT OZy-3 _40ACk Ecq9kg bCMSCT public-DraftStyleDefault-block-depth0 fixed-tab-size public-DraftStyleDefault-text-ltr\"><span class=\"B2EFF public-DraftStyleDefault-ltr\"><strong>Cenografia inovadora, gastronomia e ritmos culturais v\u00e3o tirar o f\u00f4lego dos f\u00e3s do festival<\/strong><\/span><\/p>\n<p id=\"viewer-dsq4t\" class=\"xVISr Y9Dpf bCMSCT OZy-3 _40ACk Ecq9kg bCMSCT public-DraftStyleDefault-block-depth0 fixed-tab-size public-DraftStyleDefault-text-ltr\"><span class=\"B2EFF public-DraftStyleDefault-ltr\">O Global Village prop\u00f5e uma fus\u00e3o \u00fanica de culturas e se inspira em arquiteturas ic\u00f4nicas de cada continente, celebrando a riqueza cultural de todo o mundo. Este local n\u00e3o \u00e9 apenas uma extens\u00e3o da Cidade do Rock; \u00e9 um manifesto pela paz e a uni\u00e3o ser\u00e1 o grande mote, valorizando a diversidade e promovendo a energia positiva que caracteriza o esp\u00edrito do Rock in Rio.<\/span><\/p>\n<div id=\"viewer-blfbv\" class=\"xVISr Y9Dpf bCMSCT OZy-3 _40ACk Ecq9kg bCMSCT public-DraftStyleDefault-block-depth0 fixed-tab-size public-DraftStyleDefault-text-ltr\"><span class=\"B2EFF public-DraftStyleDefault-ltr\">\u00a0<\/span><\/div>\n<p id=\"viewer-pcbv\" class=\"xVISr Y9Dpf bCMSCT OZy-3 _40ACk Ecq9kg bCMSCT public-DraftStyleDefault-block-depth0 fixed-tab-size public-DraftStyleDefault-text-ltr\"><span class=\"B2EFF public-DraftStyleDefault-ltr\">Edifica\u00e7\u00f5es famosas e ic\u00f4nicas dos seis continentes foram a inspira\u00e7\u00e3o para a cria\u00e7\u00e3o da cenografia do Global Village. Ana Biavaschi, diretora de Rockreators da <em>Rock World, explorou a ess\u00eancia de cada continente ao conceber a cenografia deste espa\u00e7o: &#8220;Num mundo onde a cultura transborda, nossa equipe se inspirou em monumentos ic\u00f4nicos globais, ricos em representatividade para suas respectivas culturas, para dar vida a este inovador espa\u00e7o na Cidade do Rock. O Global Village ser\u00e1 caracterizado por uma cenografia inovadora, elevando a experi\u00eancia do festival a novos patamares. Uma atmosfera m\u00e1gica ser\u00e1 cuidadosamente tecida, prometendo encantar todos que percorrerem esse espa\u00e7o \u00fanico na Cidade do Rock. As pessoas v\u00e3o se sentir abra\u00e7adas e envolvidas pela cenografia do Global Village&#8221;<\/em>, conclui.<\/span><\/p>\n<div id=\"viewer-4ac2\" class=\"xVISr Y9Dpf bCMSCT OZy-3 _40ACk Ecq9kg bCMSCT public-DraftStyleDefault-block-depth0 fixed-tab-size public-DraftStyleDefault-text-ltr\"><span class=\"B2EFF public-DraftStyleDefault-ltr\">\u00a0<\/span><\/div>\n<p id=\"viewer-eng5a\" class=\"xVISr Y9Dpf bCMSCT OZy-3 _40ACk Ecq9kg bCMSCT public-DraftStyleDefault-block-depth0 fixed-tab-size public-DraftStyleDefault-text-ltr\"><span class=\"B2EFF public-DraftStyleDefault-ltr\">O Global Village vai proporcionar ao p\u00fablico uma experi\u00eancia cenogr\u00e1fica imersiva: as pessoas v\u00e3o poder caminhar por suas ruas e vielas, entrar em seus espa\u00e7os e assistir aos shows e performances variadas, al\u00e9m de apreciar uma rica gastronomia de cada local ali representado. Bares, pubs e restaurantes \u2014 entre eles uma loja de doces e chocolates com apresenta\u00e7\u00e3o de pianista, um pub com shows de jazz e um boteco com roda de samba \u2014 estar\u00e3o no interior de cada casa, proporcionando uma interatividade nunca antes vista no Rock in Rio.<\/span><\/p>\n<div id=\"viewer-j3d1\" class=\"xVISr Y9Dpf bCMSCT OZy-3 _40ACk Ecq9kg bCMSCT public-DraftStyleDefault-block-depth0 fixed-tab-size public-DraftStyleDefault-text-ltr\"><span class=\"B2EFF public-DraftStyleDefault-ltr\">\u00a0<\/span><\/div>\n<p id=\"viewer-i2kf\" class=\"xVISr Y9Dpf bCMSCT OZy-3 _40ACk Ecq9kg bCMSCT public-DraftStyleDefault-block-depth0 fixed-tab-size public-DraftStyleDefault-text-ltr\"><span class=\"B2EFF public-DraftStyleDefault-ltr\">Para que todos possam desfrutar de uma experi\u00eancia m\u00e1gica, sofisticada e exclusiva, ser\u00e1 necess\u00e1rio fazer um agendamento pr\u00e9vio para entrar e consumir nos bares e restaurantes. Juntos, todos esses elementos \u2014 a cenografia, a gastronomia e os ritmos diversos misturados \u2014 mostram justamente que as diferen\u00e7as s\u00e3o ricas e tornam nosso mundo muito melhor. Uma uni\u00e3o mais do que bem-vinda.<\/span><\/p>\n<div id=\"viewer-birdb\" class=\"xVISr Y9Dpf bCMSCT OZy-3 _40ACk Ecq9kg bCMSCT public-DraftStyleDefault-block-depth0 fixed-tab-size public-DraftStyleDefault-text-ltr\"><span class=\"B2EFF public-DraftStyleDefault-ltr\">\u00a0<\/span><\/div>\n<p id=\"viewer-70i3v\" class=\"xVISr Y9Dpf bCMSCT OZy-3 _40ACk Ecq9kg bCMSCT public-DraftStyleDefault-block-depth0 fixed-tab-size public-DraftStyleDefault-text-ltr\"><span class=\"B2EFF public-DraftStyleDefault-ltr\">Embora o projeto ainda esteja em fase de implanta\u00e7\u00e3o, estima-se que o Global Village ocupar\u00e1 aproximadamente 7.500m\u00b2 na Cidade do Rock. O palco, com 18,50m de altura e 35m de comprimento, ser\u00e1 uma estrutura impressionante, proporcionando uma experi\u00eancia \u00fanica para os visitantes.<\/span><\/p>\n<div id=\"viewer-bardm\" class=\"xVISr Y9Dpf bCMSCT OZy-3 _40ACk Ecq9kg bCMSCT public-DraftStyleDefault-block-depth0 fixed-tab-size public-DraftStyleDefault-text-ltr\"><span class=\"B2EFF public-DraftStyleDefault-ltr\">\u00a0<\/span><\/div>\n<p id=\"viewer-48fsg\" class=\"xVISr Y9Dpf bCMSCT OZy-3 _40ACk Ecq9kg bCMSCT public-DraftStyleDefault-block-depth0 fixed-tab-size public-DraftStyleDefault-text-ltr\"><span class=\"B2EFF public-DraftStyleDefault-ltr\"><strong>Angelique Kidjo \u00e9 a embaixadora e primeira atra\u00e7\u00e3o confirmada do Global Village<\/strong><\/span><\/p>\n<p id=\"viewer-c2gdd\" class=\"xVISr Y9Dpf bCMSCT OZy-3 _40ACk Ecq9kg bCMSCT public-DraftStyleDefault-block-depth0 fixed-tab-size public-DraftStyleDefault-text-ltr\"><span class=\"B2EFF public-DraftStyleDefault-ltr\">O palco Global Village ter\u00e1 a honra de receber Angelique Kidjo, renomada artista africana e vencedora do GRAMMY Awards de &#8220;Melhor \u00c1lbum de World Music&#8221;. Kidjo atuar\u00e1 n\u00e3o apenas como a primeira atra\u00e7\u00e3o confirmada, mas tamb\u00e9m como embaixadora deste espa\u00e7o que celebra a uni\u00e3o, a paz e a conviv\u00eancia pac\u00edfica entre todos n\u00f3s, independente de nossas diferen\u00e7as.<\/span><\/p>\n<div id=\"viewer-627b\" class=\"xVISr Y9Dpf bCMSCT OZy-3 _40ACk Ecq9kg bCMSCT public-DraftStyleDefault-block-depth0 fixed-tab-size public-DraftStyleDefault-text-ltr\"><span class=\"B2EFF public-DraftStyleDefault-ltr\">\u00a0<\/span><\/div>\n<p id=\"viewer-7n509\" class=\"xVISr Y9Dpf bCMSCT OZy-3 _40ACk Ecq9kg bCMSCT public-DraftStyleDefault-block-depth0 fixed-tab-size public-DraftStyleDefault-text-ltr\"><span class=\"B2EFF public-DraftStyleDefault-ltr\"><em>\u201cEu acredito que o Global Village ser\u00e1 emocionante, no palco ele ter\u00e1 m\u00fasica de todos os lugares do planeta e est\u00e1 dedicado a apenas isso. Para mim, eu vejo como se pessoas de todo mundo est\u00e3o vindo para o Brasil para encontrar um lar. \u00c9 isso que essa vila \u00e9 para mim. Eu sou uma grande crente de que a m\u00fasica \u00e9 a ponte construtiva da nossa sociedade. Eu n\u00e3o consigo imaginar nenhuma sociedade sem cultura ou sem m\u00fasica. E n\u00f3s temos ambos \u00e0 nossa disposi\u00e7\u00e3o. No contexto que estamos vivendo hoje, onde estamos t\u00e3o divididos, t\u00e3o polarizados, a \u00fanica coisa que eu acredito, do fundo do meu cora\u00e7\u00e3o, que consegue nos unir e acabar com esse absurdo de \u00f3dio, \u00e9 a m\u00fasica. N\u00e3o podemos ter inimigos vindo de pessoas do mesmo pa\u00eds, do mesmo planeta. Somos guardi\u00f5es um do outro. Eu n\u00e3o entendo por que sempre que algo acontece, n\u00f3s recorremos a viol\u00eancia. Por que n\u00e3o podemos usar nossas habilidades de di\u00e1logos? Somos inteligentes o suficiente? Estamos envolvidos o suficiente? Somos humanos o suficiente para resolver nossas diferen\u00e7as sem brigas. Essa \u00e9 a quest\u00e3o que tenho para esse mundo. O senso comum \u00e9 a m\u00fasica. Esse \u00e9 o prop\u00f3sito do Global Village. \u00c9 um espa\u00e7o para oferecer oxig\u00eanio, descobertas, discuss\u00f5es, respeito. N\u00f3s precisamos disso. Mais do que qualquer coisa\u201d<\/em>, conta Angelique Kidjo.<\/span><\/p>\n<div id=\"viewer-761ak\" class=\"xVISr Y9Dpf bCMSCT OZy-3 _40ACk Ecq9kg bCMSCT public-DraftStyleDefault-block-depth0 fixed-tab-size public-DraftStyleDefault-text-ltr\"><span class=\"B2EFF public-DraftStyleDefault-ltr\">\u00a0<\/span><\/div>\n<p id=\"viewer-dsg4e\" class=\"xVISr Y9Dpf bCMSCT OZy-3 _40ACk Ecq9kg bCMSCT public-DraftStyleDefault-block-depth0 fixed-tab-size public-DraftStyleDefault-text-ltr\"><span class=\"B2EFF public-DraftStyleDefault-ltr\">Cinco vezes vencedora do Grammy, Ang\u00e9lique Kidjo \u00e9 uma das maiores artistas da m\u00fasica internacional, com uma for\u00e7a criativa que resultou em quatorze \u00e1lbuns em seu nome. A Time Magazine a chamou de &#8220;primeira diva da \u00c1frica&#8221; e a nomeou uma das pessoas mais influentes no mundo em 2021. A BBC, Forbes e o The Guardian destacaram sua import\u00e2ncia para o povo do continente africano. Vencedora de diversas premia\u00e7\u00f5es, ela j\u00e1 conquistou o Crystal Award 2015, concedido pelo F\u00f3rum Econ\u00f4mico Mundial em Davos, na Su\u00ed\u00e7a, o Pr\u00eamio Embaixador da Consci\u00eancia da Anistia Internacional, de 2016, e o Pr\u00eamio Alem\u00e3o de Sustentabilidade 2018.<\/span><\/p>\n<div id=\"viewer-63edv\" class=\"xVISr Y9Dpf bCMSCT OZy-3 _40ACk Ecq9kg bCMSCT public-DraftStyleDefault-block-depth0 fixed-tab-size public-DraftStyleDefault-text-ltr\"><span class=\"B2EFF public-DraftStyleDefault-ltr\">\u00a0<\/span><\/div>\n<p id=\"viewer-3i3dv\" class=\"xVISr Y9Dpf bCMSCT OZy-3 _40ACk Ecq9kg bCMSCT public-DraftStyleDefault-block-depth0 fixed-tab-size public-DraftStyleDefault-text-ltr\"><span class=\"B2EFF public-DraftStyleDefault-ltr\">Como performer, sua voz marcante, presen\u00e7a de palco e flu\u00eancia em m\u00faltiplas culturas e idiomas conquistaram o respeito de seus colegas e expandiram seus seguidores para al\u00e9m de suas fronteiras. Kidjo poliniza as tradi\u00e7\u00f5es da \u00c1frica Ocidental de sua inf\u00e2ncia em Benin com elementos de R&amp;B, funk e jazz americanos, al\u00e9m de influ\u00eancias da Europa e Am\u00e9rica Latina.<\/span><\/p>\n<p id=\"viewer-8lenu\" class=\"xVISr Y9Dpf bCMSCT OZy-3 _40ACk Ecq9kg bCMSCT public-DraftStyleDefault-block-depth0 fixed-tab-size public-DraftStyleDefault-text-ltr\"><span class=\"B2EFF public-DraftStyleDefault-ltr\">Angelique tamb\u00e9m advoga em nome das crian\u00e7as como Embaixadora da UNICEF e da Oxfam Internacional. Ela criou sua pr\u00f3pria funda\u00e7\u00e3o de caridade, Batonga, dedicada a apoiar a educa\u00e7\u00e3o de meninas na \u00c1frica.<\/span><\/p>\n<div id=\"viewer-cuvgd\" class=\"xVISr Y9Dpf bCMSCT OZy-3 _40ACk Ecq9kg bCMSCT public-DraftStyleDefault-block-depth0 fixed-tab-size public-DraftStyleDefault-text-ltr\"><span class=\"B2EFF public-DraftStyleDefault-ltr\">\u00a0<\/span><\/div>\n<p id=\"viewer-1bh0n\" class=\"xVISr Y9Dpf bCMSCT OZy-3 _40ACk Ecq9kg bCMSCT public-DraftStyleDefault-block-depth0 fixed-tab-size public-DraftStyleDefault-text-ltr\"><span class=\"B2EFF public-DraftStyleDefault-ltr\"><strong>Ingressos Rock in Rio Card para o p\u00fablico em geral ser\u00e3o vendidos exclusivamente pela Ticketmaster Brasil no dia 7 de dezembro<\/strong><\/span><\/p>\n<p id=\"viewer-b4jes\" class=\"xVISr Y9Dpf bCMSCT OZy-3 _40ACk Ecq9kg bCMSCT public-DraftStyleDefault-block-depth0 fixed-tab-size public-DraftStyleDefault-text-ltr\"><span class=\"B2EFF public-DraftStyleDefault-ltr\">A venda de ingressos para o Rock in Rio acontecer\u00e1 exclusivamente online por meio da <a class=\"TWoY9 itht3\" href=\"https:\/\/click.presskit.com.br\/url\/9878396a86\/6552760340d\" target=\"_blank\" rel=\"noopener noreferrer\" data-hook=\"linkViewer\">Ticketmaster Brasil<\/a> e ela come\u00e7a com o Rock in Rio Card, ingresso sem data pr\u00e9-definida que garante seu lugar no festival antes mesmo de todas as atra\u00e7\u00f5es anunciadas, no dia <strong>07 de dezembro \u00e0s 19h<\/strong>. E, assim como para o Rock in Rio 2022 e o The Town 2023, o ingresso ser\u00e1 totalmente digital. A organiza\u00e7\u00e3o convoca os f\u00e3s a j\u00e1 se cadastrarem na plataforma da <a class=\"TWoY9 itht3\" href=\"https:\/\/click.presskit.com.br\/url\/9878396a86\/6552760340d\" target=\"_blank\" rel=\"noopener noreferrer\" data-hook=\"linkViewer\">Ticketmaster Brasil<\/a>, visando facilitar o momento da compra do Rock in Rio Card.<\/span><\/p>\n<div id=\"viewer-2u43k\" class=\"xVISr Y9Dpf bCMSCT OZy-3 _40ACk Ecq9kg bCMSCT public-DraftStyleDefault-block-depth0 fixed-tab-size public-DraftStyleDefault-text-ltr\"><span class=\"B2EFF public-DraftStyleDefault-ltr\">\u00a0<\/span><\/div>\n<p id=\"viewer-5dlh9\" class=\"xVISr Y9Dpf bCMSCT OZy-3 _40ACk Ecq9kg bCMSCT public-DraftStyleDefault-block-depth0 fixed-tab-size public-DraftStyleDefault-text-ltr\"><span class=\"B2EFF public-DraftStyleDefault-ltr\">E quem quiser garantir um lugar na Cidade do Rock em 2024 precisa se planejar. Na edi\u00e7\u00e3o de 2022, quando o mundo sa\u00eda de um longo per\u00edodo de pandemia e ansiava pelo retorno da vida ao vivo, a venda do Card foi encerrada em tempo recorde, em apenas <strong>1h28<\/strong>, quando os <strong>200 mil ingressos<\/strong> dispon\u00edveis se esgotaram. Na \u00e9poca, o volume de acessos \u00e0 plataforma de vendas foi de mais de <strong>1 milh\u00e3o de usu\u00e1rios<\/strong> \u00fanicos simult\u00e2neos em mais de um momento e ao final da venda o p\u00fablico na fila estava em mais de <strong>800 mil \u00fanicos<\/strong>. Isso significa que se o festival tivesse aberto a venda oficial de ingressos naquela data, teria p\u00fablico para encher quase <strong>3 edi\u00e7\u00f5es inteiras de Rock in Rio<\/strong>, considerando que a m\u00e9dia de vendas por pessoa \u00e9 de 2 ingressos.<\/span><\/p>\n<div id=\"viewer-24gpb\" class=\"xVISr Y9Dpf bCMSCT OZy-3 _40ACk Ecq9kg bCMSCT public-DraftStyleDefault-block-depth0 fixed-tab-size public-DraftStyleDefault-text-ltr\"><span class=\"B2EFF public-DraftStyleDefault-ltr\">\u00a0<\/span><\/div>\n<p id=\"viewer-2l35h\" class=\"xVISr Y9Dpf bCMSCT OZy-3 _40ACk Ecq9kg bCMSCT public-DraftStyleDefault-block-depth0 fixed-tab-size public-DraftStyleDefault-text-ltr\"><span class=\"B2EFF public-DraftStyleDefault-ltr\"><strong>\u00c9 hoje! Pr\u00e9-Venda Rock in Rio Club 2024<\/strong><\/span><\/p>\n<p id=\"viewer-daud1\" class=\"xVISr Y9Dpf bCMSCT OZy-3 _40ACk Ecq9kg bCMSCT public-DraftStyleDefault-block-depth0 fixed-tab-size public-DraftStyleDefault-text-ltr\"><span class=\"B2EFF public-DraftStyleDefault-ltr\">A <strong>pr\u00e9-venda do Rock in Rio Club 2024<\/strong>, clube de benef\u00edcios criado para quem deseja viver a experi\u00eancia do festival como nenhum outro f\u00e3, aproveitando vantagens incr\u00edveis e exclusivas, tamb\u00e9m j\u00e1 tem data para acontecer. A partir de hoje, 30 de novembro, \u00e0s 19h, at\u00e9 o dia 06 de dezembro, \u00e0s 19h, os <strong>Club F\u00e3 e Club Rock Star <\/strong>ter\u00e3o a oportunidade de comprar seus ingressos para a edi\u00e7\u00e3o comemorativa do Rock in Rio 40 anos antes da venda do Rock in Rio Card. A venda acontecer\u00e1 exclusivamente por meio da plataforma <a class=\"TWoY9 itht3\" href=\"https:\/\/click.presskit.com.br\/url\/9878396a86\/6552760340d\" target=\"_blank\" rel=\"noopener noreferrer\" data-hook=\"linkViewer\">Ticketmaster Brasil<\/a>.<\/span><\/p>\n<p id=\"viewer-e3sva\" class=\"xVISr Y9Dpf bCMSCT OZy-3 _40ACk Ecq9kg bCMSCT public-DraftStyleDefault-block-depth0 fixed-tab-size public-DraftStyleDefault-text-ltr\"><span class=\"B2EFF public-DraftStyleDefault-ltr\">Os benef\u00edcios do Rock in Rio Club s\u00e3o exclusivos para os associados e incluem pr\u00e9-venda exclusiva para o Rock in Rio 2024, onde podem adquirir at\u00e9 2 ingressos por CPF, sendo uma meia-entrada, entrada 30 minutos antes da abertura dos port\u00f5es, desconto na loja de produtos oficiais, filas preferenciais, pr\u00eamios exclusivos, sorteios na Loja Club, credencial exclusiva e muito mais. O Rock in Rio Club da categoria Rock Star ainda garante transporte Primeira Classe, possibilidade de compra da \u00c1rea VIP, acesso ao Lounge e ao Preview da Cidade do Rock. O Rock in Rio Club 2024, em ambas as categorias Club F\u00e3 e Club Rock Star, est\u00e1 esgotado.<\/span><\/p>\n<div id=\"viewer-b29ut\" class=\"xVISr Y9Dpf bCMSCT OZy-3 _40ACk Ecq9kg bCMSCT public-DraftStyleDefault-block-depth0 fixed-tab-size public-DraftStyleDefault-text-ltr\"><span class=\"B2EFF public-DraftStyleDefault-ltr\">\u00a0<\/span><\/div>\n<p id=\"viewer-6cvha\" class=\"xVISr Y9Dpf bCMSCT OZy-3 _40ACk Ecq9kg bCMSCT public-DraftStyleDefault-block-depth0 fixed-tab-size public-DraftStyleDefault-text-ltr\"><span class=\"B2EFF public-DraftStyleDefault-ltr\"><strong>Saiba mais sobre os ingressos para o Rock in Rio 2024<\/strong><\/span><\/p>\n<p id=\"viewer-1oif9\" class=\"xVISr Y9Dpf bCMSCT OZy-3 _40ACk Ecq9kg bCMSCT public-DraftStyleDefault-block-depth0 fixed-tab-size public-DraftStyleDefault-text-ltr\"><span class=\"B2EFF public-DraftStyleDefault-ltr\">Para a edi\u00e7\u00e3o do Rock in Rio\u202fBrasil 2024, o valor do Rock in Rio Card ser\u00e1 R$ 755 (inteira) e R$ 377,50 (meia-entrada) e n\u00e3o h\u00e1 cobran\u00e7a de taxa de servi\u00e7o.\u202fO pagamento pode ser feito por PIX ou cart\u00e3o de cr\u00e9dito e o valor parcelado em at\u00e9<strong> seis vezes<\/strong>. Clientes que efetuarem o pagamento com os cart\u00f5es de cr\u00e9dito Ita\u00fa, Credicard e Iti t\u00eam <strong>15% de desconto<\/strong> na compra de ingressos, por R$ 641,75 (n\u00e3o cumulativos com a meia-entrada) e poder\u00e3o parcelar sua compra em at\u00e9 <strong>oito vezes<\/strong> sem juros.<\/span><\/p>\n<div id=\"viewer-9nqre\" class=\"xVISr Y9Dpf bCMSCT OZy-3 _40ACk Ecq9kg bCMSCT public-DraftStyleDefault-block-depth0 fixed-tab-size public-DraftStyleDefault-text-ltr\"><span class=\"B2EFF public-DraftStyleDefault-ltr\">\u00a0<\/span><\/div>\n<p id=\"viewer-9oi3h\" class=\"xVISr Y9Dpf bCMSCT OZy-3 _40ACk Ecq9kg bCMSCT public-DraftStyleDefault-block-depth0 fixed-tab-size public-DraftStyleDefault-text-ltr\"><span class=\"B2EFF public-DraftStyleDefault-ltr\">O limite de compra do p\u00fablico em geral \u00e9 de at\u00e9<strong>\u202f4 (quatro) ingressos\u202fpor CPF<\/strong>,\u202fsendo\u202fuma\u202fmeia-entrada, com exce\u00e7\u00e3o para meia-entrada para pessoas portadoras de necessidade especial, que t\u00eam direito a\u202fcomprar outra meia-entrada tamb\u00e9m para seu acompanhante.\u202fOs clientes que adquirirem ingressos nesta modalidade\u202fter\u00e3o que informar no pr\u00f3prio site todas as informa\u00e7\u00f5es referentes ao documento que comprove tal condi\u00e7\u00e3o,\u202fpara posterior valida\u00e7\u00e3o, assim como ser\u00e1 necess\u00e1rio apresent\u00e1-lo no acesso\u202f\u00e0\u202fCidade do Rock, no dia\u202fdo evento.\u202f\u202f<\/span><\/p>\n<div id=\"viewer-d0b71\" class=\"xVISr Y9Dpf bCMSCT OZy-3 _40ACk Ecq9kg bCMSCT public-DraftStyleDefault-block-depth0 fixed-tab-size public-DraftStyleDefault-text-ltr\"><span class=\"B2EFF public-DraftStyleDefault-ltr\">\u00a0<\/span><\/div>\n<p id=\"viewer-fk7a4\" class=\"xVISr Y9Dpf bCMSCT OZy-3 _40ACk Ecq9kg bCMSCT public-DraftStyleDefault-block-depth0 fixed-tab-size public-DraftStyleDefault-text-ltr\"><span class=\"B2EFF public-DraftStyleDefault-ltr\">O ingresso de meia-entrada \u00e9 garantido por lei para estudantes, menores de 21 anos, maiores de 60 anos, deficientes e seu acompanhante, profissionais e professores da rede de ensino do Rio de Janeiro e jovens de baixa renda.<\/span><\/p>\n<div id=\"viewer-asqcn\" class=\"xVISr Y9Dpf bCMSCT OZy-3 _40ACk Ecq9kg bCMSCT public-DraftStyleDefault-block-depth0 fixed-tab-size public-DraftStyleDefault-text-ltr\"><span class=\"B2EFF public-DraftStyleDefault-ltr\">\u00a0<\/span><\/div>\n<p id=\"viewer-14mnm\" class=\"xVISr Y9Dpf bCMSCT OZy-3 _40ACk Ecq9kg bCMSCT public-DraftStyleDefault-block-depth0 fixed-tab-size public-DraftStyleDefault-text-ltr\"><span class=\"B2EFF public-DraftStyleDefault-ltr\"><strong>Rock in Rio celebra 40 anos de hist\u00f3ria com Exposi\u00e7\u00e3o, Livro e ainda um novo Musical para 2024<\/strong><\/span><\/p>\n<p id=\"viewer-8edhq\" class=\"xVISr Y9Dpf bCMSCT OZy-3 _40ACk Ecq9kg bCMSCT public-DraftStyleDefault-block-depth0 fixed-tab-size public-DraftStyleDefault-text-ltr\"><span class=\"B2EFF public-DraftStyleDefault-ltr\">No pr\u00f3ximo ano, o Rock in Rio vai celebrar quatro d\u00e9cadas de grandes encontros: entre artistas, a Cidade do Rock e seus f\u00e3s, entre amigos, fam\u00edlias, ritmos e g\u00eaneros musicais. E para 2024, o p\u00fablico pode come\u00e7ar sua contagem regressiva n\u00e3o apenas para a Cidade do Rock, mas para dias de festa ao longo do ano. A primeira delas acontece na virada do ano, em um dos principais r\u00e9veillons do mundo, o de Copacabana, quando o Rock in Rio ser\u00e1 homenageado nesta grande festa. O p\u00fablico que estiver na praia de Copacabana, ou assistindo pela televis\u00e3o, poder\u00e1 acompanhar uma apresenta\u00e7\u00e3o digna de celebra\u00e7\u00e3o de 40 anos, com show de drones, apresenta\u00e7\u00e3o de orquestras e muito mais.<\/span><\/p>\n<div id=\"viewer-k0ps\" class=\"xVISr Y9Dpf bCMSCT OZy-3 _40ACk Ecq9kg bCMSCT public-DraftStyleDefault-block-depth0 fixed-tab-size public-DraftStyleDefault-text-ltr\"><span class=\"B2EFF public-DraftStyleDefault-ltr\">\u00a0<\/span><\/div>\n<p id=\"viewer-5dld5\" class=\"xVISr Y9Dpf bCMSCT OZy-3 _40ACk Ecq9kg bCMSCT public-DraftStyleDefault-block-depth0 fixed-tab-size public-DraftStyleDefault-text-ltr\"><span class=\"B2EFF public-DraftStyleDefault-ltr\">O festival tamb\u00e9m prepara uma exposi\u00e7\u00e3o interativa e imersiva contando seus 40 anos, al\u00e9m da publica\u00e7\u00e3o de um table book e um novo musical inspirado em toda sua trajet\u00f3ria. Se o Rock in Rio de 2022 ganhou o espet\u00e1culo Uirapuru e o The Town abrigou o \u201cThe Town, O Musical\u201d, na edi\u00e7\u00e3o que celebra os 40 anos do festival n\u00e3o ser\u00e1 diferente. Uma nova produ\u00e7\u00e3o Rock in Rio Originals, trar\u00e1 o evento e o Rio de Janeiro como narrativa. Com cria\u00e7\u00e3o de Roberto Medina, dire\u00e7\u00e3o musical de Z\u00e9 Ricardo, roteiro e dire\u00e7\u00e3o art\u00edstica de Charles M\u00f6eller, este projeto ganhar\u00e1 vida dentro e fora da Cidade do Rock.<\/span><\/p>\n<div id=\"viewer-615rj\" class=\"xVISr Y9Dpf bCMSCT OZy-3 _40ACk Ecq9kg bCMSCT public-DraftStyleDefault-block-depth0 fixed-tab-size public-DraftStyleDefault-text-ltr\"><span class=\"B2EFF public-DraftStyleDefault-ltr\">\u00a0<\/span><\/div>\n<p id=\"viewer-qgjj\" class=\"xVISr Y9Dpf bCMSCT OZy-3 _40ACk Ecq9kg bCMSCT public-DraftStyleDefault-block-depth0 fixed-tab-size public-DraftStyleDefault-text-ltr\"><span class=\"B2EFF public-DraftStyleDefault-ltr\"><strong>Na Cidade do Rock, a organiza\u00e7\u00e3o anuncia novidades para a celebra\u00e7\u00e3o de 40 anos<\/strong><\/span><\/p>\n<p id=\"viewer-dj1lf\" class=\"xVISr Y9Dpf bCMSCT OZy-3 _40ACk Ecq9kg bCMSCT public-DraftStyleDefault-block-depth0 fixed-tab-size public-DraftStyleDefault-text-ltr\"><span class=\"B2EFF public-DraftStyleDefault-ltr\">No ano da celebra\u00e7\u00e3o dos 40 anos do Rock in Rio, quem tamb\u00e9m vir\u00e1 em maior tamanho ser\u00e1 o Palco Sunset. Pela primeira vez na hist\u00f3ria do festival, o palco dos grandes encontros, queridinho do p\u00fablico e da cr\u00edtica, ter\u00e1 a mesma boca de cena que o gigante Palco Mundo, refor\u00e7ando toda a sua pot\u00eancia e igualdade.<\/span><\/p>\n<div id=\"viewer-n50g\" class=\"xVISr Y9Dpf bCMSCT OZy-3 _40ACk Ecq9kg bCMSCT public-DraftStyleDefault-block-depth0 fixed-tab-size public-DraftStyleDefault-text-ltr\"><span class=\"B2EFF public-DraftStyleDefault-ltr\">\u00a0<\/span><\/div>\n<p id=\"viewer-lc9\" class=\"xVISr Y9Dpf bCMSCT OZy-3 _40ACk Ecq9kg bCMSCT public-DraftStyleDefault-block-depth0 fixed-tab-size public-DraftStyleDefault-text-ltr\"><span class=\"B2EFF public-DraftStyleDefault-ltr\">J\u00e1 o Palco Mundo, com uma megaestrutura de 104m de frente e 30m de altura, para 2024 receber\u00e1 novidades na cenografia. V\u00e1rias surpresas prometem encantar e gerar uma conex\u00e3o com o p\u00fablico, al\u00e9m de oportunidades de selfies, com um visual din\u00e2mico que trar\u00e1 ainda mais beleza para a Cidade do Rock.<\/span><\/p>\n<div id=\"viewer-59svb\" class=\"xVISr Y9Dpf bCMSCT OZy-3 _40ACk Ecq9kg bCMSCT public-DraftStyleDefault-block-depth0 fixed-tab-size public-DraftStyleDefault-text-ltr\"><span class=\"B2EFF public-DraftStyleDefault-ltr\">\u00a0<\/span><\/div>\n<p id=\"viewer-2sq01\" class=\"xVISr Y9Dpf bCMSCT OZy-3 _40ACk Ecq9kg bCMSCT public-DraftStyleDefault-block-depth0 fixed-tab-size public-DraftStyleDefault-text-ltr\"><span class=\"B2EFF public-DraftStyleDefault-ltr\"><strong>Sobre o Rock in Rio<\/strong><\/span><\/p>\n<p id=\"viewer-8pffv\" class=\"xVISr Y9Dpf bCMSCT OZy-3 _40ACk Ecq9kg bCMSCT public-DraftStyleDefault-block-depth0 fixed-tab-size public-DraftStyleDefault-text-ltr\"><span class=\"B2EFF public-DraftStyleDefault-ltr\">1984 marca o in\u00edcio das prepara\u00e7\u00f5es para a primeira edi\u00e7\u00e3o do evento idealizado por Roberto Medina e que hoje, 40 anos depois, \u00e9 considerado o maior festival de m\u00fasica e entretenimento do mundo \u2013 o Rock in Rio. A hist\u00f3ria do evento se entrela\u00e7a com a do entretenimento no Brasil, sendo respons\u00e1vel por colocar o pa\u00eds na rota dos eventos internacionais, j\u00e1 que pela primeira vez, um pa\u00eds da Am\u00e9rica do Sul sediou um evento musical dessa magnitude. Em uma \u00e1rea de 250 mil m2, em Jacarepagu\u00e1, durante dez dias, 1 milh\u00e3o e 380 mil pessoas foram iluminadas pela primeira vez e come\u00e7aram a fazer parte do grande espet\u00e1culo. No palco \u2014 o maior do mundo na \u00e9poca, com 80m de boca de cena \u2014 15 atra\u00e7\u00f5es nacionais e 16 internacionais. Originalmente organizado no Rio de Janeiro, o festival ganhou o mundo chegando a Lisboa (Portugal), onde \u00e9 realizado at\u00e9 hoje, passando por Madrid (Espanha) e Las Vegas (USA).<\/span><\/p>\n<div id=\"viewer-9ccfg\" class=\"xVISr Y9Dpf bCMSCT OZy-3 _40ACk Ecq9kg bCMSCT public-DraftStyleDefault-block-depth0 fixed-tab-size public-DraftStyleDefault-text-ltr\"><span class=\"B2EFF public-DraftStyleDefault-ltr\">\u00a0<\/span><\/div>\n<p id=\"viewer-gug3\" class=\"xVISr Y9Dpf bCMSCT OZy-3 _40ACk Ecq9kg bCMSCT public-DraftStyleDefault-block-depth0 fixed-tab-size public-DraftStyleDefault-text-ltr\"><span class=\"B2EFF public-DraftStyleDefault-ltr\">Desde a primeira edi\u00e7\u00e3o, j\u00e1 gerou 265 mil empregos diretos e indiretos e, apenas na \u00faltima, em 2022, um impacto econ\u00f4mico de mais de 2 bilh\u00f5es na cidade do Rio de Janeiro. Tamb\u00e9m no ano passado, o Rock in Rio foi considerado patrim\u00f4nio cultural imaterial do estado do Rio de Janeiro. Pelas Cidades do Rock, desde 1985, j\u00e1 passaram mais de 11.2 milh\u00f5es de visitantes, que assistiram a 3.816 artistas em 130 dias de magia. Dentre os n\u00fameros gigantes do festival, mais de 64 milh\u00f5es de pessoas alcan\u00e7adas nas redes sociais apenas em 2022 e mais de 12 milh\u00f5es de f\u00e3s online.<\/span><\/p>\n<div id=\"viewer-53van\" class=\"xVISr Y9Dpf bCMSCT OZy-3 _40ACk Ecq9kg bCMSCT public-DraftStyleDefault-block-depth0 fixed-tab-size public-DraftStyleDefault-text-ltr\"><span class=\"B2EFF public-DraftStyleDefault-ltr\">\u00a0<\/span><\/div>\n<p id=\"viewer-elsbe\" class=\"xVISr Y9Dpf bCMSCT OZy-3 _40ACk Ecq9kg bCMSCT public-DraftStyleDefault-block-depth0 fixed-tab-size public-DraftStyleDefault-text-ltr\"><span class=\"B2EFF public-DraftStyleDefault-ltr\">Gerando impactos positivos nos pa\u00edses onde \u00e9 realizado e consciente do poder disseminador da marca, o Rock in Rio pauta-se por ser um evento com o prop\u00f3sito de construir um mundo melhor para pessoas mais felizes, confiantes e emp\u00e1ticas num planeta mais saud\u00e1vel. Adotando e incentivando pr\u00e1ticas que apoiam o coletivo, se une a empresas que possuem este mesmo olhar e diretriz. O festival investiu, junto com seus parceiros, mais de R$ 110 milh\u00f5es em diferentes projetos, passando por temas como sustentabilidade, educa\u00e7\u00e3o, m\u00fasica, florestas, entre outros.\u202fApenas na Amaz\u00f4nia, 73 milh\u00f5es de \u00e1rvores foram plantadas. A marca foi pioneira em ter a certifica\u00e7\u00e3o ISO 20121 \u2014 Eventos Sustent\u00e1veis e, em 2022, come\u00e7ou a trabalhar ambiciosas metas para 2030, alinhadas com os Objetivos de Desenvolvimento Sustent\u00e1vel (ODS).<\/span><\/p>\n<div id=\"viewer-4837q\" class=\"xVISr Y9Dpf bCMSCT OZy-3 _40ACk Ecq9kg bCMSCT public-DraftStyleDefault-block-depth0 fixed-tab-size public-DraftStyleDefault-text-ltr\"><span class=\"B2EFF public-DraftStyleDefault-ltr\">\u00a0<\/span><\/div>\n<p id=\"viewer-bjhtg\" class=\"xVISr Y9Dpf bCMSCT OZy-3 _40ACk Ecq9kg bCMSCT public-DraftStyleDefault-block-depth0 fixed-tab-size public-DraftStyleDefault-text-ltr\"><span class=\"B2EFF public-DraftStyleDefault-ltr\">O ano de 2024 ser\u00e1 de muitas comemora\u00e7\u00f5es para o Rock in Rio. O ano em que tudo come\u00e7ou, 40 anos depois, d\u00e1 in\u00edcio \u00e0s celebra\u00e7\u00f5es. E a festa brasileira j\u00e1 est\u00e1 marcada: 13, 14, 15, 19, 20, 21 e 22 de setembro de 2024, no Parque Ol\u00edmpico, Rio de Janeiro; e a lisboeta tamb\u00e9m: 15, 16, 22 e 23 de junho de 2024, no Parque Tejo. Das 22 edi\u00e7\u00f5es anteriores, nove ocorreram no Brasil (1985, 1991, 2001, 2011, 2013, 2015, 2017, 2019 e 2022), nove em Portugal (2004, 2006, 2008, 2010, 2012, 2014, 2016, 2018 e 2022), tr\u00eas na Espanha (2008, 2010 e 2012) e uma nos Estados Unidos (2015).<\/span><\/p>\n<div id=\"viewer-cmbm8\" class=\"xVISr Y9Dpf bCMSCT OZy-3 _40ACk Ecq9kg bCMSCT public-DraftStyleDefault-block-depth0 fixed-tab-size public-DraftStyleDefault-text-ltr\"><span class=\"B2EFF public-DraftStyleDefault-ltr\">\u00a0<\/span><\/div>\n<p id=\"viewer-cfvng\" class=\"xVISr Y9Dpf bCMSCT OZy-3 lnyWN yMZv8w bCMSCT public-DraftStyleDefault-block-depth0 fixed-tab-size public-DraftStyleDefault-text-ltr\"><span class=\"B2EFF public-DraftStyleDefault-ltr\"><strong>Fonte: <\/strong>Approach Comunica\u00e7\u00e3o <\/span><\/p>\n<\/div>\n<\/div>\n<\/div>\n<\/div>\n<\/div>\n<\/div>\n<\/article>\n<\/div>\n<div id=\"post-footer\" class=\"OFA52E jG7PL8\"><\/div>\n","protected":false},"excerpt":{"rendered":"<p>&nbsp; Faltando menos de oito dias para a venda do Rock in Rio Card, o festival lan\u00e7a uma nova atra\u00e7\u00e3o que, al\u00e9m da pot\u00eancia arquitet\u00f4nica e musical, ser\u00e1 um manifesto pela paz A consagrada artista Angelique Kidjo \u00e9 a embaixadora do espa\u00e7o e tamb\u00e9m a primeira atra\u00e7\u00e3o confirmada do line-up O Rock in Rio, em [&hellip;]<\/p>\n","protected":false},"author":12,"featured_media":18380,"comment_status":"closed","ping_status":"open","sticky":false,"template":"","format":"standard","meta":{"footnotes":""},"categories":[4],"tags":[],"class_list":["post-19164","post","type-post","status-publish","format-standard","has-post-thumbnail","hentry","category-noticias"],"_links":{"self":[{"href":"http:\/\/heavymetalonline.com.br\/index.php?rest_route=\/wp\/v2\/posts\/19164","targetHints":{"allow":["GET"]}}],"collection":[{"href":"http:\/\/heavymetalonline.com.br\/index.php?rest_route=\/wp\/v2\/posts"}],"about":[{"href":"http:\/\/heavymetalonline.com.br\/index.php?rest_route=\/wp\/v2\/types\/post"}],"author":[{"embeddable":true,"href":"http:\/\/heavymetalonline.com.br\/index.php?rest_route=\/wp\/v2\/users\/12"}],"replies":[{"embeddable":true,"href":"http:\/\/heavymetalonline.com.br\/index.php?rest_route=%2Fwp%2Fv2%2Fcomments&post=19164"}],"version-history":[{"count":1,"href":"http:\/\/heavymetalonline.com.br\/index.php?rest_route=\/wp\/v2\/posts\/19164\/revisions"}],"predecessor-version":[{"id":19165,"href":"http:\/\/heavymetalonline.com.br\/index.php?rest_route=\/wp\/v2\/posts\/19164\/revisions\/19165"}],"wp:featuredmedia":[{"embeddable":true,"href":"http:\/\/heavymetalonline.com.br\/index.php?rest_route=\/wp\/v2\/media\/18380"}],"wp:attachment":[{"href":"http:\/\/heavymetalonline.com.br\/index.php?rest_route=%2Fwp%2Fv2%2Fmedia&parent=19164"}],"wp:term":[{"taxonomy":"category","embeddable":true,"href":"http:\/\/heavymetalonline.com.br\/index.php?rest_route=%2Fwp%2Fv2%2Fcategories&post=19164"},{"taxonomy":"post_tag","embeddable":true,"href":"http:\/\/heavymetalonline.com.br\/index.php?rest_route=%2Fwp%2Fv2%2Ftags&post=19164"}],"curies":[{"name":"wp","href":"https:\/\/api.w.org\/{rel}","templated":true}]}}