{"id":19298,"date":"2023-12-07T09:30:25","date_gmt":"2023-12-07T09:30:25","guid":{"rendered":"http:\/\/heavymetalonline.com.br\/?p=19298"},"modified":"2023-12-06T20:37:13","modified_gmt":"2023-12-06T20:37:13","slug":"dance-of-days-lanca-novo-album-nesta-sexta-812","status":"publish","type":"post","link":"http:\/\/heavymetalonline.com.br\/?p=19298","title":{"rendered":"Dance of Days lan\u00e7a novo \u00e1lbum nesta sexta (8\/12)"},"content":{"rendered":"<div data-draftjs-conductor-fragment=\"{&quot;blocks&quot;:[{&quot;key&quot;:&quot;7gjo6&quot;,&quot;text&quot;:&quot;Nesta sexta-feira (8\/12), chega \u00e0s plataformas digitais A Nova Hist\u00f3ria, o t\u00e3o aguardado novo \u00e1lbum da Dance of Days. A banda, \u00edcone hist\u00f3rico do rock independente nacional, que iniciou sua carreira em 1997, traz consigo tamb\u00e9m o legado de ter nascido do Personal Choice (1993-1996), a primeira banda a gravar um \u00e1lbum emo no Brasil.&quot;,&quot;type&quot;:&quot;unstyled&quot;,&quot;depth&quot;:0,&quot;inlineStyleRanges&quot;:[{&quot;offset&quot;:56,&quot;length&quot;:15,&quot;style&quot;:&quot;ITALIC&quot;},{&quot;offset&quot;:103,&quot;length&quot;:13,&quot;style&quot;:&quot;BOLD&quot;}],&quot;entityRanges&quot;:[],&quot;data&quot;:{&quot;dynamicStyles&quot;:{&quot;line-height&quot;:&quot;1.5&quot;,&quot;padding-top&quot;:&quot;0px&quot;,&quot;padding-bottom&quot;:&quot;0px&quot;},&quot;textAlignment&quot;:&quot;justify&quot;}},{&quot;key&quot;:&quot;3ofqg&quot;,&quot;text&quot;:&quot;&quot;,&quot;type&quot;:&quot;unstyled&quot;,&quot;depth&quot;:0,&quot;inlineStyleRanges&quot;:[],&quot;entityRanges&quot;:[],&quot;data&quot;:{&quot;dynamicStyles&quot;:{&quot;line-height&quot;:&quot;1.5&quot;,&quot;padding-top&quot;:&quot;0px&quot;,&quot;padding-bottom&quot;:&quot;0px&quot;},&quot;textAlignment&quot;:&quot;justify&quot;}},{&quot;key&quot;:&quot;dss8v&quot;,&quot;text&quot;:&quot;O \u00e1lbum estar\u00e1 dispon\u00edvel aqui, via STRM, distribuidora capitaneada por Caco Grandino do NX Zero: https:\/\/distro.ffm.to\/a-nova-historia.&quot;,&quot;type&quot;:&quot;unstyled&quot;,&quot;depth&quot;:0,&quot;inlineStyleRanges&quot;:[{&quot;offset&quot;:98,&quot;length&quot;:37,&quot;style&quot;:&quot;BOLD&quot;},{&quot;offset&quot;:98,&quot;length&quot;:37,&quot;style&quot;:&quot;UNDERLINE&quot;}],&quot;entityRanges&quot;:[{&quot;offset&quot;:98,&quot;length&quot;:37,&quot;key&quot;:0}],&quot;data&quot;:{&quot;textAlignment&quot;:&quot;justify&quot;,&quot;dynamicStyles&quot;:{&quot;line-height&quot;:&quot;1.5&quot;,&quot;padding-top&quot;:&quot;0px&quot;,&quot;padding-bottom&quot;:&quot;0px&quot;}}},{&quot;key&quot;:&quot;f5glq&quot;,&quot;text&quot;:&quot;&quot;,&quot;type&quot;:&quot;unstyled&quot;,&quot;depth&quot;:0,&quot;inlineStyleRanges&quot;:[],&quot;entityRanges&quot;:[],&quot;data&quot;:{&quot;dynamicStyles&quot;:{&quot;line-height&quot;:&quot;1.5&quot;,&quot;padding-top&quot;:&quot;0px&quot;,&quot;padding-bottom&quot;:&quot;0px&quot;},&quot;textAlignment&quot;:&quot;justify&quot;}},{&quot;key&quot;:&quot;fvbmn&quot;,&quot;text&quot;:&quot;Isso, em \u00e9pocas de revival do emo nacional, j\u00e1 bastaria para tamanha ansiedade em torno desse lan\u00e7amento. Mas, o fato \u00e9 que o Dance of Days, com mais de 25 anos de carreira, al\u00e9m de todo esse background nas ra\u00edzes do hardcore brasileiro, estabeleceu um legado fiel, que aguarda h\u00e1 sete anos um novo \u00e1lbum da banda - a espera acabou!&quot;,&quot;type&quot;:&quot;unstyled&quot;,&quot;depth&quot;:0,&quot;inlineStyleRanges&quot;:[],&quot;entityRanges&quot;:[],&quot;data&quot;:{&quot;textAlignment&quot;:&quot;justify&quot;,&quot;dynamicStyles&quot;:{&quot;line-height&quot;:&quot;1.5&quot;,&quot;padding-top&quot;:&quot;0px&quot;,&quot;padding-bottom&quot;:&quot;0px&quot;}}},{&quot;key&quot;:&quot;2nkai&quot;,&quot;text&quot;:&quot;&quot;,&quot;type&quot;:&quot;unstyled&quot;,&quot;depth&quot;:0,&quot;inlineStyleRanges&quot;:[],&quot;entityRanges&quot;:[],&quot;data&quot;:{&quot;dynamicStyles&quot;:{&quot;line-height&quot;:&quot;1.5&quot;,&quot;padding-top&quot;:&quot;0px&quot;,&quot;padding-bottom&quot;:&quot;0px&quot;},&quot;textAlignment&quot;:&quot;justify&quot;}},{&quot;key&quot;:&quot;1q3hf&quot;,&quot;text&quot;:&quot;Desde seu in\u00edcio, a Dance of Days tem sido o di\u00e1rio confessional da vocalista e compositora (e tamb\u00e9m escritora) Nen\u00ea Altro, que compartilha, por suas letras, toda sua jornada de vida. Seus \u00e1lbuns s\u00e3o como cap\u00edtulos de uma saga, narrando fases, questionamentos, percep\u00e7\u00f5es, afli\u00e7\u00f5es, alegrias e ang\u00fastias. E Nen\u00ea, traz consigo o not\u00e1vel dom da palavra, sendo apontada como uma das principais letristas de sua \u00e9poca.&quot;,&quot;type&quot;:&quot;unstyled&quot;,&quot;depth&quot;:0,&quot;inlineStyleRanges&quot;:[],&quot;entityRanges&quot;:[],&quot;data&quot;:{&quot;textAlignment&quot;:&quot;justify&quot;,&quot;dynamicStyles&quot;:{&quot;line-height&quot;:&quot;1.5&quot;,&quot;padding-top&quot;:&quot;0px&quot;,&quot;padding-bottom&quot;:&quot;0px&quot;}}},{&quot;key&quot;:&quot;ftshn&quot;,&quot;text&quot;:&quot;&quot;,&quot;type&quot;:&quot;unstyled&quot;,&quot;depth&quot;:0,&quot;inlineStyleRanges&quot;:[],&quot;entityRanges&quot;:[],&quot;data&quot;:{&quot;dynamicStyles&quot;:{&quot;line-height&quot;:&quot;1.5&quot;,&quot;padding-top&quot;:&quot;0px&quot;,&quot;padding-bottom&quot;:&quot;0px&quot;},&quot;textAlignment&quot;:&quot;justify&quot;}},{&quot;key&quot;:&quot;ah08e&quot;,&quot;text&quot;:&quot;Tamb\u00e9m j\u00e1 bastaria para justificar a enorme expectativa em torno desse trabalho. Por\u00e9m, A Nova Hist\u00f3ria traz um detalhe muito marcante: \u00e9 o primeiro \u00e1lbum composto pela Nen\u00ea para a banda desde que assumiu publicamente sua identidade feminina de g\u00eanero no final de 2020.&quot;,&quot;type&quot;:&quot;unstyled&quot;,&quot;depth&quot;:0,&quot;inlineStyleRanges&quot;:[],&quot;entityRanges&quot;:[],&quot;data&quot;:{&quot;textAlignment&quot;:&quot;justify&quot;,&quot;dynamicStyles&quot;:{&quot;line-height&quot;:&quot;1.5&quot;,&quot;padding-top&quot;:&quot;0px&quot;,&quot;padding-bottom&quot;:&quot;0px&quot;}}},{&quot;key&quot;:&quot;2rg40&quot;,&quot;text&quot;:&quot;&quot;,&quot;type&quot;:&quot;unstyled&quot;,&quot;depth&quot;:0,&quot;inlineStyleRanges&quot;:[],&quot;entityRanges&quot;:[],&quot;data&quot;:{&quot;dynamicStyles&quot;:{&quot;line-height&quot;:&quot;1.5&quot;,&quot;padding-top&quot;:&quot;0px&quot;,&quot;padding-bottom&quot;:&quot;0px&quot;},&quot;textAlignment&quot;:&quot;justify&quot;}},{&quot;key&quot;:&quot;7b5ar&quot;,&quot;text&quot;:&quot;Para o p\u00fablico que, por d\u00e9cadas acompanhou e identificou-se com seus desabafos em sua luta contra a depress\u00e3o, v\u00ea-la feliz e renovada por finalmente aceitar-se, aumentou ainda mais as expectativas sobre esse novo disco.&quot;,&quot;type&quot;:&quot;unstyled&quot;,&quot;depth&quot;:0,&quot;inlineStyleRanges&quot;:[],&quot;entityRanges&quot;:[],&quot;data&quot;:{&quot;textAlignment&quot;:&quot;justify&quot;,&quot;dynamicStyles&quot;:{&quot;line-height&quot;:&quot;1.5&quot;,&quot;padding-top&quot;:&quot;0px&quot;,&quot;padding-bottom&quot;:&quot;0px&quot;}}},{&quot;key&quot;:&quot;bg66h&quot;,&quot;text&quot;:&quot;&quot;,&quot;type&quot;:&quot;unstyled&quot;,&quot;depth&quot;:0,&quot;inlineStyleRanges&quot;:[],&quot;entityRanges&quot;:[],&quot;data&quot;:{&quot;dynamicStyles&quot;:{&quot;line-height&quot;:&quot;1.5&quot;,&quot;padding-top&quot;:&quot;0px&quot;,&quot;padding-bottom&quot;:&quot;0px&quot;},&quot;textAlignment&quot;:&quot;justify&quot;}},{&quot;key&quot;:&quot;6gdtl&quot;,&quot;text&quot;:&quot;\\&quot;Este \u00e1lbum, em especial, representa um marco em toda odisseia da dan\u00e7a dos dias.\\&quot; - disse a vocalista em seu instagram. \\&quot;O enxergo como o momento de \u00e1pice dos primeiros 25 anos de banda e tamb\u00e9m como o primeiro de um novo arco, liberta e vencedora de todos os pesos e amarras da travessia anterior.\\&quot; - completa.&quot;,&quot;type&quot;:&quot;unstyled&quot;,&quot;depth&quot;:0,&quot;inlineStyleRanges&quot;:[{&quot;offset&quot;:0,&quot;length&quot;:300,&quot;style&quot;:&quot;ITALIC&quot;}],&quot;entityRanges&quot;:[],&quot;data&quot;:{&quot;textAlignment&quot;:&quot;justify&quot;,&quot;dynamicStyles&quot;:{&quot;line-height&quot;:&quot;1.5&quot;,&quot;padding-top&quot;:&quot;0px&quot;,&quot;padding-bottom&quot;:&quot;0px&quot;}}},{&quot;key&quot;:&quot;blfj4&quot;,&quot;text&quot;:&quot;&quot;,&quot;type&quot;:&quot;unstyled&quot;,&quot;depth&quot;:0,&quot;inlineStyleRanges&quot;:[],&quot;entityRanges&quot;:[],&quot;data&quot;:{&quot;dynamicStyles&quot;:{&quot;line-height&quot;:&quot;1.5&quot;,&quot;padding-top&quot;:&quot;0px&quot;,&quot;padding-bottom&quot;:&quot;0px&quot;},&quot;textAlignment&quot;:&quot;justify&quot;}},{&quot;key&quot;:&quot;8j0bo&quot;,&quot;text&quot;:&quot;\u00c1lbum sem amarras&quot;,&quot;type&quot;:&quot;unstyled&quot;,&quot;depth&quot;:0,&quot;inlineStyleRanges&quot;:[{&quot;offset&quot;:0,&quot;length&quot;:17,&quot;style&quot;:&quot;BOLD&quot;}],&quot;entityRanges&quot;:[],&quot;data&quot;:{&quot;textAlignment&quot;:&quot;justify&quot;,&quot;dynamicStyles&quot;:{&quot;line-height&quot;:&quot;1.5&quot;,&quot;padding-top&quot;:&quot;0px&quot;,&quot;padding-bottom&quot;:&quot;0px&quot;}}},{&quot;key&quot;:&quot;8bcpl&quot;,&quot;text&quot;:&quot;O \u00e1lbum tem v\u00e1rias nuances, exteriorizando uma compositora roqueira liberta de amarras de vertentes. Flerta com o hardcore, p\u00f3s-punk, oitentismo, britpop, entre outros estilos, sem medo de incluir elementos nunca utilizados na discografia da banda, que sempre optou por uma forma\u00e7\u00e3o b\u00e1sica, trazendo uma diversidade encantadora de ambi\u00eancias que conversam com as inten\u00e7\u00f5es de cada composi\u00e7\u00e3o e de arranjos que contam com samplers, percuss\u00f5es e orquestras.&quot;,&quot;type&quot;:&quot;unstyled&quot;,&quot;depth&quot;:0,&quot;inlineStyleRanges&quot;:[],&quot;entityRanges&quot;:[],&quot;data&quot;:{&quot;textAlignment&quot;:&quot;justify&quot;,&quot;dynamicStyles&quot;:{&quot;line-height&quot;:&quot;1.5&quot;,&quot;padding-top&quot;:&quot;0px&quot;,&quot;padding-bottom&quot;:&quot;0px&quot;}}},{&quot;key&quot;:&quot;bn9n5&quot;,&quot;text&quot;:&quot;&quot;,&quot;type&quot;:&quot;unstyled&quot;,&quot;depth&quot;:0,&quot;inlineStyleRanges&quot;:[],&quot;entityRanges&quot;:[],&quot;data&quot;:{&quot;dynamicStyles&quot;:{&quot;line-height&quot;:&quot;1.5&quot;,&quot;padding-top&quot;:&quot;0px&quot;,&quot;padding-bottom&quot;:&quot;0px&quot;},&quot;textAlignment&quot;:&quot;justify&quot;}},{&quot;key&quot;:&quot;27ig4&quot;,&quot;text&quot;:&quot;\\&quot;Nesse disco, eu tive a oportunidade, pela primeira vez em toda hist\u00f3ria da banda, de aplicar toda minha criatividade de forma plena. Sem interfer\u00eancias ou censuras. Compus tudo sozinha. Letra, melodia, guitarra, baixo, bateria e sugest\u00f5es de arranjos. Gravei a demo e entreguei o \u00e1lbum mastigadinho e separado por faixas, para que a banda pudesse colocar seus toques e talentos na grava\u00e7\u00e3o final.\\&quot; - explica a vocalista.&quot;,&quot;type&quot;:&quot;unstyled&quot;,&quot;depth&quot;:0,&quot;inlineStyleRanges&quot;:[{&quot;offset&quot;:0,&quot;length&quot;:399,&quot;style&quot;:&quot;ITALIC&quot;}],&quot;entityRanges&quot;:[],&quot;data&quot;:{&quot;textAlignment&quot;:&quot;justify&quot;,&quot;dynamicStyles&quot;:{&quot;line-height&quot;:&quot;1.5&quot;,&quot;padding-top&quot;:&quot;0px&quot;,&quot;padding-bottom&quot;:&quot;0px&quot;}}},{&quot;key&quot;:&quot;e0pai&quot;,&quot;text&quot;:&quot;&quot;,&quot;type&quot;:&quot;unstyled&quot;,&quot;depth&quot;:0,&quot;inlineStyleRanges&quot;:[],&quot;entityRanges&quot;:[],&quot;data&quot;:{&quot;dynamicStyles&quot;:{&quot;line-height&quot;:&quot;1.5&quot;,&quot;padding-top&quot;:&quot;0px&quot;,&quot;padding-bottom&quot;:&quot;0px&quot;},&quot;textAlignment&quot;:&quot;justify&quot;}},{&quot;key&quot;:&quot;bhf30&quot;,&quot;text&quot;:&quot;Novo clipe e participa\u00e7\u00e3o de Koala&quot;,&quot;type&quot;:&quot;unstyled&quot;,&quot;depth&quot;:0,&quot;inlineStyleRanges&quot;:[{&quot;offset&quot;:0,&quot;length&quot;:34,&quot;style&quot;:&quot;BOLD&quot;}],&quot;entityRanges&quot;:[],&quot;data&quot;:{&quot;textAlignment&quot;:&quot;justify&quot;,&quot;dynamicStyles&quot;:{&quot;line-height&quot;:&quot;1.5&quot;,&quot;padding-top&quot;:&quot;0px&quot;,&quot;padding-bottom&quot;:&quot;0px&quot;}}},{&quot;key&quot;:&quot;c6i1b&quot;,&quot;text&quot;:&quot;No in\u00edcio de novembro, a banda lan\u00e7ou o videoclipe de A Nova Hist\u00f3ria (assista aqui), faixa que d\u00e1 nome ao \u00e1lbum e recebeu centenas de elogios e depoimentos apaixonados de f\u00e3s, n\u00e3o apenas do Brasil, que aguardavam com muita ansiedade esse momento.&quot;,&quot;type&quot;:&quot;unstyled&quot;,&quot;depth&quot;:0,&quot;inlineStyleRanges&quot;:[],&quot;entityRanges&quot;:[{&quot;offset&quot;:71,&quot;length&quot;:12,&quot;key&quot;:1}],&quot;data&quot;:{&quot;textAlignment&quot;:&quot;justify&quot;,&quot;dynamicStyles&quot;:{&quot;line-height&quot;:&quot;1.5&quot;,&quot;padding-top&quot;:&quot;0px&quot;,&quot;padding-bottom&quot;:&quot;0px&quot;}}},{&quot;key&quot;:&quot;e05ij&quot;,&quot;text&quot;:&quot;&quot;,&quot;type&quot;:&quot;unstyled&quot;,&quot;depth&quot;:0,&quot;inlineStyleRanges&quot;:[],&quot;entityRanges&quot;:[],&quot;data&quot;:{&quot;dynamicStyles&quot;:{&quot;line-height&quot;:&quot;1.5&quot;,&quot;padding-top&quot;:&quot;0px&quot;,&quot;padding-bottom&quot;:&quot;0px&quot;},&quot;textAlignment&quot;:&quot;justify&quot;}},{&quot;key&quot;:&quot;dq8m&quot;,&quot;text&quot;:&quot;Alguns dias depois, a banda anunciou outro ponto alto do \u00e1lbum, a participa\u00e7\u00e3o do vocalista e hit-maker Rodrigo Koala, do Hateen, amigo da Nen\u00ea desde os anos 90 em uma de suas faixas principais.&quot;,&quot;type&quot;:&quot;unstyled&quot;,&quot;depth&quot;:0,&quot;inlineStyleRanges&quot;:[],&quot;entityRanges&quot;:[],&quot;data&quot;:{&quot;textAlignment&quot;:&quot;justify&quot;,&quot;dynamicStyles&quot;:{&quot;line-height&quot;:&quot;1.5&quot;,&quot;padding-top&quot;:&quot;0px&quot;,&quot;padding-bottom&quot;:&quot;0px&quot;}}},{&quot;key&quot;:&quot;a4ege&quot;,&quot;text&quot;:&quot;&quot;,&quot;type&quot;:&quot;unstyled&quot;,&quot;depth&quot;:0,&quot;inlineStyleRanges&quot;:[],&quot;entityRanges&quot;:[],&quot;data&quot;:{&quot;dynamicStyles&quot;:{&quot;line-height&quot;:&quot;1.5&quot;,&quot;padding-top&quot;:&quot;0px&quot;,&quot;padding-bottom&quot;:&quot;0px&quot;},&quot;textAlignment&quot;:&quot;justify&quot;}},{&quot;key&quot;:&quot;dv6fc&quot;,&quot;text&quot;:&quot;\\&quot;O que voc\u00eas est\u00e3o prestes a receber \u00e9 o melhor de mim. Tudo o que senti, vivi e atravessei durante estes, que foram os anos mais transformadores de toda minha vida\\&quot;, conclui Nen\u00ea.&quot;,&quot;type&quot;:&quot;unstyled&quot;,&quot;depth&quot;:0,&quot;inlineStyleRanges&quot;:[{&quot;offset&quot;:0,&quot;length&quot;:165,&quot;style&quot;:&quot;ITALIC&quot;}],&quot;entityRanges&quot;:[],&quot;data&quot;:{&quot;textAlignment&quot;:&quot;justify&quot;,&quot;dynamicStyles&quot;:{&quot;line-height&quot;:&quot;1.5&quot;,&quot;padding-top&quot;:&quot;0px&quot;,&quot;padding-bottom&quot;:&quot;0px&quot;}}}],&quot;entityMap&quot;:{&quot;0&quot;:{&quot;type&quot;:&quot;LINK&quot;,&quot;mutability&quot;:&quot;MUTABLE&quot;,&quot;data&quot;:{&quot;url&quot;:&quot;https:\/\/distro.ffm.to\/a-nova-historia&quot;,&quot;target&quot;:&quot;_blank&quot;,&quot;rel&quot;:&quot;&quot;}},&quot;1&quot;:{&quot;type&quot;:&quot;LINK&quot;,&quot;mutability&quot;:&quot;MUTABLE&quot;,&quot;data&quot;:{&quot;url&quot;:&quot;https:\/\/email.cloud.secureclick.net\/c\/1711?id=454267.26486.1.7307c629e264e4cb5c02ac29f7d0c3d5&quot;}}},&quot;VERSION&quot;:&quot;9.15.1&quot;}\">\n<div class=\"JvlZN rqyPc p7Opnu leTfN public-DraftStyleDefault-block-depth0 public-DraftStyleDefault-text-ltr fixed-tab-size rich_content_line-height-1_5 rich_content_padding-top-0px rich_content_padding-bottom-0px rich_content_P\" data-block=\"true\" data-editor=\"editor\" data-offset-key=\"9ohrq-0-0\">\n<div data-offset-key=\"9ohrq-0-0\"><img loading=\"lazy\" decoding=\"async\" class=\"alignnone size-full wp-image-19299\" src=\"http:\/\/heavymetalonline.com.br\/wp-content\/uploads\/2023\/12\/unnamed-1-5.jpg\" alt=\"\" width=\"1180\" height=\"1072\" srcset=\"http:\/\/heavymetalonline.com.br\/wp-content\/uploads\/2023\/12\/unnamed-1-5.jpg 1180w, http:\/\/heavymetalonline.com.br\/wp-content\/uploads\/2023\/12\/unnamed-1-5-300x273.jpg 300w, http:\/\/heavymetalonline.com.br\/wp-content\/uploads\/2023\/12\/unnamed-1-5-768x698.jpg 768w, http:\/\/heavymetalonline.com.br\/wp-content\/uploads\/2023\/12\/unnamed-1-5-1024x930.jpg 1024w, http:\/\/heavymetalonline.com.br\/wp-content\/uploads\/2023\/12\/unnamed-1-5-50x45.jpg 50w\" sizes=\"auto, (max-width: 1180px) 100vw, 1180px\" \/><\/div>\n<div data-offset-key=\"9ohrq-0-0\">\n<div data-draftjs-conductor-fragment=\"{&quot;blocks&quot;:[{&quot;key&quot;:&quot;9218q&quot;,&quot;text&quot;:&quot;Foto: Luringa&quot;,&quot;type&quot;:&quot;code-block&quot;,&quot;depth&quot;:0,&quot;inlineStyleRanges&quot;:[],&quot;entityRanges&quot;:[],&quot;data&quot;:{}}],&quot;entityMap&quot;:{},&quot;VERSION&quot;:&quot;9.15.1&quot;}\">Foto: Luringa<\/div>\n<div data-draftjs-conductor-fragment=\"{&quot;blocks&quot;:[{&quot;key&quot;:&quot;9218q&quot;,&quot;text&quot;:&quot;Foto: Luringa&quot;,&quot;type&quot;:&quot;code-block&quot;,&quot;depth&quot;:0,&quot;inlineStyleRanges&quot;:[],&quot;entityRanges&quot;:[],&quot;data&quot;:{}}],&quot;entityMap&quot;:{},&quot;VERSION&quot;:&quot;9.15.1&quot;}\"><\/div>\n<\/div>\n<div class=\"public-DraftStyleDefault-block public-DraftStyleDefault-ltr\" data-offset-key=\"9ohrq-0-0\"><span data-offset-key=\"9ohrq-0-0\">Nesta sexta-feira (8\/12), chega \u00e0s plataformas digitais <\/span><span data-offset-key=\"9ohrq-0-1\">A Nova Hist\u00f3ria<\/span><span data-offset-key=\"9ohrq-0-2\">, o t\u00e3o aguardado novo \u00e1lbum da <\/span><strong>Dance of Days<\/strong><span data-offset-key=\"9ohrq-0-4\">. A banda, \u00edcone hist\u00f3rico do rock independente nacional, que iniciou sua carreira em 1997, traz consigo tamb\u00e9m o legado de ter nascido do Personal Choice (1993-1996), a primeira banda a gravar um \u00e1lbum emo no Brasil.<\/span><\/div>\n<\/div>\n<div class=\"JvlZN rqyPc p7Opnu leTfN public-DraftStyleDefault-block-depth0 public-DraftStyleDefault-text-ltr fixed-tab-size rich_content_line-height-1_5 rich_content_padding-top-0px rich_content_padding-bottom-0px rich_content_P\" data-block=\"true\" data-editor=\"editor\" data-offset-key=\"dej7j-0-0\">\n<div class=\"public-DraftStyleDefault-block public-DraftStyleDefault-ltr\" data-offset-key=\"dej7j-0-0\"><span data-offset-key=\"dej7j-0-0\">\u00a0<\/span><\/div>\n<\/div>\n<div class=\"JvlZN rqyPc p7Opnu leTfN public-DraftStyleDefault-block-depth0 public-DraftStyleDefault-text-ltr fixed-tab-size rich_content_line-height-1_5 rich_content_padding-top-0px rich_content_padding-bottom-0px rich_content_P\" data-block=\"true\" data-editor=\"editor\" data-offset-key=\"52i7r-0-0\">\n<div class=\"public-DraftStyleDefault-block public-DraftStyleDefault-ltr\" data-offset-key=\"52i7r-0-0\"><span data-offset-key=\"52i7r-0-0\">O \u00e1lbum estar\u00e1 dispon\u00edvel aqui, via STRM, distribuidora capitaneada por Caco Grandino do NX Zero: <\/span><a class=\"TWoY9 itht3\" href=\"https:\/\/distro.ffm.to\/a-nova-historia\" target=\"_blank\" rel=\"noopener noreferrer\" data-hook=\"linkViewer\"><span data-offset-key=\"52i7r-1-0\">https:\/\/distro.ffm.to\/a-nova-historia<\/span><\/a><span data-offset-key=\"52i7r-2-0\">.<\/span><\/div>\n<\/div>\n<div class=\"JvlZN rqyPc p7Opnu leTfN public-DraftStyleDefault-block-depth0 public-DraftStyleDefault-text-ltr fixed-tab-size rich_content_line-height-1_5 rich_content_padding-top-0px rich_content_padding-bottom-0px rich_content_P\" data-block=\"true\" data-editor=\"editor\" data-offset-key=\"6japj-0-0\">\n<div class=\"public-DraftStyleDefault-block public-DraftStyleDefault-ltr\" data-offset-key=\"6japj-0-0\"><span data-offset-key=\"6japj-0-0\">\u00a0<\/span><\/div>\n<\/div>\n<div class=\"JvlZN rqyPc p7Opnu leTfN public-DraftStyleDefault-block-depth0 public-DraftStyleDefault-text-ltr fixed-tab-size rich_content_line-height-1_5 rich_content_padding-top-0px rich_content_padding-bottom-0px rich_content_P\" data-block=\"true\" data-editor=\"editor\" data-offset-key=\"7fqut-0-0\">\n<div class=\"public-DraftStyleDefault-block public-DraftStyleDefault-ltr\" data-offset-key=\"7fqut-0-0\"><span data-offset-key=\"7fqut-0-0\">Isso, em \u00e9pocas de revival do emo nacional, j\u00e1 bastaria para tamanha ansiedade em torno desse lan\u00e7amento. Mas, o fato \u00e9 que o Dance of Days, com mais de 25 anos de carreira, al\u00e9m de todo esse background nas ra\u00edzes do hardcore brasileiro, estabeleceu um legado fiel, que aguarda h\u00e1 sete anos um novo \u00e1lbum da banda &#8211; a espera acabou!<\/span><\/div>\n<\/div>\n<div class=\"JvlZN rqyPc p7Opnu leTfN public-DraftStyleDefault-block-depth0 public-DraftStyleDefault-text-ltr fixed-tab-size rich_content_line-height-1_5 rich_content_padding-top-0px rich_content_padding-bottom-0px rich_content_P\" data-block=\"true\" data-editor=\"editor\" data-offset-key=\"5bgk0-0-0\">\n<div class=\"public-DraftStyleDefault-block public-DraftStyleDefault-ltr\" data-offset-key=\"5bgk0-0-0\"><span data-offset-key=\"5bgk0-0-0\">\u00a0<\/span><\/div>\n<\/div>\n<div class=\"JvlZN rqyPc p7Opnu leTfN public-DraftStyleDefault-block-depth0 public-DraftStyleDefault-text-ltr fixed-tab-size rich_content_line-height-1_5 rich_content_padding-top-0px rich_content_padding-bottom-0px rich_content_P\" data-block=\"true\" data-editor=\"editor\" data-offset-key=\"4oafu-0-0\">\n<div class=\"public-DraftStyleDefault-block public-DraftStyleDefault-ltr\" data-offset-key=\"4oafu-0-0\"><span data-offset-key=\"4oafu-0-0\">Desde seu in\u00edcio, a Dance of Days tem sido o di\u00e1rio confessional da vocalista e compositora (e tamb\u00e9m escritora) Nen\u00ea Altro, que compartilha, por suas letras, toda sua jornada de vida. Seus \u00e1lbuns s\u00e3o como cap\u00edtulos de uma saga, narrando fases, questionamentos, percep\u00e7\u00f5es, afli\u00e7\u00f5es, alegrias e ang\u00fastias. E Nen\u00ea, traz consigo o not\u00e1vel dom da palavra, sendo apontada como uma das principais letristas de sua \u00e9poca.<\/span><\/div>\n<\/div>\n<div class=\"JvlZN rqyPc p7Opnu leTfN public-DraftStyleDefault-block-depth0 public-DraftStyleDefault-text-ltr fixed-tab-size rich_content_line-height-1_5 rich_content_padding-top-0px rich_content_padding-bottom-0px rich_content_P\" data-block=\"true\" data-editor=\"editor\" data-offset-key=\"f67l6-0-0\">\n<div class=\"public-DraftStyleDefault-block public-DraftStyleDefault-ltr\" data-offset-key=\"f67l6-0-0\"><span data-offset-key=\"f67l6-0-0\">\u00a0<\/span><\/div>\n<\/div>\n<div class=\"JvlZN rqyPc p7Opnu leTfN public-DraftStyleDefault-block-depth0 public-DraftStyleDefault-text-ltr fixed-tab-size rich_content_line-height-1_5 rich_content_padding-top-0px rich_content_padding-bottom-0px rich_content_P\" data-block=\"true\" data-editor=\"editor\" data-offset-key=\"6pfro-0-0\">\n<div class=\"public-DraftStyleDefault-block public-DraftStyleDefault-ltr\" data-offset-key=\"6pfro-0-0\"><span data-offset-key=\"6pfro-0-0\">Tamb\u00e9m j\u00e1 bastaria para justificar a enorme expectativa em torno desse trabalho. Por\u00e9m, A Nova Hist\u00f3ria traz um detalhe muito marcante: \u00e9 o primeiro \u00e1lbum composto pela Nen\u00ea para a banda desde que assumiu publicamente sua identidade feminina de g\u00eanero no final de 2020.<\/span><\/div>\n<\/div>\n<div class=\"JvlZN rqyPc p7Opnu leTfN public-DraftStyleDefault-block-depth0 public-DraftStyleDefault-text-ltr fixed-tab-size rich_content_line-height-1_5 rich_content_padding-top-0px rich_content_padding-bottom-0px rich_content_P\" data-block=\"true\" data-editor=\"editor\" data-offset-key=\"9m6mb-0-0\">\n<div class=\"public-DraftStyleDefault-block public-DraftStyleDefault-ltr\" data-offset-key=\"9m6mb-0-0\"><span data-offset-key=\"9m6mb-0-0\">\u00a0<\/span><\/div>\n<\/div>\n<div class=\"JvlZN rqyPc p7Opnu leTfN public-DraftStyleDefault-block-depth0 public-DraftStyleDefault-text-ltr fixed-tab-size rich_content_line-height-1_5 rich_content_padding-top-0px rich_content_padding-bottom-0px rich_content_P\" data-block=\"true\" data-editor=\"editor\" data-offset-key=\"6q19u-0-0\">\n<div class=\"public-DraftStyleDefault-block public-DraftStyleDefault-ltr\" data-offset-key=\"6q19u-0-0\"><span data-offset-key=\"6q19u-0-0\">Para o p\u00fablico que, por d\u00e9cadas acompanhou e identificou-se com seus desabafos em sua luta contra a depress\u00e3o, v\u00ea-la feliz e renovada por finalmente aceitar-se, aumentou ainda mais as expectativas sobre esse novo disco.<\/span><\/div>\n<\/div>\n<div class=\"JvlZN rqyPc p7Opnu leTfN public-DraftStyleDefault-block-depth0 public-DraftStyleDefault-text-ltr fixed-tab-size rich_content_line-height-1_5 rich_content_padding-top-0px rich_content_padding-bottom-0px rich_content_P\" data-block=\"true\" data-editor=\"editor\" data-offset-key=\"afbua-0-0\">\n<div class=\"public-DraftStyleDefault-block public-DraftStyleDefault-ltr\" data-offset-key=\"afbua-0-0\"><span data-offset-key=\"afbua-0-0\">\u00a0<\/span><\/div>\n<\/div>\n<div class=\"JvlZN rqyPc p7Opnu leTfN public-DraftStyleDefault-block-depth0 public-DraftStyleDefault-text-ltr fixed-tab-size rich_content_line-height-1_5 rich_content_padding-top-0px rich_content_padding-bottom-0px rich_content_P\" data-block=\"true\" data-editor=\"editor\" data-offset-key=\"bkk5g-0-0\">\n<div class=\"public-DraftStyleDefault-block public-DraftStyleDefault-ltr\" data-offset-key=\"bkk5g-0-0\"><em>&#8220;Este \u00e1lbum, em especial, representa um marco em toda odisseia da dan\u00e7a dos dias.&#8221; &#8211; disse a vocalista em seu instagram. &#8220;O enxergo como o momento de \u00e1pice dos primeiros 25 anos de banda e tamb\u00e9m como o primeiro de um novo arco, liberta e vencedora de todos os pesos e amarras da travessia anterior.&#8221;<\/em><span data-offset-key=\"bkk5g-0-1\"> &#8211; completa.<\/span><\/div>\n<\/div>\n<div class=\"JvlZN rqyPc p7Opnu leTfN public-DraftStyleDefault-block-depth0 public-DraftStyleDefault-text-ltr fixed-tab-size rich_content_line-height-1_5 rich_content_padding-top-0px rich_content_padding-bottom-0px rich_content_P\" data-block=\"true\" data-editor=\"editor\" data-offset-key=\"b2l1i-0-0\">\n<div class=\"public-DraftStyleDefault-block public-DraftStyleDefault-ltr\" data-offset-key=\"b2l1i-0-0\"><span data-offset-key=\"b2l1i-0-0\">\u00a0<\/span><\/div>\n<\/div>\n<div class=\"JvlZN rqyPc p7Opnu leTfN public-DraftStyleDefault-block-depth0 public-DraftStyleDefault-text-ltr fixed-tab-size rich_content_line-height-1_5 rich_content_padding-top-0px rich_content_padding-bottom-0px rich_content_P\" data-block=\"true\" data-editor=\"editor\" data-offset-key=\"7rnjp-0-0\">\n<div class=\"public-DraftStyleDefault-block public-DraftStyleDefault-ltr\" data-offset-key=\"7rnjp-0-0\"><strong>\u00c1lbum sem amarras<\/strong><\/div>\n<\/div>\n<div class=\"JvlZN rqyPc p7Opnu leTfN public-DraftStyleDefault-block-depth0 public-DraftStyleDefault-text-ltr fixed-tab-size rich_content_line-height-1_5 rich_content_padding-top-0px rich_content_padding-bottom-0px rich_content_P\" data-block=\"true\" data-editor=\"editor\" data-offset-key=\"5q27-0-0\">\n<div class=\"public-DraftStyleDefault-block public-DraftStyleDefault-ltr\" data-offset-key=\"5q27-0-0\"><span data-offset-key=\"5q27-0-0\">O \u00e1lbum tem v\u00e1rias nuances, exteriorizando uma compositora roqueira liberta de amarras de vertentes. Flerta com o hardcore, p\u00f3s-punk, oitentismo, britpop, entre outros estilos, sem medo de incluir elementos nunca utilizados na discografia da banda, que sempre optou por uma forma\u00e7\u00e3o b\u00e1sica, trazendo uma diversidade encantadora de ambi\u00eancias que conversam com as inten\u00e7\u00f5es de cada composi\u00e7\u00e3o e de arranjos que contam com samplers, percuss\u00f5es e orquestras.<\/span><\/div>\n<\/div>\n<div class=\"JvlZN rqyPc p7Opnu leTfN public-DraftStyleDefault-block-depth0 public-DraftStyleDefault-text-ltr fixed-tab-size rich_content_line-height-1_5 rich_content_padding-top-0px rich_content_padding-bottom-0px rich_content_P\" data-block=\"true\" data-editor=\"editor\" data-offset-key=\"19cup-0-0\">\n<div class=\"public-DraftStyleDefault-block public-DraftStyleDefault-ltr\" data-offset-key=\"19cup-0-0\"><span data-offset-key=\"19cup-0-0\">\u00a0<\/span><\/div>\n<\/div>\n<div class=\"JvlZN rqyPc p7Opnu leTfN public-DraftStyleDefault-block-depth0 public-DraftStyleDefault-text-ltr fixed-tab-size rich_content_line-height-1_5 rich_content_padding-top-0px rich_content_padding-bottom-0px rich_content_P\" data-block=\"true\" data-editor=\"editor\" data-offset-key=\"ffv91-0-0\">\n<div class=\"public-DraftStyleDefault-block public-DraftStyleDefault-ltr\" data-offset-key=\"ffv91-0-0\"><span data-offset-key=\"ffv91-0-0\"><em>&#8220;Nesse disco, eu tive a oportunidade, pela primeira vez em toda hist\u00f3ria da banda, de aplicar toda minha criatividade de forma plena. Sem interfer\u00eancias ou censuras. Compus tudo sozinha. Letra, melodia, guitarra, baixo, bateria e sugest\u00f5es de arranjos. Gravei a demo e entreguei o \u00e1lbum mastigadinho e separado por faixas, para que a banda pudesse colocar seus toques e talentos na grava\u00e7\u00e3o final.&#8221;<\/em> <\/span><span data-offset-key=\"ffv91-0-1\">&#8211; explica a vocalista.<\/span><\/div>\n<\/div>\n<div class=\"JvlZN rqyPc p7Opnu leTfN public-DraftStyleDefault-block-depth0 public-DraftStyleDefault-text-ltr fixed-tab-size rich_content_line-height-1_5 rich_content_padding-top-0px rich_content_padding-bottom-0px rich_content_P\" data-block=\"true\" data-editor=\"editor\" data-offset-key=\"fa51t-0-0\">\n<div class=\"public-DraftStyleDefault-block public-DraftStyleDefault-ltr\" data-offset-key=\"fa51t-0-0\"><span data-offset-key=\"fa51t-0-0\">\u00a0<\/span><\/div>\n<\/div>\n<div class=\"JvlZN rqyPc p7Opnu leTfN public-DraftStyleDefault-block-depth0 public-DraftStyleDefault-text-ltr fixed-tab-size rich_content_line-height-1_5 rich_content_padding-top-0px rich_content_padding-bottom-0px rich_content_P\" data-block=\"true\" data-editor=\"editor\" data-offset-key=\"ca2tu-0-0\">\n<div class=\"public-DraftStyleDefault-block public-DraftStyleDefault-ltr\" data-offset-key=\"ca2tu-0-0\"><strong>Novo clipe e participa\u00e7\u00e3o de Koala<\/strong><\/div>\n<\/div>\n<div class=\"JvlZN rqyPc p7Opnu leTfN public-DraftStyleDefault-block-depth0 public-DraftStyleDefault-text-ltr fixed-tab-size rich_content_line-height-1_5 rich_content_padding-top-0px rich_content_padding-bottom-0px rich_content_P\" data-block=\"true\" data-editor=\"editor\" data-offset-key=\"ecqpt-0-0\">\n<div class=\"public-DraftStyleDefault-block public-DraftStyleDefault-ltr\" data-offset-key=\"ecqpt-0-0\"><span data-offset-key=\"ecqpt-0-0\">No in\u00edcio de novembro, a banda lan\u00e7ou o videoclipe de A Nova Hist\u00f3ria (<\/span><a class=\"TWoY9 itht3\" href=\"https:\/\/email.cloud.secureclick.net\/c\/1711?id=454267.26486.1.7307c629e264e4cb5c02ac29f7d0c3d5\" target=\"_blank\" rel=\"noopener noreferrer\" data-hook=\"linkViewer\"><span data-offset-key=\"ecqpt-1-0\">assista aqui<\/span><\/a><span data-offset-key=\"ecqpt-2-0\">), faixa que d\u00e1 nome ao \u00e1lbum e recebeu centenas de elogios e depoimentos apaixonados de f\u00e3s, n\u00e3o apenas do Brasil, que aguardavam com muita ansiedade esse momento.<\/span><\/div>\n<\/div>\n<div class=\"JvlZN rqyPc p7Opnu leTfN public-DraftStyleDefault-block-depth0 public-DraftStyleDefault-text-ltr fixed-tab-size rich_content_line-height-1_5 rich_content_padding-top-0px rich_content_padding-bottom-0px rich_content_P\" data-block=\"true\" data-editor=\"editor\" data-offset-key=\"e43cc-0-0\">\n<div class=\"public-DraftStyleDefault-block public-DraftStyleDefault-ltr\" data-offset-key=\"e43cc-0-0\"><span data-offset-key=\"e43cc-0-0\">\u00a0<\/span><\/div>\n<\/div>\n<div class=\"JvlZN rqyPc p7Opnu leTfN public-DraftStyleDefault-block-depth0 public-DraftStyleDefault-text-ltr fixed-tab-size rich_content_line-height-1_5 rich_content_padding-top-0px rich_content_padding-bottom-0px rich_content_P\" data-block=\"true\" data-editor=\"editor\" data-offset-key=\"2oobs-0-0\">\n<div class=\"public-DraftStyleDefault-block public-DraftStyleDefault-ltr\" data-offset-key=\"2oobs-0-0\"><span data-offset-key=\"2oobs-0-0\">Alguns dias depois, a banda anunciou outro ponto alto do \u00e1lbum, a participa\u00e7\u00e3o do vocalista e hit-maker Rodrigo Koala, do Hateen, amigo da Nen\u00ea desde os anos 90 em uma de suas faixas principais.<\/span><\/div>\n<\/div>\n<div class=\"JvlZN rqyPc p7Opnu leTfN public-DraftStyleDefault-block-depth0 public-DraftStyleDefault-text-ltr fixed-tab-size rich_content_line-height-1_5 rich_content_padding-top-0px rich_content_padding-bottom-0px rich_content_P\" data-block=\"true\" data-editor=\"editor\" data-offset-key=\"defpu-0-0\">\n<div class=\"public-DraftStyleDefault-block public-DraftStyleDefault-ltr\" data-offset-key=\"defpu-0-0\"><span data-offset-key=\"defpu-0-0\">\u00a0<\/span><\/div>\n<\/div>\n<div class=\"JvlZN rqyPc p7Opnu leTfN public-DraftStyleDefault-block-depth0 public-DraftStyleDefault-text-ltr fixed-tab-size rich_content_line-height-1_5 rich_content_padding-top-0px rich_content_padding-bottom-0px rich_content_P\" data-block=\"true\" data-editor=\"editor\" data-offset-key=\"9e1dg-0-0\">\n<div class=\"public-DraftStyleDefault-block public-DraftStyleDefault-ltr\" data-offset-key=\"9e1dg-0-0\"><em>&#8220;O que voc\u00eas est\u00e3o prestes a receber \u00e9 o melhor de mim. Tudo o que senti, vivi e atravessei durante estes, que foram os anos mais transformadores de toda minha vida&#8221;<\/em><span data-offset-key=\"9e1dg-0-1\">, conclui Nen\u00ea.<\/span><\/div>\n<div data-offset-key=\"9e1dg-0-0\"><img loading=\"lazy\" decoding=\"async\" class=\"alignnone size-full wp-image-19300\" src=\"http:\/\/heavymetalonline.com.br\/wp-content\/uploads\/2023\/12\/unnamed-10.jpg\" alt=\"\" width=\"1180\" height=\"1180\" srcset=\"http:\/\/heavymetalonline.com.br\/wp-content\/uploads\/2023\/12\/unnamed-10.jpg 1180w, http:\/\/heavymetalonline.com.br\/wp-content\/uploads\/2023\/12\/unnamed-10-500x500.jpg 500w, http:\/\/heavymetalonline.com.br\/wp-content\/uploads\/2023\/12\/unnamed-10-300x300.jpg 300w, http:\/\/heavymetalonline.com.br\/wp-content\/uploads\/2023\/12\/unnamed-10-768x768.jpg 768w, http:\/\/heavymetalonline.com.br\/wp-content\/uploads\/2023\/12\/unnamed-10-1024x1024.jpg 1024w\" sizes=\"auto, (max-width: 1180px) 100vw, 1180px\" \/><\/div>\n<div data-offset-key=\"9e1dg-0-0\">\n<div data-draftjs-conductor-fragment=\"{&quot;blocks&quot;:[{&quot;key&quot;:&quot;2iao6&quot;,&quot;text&quot;:&quot;Ficha t\u00e9cnica&quot;,&quot;type&quot;:&quot;unstyled&quot;,&quot;depth&quot;:0,&quot;inlineStyleRanges&quot;:[{&quot;offset&quot;:0,&quot;length&quot;:13,&quot;style&quot;:&quot;BOLD&quot;}],&quot;entityRanges&quot;:[],&quot;data&quot;:{}},{&quot;key&quot;:&quot;aiiq5&quot;,&quot;text&quot;:&quot;Dance of Days - A Nova Hist\u00f3ria&quot;,&quot;type&quot;:&quot;unstyled&quot;,&quot;depth&quot;:0,&quot;inlineStyleRanges&quot;:[{&quot;offset&quot;:0,&quot;length&quot;:31,&quot;style&quot;:&quot;BOLD&quot;}],&quot;entityRanges&quot;:[],&quot;data&quot;:{&quot;textAlignment&quot;:&quot;justify&quot;,&quot;dynamicStyles&quot;:{&quot;line-height&quot;:&quot;1.5&quot;,&quot;padding-top&quot;:&quot;0px&quot;,&quot;padding-bottom&quot;:&quot;0px&quot;}}},{&quot;key&quot;:&quot;c3md0&quot;,&quot;text&quot;:&quot;Todas as faixas compostas por Nen\u00ea Altro entre junho e outubro de 2022\\nPr\u00e9-produzido por Nen\u00ea Altro em seu home studio na ilha de Canan\u00e9ia \u2013 S\u00e3o Paulo\\nGravado, mixado e masterizado por Victor Fuentes entre outubro e novembro de 2023\\nVocais por Nen\u00ea Altro\\nBaixo Dud Hallikainen\\nGuitarra Eder Ramos\\nBateria Jos\u00e9 Santos\\nParticipa\u00e7\u00e3o especial de Rodrigo Koala em \u201cMisterioso, Perigoso e Sedutor Demais\u201d\\nArte de capa por Rodrigo Ferreirinha\\nFotos por Luringa, Ivan Verrengia e Mazzei\\nDistribui\u00e7\u00e3o: STRM Music&quot;,&quot;type&quot;:&quot;unstyled&quot;,&quot;depth&quot;:0,&quot;inlineStyleRanges&quot;:[{&quot;offset&quot;:0,&quot;length&quot;:70,&quot;style&quot;:&quot;BOLD&quot;}],&quot;entityRanges&quot;:[],&quot;data&quot;:{&quot;textAlignment&quot;:&quot;justify&quot;,&quot;dynamicStyles&quot;:{&quot;line-height&quot;:&quot;1.5&quot;,&quot;padding-top&quot;:&quot;0px&quot;,&quot;padding-bottom&quot;:&quot;0px&quot;}}},{&quot;key&quot;:&quot;ck06p&quot;,&quot;text&quot;:&quot;&quot;,&quot;type&quot;:&quot;unstyled&quot;,&quot;depth&quot;:0,&quot;inlineStyleRanges&quot;:[],&quot;entityRanges&quot;:[],&quot;data&quot;:{&quot;dynamicStyles&quot;:{&quot;line-height&quot;:&quot;1.5&quot;,&quot;padding-top&quot;:&quot;0px&quot;,&quot;padding-bottom&quot;:&quot;0px&quot;},&quot;textAlignment&quot;:&quot;justify&quot;}},{&quot;key&quot;:&quot;7lr2a&quot;,&quot;text&quot;:&quot;Fonte: Tedesco Comunica\u00e7\u00e3o &amp; M\u00eddia&quot;,&quot;type&quot;:&quot;unstyled&quot;,&quot;depth&quot;:0,&quot;inlineStyleRanges&quot;:[{&quot;offset&quot;:0,&quot;length&quot;:7,&quot;style&quot;:&quot;BOLD&quot;}],&quot;entityRanges&quot;:[],&quot;data&quot;:{&quot;dynamicStyles&quot;:{&quot;line-height&quot;:&quot;1.5&quot;,&quot;padding-top&quot;:&quot;0px&quot;,&quot;padding-bottom&quot;:&quot;0px&quot;},&quot;textAlignment&quot;:&quot;justify&quot;}}],&quot;entityMap&quot;:{},&quot;VERSION&quot;:&quot;9.15.1&quot;}\">\n<div class=\"JvlZN rqyPc p7Opnu public-DraftStyleDefault-block-depth0 public-DraftStyleDefault-text-ltr fixed-tab-size rich_content_P\" data-block=\"true\" data-editor=\"editor\" data-offset-key=\"42l5d-0-0\">\n<div class=\"public-DraftStyleDefault-block public-DraftStyleDefault-ltr\" data-offset-key=\"42l5d-0-0\"><strong>Ficha t\u00e9cnica<\/strong><\/div>\n<\/div>\n<div class=\"JvlZN rqyPc p7Opnu leTfN public-DraftStyleDefault-block-depth0 public-DraftStyleDefault-text-ltr fixed-tab-size rich_content_line-height-1_5 rich_content_padding-top-0px rich_content_padding-bottom-0px rich_content_P\" data-block=\"true\" data-editor=\"editor\" data-offset-key=\"5k9i6-0-0\">\n<div class=\"public-DraftStyleDefault-block public-DraftStyleDefault-ltr\" data-offset-key=\"5k9i6-0-0\"><span data-offset-key=\"5k9i6-0-0\">Dance of Days &#8211; A Nova Hist\u00f3ria<\/span><\/div>\n<\/div>\n<div class=\"JvlZN rqyPc p7Opnu leTfN public-DraftStyleDefault-block-depth0 public-DraftStyleDefault-text-ltr fixed-tab-size rich_content_line-height-1_5 rich_content_padding-top-0px rich_content_padding-bottom-0px rich_content_P\" data-block=\"true\" data-editor=\"editor\" data-offset-key=\"eqppu-0-0\">\n<div class=\"public-DraftStyleDefault-block public-DraftStyleDefault-ltr\" data-offset-key=\"eqppu-0-0\"><span data-offset-key=\"eqppu-0-0\">Todas as faixas compostas por Nen\u00ea Altro entre junho e outubro de 2022<\/span><\/div>\n<div class=\"public-DraftStyleDefault-block public-DraftStyleDefault-ltr\" data-offset-key=\"eqppu-0-0\"><span data-offset-key=\"eqppu-0-1\">Pr\u00e9-produzido por Nen\u00ea Altro em seu home studio na ilha de Canan\u00e9ia \u2013 S\u00e3o Paulo <\/span><\/div>\n<div class=\"public-DraftStyleDefault-block public-DraftStyleDefault-ltr\" data-offset-key=\"eqppu-0-0\"><span data-offset-key=\"eqppu-0-1\">Gravado, mixado e masterizado por Victor Fuentes entre outubro e novembro de 2023 <\/span><\/div>\n<div class=\"public-DraftStyleDefault-block public-DraftStyleDefault-ltr\" data-offset-key=\"eqppu-0-0\"><span data-offset-key=\"eqppu-0-1\">Vocais por Nen\u00ea Altro <\/span><\/div>\n<div class=\"public-DraftStyleDefault-block public-DraftStyleDefault-ltr\" data-offset-key=\"eqppu-0-0\"><span data-offset-key=\"eqppu-0-1\">Baixo Dud Hallikainen <\/span><\/div>\n<div class=\"public-DraftStyleDefault-block public-DraftStyleDefault-ltr\" data-offset-key=\"eqppu-0-0\"><span data-offset-key=\"eqppu-0-1\">Guitarra Eder Ramos <\/span><\/div>\n<div class=\"public-DraftStyleDefault-block public-DraftStyleDefault-ltr\" data-offset-key=\"eqppu-0-0\"><span data-offset-key=\"eqppu-0-1\">Bateria Jos\u00e9 Santos <\/span><\/div>\n<div class=\"public-DraftStyleDefault-block public-DraftStyleDefault-ltr\" data-offset-key=\"eqppu-0-0\"><span data-offset-key=\"eqppu-0-1\">Participa\u00e7\u00e3o especial de Rodrigo Koala em \u201cMisterioso, Perigoso e Sedutor Demais\u201d <\/span><\/div>\n<div class=\"public-DraftStyleDefault-block public-DraftStyleDefault-ltr\" data-offset-key=\"eqppu-0-0\"><span data-offset-key=\"eqppu-0-1\">Arte de capa por Rodrigo Ferreirinha <\/span><\/div>\n<div class=\"public-DraftStyleDefault-block public-DraftStyleDefault-ltr\" data-offset-key=\"eqppu-0-0\"><span data-offset-key=\"eqppu-0-1\">Fotos por Luringa, Ivan Verrengia e Mazzei <\/span><\/div>\n<div class=\"public-DraftStyleDefault-block public-DraftStyleDefault-ltr\" data-offset-key=\"eqppu-0-0\"><span data-offset-key=\"eqppu-0-1\">Distribui\u00e7\u00e3o: STRM Music<\/span><\/div>\n<\/div>\n<div class=\"JvlZN rqyPc p7Opnu leTfN public-DraftStyleDefault-block-depth0 public-DraftStyleDefault-text-ltr fixed-tab-size rich_content_line-height-1_5 rich_content_padding-top-0px rich_content_padding-bottom-0px rich_content_P\" data-block=\"true\" data-editor=\"editor\" data-offset-key=\"69r32-0-0\">\n<div class=\"public-DraftStyleDefault-block public-DraftStyleDefault-ltr\" data-offset-key=\"69r32-0-0\"><span data-offset-key=\"69r32-0-0\">\u00a0<\/span><\/div>\n<\/div>\n<div class=\"JvlZN rqyPc p7Opnu leTfN public-DraftStyleDefault-block-depth0 public-DraftStyleDefault-text-ltr fixed-tab-size rich_content_line-height-1_5 rich_content_padding-top-0px rich_content_padding-bottom-0px rich_content_P\" data-block=\"true\" data-editor=\"editor\" data-offset-key=\"aajch-0-0\">\n<div class=\"public-DraftStyleDefault-block public-DraftStyleDefault-ltr\" data-offset-key=\"aajch-0-0\"><strong>Fonte: <\/strong><span data-offset-key=\"aajch-0-1\">Tedesco Comunica\u00e7\u00e3o &amp; M\u00eddia<\/span><\/div>\n<\/div>\n<\/div>\n<\/div>\n<\/div>\n<\/div>\n","protected":false},"excerpt":{"rendered":"<p>Foto: Luringa Nesta sexta-feira (8\/12), chega \u00e0s plataformas digitais A Nova Hist\u00f3ria, o t\u00e3o aguardado novo \u00e1lbum da Dance of Days. A banda, \u00edcone hist\u00f3rico do rock independente nacional, que iniciou sua carreira em 1997, traz consigo tamb\u00e9m o legado de ter nascido do Personal Choice (1993-1996), a primeira banda a gravar um \u00e1lbum emo [&hellip;]<\/p>\n","protected":false},"author":12,"featured_media":19299,"comment_status":"closed","ping_status":"open","sticky":false,"template":"","format":"standard","meta":{"footnotes":""},"categories":[4],"tags":[],"class_list":["post-19298","post","type-post","status-publish","format-standard","has-post-thumbnail","hentry","category-noticias"],"_links":{"self":[{"href":"http:\/\/heavymetalonline.com.br\/index.php?rest_route=\/wp\/v2\/posts\/19298","targetHints":{"allow":["GET"]}}],"collection":[{"href":"http:\/\/heavymetalonline.com.br\/index.php?rest_route=\/wp\/v2\/posts"}],"about":[{"href":"http:\/\/heavymetalonline.com.br\/index.php?rest_route=\/wp\/v2\/types\/post"}],"author":[{"embeddable":true,"href":"http:\/\/heavymetalonline.com.br\/index.php?rest_route=\/wp\/v2\/users\/12"}],"replies":[{"embeddable":true,"href":"http:\/\/heavymetalonline.com.br\/index.php?rest_route=%2Fwp%2Fv2%2Fcomments&post=19298"}],"version-history":[{"count":1,"href":"http:\/\/heavymetalonline.com.br\/index.php?rest_route=\/wp\/v2\/posts\/19298\/revisions"}],"predecessor-version":[{"id":19301,"href":"http:\/\/heavymetalonline.com.br\/index.php?rest_route=\/wp\/v2\/posts\/19298\/revisions\/19301"}],"wp:featuredmedia":[{"embeddable":true,"href":"http:\/\/heavymetalonline.com.br\/index.php?rest_route=\/wp\/v2\/media\/19299"}],"wp:attachment":[{"href":"http:\/\/heavymetalonline.com.br\/index.php?rest_route=%2Fwp%2Fv2%2Fmedia&parent=19298"}],"wp:term":[{"taxonomy":"category","embeddable":true,"href":"http:\/\/heavymetalonline.com.br\/index.php?rest_route=%2Fwp%2Fv2%2Fcategories&post=19298"},{"taxonomy":"post_tag","embeddable":true,"href":"http:\/\/heavymetalonline.com.br\/index.php?rest_route=%2Fwp%2Fv2%2Ftags&post=19298"}],"curies":[{"name":"wp","href":"https:\/\/api.w.org\/{rel}","templated":true}]}}