{"id":19387,"date":"2023-12-11T14:25:18","date_gmt":"2023-12-11T14:25:18","guid":{"rendered":"http:\/\/heavymetalonline.com.br\/?p=19387"},"modified":"2023-12-11T14:25:18","modified_gmt":"2023-12-11T14:25:18","slug":"sepultura-anuncia-a-tour-de-despedida-celebrating-life-through-death","status":"publish","type":"post","link":"http:\/\/heavymetalonline.com.br\/?p=19387","title":{"rendered":"Sepultura anuncia a tour de despedida &#8220;Celebrating life through death&#8221;"},"content":{"rendered":"<p>&nbsp;<\/p>\n<p><img loading=\"lazy\" decoding=\"async\" class=\"alignnone size-full wp-image-19390\" src=\"http:\/\/heavymetalonline.com.br\/wp-content\/uploads\/2023\/12\/65AB7ACC-C19E-45B8-A848-103853C2CA64.jpeg\" alt=\"\" width=\"4379\" height=\"3456\" srcset=\"http:\/\/heavymetalonline.com.br\/wp-content\/uploads\/2023\/12\/65AB7ACC-C19E-45B8-A848-103853C2CA64.jpeg 4379w, http:\/\/heavymetalonline.com.br\/wp-content\/uploads\/2023\/12\/65AB7ACC-C19E-45B8-A848-103853C2CA64-300x237.jpeg 300w, http:\/\/heavymetalonline.com.br\/wp-content\/uploads\/2023\/12\/65AB7ACC-C19E-45B8-A848-103853C2CA64-768x606.jpeg 768w, http:\/\/heavymetalonline.com.br\/wp-content\/uploads\/2023\/12\/65AB7ACC-C19E-45B8-A848-103853C2CA64-1024x808.jpeg 1024w\" sizes=\"auto, (max-width: 4379px) 100vw, 4379px\" \/><\/p>\n<p>Cr\u00e9dito da foto: Paula Cavalcante<\/p>\n<p id=\"viewer-e93rv77604\" class=\"xVISr Y9Dpf bCMSCT OZy-3 cDpYU ok2w4y bCMSCT public-DraftStyleDefault-block-depth0 fixed-tab-size public-DraftStyleDefault-text-ltr\" style=\"text-align: center;\"><span class=\"B2EFF public-DraftStyleDefault-ltr\"><em>Venda dos ingressos se iniciam nesta segunda, 11 de dezembro no site da Eventim<\/em><\/span><\/p>\n<p id=\"viewer-ztv9j142104\" class=\"xVISr Y9Dpf bCMSCT OZy-3 cDpYU ok2w4y bCMSCT public-DraftStyleDefault-block-depth0 fixed-tab-size public-DraftStyleDefault-text-ltr\" style=\"text-align: center;\"><span class=\"B2EFF public-DraftStyleDefault-ltr\"><em>No ano em que completa 40 anos de estrada, banda d\u00e1 adeus aos palcos em uma turn\u00ea global que vai virar um \u00e1lbum com 40 m\u00fasicas<\/em><\/span><\/p>\n<p id=\"viewer-ux0z194588\" class=\"xVISr Y9Dpf bCMSCT OZy-3 lnyWN yMZv8w bCMSCT public-DraftStyleDefault-block-depth0 fixed-tab-size public-DraftStyleDefault-text-ltr\"><span class=\"B2EFF public-DraftStyleDefault-ltr\">Ap\u00f3s 40 anos de uma trajet\u00f3ria vitoriosa, em que levou o nome do Brasil mundo afora e passou pelos palcos mais importantes do mundo, o <strong>Sepultura<\/strong> vai parar as suas atividades. Antes, contudo, o grupo formado por <strong>Andreas Kisser, Derrick Green, Eloy Casagrande<\/strong> e <strong>Paulo Jr<\/strong> vai rodar o globo com uma turn\u00ea de despedida. No Brasil, a turn\u00ea intitulada <strong>&#8220;Celebrating life through death&#8221;<\/strong> ter\u00e1 realiza\u00e7\u00e3o da <strong>30e<\/strong>.<\/span><\/p>\n<div data-hook=\"rcv-block7\"><\/div>\n<div id=\"viewer-3y8je185625\" class=\"xVISr Y9Dpf bCMSCT OZy-3 lnyWN yMZv8w bCMSCT public-DraftStyleDefault-block-depth0 fixed-tab-size public-DraftStyleDefault-text-ltr\"><span class=\"B2EFF public-DraftStyleDefault-ltr\">\u00a0<\/span><\/div>\n<div data-hook=\"rcv-block8\"><\/div>\n<p id=\"viewer-s8crl186447\" class=\"xVISr Y9Dpf bCMSCT OZy-3 lnyWN yMZv8w bCMSCT public-DraftStyleDefault-block-depth0 fixed-tab-size public-DraftStyleDefault-text-ltr\"><span class=\"B2EFF public-DraftStyleDefault-ltr\"> Neste primeiro momento ser\u00e3o oito datas no pa\u00eds. A venda de ingressos come\u00e7a nesta segunda, 11 de dezembro, \u00e0s 12h, na Eventim. A tour tamb\u00e9m vai passar pela Am\u00e9rica Latina e Estados Unidos e novas datas ser\u00e3o anunciadas em breve.<\/span><\/p>\n<p>&nbsp;<\/p>\n<p id=\"viewer-gima04203\" class=\"xVISr Y9Dpf bCMSCT OZy-3 lnyWN yMZv8w bCMSCT public-DraftStyleDefault-block-depth0 fixed-tab-size public-DraftStyleDefault-text-ltr\"><span class=\"B2EFF public-DraftStyleDefault-ltr\">Na \u00faltima sexta, 08 de dezembro a banda realizou uma coletiva de imprensa que foi transmitida via canal oficial da banda no Youtube, onde deu detalhes sobre a turn\u00ea de despedida e respondeu perguntas da imprensa presente.<\/span><\/p>\n<div data-hook=\"rcv-block13\"><\/div>\n<div id=\"viewer-17q1s11771\" class=\"xVISr Y9Dpf bCMSCT OZy-3 lnyWN yMZv8w bCMSCT public-DraftStyleDefault-block-depth0 fixed-tab-size public-DraftStyleDefault-text-ltr\"><span class=\"B2EFF public-DraftStyleDefault-ltr\">\u00a0<\/span><\/div>\n<div data-hook=\"rcv-block14\"><\/div>\n<p id=\"viewer-6r6m811809\" class=\"xVISr Y9Dpf bCMSCT OZy-3 lnyWN yMZv8w bCMSCT public-DraftStyleDefault-block-depth0 fixed-tab-size public-DraftStyleDefault-text-ltr\"><span class=\"B2EFF public-DraftStyleDefault-ltr\">Confira como foi a coletiva abaixo:<\/span><\/p>\n<p><iframe loading=\"lazy\" title=\"SEPULTURA - 40th anniversary press conference LIVESTREAM\" width=\"640\" height=\"360\" src=\"https:\/\/www.youtube.com\/embed\/vRe-khjcIp4?feature=oembed\" frameborder=\"0\" allow=\"accelerometer; autoplay; clipboard-write; encrypted-media; gyroscope; picture-in-picture; web-share\" referrerpolicy=\"strict-origin-when-cross-origin\" allowfullscreen><\/iframe><\/p>\n<p id=\"viewer-jgyc098\" class=\"xVISr Y9Dpf bCMSCT OZy-3 lnyWN yMZv8w bCMSCT public-DraftStyleDefault-block-depth0 fixed-tab-size public-DraftStyleDefault-text-ltr\"><span class=\"B2EFF public-DraftStyleDefault-ltr\">No Brasil, a turn\u00ea<strong> &#8220;Celebrating life through death&#8221; <\/strong>ser\u00e1 realizada pela<strong> 30e<\/strong>.<em> &#8220;O Sepultura \u00e9 uma das bandas mais relevantes do nosso pa\u00eds, se tornou refer\u00eancia e levou a nossa m\u00fasica aos quatro cantos do mundo. \u00c9 muito simb\u00f3lico estarmos com eles em um cap\u00edtulo t\u00e3o importante dessa trajet\u00f3ria&#8221;<\/em>, afirma Pepeu Correa, CEO da 30e.\u00a0<\/span><\/p>\n<div data-hook=\"rcv-block19\"><\/div>\n<div id=\"viewer-4c0id14822\" class=\"xVISr Y9Dpf bCMSCT OZy-3 lnyWN yMZv8w bCMSCT public-DraftStyleDefault-block-depth0 fixed-tab-size public-DraftStyleDefault-text-ltr\"><span class=\"B2EFF public-DraftStyleDefault-ltr\">\u00a0<\/span><\/div>\n<div data-hook=\"rcv-block20\"><\/div>\n<p id=\"viewer-4gx7l14893\" class=\"xVISr Y9Dpf bCMSCT OZy-3 lnyWN yMZv8w bCMSCT public-DraftStyleDefault-block-depth0 fixed-tab-size public-DraftStyleDefault-text-ltr\"><span class=\"B2EFF public-DraftStyleDefault-ltr\"><strong>Servi\u00e7o:<\/strong><\/span><\/p>\n<p id=\"viewer-0xwv616111\" class=\"xVISr Y9Dpf bCMSCT OZy-3 lnyWN yMZv8w bCMSCT public-DraftStyleDefault-block-depth0 fixed-tab-size public-DraftStyleDefault-text-ltr\"><span class=\"B2EFF public-DraftStyleDefault-ltr\"><strong>SEPULTURA<\/strong><\/span><\/p>\n<p id=\"viewer-fg5wf17050\" class=\"xVISr Y9Dpf bCMSCT OZy-3 lnyWN yMZv8w bCMSCT public-DraftStyleDefault-block-depth0 fixed-tab-size public-DraftStyleDefault-text-ltr\"><span class=\"B2EFF public-DraftStyleDefault-ltr\"><strong>Turn\u00ea de despedida &#8211; Celebrating life through death<\/strong><\/span><\/p>\n<p id=\"viewer-todd216560\" class=\"xVISr Y9Dpf bCMSCT OZy-3 lnyWN yMZv8w bCMSCT public-DraftStyleDefault-block-depth0 fixed-tab-size public-DraftStyleDefault-text-ltr\"><span class=\"B2EFF public-DraftStyleDefault-ltr\"><strong>Produ\u00e7\u00e3o: 30e<\/strong><\/span><\/p>\n<p><img loading=\"lazy\" decoding=\"async\" class=\"alignnone size-full wp-image-19386\" src=\"http:\/\/heavymetalonline.com.br\/wp-content\/uploads\/2023\/12\/WhatsApp-Image-2023-12-11-at-10.16.48.jpeg\" alt=\"\" width=\"1080\" height=\"1077\" srcset=\"http:\/\/heavymetalonline.com.br\/wp-content\/uploads\/2023\/12\/WhatsApp-Image-2023-12-11-at-10.16.48.jpeg 1080w, http:\/\/heavymetalonline.com.br\/wp-content\/uploads\/2023\/12\/WhatsApp-Image-2023-12-11-at-10.16.48-500x500.jpeg 500w, http:\/\/heavymetalonline.com.br\/wp-content\/uploads\/2023\/12\/WhatsApp-Image-2023-12-11-at-10.16.48-300x300.jpeg 300w, http:\/\/heavymetalonline.com.br\/wp-content\/uploads\/2023\/12\/WhatsApp-Image-2023-12-11-at-10.16.48-768x766.jpeg 768w, http:\/\/heavymetalonline.com.br\/wp-content\/uploads\/2023\/12\/WhatsApp-Image-2023-12-11-at-10.16.48-1024x1021.jpeg 1024w\" sizes=\"auto, (max-width: 1080px) 100vw, 1080px\" \/><\/p>\n<p id=\"viewer-inips15763\" class=\"xVISr Y9Dpf bCMSCT OZy-3 lnyWN yMZv8w bCMSCT public-DraftStyleDefault-block-depth0 fixed-tab-size public-DraftStyleDefault-text-ltr\"><span class=\"B2EFF public-DraftStyleDefault-ltr\"><strong>BELO HORIZONTE<\/strong><\/span><\/p>\n<p id=\"viewer-anv2517455\" class=\"xVISr Y9Dpf bCMSCT OZy-3 lnyWN yMZv8w bCMSCT public-DraftStyleDefault-block-depth0 fixed-tab-size public-DraftStyleDefault-text-ltr\"><span class=\"B2EFF public-DraftStyleDefault-ltr\"><strong>Data:<\/strong> 1 de mar\u00e7o<\/span><\/p>\n<p id=\"viewer-famim17833\" class=\"xVISr Y9Dpf bCMSCT OZy-3 lnyWN yMZv8w bCMSCT public-DraftStyleDefault-block-depth0 fixed-tab-size public-DraftStyleDefault-text-ltr\"><span class=\"B2EFF public-DraftStyleDefault-ltr\"><strong>Local:<\/strong> Arena Hall<\/span><\/p>\n<p id=\"viewer-8ey5v18217\" class=\"xVISr Y9Dpf bCMSCT OZy-3 lnyWN yMZv8w bCMSCT public-DraftStyleDefault-block-depth0 fixed-tab-size public-DraftStyleDefault-text-ltr\"><span class=\"B2EFF public-DraftStyleDefault-ltr\"><strong>Hor\u00e1rio de Abertura da casa:<\/strong> 19h<\/span><\/p>\n<p id=\"viewer-or4dc18715\" class=\"xVISr Y9Dpf bCMSCT OZy-3 lnyWN yMZv8w bCMSCT public-DraftStyleDefault-block-depth0 fixed-tab-size public-DraftStyleDefault-text-ltr\"><span class=\"B2EFF public-DraftStyleDefault-ltr\"><strong>Classifica\u00e7\u00e3o Et\u00e1ria:<\/strong> Entrada e perman\u00eancia de crian\u00e7as\/adolescentes de 05 a 15 anos de idade, acompanhados dos pais ou respons\u00e1veis, e de 16 a 17 anos, desacompanhados dos pais ou respons\u00e1veis legais.<\/span><\/p>\n<p id=\"viewer-n83aq19259\" class=\"xVISr Y9Dpf bCMSCT OZy-3 lnyWN yMZv8w bCMSCT public-DraftStyleDefault-block-depth0 fixed-tab-size public-DraftStyleDefault-text-ltr\"><span class=\"B2EFF public-DraftStyleDefault-ltr\"><strong>In\u00edcio das vendas:<\/strong> 11 de dezembro, 12h<\/span><\/p>\n<p id=\"viewer-zqnja19699\" class=\"xVISr Y9Dpf bCMSCT OZy-3 lnyWN yMZv8w bCMSCT public-DraftStyleDefault-block-depth0 fixed-tab-size public-DraftStyleDefault-text-ltr\"><span class=\"B2EFF public-DraftStyleDefault-ltr\"><strong>Vendas online em: <\/strong><a class=\"TWoY9 itht3\" href=\"http:\/\/eventim.com.br\/\" target=\"_blank\" rel=\"noopener noreferrer\" data-hook=\"linkViewer\"><u class=\"D-jZk\">eventim.com.br<\/u><\/a><\/span><\/p>\n<p id=\"viewer-ptq5q20107\" class=\"xVISr Y9Dpf bCMSCT OZy-3 lnyWN yMZv8w bCMSCT public-DraftStyleDefault-block-depth0 fixed-tab-size public-DraftStyleDefault-text-ltr\"><span class=\"B2EFF public-DraftStyleDefault-ltr\"><strong>Bilheteria oficial:<\/strong> Loja Eventim &#8211; Shopping 5\u00aa Avenida (a partir de 11\/12)\u00a0 R. Alagoas, 1314 &#8211; Belo Horizonte<\/span><\/p>\n<div data-hook=\"rcv-block35\"><\/div>\n<div id=\"viewer-eqmcg21040\" class=\"xVISr Y9Dpf bCMSCT OZy-3 lnyWN yMZv8w bCMSCT public-DraftStyleDefault-block-depth0 fixed-tab-size public-DraftStyleDefault-text-ltr\"><span class=\"B2EFF public-DraftStyleDefault-ltr\">\u00a0<\/span><\/div>\n<div data-hook=\"rcv-block36\"><\/div>\n<p id=\"viewer-p9c7721416\" class=\"xVISr Y9Dpf bCMSCT OZy-3 lnyWN yMZv8w bCMSCT public-DraftStyleDefault-block-depth0 fixed-tab-size public-DraftStyleDefault-text-ltr\"><span class=\"B2EFF public-DraftStyleDefault-ltr\"><strong>Ingressos:<\/strong><\/span><\/p>\n<p id=\"viewer-hu6m421840\" class=\"xVISr Y9Dpf bCMSCT OZy-3 lnyWN yMZv8w bCMSCT public-DraftStyleDefault-block-depth0 fixed-tab-size public-DraftStyleDefault-text-ltr\"><span class=\"B2EFF public-DraftStyleDefault-ltr\">Pista Premium &#8211; R$ 100,00 (meia-entrada legal) | R$ 120,00 (entrada social) | R$ 200,00 (inteira)<\/span><\/p>\n<p id=\"viewer-ayn6y22399\" class=\"xVISr Y9Dpf bCMSCT OZy-3 lnyWN yMZv8w bCMSCT public-DraftStyleDefault-block-depth0 fixed-tab-size public-DraftStyleDefault-text-ltr\"><span class=\"B2EFF public-DraftStyleDefault-ltr\">Arquibancada &#8211; R$ 75,00 (meia-entrada legal) | R$ 90,00 (entrada social) | R$ 150,00 (inteira)<\/span><\/p>\n<p class=\"xVISr Y9Dpf bCMSCT OZy-3 lnyWN yMZv8w bCMSCT public-DraftStyleDefault-block-depth0 fixed-tab-size public-DraftStyleDefault-text-ltr\"><span class=\"B2EFF public-DraftStyleDefault-ltr\">Su\u00edtes &#8211; R$ 125,00 (meia-entrada legal) | R$ 150,00 (entrada social) | R$ 250,00 (inteira)<\/span><\/p>\n<div data-hook=\"rcv-block39\"><\/div>\n<div id=\"viewer-6383023012\" class=\"xVISr Y9Dpf bCMSCT OZy-3 lnyWN yMZv8w bCMSCT public-DraftStyleDefault-block-depth0 fixed-tab-size public-DraftStyleDefault-text-ltr\"><span class=\"B2EFF public-DraftStyleDefault-ltr\">\u00a0<\/span><\/div>\n<div data-hook=\"rcv-block40\"><\/div>\n<p id=\"viewer-ozk8523409\" class=\"xVISr Y9Dpf bCMSCT OZy-3 lnyWN yMZv8w bCMSCT public-DraftStyleDefault-block-depth0 fixed-tab-size public-DraftStyleDefault-text-ltr\"><span class=\"B2EFF public-DraftStyleDefault-ltr\"><strong>JUIZ DE FORA<\/strong><\/span><\/p>\n<p id=\"viewer-xi6d323996\" class=\"xVISr Y9Dpf bCMSCT OZy-3 lnyWN yMZv8w bCMSCT public-DraftStyleDefault-block-depth0 fixed-tab-size public-DraftStyleDefault-text-ltr\"><span class=\"B2EFF public-DraftStyleDefault-ltr\"><strong>Data:<\/strong> 2 de mar\u00e7o<\/span><\/p>\n<p class=\"xVISr Y9Dpf bCMSCT OZy-3 lnyWN yMZv8w bCMSCT public-DraftStyleDefault-block-depth0 fixed-tab-size public-DraftStyleDefault-text-ltr\"><span class=\"B2EFF public-DraftStyleDefault-ltr\"><strong>Local:<\/strong> Estacionamento Cultural<\/span><\/p>\n<p id=\"viewer-n0j1826961\" class=\"xVISr Y9Dpf bCMSCT OZy-3 lnyWN yMZv8w bCMSCT public-DraftStyleDefault-block-depth0 fixed-tab-size public-DraftStyleDefault-text-ltr\"><span class=\"B2EFF public-DraftStyleDefault-ltr\"><strong>Hor\u00e1rio de Abertura da casa:<\/strong> 19<\/span><\/p>\n<p id=\"viewer-b52m124504\" class=\"xVISr Y9Dpf bCMSCT OZy-3 lnyWN yMZv8w bCMSCT public-DraftStyleDefault-block-depth0 fixed-tab-size public-DraftStyleDefault-text-ltr\"><span class=\"B2EFF public-DraftStyleDefault-ltr\"><strong>Classifica\u00e7\u00e3o Et\u00e1ria:<\/strong> Entrada e perman\u00eancia de crian\u00e7as\/adolescentes de 05 a 15 anos de idade, acompanhados dos pais ou respons\u00e1veis, e de 16 a 17 anos, desacompanhados dos pais ou respons\u00e1veis legais.<\/span><\/p>\n<p id=\"viewer-ybyrx25063\" class=\"xVISr Y9Dpf bCMSCT OZy-3 lnyWN yMZv8w bCMSCT public-DraftStyleDefault-block-depth0 fixed-tab-size public-DraftStyleDefault-text-ltr\"><span class=\"B2EFF public-DraftStyleDefault-ltr\"><strong>In\u00edcio das vendas:<\/strong> 11 de dezembro, 12h<\/span><\/p>\n<p id=\"viewer-iugg525532\" class=\"xVISr Y9Dpf bCMSCT OZy-3 lnyWN yMZv8w bCMSCT public-DraftStyleDefault-block-depth0 fixed-tab-size public-DraftStyleDefault-text-ltr\"><span class=\"B2EFF public-DraftStyleDefault-ltr\"><strong>Vendas online em:<\/strong> <a class=\"TWoY9 itht3\" href=\"http:\/\/eventim.com.br\/\" target=\"_blank\" rel=\"noopener noreferrer\" data-hook=\"linkViewer\"><u class=\"D-jZk\">eventim.com.br<\/u><\/a><\/span><\/p>\n<p id=\"viewer-rbgo026008\" class=\"xVISr Y9Dpf bCMSCT OZy-3 lnyWN yMZv8w bCMSCT public-DraftStyleDefault-block-depth0 fixed-tab-size public-DraftStyleDefault-text-ltr\"><span class=\"B2EFF public-DraftStyleDefault-ltr\"><strong>Bilheteria oficial:<\/strong> Zine Cultural (a partir de 11\/12) Pra\u00e7a Menelick de Carvalho, n\u00ba 150 &#8211; Juiz de Fora<\/span><\/p>\n<div data-hook=\"rcv-block47\"><\/div>\n<div id=\"viewer-r170226488\" class=\"xVISr Y9Dpf bCMSCT OZy-3 lnyWN yMZv8w bCMSCT public-DraftStyleDefault-block-depth0 fixed-tab-size public-DraftStyleDefault-text-ltr\"><span class=\"B2EFF public-DraftStyleDefault-ltr\">\u00a0<\/span><\/div>\n<div data-hook=\"rcv-block48\"><\/div>\n<p id=\"viewer-f6uf814991\" class=\"xVISr Y9Dpf bCMSCT OZy-3 lnyWN yMZv8w bCMSCT public-DraftStyleDefault-block-depth0 fixed-tab-size public-DraftStyleDefault-text-ltr\"><span class=\"B2EFF public-DraftStyleDefault-ltr\"><strong>Ingressos:<\/strong><\/span><\/p>\n<p id=\"viewer-1jep827622\" class=\"xVISr Y9Dpf bCMSCT OZy-3 lnyWN yMZv8w bCMSCT public-DraftStyleDefault-block-depth0 fixed-tab-size public-DraftStyleDefault-text-ltr\"><span class=\"B2EFF public-DraftStyleDefault-ltr\">Pista Premium &#8211; R$ 100,00 (meia-entrada legal) | R$ 140,00 (entrada social) | R$ 200,00 (inteira)<\/span><\/p>\n<p id=\"viewer-q9jm429073\" class=\"xVISr Y9Dpf bCMSCT OZy-3 lnyWN yMZv8w bCMSCT public-DraftStyleDefault-block-depth0 fixed-tab-size public-DraftStyleDefault-text-ltr\"><span class=\"B2EFF public-DraftStyleDefault-ltr\">Pista &#8211; R$ 75,00 (meia-entrada legal) | R$ 105,00 (entrada social) | R$ 150,00 (inteira)<\/span><\/p>\n<div data-hook=\"rcv-block51\"><\/div>\n<div id=\"viewer-616wl28173\" class=\"xVISr Y9Dpf bCMSCT OZy-3 lnyWN yMZv8w bCMSCT public-DraftStyleDefault-block-depth0 fixed-tab-size public-DraftStyleDefault-text-ltr\"><span class=\"B2EFF public-DraftStyleDefault-ltr\">\u00a0<\/span><\/div>\n<div data-hook=\"rcv-block52\"><\/div>\n<p id=\"viewer-35qn028565\" class=\"xVISr Y9Dpf bCMSCT OZy-3 lnyWN yMZv8w bCMSCT public-DraftStyleDefault-block-depth0 fixed-tab-size public-DraftStyleDefault-text-ltr\"><span class=\"B2EFF public-DraftStyleDefault-ltr\"><strong>BRAS\u00cdLIA<\/strong><\/span><\/p>\n<p id=\"viewer-nmwrv29590\" class=\"xVISr Y9Dpf bCMSCT OZy-3 lnyWN yMZv8w bCMSCT public-DraftStyleDefault-block-depth0 fixed-tab-size public-DraftStyleDefault-text-ltr\"><span class=\"B2EFF public-DraftStyleDefault-ltr\"><strong>Data:<\/strong> 9 de mar\u00e7o<strong>Local:<\/strong> Arena Lounge<\/span><\/p>\n<p id=\"viewer-srxsc31178\" class=\"xVISr Y9Dpf bCMSCT OZy-3 lnyWN yMZv8w bCMSCT public-DraftStyleDefault-block-depth0 fixed-tab-size public-DraftStyleDefault-text-ltr\"><span class=\"B2EFF public-DraftStyleDefault-ltr\"><strong>Hor\u00e1rio de Abertura da casa:<\/strong> 19h<\/span><\/p>\n<p id=\"viewer-c7mrf31720\" class=\"xVISr Y9Dpf bCMSCT OZy-3 lnyWN yMZv8w bCMSCT public-DraftStyleDefault-block-depth0 fixed-tab-size public-DraftStyleDefault-text-ltr\"><span class=\"B2EFF public-DraftStyleDefault-ltr\"><strong>Classifica\u00e7\u00e3o Et\u00e1ria:<\/strong> Entrada e perman\u00eancia de crian\u00e7as\/adolescentes de 05 a 15 anos de idade, acompanhados dos pais ou respons\u00e1veis, e de 16 a 17 anos, desacompanhados dos pais ou respons\u00e1veis legais.<\/span><\/p>\n<p id=\"viewer-d68ka30120\" class=\"xVISr Y9Dpf bCMSCT OZy-3 lnyWN yMZv8w bCMSCT public-DraftStyleDefault-block-depth0 fixed-tab-size public-DraftStyleDefault-text-ltr\"><span class=\"B2EFF public-DraftStyleDefault-ltr\"><strong>In\u00edcio das vendas:<\/strong> 11 de dezembro, 12h<\/span><\/p>\n<p id=\"viewer-2yed830650\" class=\"xVISr Y9Dpf bCMSCT OZy-3 lnyWN yMZv8w bCMSCT public-DraftStyleDefault-block-depth0 fixed-tab-size public-DraftStyleDefault-text-ltr\"><span class=\"B2EFF public-DraftStyleDefault-ltr\"><strong>Vendas online em:<\/strong> <a class=\"TWoY9 itht3\" href=\"http:\/\/eventim.com.br\/\" target=\"_blank\" rel=\"noopener noreferrer\" data-hook=\"linkViewer\"><u class=\"D-jZk\">eventim.com.br<\/u><\/a><\/span><\/p>\n<p id=\"viewer-2yp5l32459\" class=\"xVISr Y9Dpf bCMSCT OZy-3 lnyWN yMZv8w bCMSCT public-DraftStyleDefault-block-depth0 fixed-tab-size public-DraftStyleDefault-text-ltr\"><span class=\"B2EFF public-DraftStyleDefault-ltr\"><strong>Bilheteria oficial:<\/strong> Loja Eventim Bras\u00edlia Shopping (a partir de 11\/12) &#8211; SCN QD 05 Bloco A Subsolo 2 &#8211; Loja Q054<\/span><\/p>\n<div data-hook=\"rcv-block59\"><\/div>\n<div id=\"viewer-e3iic33075\" class=\"xVISr Y9Dpf bCMSCT OZy-3 lnyWN yMZv8w bCMSCT public-DraftStyleDefault-block-depth0 fixed-tab-size public-DraftStyleDefault-text-ltr\"><span class=\"B2EFF public-DraftStyleDefault-ltr\">\u00a0<\/span><\/div>\n<div data-hook=\"rcv-block60\"><\/div>\n<p id=\"viewer-4vgg033504\" class=\"xVISr Y9Dpf bCMSCT OZy-3 lnyWN yMZv8w bCMSCT public-DraftStyleDefault-block-depth0 fixed-tab-size public-DraftStyleDefault-text-ltr\"><span class=\"B2EFF public-DraftStyleDefault-ltr\"><strong>Ingressos:<\/strong><\/span><\/p>\n<p id=\"viewer-v58zx34263\" class=\"xVISr Y9Dpf bCMSCT OZy-3 lnyWN yMZv8w bCMSCT public-DraftStyleDefault-block-depth0 fixed-tab-size public-DraftStyleDefault-text-ltr\"><span class=\"B2EFF public-DraftStyleDefault-ltr\">Pista Pre<\/span><span class=\"B2EFF public-DraftStyleDefault-ltr\">mium &#8211; R$ 100,00 (meia-entrada legal) | R$ 120,00 (entrada social) | R$ 200,00 (inteira)<\/span><\/p>\n<p class=\"xVISr Y9Dpf bCMSCT OZy-3 lnyWN yMZv8w bCMSCT public-DraftStyleDefault-block-depth0 fixed-tab-size public-DraftStyleDefault-text-ltr\"><span class=\"B2EFF public-DraftStyleDefault-ltr\">Pista &#8211; R$ 75,00 (meia-entrada legal) | R$ 90,00 (entrada social) | R$ 150,00 (inteira)<\/span><\/p>\n<div data-hook=\"rcv-block63\"><\/div>\n<p id=\"viewer-nunwo15012\" class=\"xVISr Y9Dpf bCMSCT OZy-3 lnyWN yMZv8w bCMSCT public-DraftStyleDefault-block-depth0 fixed-tab-size public-DraftStyleDefault-text-ltr\"><span class=\"B2EFF public-DraftStyleDefault-ltr\">\u00a0<\/span><\/p>\n<div data-hook=\"rcv-block64\"><\/div>\n<p id=\"viewer-o3jfx15014\" class=\"xVISr Y9Dpf bCMSCT OZy-3 lnyWN yMZv8w bCMSCT public-DraftStyleDefault-block-depth0 fixed-tab-size public-DraftStyleDefault-text-ltr\"><span class=\"B2EFF public-DraftStyleDefault-ltr\"><strong>UBERL\u00c2NDIA<\/strong><\/span><\/p>\n<p id=\"viewer-zpx2u35478\" class=\"xVISr Y9Dpf bCMSCT OZy-3 lnyWN yMZv8w bCMSCT public-DraftStyleDefault-block-depth0 fixed-tab-size public-DraftStyleDefault-text-ltr\"><span class=\"B2EFF public-DraftStyleDefault-ltr\"><strong>Data:<\/strong> 15 de mar\u00e7o<\/span><\/p>\n<p id=\"viewer-wn7rr39761\" class=\"xVISr Y9Dpf bCMSCT OZy-3 lnyWN yMZv8w bCMSCT public-DraftStyleDefault-block-depth0 fixed-tab-size public-DraftStyleDefault-text-ltr\"><span class=\"B2EFF public-DraftStyleDefault-ltr\"><strong>Local:<\/strong> Castelli<\/span><\/p>\n<p id=\"viewer-3jhuj36065\" class=\"xVISr Y9Dpf bCMSCT OZy-3 lnyWN yMZv8w bCMSCT public-DraftStyleDefault-block-depth0 fixed-tab-size public-DraftStyleDefault-text-ltr\"><span class=\"B2EFF public-DraftStyleDefault-ltr\"><strong>Hor\u00e1rio de Abertura da casa:<\/strong> 19h<\/span><\/p>\n<p id=\"viewer-zwgrq38925\" class=\"xVISr Y9Dpf bCMSCT OZy-3 lnyWN yMZv8w bCMSCT public-DraftStyleDefault-block-depth0 fixed-tab-size public-DraftStyleDefault-text-ltr\"><span class=\"B2EFF public-DraftStyleDefault-ltr\"><strong>Classifica\u00e7\u00e3o Et\u00e1ria:<\/strong> Entrada e perman\u00eancia de crian\u00e7as\/adolescentes de 05 a 15 anos de idade, acompanhados dos pais ou respons\u00e1veis, e de 16 a 17 anos, desacompanhados dos pais ou respons\u00e1veis legais.<\/span><\/p>\n<p id=\"viewer-ol49615023\" class=\"xVISr Y9Dpf bCMSCT OZy-3 lnyWN yMZv8w bCMSCT public-DraftStyleDefault-block-depth0 fixed-tab-size public-DraftStyleDefault-text-ltr\"><span class=\"B2EFF public-DraftStyleDefault-ltr\"><strong>In\u00edcio das vendas:<\/strong> 11 de dezembro, 12h<\/span><\/p>\n<p id=\"viewer-0eiyc36660\" class=\"xVISr Y9Dpf bCMSCT OZy-3 lnyWN yMZv8w bCMSCT public-DraftStyleDefault-block-depth0 fixed-tab-size public-DraftStyleDefault-text-ltr\"><span class=\"B2EFF public-DraftStyleDefault-ltr\"><strong>Vendas online em:<\/strong> <a class=\"TWoY9 itht3\" href=\"http:\/\/eventim.com.br\/\" target=\"_blank\" rel=\"noopener noreferrer\" data-hook=\"linkViewer\"><u class=\"D-jZk\">eventim.com.br<\/u><\/a><\/span><\/p>\n<p id=\"viewer-nwi1s37258\" class=\"xVISr Y9Dpf bCMSCT OZy-3 lnyWN yMZv8w bCMSCT public-DraftStyleDefault-block-depth0 fixed-tab-size public-DraftStyleDefault-text-ltr\"><span class=\"B2EFF public-DraftStyleDefault-ltr\"><strong>Bilheteria oficial:<\/strong> Espa\u00e7o Laser (a partir de 11\/12) &#8211; Av. Paulo Gracindo, 15 &#8211; Loja 70 &#8211; Morada da Colina, 38411-145<\/span><\/p>\n<div data-hook=\"rcv-block72\"><\/div>\n<div id=\"viewer-tghdy37860\" class=\"xVISr Y9Dpf bCMSCT OZy-3 lnyWN yMZv8w bCMSCT public-DraftStyleDefault-block-depth0 fixed-tab-size public-DraftStyleDefault-text-ltr\"><span class=\"B2EFF public-DraftStyleDefault-ltr\">\u00a0<\/span><\/div>\n<div data-hook=\"rcv-block73\"><\/div>\n<p id=\"viewer-qz4m538322\" class=\"xVISr Y9Dpf bCMSCT OZy-3 lnyWN yMZv8w bCMSCT public-DraftStyleDefault-block-depth0 fixed-tab-size public-DraftStyleDefault-text-ltr\"><span class=\"B2EFF public-DraftStyleDefault-ltr\"><strong>Ingressos:<\/strong><\/span><\/p>\n<p id=\"viewer-18b0r40474\" class=\"xVISr Y9Dpf bCMSCT OZy-3 lnyWN yMZv8w bCMSCT public-DraftStyleDefault-block-depth0 fixed-tab-size public-DraftStyleDefault-text-ltr\"><span class=\"B2EFF public-DraftStyleDefault-ltr\">Pista Premium &#8211; R$ 100,00 (meia-entrada legal) | R$ 120,00 (entrada social) | R$ 200,00 (inteira)<\/span><\/p>\n<p id=\"viewer-bdf9241105\" class=\"xVISr Y9Dpf bCMSCT OZy-3 lnyWN yMZv8w bCMSCT public-DraftStyleDefault-block-depth0 fixed-tab-size public-DraftStyleDefault-text-ltr\"><span class=\"B2EFF public-DraftStyleDefault-ltr\">Pista &#8211; R$ 75,00 (meia-entrada legal) | R$ 90,00 (entrada social) | R$ 150,00 (inteira)<\/span><\/p>\n<div data-hook=\"rcv-block76\"><\/div>\n<p id=\"viewer-al4m915034\" class=\"xVISr Y9Dpf bCMSCT OZy-3 lnyWN yMZv8w bCMSCT public-DraftStyleDefault-block-depth0 fixed-tab-size public-DraftStyleDefault-text-ltr\"><span class=\"B2EFF public-DraftStyleDefault-ltr\">\u00a0<\/span><\/p>\n<div data-hook=\"rcv-block77\"><\/div>\n<p id=\"viewer-0zsm115036\" class=\"xVISr Y9Dpf bCMSCT OZy-3 lnyWN yMZv8w bCMSCT public-DraftStyleDefault-block-depth0 fixed-tab-size public-DraftStyleDefault-text-ltr\"><span class=\"B2EFF public-DraftStyleDefault-ltr\"><strong>PORTO ALEGRE<\/strong><\/span><\/p>\n<p id=\"viewer-ltiui41745\" class=\"xVISr Y9Dpf bCMSCT OZy-3 lnyWN yMZv8w bCMSCT public-DraftStyleDefault-block-depth0 fixed-tab-size public-DraftStyleDefault-text-ltr\"><span class=\"B2EFF public-DraftStyleDefault-ltr\"><strong>Data:<\/strong> 21 de mar\u00e7o<\/span><\/p>\n<p id=\"viewer-tgdla43697\" class=\"xVISr Y9Dpf bCMSCT OZy-3 lnyWN yMZv8w bCMSCT public-DraftStyleDefault-block-depth0 fixed-tab-size public-DraftStyleDefault-text-ltr\"><span class=\"B2EFF public-DraftStyleDefault-ltr\"><strong>Local:<\/strong> Ara\u00fajo Vianna<\/span><\/p>\n<p id=\"viewer-fk30943043\" class=\"xVISr Y9Dpf bCMSCT OZy-3 lnyWN yMZv8w bCMSCT public-DraftStyleDefault-block-depth0 fixed-tab-size public-DraftStyleDefault-text-ltr\"><span class=\"B2EFF public-DraftStyleDefault-ltr\"><strong>Hor\u00e1rio de Abertura da casa:<\/strong> 19h<\/span><\/p>\n<p id=\"viewer-ohdd844363\" class=\"xVISr Y9Dpf bCMSCT OZy-3 lnyWN yMZv8w bCMSCT public-DraftStyleDefault-block-depth0 fixed-tab-size public-DraftStyleDefault-text-ltr\"><span class=\"B2EFF public-DraftStyleDefault-ltr\"><strong>Classifica\u00e7\u00e3o Et\u00e1ria:<\/strong> Entrada e perman\u00eancia de crian\u00e7as\/adolescentes de 05 a 15 anos de idade, acompanhados dos pais ou respons\u00e1veis, e de 16 a 17 anos, desacompanhados dos pais ou respons\u00e1veis legais.<\/span><\/p>\n<p id=\"viewer-xrp7u15045\" class=\"xVISr Y9Dpf bCMSCT OZy-3 lnyWN yMZv8w bCMSCT public-DraftStyleDefault-block-depth0 fixed-tab-size public-DraftStyleDefault-text-ltr\"><span class=\"B2EFF public-DraftStyleDefault-ltr\"><strong>In\u00edcio das vendas:<\/strong> 11 de dezembro, 12h<\/span><\/p>\n<p id=\"viewer-y7idl42399\" class=\"xVISr Y9Dpf bCMSCT OZy-3 lnyWN yMZv8w bCMSCT public-DraftStyleDefault-block-depth0 fixed-tab-size public-DraftStyleDefault-text-ltr\"><span class=\"B2EFF public-DraftStyleDefault-ltr\"><strong>Vendas online em:<\/strong> <a class=\"TWoY9 itht3\" href=\"http:\/\/eventim.com.br\/\" target=\"_blank\" rel=\"noopener noreferrer\" data-hook=\"linkViewer\"><u class=\"D-jZk\">eventim.com.br<\/u><\/a><\/span><\/p>\n<p id=\"viewer-ut4iq45038\" class=\"xVISr Y9Dpf bCMSCT OZy-3 lnyWN yMZv8w bCMSCT public-DraftStyleDefault-block-depth0 fixed-tab-size public-DraftStyleDefault-text-ltr\"><span class=\"B2EFF public-DraftStyleDefault-ltr\"><strong>Bilheteria oficial:<\/strong> Arena do Gr\u00eamio (a partir de 11\/12) Port\u00e3o 2 &#8211; Av. Padre Leopoldo Brentano, 110 &#8211; Humait\u00e1 &#8211; Porto Alegre<\/span><\/p>\n<div data-hook=\"rcv-block85\"><\/div>\n<div id=\"viewer-mgsjs45713\" class=\"xVISr Y9Dpf bCMSCT OZy-3 lnyWN yMZv8w bCMSCT public-DraftStyleDefault-block-depth0 fixed-tab-size public-DraftStyleDefault-text-ltr\"><span class=\"B2EFF public-DraftStyleDefault-ltr\">\u00a0<\/span><\/div>\n<div data-hook=\"rcv-block86\"><\/div>\n<p id=\"viewer-51kvp15054\" class=\"xVISr Y9Dpf bCMSCT OZy-3 lnyWN yMZv8w bCMSCT public-DraftStyleDefault-block-depth0 fixed-tab-size public-DraftStyleDefault-text-ltr\"><span class=\"B2EFF public-DraftStyleDefault-ltr\"><strong>Ingressos:<\/strong><\/span><\/p>\n<p id=\"viewer-kg21t46393\" class=\"xVISr Y9Dpf bCMSCT OZy-3 lnyWN yMZv8w bCMSCT public-DraftStyleDefault-block-depth0 fixed-tab-size public-DraftStyleDefault-text-ltr\"><span class=\"B2EFF public-DraftStyleDefault-ltr\">Plateia Gold &#8211; R$ 125,00 (meia-entrada legal) | R$ 150,00 (entrada social) | R$ 250,00 (inteira)<\/span><\/p>\n<p id=\"viewer-artln47771\" class=\"xVISr Y9Dpf bCMSCT OZy-3 lnyWN yMZv8w bCMSCT public-DraftStyleDefault-block-depth0 fixed-tab-size public-DraftStyleDefault-text-ltr\"><span class=\"B2EFF public-DraftStyleDefault-ltr\">Plateia Baixa Central &#8211; R$ 112,50 (meia-entrada legal) | R$ 135,00 (entrada social) | R$ 225,00 (inteira)<\/span><\/p>\n<p id=\"viewer-lnvvl47079\" class=\"xVISr Y9Dpf bCMSCT OZy-3 lnyWN yMZv8w bCMSCT public-DraftStyleDefault-block-depth0 fixed-tab-size public-DraftStyleDefault-text-ltr\"><span class=\"B2EFF public-DraftStyleDefault-ltr\">Plateia Baixa Lateral &#8211; R$ 100,00 (meia-entrada legal) | R$ 120,00 (entrada social) | R$ 200,00 (inteira)<\/span><\/p>\n<p id=\"viewer-zksdb48733\" class=\"xVISr Y9Dpf bCMSCT OZy-3 lnyWN yMZv8w bCMSCT public-DraftStyleDefault-block-depth0 fixed-tab-size public-DraftStyleDefault-text-ltr\"><span class=\"B2EFF public-DraftStyleDefault-ltr\">Plateia Alta Central &#8211; R$ 75,00 (meia-entrada legal) | R$ 90,00 (entrada social) | R$ 150,00 (inteira)<\/span><\/p>\n<p id=\"viewer-5lse749792\" class=\"xVISr Y9Dpf bCMSCT OZy-3 lnyWN yMZv8w bCMSCT public-DraftStyleDefault-block-depth0 fixed-tab-size public-DraftStyleDefault-text-ltr\"><span class=\"B2EFF public-DraftStyleDefault-ltr\">Plateia Alta Lateral &#8211; R$ 62,50 (meia-entrada legal) | R$ 75,00 (entrada social) | R$ 125,00 (inteira)<\/span><\/p>\n<div data-hook=\"rcv-block92\"><\/div>\n<div id=\"viewer-27mze50862\" class=\"xVISr Y9Dpf bCMSCT OZy-3 lnyWN yMZv8w bCMSCT public-DraftStyleDefault-block-depth0 fixed-tab-size public-DraftStyleDefault-text-ltr\"><span class=\"B2EFF public-DraftStyleDefault-ltr\">\u00a0<\/span><\/div>\n<div data-hook=\"rcv-block93\"><\/div>\n<p id=\"viewer-v7j1r51491\" class=\"xVISr Y9Dpf bCMSCT OZy-3 lnyWN yMZv8w bCMSCT public-DraftStyleDefault-block-depth0 fixed-tab-size public-DraftStyleDefault-text-ltr\"><span class=\"B2EFF public-DraftStyleDefault-ltr\"><strong>CURITIBA<\/strong><\/span><\/p>\n<p class=\"xVISr Y9Dpf bCMSCT OZy-3 lnyWN yMZv8w bCMSCT public-DraftStyleDefault-block-depth0 fixed-tab-size public-DraftStyleDefault-text-ltr\"><span class=\"B2EFF public-DraftStyleDefault-ltr\"><strong>Data:<\/strong> 22 de mar\u00e7o<\/span><\/p>\n<p id=\"viewer-w3sve54233\" class=\"xVISr Y9Dpf bCMSCT OZy-3 lnyWN yMZv8w bCMSCT public-DraftStyleDefault-block-depth0 fixed-tab-size public-DraftStyleDefault-text-ltr\"><span class=\"B2EFF public-DraftStyleDefault-ltr\"><strong>Local:<\/strong> Live<\/span><\/p>\n<p id=\"viewer-hknur53498\" class=\"xVISr Y9Dpf bCMSCT OZy-3 lnyWN yMZv8w bCMSCT public-DraftStyleDefault-block-depth0 fixed-tab-size public-DraftStyleDefault-text-ltr\"><span class=\"B2EFF public-DraftStyleDefault-ltr\"><strong>Hor\u00e1rio de Abertura da casa:<\/strong> 19h<\/span><\/p>\n<p id=\"viewer-u3ux454980\" class=\"xVISr Y9Dpf bCMSCT OZy-3 lnyWN yMZv8w bCMSCT public-DraftStyleDefault-block-depth0 fixed-tab-size public-DraftStyleDefault-text-ltr\"><span class=\"B2EFF public-DraftStyleDefault-ltr\"><strong>Classifica\u00e7\u00e3o Et\u00e1ria:<\/strong> Entrada e perman\u00eancia de crian\u00e7as\/adolescentes de 05 a 15 anos de idade, acompanhados dos pais ou respons\u00e1veis, e de 16 a 17 anos, desacompanhados dos pais ou respons\u00e1veis legais.<\/span><\/p>\n<p id=\"viewer-a6qgp15065\" class=\"xVISr Y9Dpf bCMSCT OZy-3 lnyWN yMZv8w bCMSCT public-DraftStyleDefault-block-depth0 fixed-tab-size public-DraftStyleDefault-text-ltr\"><span class=\"B2EFF public-DraftStyleDefault-ltr\"><strong>In\u00edcio das vendas:<\/strong> 11 de dezembro, 12h<\/span><\/p>\n<p id=\"viewer-wlwbe52681\" class=\"xVISr Y9Dpf bCMSCT OZy-3 lnyWN yMZv8w bCMSCT public-DraftStyleDefault-block-depth0 fixed-tab-size public-DraftStyleDefault-text-ltr\"><span class=\"B2EFF public-DraftStyleDefault-ltr\"><strong>Vendas online em:<\/strong> <a class=\"TWoY9 itht3\" href=\"http:\/\/eventim.com.br\/\" target=\"_blank\" rel=\"noopener noreferrer\" data-hook=\"linkViewer\"><u class=\"D-jZk\">eventim.com.br<\/u><\/a><\/span><\/p>\n<p id=\"viewer-eznf056021\" class=\"xVISr Y9Dpf bCMSCT OZy-3 lnyWN yMZv8w bCMSCT public-DraftStyleDefault-block-depth0 fixed-tab-size public-DraftStyleDefault-text-ltr\"><span class=\"B2EFF public-DraftStyleDefault-ltr\"><strong>Bilheteria oficial:<\/strong> Est\u00e1dio Major Ant\u00f4nio Couto Pereira (a partir de 11\/12)\u00a0 Bilheteria 2 do Est\u00e1dio &#8211; Ao lado da entrada da administra\u00e7\u00e3o &#8211; Rua Am\u00e2ncio Moro S\/N &#8211; Alto da Gl\u00f3ria &#8211; Curitiba<\/span><\/p>\n<div data-hook=\"rcv-block100\"><\/div>\n<div id=\"viewer-xtcxj56873\" class=\"xVISr Y9Dpf bCMSCT OZy-3 lnyWN yMZv8w bCMSCT public-DraftStyleDefault-block-depth0 fixed-tab-size public-DraftStyleDefault-text-ltr\"><span class=\"B2EFF public-DraftStyleDefault-ltr\">\u00a0<\/span><\/div>\n<div data-hook=\"rcv-block101\"><\/div>\n<p id=\"viewer-2001115074\" class=\"xVISr Y9Dpf bCMSCT OZy-3 lnyWN yMZv8w bCMSCT public-DraftStyleDefault-block-depth0 fixed-tab-size public-DraftStyleDefault-text-ltr\"><span class=\"B2EFF public-DraftStyleDefault-ltr\"><strong>Ingressos:<\/strong>\u00a0<\/span><\/p>\n<p id=\"viewer-21gg857926\" class=\"xVISr Y9Dpf bCMSCT OZy-3 lnyWN yMZv8w bCMSCT public-DraftStyleDefault-block-depth0 fixed-tab-size public-DraftStyleDefault-text-ltr\"><span class=\"B2EFF public-DraftStyleDefault-ltr\">Pista &#8211; R$ 100,00 (meia-entrada legal) | R$ 120,00 (entrada social) | R$ 200,00 (inteira)<\/span><\/p>\n<p id=\"viewer-wf8hq58792\" class=\"xVISr Y9Dpf bCMSCT OZy-3 lnyWN yMZv8w bCMSCT public-DraftStyleDefault-block-depth0 fixed-tab-size public-DraftStyleDefault-text-ltr\"><span class=\"B2EFF public-DraftStyleDefault-ltr\">Mezanino &#8211; R$ 75,00 (meia-entrada legal) | R$ 90,00 (entrada social) | R$ 150,00 (inteira)<\/span><\/p>\n<div data-hook=\"rcv-block104\"><\/div>\n<p id=\"viewer-p52rz15077\" class=\"xVISr Y9Dpf bCMSCT OZy-3 lnyWN yMZv8w bCMSCT public-DraftStyleDefault-block-depth0 fixed-tab-size public-DraftStyleDefault-text-ltr\"><span class=\"B2EFF public-DraftStyleDefault-ltr\">\u00a0<\/span><\/p>\n<div data-hook=\"rcv-block105\"><\/div>\n<p id=\"viewer-7ygv215079\" class=\"xVISr Y9Dpf bCMSCT OZy-3 lnyWN yMZv8w bCMSCT public-DraftStyleDefault-block-depth0 fixed-tab-size public-DraftStyleDefault-text-ltr\"><span class=\"B2EFF public-DraftStyleDefault-ltr\"><strong>FLORIAN\u00d3POLIS<\/strong><\/span><\/p>\n<p id=\"viewer-x9q5p59866\" class=\"xVISr Y9Dpf bCMSCT OZy-3 lnyWN yMZv8w bCMSCT public-DraftStyleDefault-block-depth0 fixed-tab-size public-DraftStyleDefault-text-ltr\"><span class=\"B2EFF public-DraftStyleDefault-ltr\"><strong>Data:<\/strong> 23 de mar\u00e7o<\/span><\/p>\n<p class=\"xVISr Y9Dpf bCMSCT OZy-3 lnyWN yMZv8w bCMSCT public-DraftStyleDefault-block-depth0 fixed-tab-size public-DraftStyleDefault-text-ltr\"><span class=\"B2EFF public-DraftStyleDefault-ltr\"><strong>Local:<\/strong> Arena Opus<\/span><\/p>\n<p id=\"viewer-26s1k62535\" class=\"xVISr Y9Dpf bCMSCT OZy-3 lnyWN yMZv8w bCMSCT public-DraftStyleDefault-block-depth0 fixed-tab-size public-DraftStyleDefault-text-ltr\"><span class=\"B2EFF public-DraftStyleDefault-ltr\"><strong>Hor\u00e1rio de Abertura da casa:<\/strong> 19h<\/span><\/p>\n<p id=\"viewer-xd5dq65770\" class=\"xVISr Y9Dpf bCMSCT OZy-3 lnyWN yMZv8w bCMSCT public-DraftStyleDefault-block-depth0 fixed-tab-size public-DraftStyleDefault-text-ltr\"><span class=\"B2EFF public-DraftStyleDefault-ltr\"><strong>Classifica\u00e7\u00e3o Et\u00e1ria:<\/strong> Entrada e perman\u00eancia de crian\u00e7as\/adolescentes de 05 a 15 anos de idade, acompanhados dos pais ou respons\u00e1veis, e de 16 a 17 anos, desacompanhados dos pais ou respons\u00e1veis legais.<\/span><\/p>\n<p id=\"viewer-1tiad15088\" class=\"xVISr Y9Dpf bCMSCT OZy-3 lnyWN yMZv8w bCMSCT public-DraftStyleDefault-block-depth0 fixed-tab-size public-DraftStyleDefault-text-ltr\"><span class=\"B2EFF public-DraftStyleDefault-ltr\"><strong>In\u00edcio das vendas:<\/strong> 11 de dezembro, 12h<\/span><\/p>\n<p id=\"viewer-gjio961747\" class=\"xVISr Y9Dpf bCMSCT OZy-3 lnyWN yMZv8w bCMSCT public-DraftStyleDefault-block-depth0 fixed-tab-size public-DraftStyleDefault-text-ltr\"><span class=\"B2EFF public-DraftStyleDefault-ltr\"><strong>Vendas online em: <\/strong><a class=\"TWoY9 itht3\" href=\"http:\/\/eventim.com.br\/\" target=\"_blank\" rel=\"noopener noreferrer\" data-hook=\"linkViewer\"><u class=\"D-jZk\">eventim.com.br<\/u><\/a><\/span><\/p>\n<p id=\"viewer-z71sp63343\" class=\"xVISr Y9Dpf bCMSCT OZy-3 lnyWN yMZv8w bCMSCT public-DraftStyleDefault-block-depth0 fixed-tab-size public-DraftStyleDefault-text-ltr\"><span class=\"B2EFF public-DraftStyleDefault-ltr\"><strong>Bilheteria oficial:<\/strong> Arena Opus (a partir de 11\/12) SC-281, 4000 &#8211; Sert\u00e3o do Maruim, S\u00e3o Jos\u00e9 &#8211; SC<\/span><\/p>\n<div data-hook=\"rcv-block112\"><\/div>\n<div id=\"viewer-01vmr67430\" class=\"xVISr Y9Dpf bCMSCT OZy-3 lnyWN yMZv8w bCMSCT public-DraftStyleDefault-block-depth0 fixed-tab-size public-DraftStyleDefault-text-ltr\"><span class=\"B2EFF public-DraftStyleDefault-ltr\">\u00a0<\/span><\/div>\n<div data-hook=\"rcv-block113\"><\/div>\n<p id=\"viewer-9idk215096\" class=\"xVISr Y9Dpf bCMSCT OZy-3 lnyWN yMZv8w bCMSCT public-DraftStyleDefault-block-depth0 fixed-tab-size public-DraftStyleDefault-text-ltr\"><span class=\"B2EFF public-DraftStyleDefault-ltr\"><strong>Ingressos:<\/strong><\/span><\/p>\n<p id=\"viewer-k0xyh66602\" class=\"xVISr Y9Dpf bCMSCT OZy-3 lnyWN yMZv8w bCMSCT public-DraftStyleDefault-block-depth0 fixed-tab-size public-DraftStyleDefault-text-ltr\"><span class=\"B2EFF public-DraftStyleDefault-ltr\">Pista &#8211; R$ 100,00 (meia-entrada legal) | R$ 120,00 (entrada social) | R$ 200,00 (inteira)<\/span><\/p>\n<div data-hook=\"rcv-block115\"><\/div>\n<p id=\"viewer-8opeg15099\" class=\"xVISr Y9Dpf bCMSCT OZy-3 lnyWN yMZv8w bCMSCT public-DraftStyleDefault-block-depth0 fixed-tab-size public-DraftStyleDefault-text-ltr\"><span class=\"B2EFF public-DraftStyleDefault-ltr\">\u00a0<\/span><\/p>\n<div data-hook=\"rcv-block116\"><\/div>\n<p id=\"viewer-j524e15101\" class=\"xVISr Y9Dpf bCMSCT OZy-3 lnyWN yMZv8w bCMSCT public-DraftStyleDefault-block-depth0 fixed-tab-size public-DraftStyleDefault-text-ltr\"><span class=\"B2EFF public-DraftStyleDefault-ltr\"><strong>S\u00c3O PAULO<\/strong><\/span><\/p>\n<p id=\"viewer-fhgba60766\" class=\"xVISr Y9Dpf bCMSCT OZy-3 lnyWN yMZv8w bCMSCT public-DraftStyleDefault-block-depth0 fixed-tab-size public-DraftStyleDefault-text-ltr\"><span class=\"B2EFF public-DraftStyleDefault-ltr\"><strong>Data:<\/strong> 6 de Setembro<\/span><\/p>\n<p id=\"viewer-gao1q64967\" class=\"xVISr Y9Dpf bCMSCT OZy-3 lnyWN yMZv8w bCMSCT public-DraftStyleDefault-block-depth0 fixed-tab-size public-DraftStyleDefault-text-ltr\"><span class=\"B2EFF public-DraftStyleDefault-ltr\"><strong>Local:<\/strong> Espa\u00e7o Unimed<\/span><\/p>\n<p id=\"viewer-35cwv64158\" class=\"xVISr Y9Dpf bCMSCT OZy-3 lnyWN yMZv8w bCMSCT public-DraftStyleDefault-block-depth0 fixed-tab-size public-DraftStyleDefault-text-ltr\"><span class=\"B2EFF public-DraftStyleDefault-ltr\"><strong>Hor\u00e1rio de Abertura da casa:<\/strong> 19h<\/span><\/p>\n<p id=\"viewer-gx7qz68602\" class=\"xVISr Y9Dpf bCMSCT OZy-3 lnyWN yMZv8w bCMSCT public-DraftStyleDefault-block-depth0 fixed-tab-size public-DraftStyleDefault-text-ltr\"><span class=\"B2EFF public-DraftStyleDefault-ltr\"><strong>Classifica\u00e7\u00e3o Et\u00e1ria:<\/strong> Entrada e perman\u00eancia de crian\u00e7as\/adolescentes de 05 a 15 anos de idade, acompanhados dos pais ou respons\u00e1veis, e de 16 a 17 anos, desacompanhados dos pais ou respons\u00e1veis legais.<\/span><\/p>\n<p id=\"viewer-9w6pp71254\" class=\"xVISr Y9Dpf bCMSCT OZy-3 lnyWN yMZv8w bCMSCT public-DraftStyleDefault-block-depth0 fixed-tab-size public-DraftStyleDefault-text-ltr\"><span class=\"B2EFF public-DraftStyleDefault-ltr\"><strong>In\u00edcio das vendas:<\/strong> 11 de dezembro, 12h<\/span><\/p>\n<p id=\"viewer-q3bd572114\" class=\"xVISr Y9Dpf bCMSCT OZy-3 lnyWN yMZv8w bCMSCT public-DraftStyleDefault-block-depth0 fixed-tab-size public-DraftStyleDefault-text-ltr\"><span class=\"B2EFF public-DraftStyleDefault-ltr\"><strong>Vendas online em:<\/strong> <a class=\"TWoY9 itht3\" href=\"http:\/\/eventim.com.br\/\" target=\"_blank\" rel=\"noopener noreferrer\" data-hook=\"linkViewer\"><u class=\"D-jZk\">eventim.com.br<\/u><\/a><\/span><\/p>\n<p id=\"viewer-h0cyk70407\" class=\"xVISr Y9Dpf bCMSCT OZy-3 lnyWN yMZv8w bCMSCT public-DraftStyleDefault-block-depth0 fixed-tab-size public-DraftStyleDefault-text-ltr\"><span class=\"B2EFF public-DraftStyleDefault-ltr\"><strong>Bilheteria oficial:<\/strong> Espa\u00e7o Unimed (a partir de 11\/12) R. Tagipuru, 795 &#8211; Barra Funda, S\u00e3o Paulo &#8211; SP, 01156-000<\/span><\/p>\n<div data-hook=\"rcv-block124\"><\/div>\n<div id=\"viewer-pboqa69563\" class=\"xVISr Y9Dpf bCMSCT OZy-3 lnyWN yMZv8w bCMSCT public-DraftStyleDefault-block-depth0 fixed-tab-size public-DraftStyleDefault-text-ltr\"><span class=\"B2EFF public-DraftStyleDefault-ltr\">\u00a0<\/span><\/div>\n<div data-hook=\"rcv-block125\"><\/div>\n<p id=\"viewer-veey715118\" class=\"xVISr Y9Dpf bCMSCT OZy-3 lnyWN yMZv8w bCMSCT public-DraftStyleDefault-block-depth0 fixed-tab-size public-DraftStyleDefault-text-ltr\"><span class=\"B2EFF public-DraftStyleDefault-ltr\"><strong>Ingressos:<\/strong><\/span><\/p>\n<p id=\"viewer-3s4hk73326\" class=\"xVISr Y9Dpf bCMSCT OZy-3 lnyWN yMZv8w bCMSCT public-DraftStyleDefault-block-depth0 fixed-tab-size public-DraftStyleDefault-text-ltr\"><span class=\"B2EFF public-DraftStyleDefault-ltr\">Pista Premium &#8211; R$ 125,00 (meia-entrada legal) | R$ 150,00 (entrada social) | R$ 250,00 (inteira)<\/span><\/p>\n<p id=\"viewer-ppjk375537\" class=\"xVISr Y9Dpf bCMSCT OZy-3 lnyWN yMZv8w bCMSCT public-DraftStyleDefault-block-depth0 fixed-tab-size public-DraftStyleDefault-text-ltr\"><span class=\"B2EFF public-DraftStyleDefault-ltr\">Pista &#8211; R$ 75,00 (meia-entrada legal) | R$ 90,00 (entrada social) | R$ 150,00 (inteira)<\/span><\/p>\n<p id=\"viewer-e22s676539\" class=\"xVISr Y9Dpf bCMSCT OZy-3 lnyWN yMZv8w bCMSCT public-DraftStyleDefault-block-depth0 fixed-tab-size public-DraftStyleDefault-text-ltr\"><span class=\"B2EFF public-DraftStyleDefault-ltr\">Camarotes &#8211; R$ 175,00 (meia-entrada legal) | R$ 210,00 (entrada social) | R$ 350,00 (inteira)<\/span><\/p>\n<p id=\"viewer-heo3f74312\" class=\"xVISr Y9Dpf bCMSCT OZy-3 lnyWN yMZv8w bCMSCT public-DraftStyleDefault-block-depth0 fixed-tab-size public-DraftStyleDefault-text-ltr\"><span class=\"B2EFF public-DraftStyleDefault-ltr\">Mezanino &#8211; R$ 150,00 (meia-entrada legal) | R$ 180,00 (entrada social) | R$ 300,00 (inteira)<\/span><\/p>\n<p>&nbsp;<\/p>\n","protected":false},"excerpt":{"rendered":"<p>&nbsp; Cr\u00e9dito da foto: Paula Cavalcante Venda dos ingressos se iniciam nesta segunda, 11 de dezembro no site da Eventim No ano em que completa 40 anos de estrada, banda d\u00e1 adeus aos palcos em uma turn\u00ea global que vai virar um \u00e1lbum com 40 m\u00fasicas Ap\u00f3s 40 anos de uma trajet\u00f3ria vitoriosa, em que [&hellip;]<\/p>\n","protected":false},"author":12,"featured_media":19390,"comment_status":"closed","ping_status":"open","sticky":false,"template":"","format":"standard","meta":{"footnotes":""},"categories":[4],"tags":[],"class_list":["post-19387","post","type-post","status-publish","format-standard","has-post-thumbnail","hentry","category-noticias"],"_links":{"self":[{"href":"http:\/\/heavymetalonline.com.br\/index.php?rest_route=\/wp\/v2\/posts\/19387","targetHints":{"allow":["GET"]}}],"collection":[{"href":"http:\/\/heavymetalonline.com.br\/index.php?rest_route=\/wp\/v2\/posts"}],"about":[{"href":"http:\/\/heavymetalonline.com.br\/index.php?rest_route=\/wp\/v2\/types\/post"}],"author":[{"embeddable":true,"href":"http:\/\/heavymetalonline.com.br\/index.php?rest_route=\/wp\/v2\/users\/12"}],"replies":[{"embeddable":true,"href":"http:\/\/heavymetalonline.com.br\/index.php?rest_route=%2Fwp%2Fv2%2Fcomments&post=19387"}],"version-history":[{"count":1,"href":"http:\/\/heavymetalonline.com.br\/index.php?rest_route=\/wp\/v2\/posts\/19387\/revisions"}],"predecessor-version":[{"id":19392,"href":"http:\/\/heavymetalonline.com.br\/index.php?rest_route=\/wp\/v2\/posts\/19387\/revisions\/19392"}],"wp:featuredmedia":[{"embeddable":true,"href":"http:\/\/heavymetalonline.com.br\/index.php?rest_route=\/wp\/v2\/media\/19390"}],"wp:attachment":[{"href":"http:\/\/heavymetalonline.com.br\/index.php?rest_route=%2Fwp%2Fv2%2Fmedia&parent=19387"}],"wp:term":[{"taxonomy":"category","embeddable":true,"href":"http:\/\/heavymetalonline.com.br\/index.php?rest_route=%2Fwp%2Fv2%2Fcategories&post=19387"},{"taxonomy":"post_tag","embeddable":true,"href":"http:\/\/heavymetalonline.com.br\/index.php?rest_route=%2Fwp%2Fv2%2Ftags&post=19387"}],"curies":[{"name":"wp","href":"https:\/\/api.w.org\/{rel}","templated":true}]}}