{"id":19406,"date":"2023-12-11T15:43:02","date_gmt":"2023-12-11T15:43:02","guid":{"rendered":"http:\/\/heavymetalonline.com.br\/?p=19406"},"modified":"2023-12-11T15:43:02","modified_gmt":"2023-12-11T15:43:02","slug":"detonautas-lanca-faixa-bonus-com-participacao-de-vito-kley","status":"publish","type":"post","link":"http:\/\/heavymetalonline.com.br\/?p=19406","title":{"rendered":"DETONAUTAS LAN\u00c7A FAIXA B\u00d4NUS COM PARTICIPA\u00c7\u00c3O DE VITO KLEY"},"content":{"rendered":"<p><img loading=\"lazy\" decoding=\"async\" class=\"alignnone size-full wp-image-19407\" src=\"http:\/\/heavymetalonline.com.br\/wp-content\/uploads\/2023\/12\/CAPA-So-Nos-2-DETONAUTAS-e-VITORKLEY-1-980x980.jpg\" alt=\"\" width=\"980\" height=\"980\" srcset=\"http:\/\/heavymetalonline.com.br\/wp-content\/uploads\/2023\/12\/CAPA-So-Nos-2-DETONAUTAS-e-VITORKLEY-1-980x980.jpg 980w, http:\/\/heavymetalonline.com.br\/wp-content\/uploads\/2023\/12\/CAPA-So-Nos-2-DETONAUTAS-e-VITORKLEY-1-980x980-500x500.jpg 500w, http:\/\/heavymetalonline.com.br\/wp-content\/uploads\/2023\/12\/CAPA-So-Nos-2-DETONAUTAS-e-VITORKLEY-1-980x980-300x300.jpg 300w, http:\/\/heavymetalonline.com.br\/wp-content\/uploads\/2023\/12\/CAPA-So-Nos-2-DETONAUTAS-e-VITORKLEY-1-980x980-768x768.jpg 768w\" sizes=\"auto, (max-width: 980px) 100vw, 980px\" \/><\/p>\n<p id=\"viewer-16f4j280365\" class=\"xVISr Y9Dpf bCMSCT OZy-3 cDpYU ok2w4y bCMSCT public-DraftStyleDefault-block-depth0 fixed-tab-size public-DraftStyleDefault-text-ltr\" style=\"text-align: center;\"><span class=\"B2EFF public-DraftStyleDefault-ltr\"><em>Ap\u00f3s uni\u00e3o de sucesso no The Town,\u00a0<\/em><\/span><span class=\"B2EFF public-DraftStyleDefault-ltr\"><em>grupo e artista se juntam em nova vers\u00e3o de &#8220;S\u00f3 N\u00f3s 2&#8221;<\/em><\/span><\/p>\n<p id=\"viewer-s6ndp281043\" class=\"xVISr Y9Dpf bCMSCT OZy-3 lnyWN yMZv8w bCMSCT public-DraftStyleDefault-block-depth0 fixed-tab-size public-DraftStyleDefault-text-ltr\"><span class=\"B2EFF public-DraftStyleDefault-ltr\">O ano de 2023 foi de muitas conquistas para o <strong>Detonautas<\/strong>, celebrando os 20 anos de carreira do grupo, como um dos melhores representantes do rock brasileiro, incluindo shows em grandes festivais, como no <strong>The Town<\/strong>, que contou com a participa\u00e7\u00e3o especial de <strong>Vitor Kley<\/strong>. A uni\u00e3o no palco foi t\u00e3o grande, que o grupo e o artista decidiram gravar uma m\u00fasica juntos, dando origem \u00e0 nova vers\u00e3o de <strong>&#8220;S\u00f3 N\u00f3s 2&#8221;<\/strong>, que foi adicionada e encerra o projeto &#8220;20 Anos Ac\u00fastico&#8221;.<\/span><\/p>\n<div data-hook=\"rcv-block6\"><\/div>\n<div id=\"viewer-hr8du273952\" class=\"xVISr Y9Dpf bCMSCT OZy-3 lnyWN yMZv8w bCMSCT public-DraftStyleDefault-block-depth0 fixed-tab-size public-DraftStyleDefault-text-ltr\"><span class=\"B2EFF public-DraftStyleDefault-ltr\">\u00a0<\/span><\/div>\n<div data-hook=\"rcv-block7\"><\/div>\n<p id=\"viewer-kicb9273839\" class=\"xVISr Y9Dpf bCMSCT OZy-3 lnyWN yMZv8w bCMSCT public-DraftStyleDefault-block-depth0 fixed-tab-size public-DraftStyleDefault-text-ltr\"><span class=\"B2EFF public-DraftStyleDefault-ltr\"><em>&#8220;&#8216;S\u00f3 N\u00f3s 2&#8217; \u00e9 uma can\u00e7\u00e3o que se tornou um hit no primeiro ac\u00fastico de 2009. Ap\u00f3s nossa pareceria com o Vitor Kley no The Town, a gente ficou entusiasmado de levar adiante essa sinergia e o Vitor, que gosta muito do Detonautas, sugeriu fazer essa vers\u00e3o para ser a b\u00f4nus track do novo ac\u00fastico. Perguntei se ele topava tocar piano, j\u00e1 que tinha visto ele tocando nas redes sociais, mas nunca numa performance profissional, e ao aceitar, fizemos um registro lindo ao lado do Detonautas no Est\u00fadio Toca do Bandido &#8211; do querido Tom Capone, com produ\u00e7\u00e3o do Felipe Rodart, para marcar esse cap\u00edtulo dos nossos 20 anos e engrandecer ainda mais o projeto&#8221;<\/em>, explica Tico Santta Cruz.<\/span><\/p>\n<div data-hook=\"rcv-block8\"><\/div>\n<div id=\"viewer-n3j8b274425\" class=\"xVISr Y9Dpf bCMSCT OZy-3 lnyWN yMZv8w bCMSCT public-DraftStyleDefault-block-depth0 fixed-tab-size public-DraftStyleDefault-text-ltr\"><span class=\"B2EFF public-DraftStyleDefault-ltr\">\u00a0<\/span><\/div>\n<div data-hook=\"rcv-block9\"><\/div>\n<p id=\"viewer-dtdsm273841\" class=\"xVISr Y9Dpf bCMSCT OZy-3 lnyWN yMZv8w bCMSCT public-DraftStyleDefault-block-depth0 fixed-tab-size public-DraftStyleDefault-text-ltr\"><span class=\"B2EFF public-DraftStyleDefault-ltr\">Vitor Kley compartilha sobre a alegria de ter participado: <em>&#8220;&#8216;S\u00f3 N\u00f3s Dois&#8217; est\u00e1 sendo uma grande realiza\u00e7\u00e3o. Eu ouvia essa m\u00fasica junto com meu irm\u00e3o, quando ele morava l\u00e1 em Balne\u00e1rio. Sempre amei essa track, ent\u00e3o comentei com o Tico. E foi muito legal, porque \u00e9 muito bom quando a gente vive coisas e realiza coisas que tempos atr\u00e1s tinham um sentimento diferente. E quando esse sentimento se concretiza com a nossa presen\u00e7a cantando, algo que \u00e9 t\u00e3o importante pra gente, isso \u00e9 muito bonito, sabe? S\u00f3 tenho a agradecer, foi incr\u00edvel, fiquei muito feliz de poder cantar esse som numa nova roupagem, de botar um pouquinho das minhas ideias tamb\u00e9m, o meu jeito de fazer os vocais, os backing vocals. Gravamos ainda na Toca do Bandido, um templo sagrado, com gente maravilhosa, o p\u00fablico, incr\u00edvel, uma energia linda, dias que a gente poderia morar muito tempo, n\u00e9? Ent\u00e3o, com certeza, essa m\u00fasica vai pro mundo com uma energia muito bonita&#8221;<\/em>.<\/span><\/p>\n<div data-hook=\"rcv-block10\"><\/div>\n<div id=\"viewer-ck4hl274681\" class=\"xVISr Y9Dpf bCMSCT OZy-3 lnyWN yMZv8w bCMSCT public-DraftStyleDefault-block-depth0 fixed-tab-size public-DraftStyleDefault-text-ltr\"><span class=\"B2EFF public-DraftStyleDefault-ltr\">\u00a0<\/span><\/div>\n<div data-hook=\"rcv-block11\"><\/div>\n<p id=\"viewer-fimub273843\" class=\"xVISr Y9Dpf bCMSCT OZy-3 lnyWN yMZv8w bCMSCT public-DraftStyleDefault-block-depth0 fixed-tab-size public-DraftStyleDefault-text-ltr\"><span class=\"B2EFF public-DraftStyleDefault-ltr\">Gravado no palco do teatro Riachuelo, no Rio de Janeiro, em fevereiro de 2023, o DVD &#8220;Detonautas Ac\u00fastico 20 Anos&#8221; conta a hist\u00f3ria da banda ao longo de 19 faixas. Em um encontro que celebra duas gera\u00e7\u00f5es do rock nacional, o registro contou com as participa\u00e7\u00f5es especiais de Badau\u00ed (CPM22), Lucas Silveira (Fresno) e Di Ferreiro (Nx Zero). A produ\u00e7\u00e3o foi comandada por Marcelo Sussekind e a dire\u00e7\u00e3o, por Julio Loureiro.<\/span><\/p>\n<div data-hook=\"rcv-block12\"><\/div>\n<div id=\"viewer-bswqe275264\" class=\"xVISr Y9Dpf bCMSCT OZy-3 lnyWN yMZv8w bCMSCT public-DraftStyleDefault-block-depth0 fixed-tab-size public-DraftStyleDefault-text-ltr\"><span class=\"B2EFF public-DraftStyleDefault-ltr\">\u00a0<\/span><\/div>\n<div data-hook=\"rcv-block13\"><\/div>\n<p id=\"viewer-6kzhg275342\" class=\"xVISr Y9Dpf bCMSCT OZy-3 lnyWN yMZv8w bCMSCT public-DraftStyleDefault-block-depth0 fixed-tab-size public-DraftStyleDefault-text-ltr\"><span class=\"B2EFF public-DraftStyleDefault-ltr\">Ou\u00e7a aqui &#8220;S\u00f3 N\u00f3s 2&#8221;:<\/span><\/p>\n<p id=\"viewer-t6o4c275413\" class=\"xVISr Y9Dpf bCMSCT OZy-3 lnyWN yMZv8w bCMSCT public-DraftStyleDefault-block-depth0 fixed-tab-size public-DraftStyleDefault-text-ltr\"><span class=\"B2EFF public-DraftStyleDefault-ltr\"><a class=\"TWoY9 itht3\" href=\"https:\/\/smb.lnk.to\/OucaAgoraSoNos2\" target=\"_blank\" rel=\"noopener noreferrer\" data-hook=\"linkViewer\"><u class=\"D-jZk\">https:\/\/SMB.lnk.to\/OucaAgoraSoNos2<\/u><\/a><\/span><\/p>\n<div data-hook=\"rcv-block15\"><\/div>\n<div id=\"viewer-rrbuu276279\" class=\"xVISr Y9Dpf bCMSCT OZy-3 lnyWN yMZv8w bCMSCT public-DraftStyleDefault-block-depth0 fixed-tab-size public-DraftStyleDefault-text-ltr\"><span class=\"B2EFF public-DraftStyleDefault-ltr\">\u00a0<\/span><\/div>\n<div data-hook=\"rcv-block16\"><\/div>\n<p id=\"viewer-yllhx276066\" class=\"xVISr Y9Dpf bCMSCT OZy-3 lnyWN yMZv8w bCMSCT public-DraftStyleDefault-block-depth0 fixed-tab-size public-DraftStyleDefault-text-ltr\"><span class=\"B2EFF public-DraftStyleDefault-ltr\">Assista aqui o clipe &#8220;S\u00f3 N\u00f3s 2&#8221;:<\/span><\/p>\n<p><iframe loading=\"lazy\" title=\"Detonautas, Vitor Kley - S\u00f3 n\u00f3s 2 (Clipe Oficial)\" width=\"640\" height=\"360\" src=\"https:\/\/www.youtube.com\/embed\/UUA-UKa2Pn8?feature=oembed\" frameborder=\"0\" allow=\"accelerometer; autoplay; clipboard-write; encrypted-media; gyroscope; picture-in-picture; web-share\" referrerpolicy=\"strict-origin-when-cross-origin\" allowfullscreen><\/iframe><\/p>\n<p id=\"viewer-sk6rz273845\" class=\"xVISr Y9Dpf bCMSCT OZy-3 lnyWN yMZv8w bCMSCT public-DraftStyleDefault-block-depth0 fixed-tab-size public-DraftStyleDefault-text-ltr\"><span class=\"B2EFF public-DraftStyleDefault-ltr\">Em duas d\u00e9cadas, o Detonautas marcou gera\u00e7\u00f5es e elevou o n\u00edvel do rock nacional, com sucessos inesquec\u00edveis, como &#8220;Outro Lugar&#8221;, &#8220;Olhos Certos&#8221;, &#8220;Quando o Sol se For&#8221;, &#8220;O Retorno de Saturno&#8221; e muitos outros. A estreia do projeto Ac\u00fastico 20 anos trouxe a in\u00e9dita &#8220;Aposta&#8221;, que \u00e9 uma reflex\u00e3o sobre as escolhas de vida, que podem levar a caminhos de autodestrui\u00e7\u00e3o, mas tamb\u00e9m \u00e0 contram\u00e3o desse mesmo fluxo. A aposta a que a can\u00e7\u00e3o se refere \u00e9 no amor, na valoriza\u00e7\u00e3o do que faz bem e nutre. Completam o primeiro volume as can\u00e7\u00f5es &#8220;O Dia Que N\u00e3o Terminou&#8221;, &#8220;Por Onde Voc\u00ea Anda?&#8221; e &#8220;L\u00f3gica&#8221;. O segundo EP trouxe as faixas: &#8220;S\u00f3 Uma Can\u00e7\u00e3o&#8221;, releitura do grupo Som da Rua; &#8220;O Retorno de Saturno&#8221;, sucesso de 2008 da banda; &#8220;Um Cara de Sorte&#8221;, de 2012; e &#8220;Vamos Viver&#8221;, de 2014.<\/span><\/p>\n<div data-hook=\"rcv-block21\"><\/div>\n<div id=\"viewer-jbhee275093\" class=\"xVISr Y9Dpf bCMSCT OZy-3 lnyWN yMZv8w bCMSCT public-DraftStyleDefault-block-depth0 fixed-tab-size public-DraftStyleDefault-text-ltr\"><span class=\"B2EFF public-DraftStyleDefault-ltr\">\u00a0<\/span><\/div>\n<div data-hook=\"rcv-block22\"><\/div>\n<p id=\"viewer-dutn1273847\" class=\"xVISr Y9Dpf bCMSCT OZy-3 lnyWN yMZv8w bCMSCT public-DraftStyleDefault-block-depth0 fixed-tab-size public-DraftStyleDefault-text-ltr\"><span class=\"B2EFF public-DraftStyleDefault-ltr\">O \u00faltimo bloco trouxe todas as m\u00fasicas do projeto, incluindo uma sequ\u00eancia de hits, cl\u00e1ssicos e lindas can\u00e7\u00f5es com a parceria da gera\u00e7\u00e3o 2000: Badau\u00ed (CPM22), Lucas Silveira (Fresno) e Di Ferrero (NX Zero) nas j\u00e1 consagradas &#8216;S\u00f3 Por Hoje&#8217;, &#8216;Quando O Sol Se For&#8217; e &#8216;Outro Lugar&#8217;, em que os tr\u00eas participam juntos com o Detonautas.<\/span><\/p>\n<div data-hook=\"rcv-block23\"><\/div>\n<div id=\"viewer-rhjrh277505\" class=\"xVISr Y9Dpf bCMSCT OZy-3 lnyWN yMZv8w bCMSCT public-DraftStyleDefault-block-depth0 fixed-tab-size public-DraftStyleDefault-text-ltr\"><span class=\"B2EFF public-DraftStyleDefault-ltr\">\u00a0<\/span><\/div>\n<div data-hook=\"rcv-block24\"><\/div>\n<p id=\"viewer-sx5g5277602\" class=\"xVISr Y9Dpf bCMSCT OZy-3 lnyWN yMZv8w bCMSCT public-DraftStyleDefault-block-depth0 fixed-tab-size public-DraftStyleDefault-text-ltr\"><span class=\"B2EFF public-DraftStyleDefault-ltr\"><strong>Fonte: <\/strong>Sony Music<\/span><\/p>\n","protected":false},"excerpt":{"rendered":"<p>Ap\u00f3s uni\u00e3o de sucesso no The Town,\u00a0grupo e artista se juntam em nova vers\u00e3o de &#8220;S\u00f3 N\u00f3s 2&#8221; O ano de 2023 foi de muitas conquistas para o Detonautas, celebrando os 20 anos de carreira do grupo, como um dos melhores representantes do rock brasileiro, incluindo shows em grandes festivais, como no The Town, que [&hellip;]<\/p>\n","protected":false},"author":12,"featured_media":19407,"comment_status":"closed","ping_status":"open","sticky":false,"template":"","format":"standard","meta":{"footnotes":""},"categories":[4],"tags":[],"class_list":["post-19406","post","type-post","status-publish","format-standard","has-post-thumbnail","hentry","category-noticias"],"_links":{"self":[{"href":"http:\/\/heavymetalonline.com.br\/index.php?rest_route=\/wp\/v2\/posts\/19406","targetHints":{"allow":["GET"]}}],"collection":[{"href":"http:\/\/heavymetalonline.com.br\/index.php?rest_route=\/wp\/v2\/posts"}],"about":[{"href":"http:\/\/heavymetalonline.com.br\/index.php?rest_route=\/wp\/v2\/types\/post"}],"author":[{"embeddable":true,"href":"http:\/\/heavymetalonline.com.br\/index.php?rest_route=\/wp\/v2\/users\/12"}],"replies":[{"embeddable":true,"href":"http:\/\/heavymetalonline.com.br\/index.php?rest_route=%2Fwp%2Fv2%2Fcomments&post=19406"}],"version-history":[{"count":1,"href":"http:\/\/heavymetalonline.com.br\/index.php?rest_route=\/wp\/v2\/posts\/19406\/revisions"}],"predecessor-version":[{"id":19408,"href":"http:\/\/heavymetalonline.com.br\/index.php?rest_route=\/wp\/v2\/posts\/19406\/revisions\/19408"}],"wp:featuredmedia":[{"embeddable":true,"href":"http:\/\/heavymetalonline.com.br\/index.php?rest_route=\/wp\/v2\/media\/19407"}],"wp:attachment":[{"href":"http:\/\/heavymetalonline.com.br\/index.php?rest_route=%2Fwp%2Fv2%2Fmedia&parent=19406"}],"wp:term":[{"taxonomy":"category","embeddable":true,"href":"http:\/\/heavymetalonline.com.br\/index.php?rest_route=%2Fwp%2Fv2%2Fcategories&post=19406"},{"taxonomy":"post_tag","embeddable":true,"href":"http:\/\/heavymetalonline.com.br\/index.php?rest_route=%2Fwp%2Fv2%2Ftags&post=19406"}],"curies":[{"name":"wp","href":"https:\/\/api.w.org\/{rel}","templated":true}]}}