{"id":19434,"date":"2023-12-11T19:00:40","date_gmt":"2023-12-11T19:00:40","guid":{"rendered":"http:\/\/heavymetalonline.com.br\/?p=19434"},"modified":"2023-12-11T19:00:41","modified_gmt":"2023-12-11T19:00:41","slug":"maraty-e-o-novo-festival-livre-de-musica-do-brasil","status":"publish","type":"post","link":"http:\/\/heavymetalonline.com.br\/?p=19434","title":{"rendered":"MARATY \u00e9 o novo festival livre de m\u00fasica do Brasil"},"content":{"rendered":"<p><img loading=\"lazy\" decoding=\"async\" class=\"alignnone size-full wp-image-19435\" src=\"http:\/\/heavymetalonline.com.br\/wp-content\/uploads\/2023\/12\/unnamed-1-10.jpg\" alt=\"\" width=\"1180\" height=\"863\" srcset=\"http:\/\/heavymetalonline.com.br\/wp-content\/uploads\/2023\/12\/unnamed-1-10.jpg 1180w, http:\/\/heavymetalonline.com.br\/wp-content\/uploads\/2023\/12\/unnamed-1-10-300x219.jpg 300w, http:\/\/heavymetalonline.com.br\/wp-content\/uploads\/2023\/12\/unnamed-1-10-768x562.jpg 768w, http:\/\/heavymetalonline.com.br\/wp-content\/uploads\/2023\/12\/unnamed-1-10-1024x749.jpg 1024w\" sizes=\"auto, (max-width: 1180px) 100vw, 1180px\" \/><\/p>\n<p><em>Cr\u00e9dito<\/em><span class=\"KviDO\"><em>:<\/em><\/span><em> Divulga\u00e7\u00e3o <\/em><span class=\"iYKHF\"><em>|<\/em><\/span><em> Jo\u00e3o Marcello <\/em><span class=\"\"><em>B<\/em><\/span><em>\u00f4scoli<\/em><span class=\"KviDO\"><em>,<\/em><\/span><em> Carlos Pitchu e Andr\u00e9 Barcinski em Paraty<\/em><\/p>\n<p style=\"text-align: center;\"><em>Totalmente gratuito e inclusivo, festival internacional trar\u00e1 shows, filmes e workshops para a cidade hist\u00f3rica <\/em><\/p>\n<p style=\"text-align: center;\"><em>de Paraty entre 14 e 16 de junho<\/em><\/p>\n<p id=\"viewer-4ugv2438321\" class=\"xVISr Y9Dpf bCMSCT OZy-3 lnyWN yMZv8w bCMSCT public-DraftStyleDefault-block-depth0 fixed-tab-size public-DraftStyleDefault-text-ltr\"><span class=\"B2EFF public-DraftStyleDefault-ltr\">A <strong>cidade hist\u00f3rica de Paraty<\/strong> receber\u00e1 um novo festival de m\u00fasica livre \u2013 totalmente gratuito, democr\u00e1tico e inclusivo \u2013, dedicado a estimular o amor \u00e0 cultura e a valoriza\u00e7\u00e3o da m\u00fasica de qualidade, independentemente de g\u00eanero. Com curadoria do produtor musical <strong>Jo\u00e3o Marcello B\u00f4scoli<\/strong> e do jornalista <strong>Andr\u00e9 Barcinski<\/strong> e produ\u00e7\u00e3o de <strong>Leandro Carbonato<\/strong>, o <strong>festival MARATY ser\u00e1 realizado de 14 a 16 de junho de 2024<\/strong>, com atra\u00e7\u00f5es em diversos pontos da cidade: shows, debates, workshops e exibi\u00e7\u00e3o de filmes sobre m\u00fasica. A <\/span><span class=\"B2EFF public-DraftStyleDefault-ltr\">organiza\u00e7\u00e3o do evento tamb\u00e9m conta com <strong>Carlos Pitchu<\/strong> na dire\u00e7\u00e3o de Marketing e Parcerias.<\/span><\/p>\n<div data-hook=\"rcv-block6\"><\/div>\n<div id=\"viewer-91oib431536\" class=\"xVISr Y9Dpf bCMSCT OZy-3 lnyWN yMZv8w bCMSCT public-DraftStyleDefault-block-depth0 fixed-tab-size public-DraftStyleDefault-text-ltr\"><span class=\"B2EFF public-DraftStyleDefault-ltr\">\u00a0<\/span><\/div>\n<div data-hook=\"rcv-block7\"><\/div>\n<p id=\"viewer-qb3ef430958\" class=\"xVISr Y9Dpf bCMSCT OZy-3 lnyWN yMZv8w bCMSCT public-DraftStyleDefault-block-depth0 fixed-tab-size public-DraftStyleDefault-text-ltr\"><span class=\"B2EFF public-DraftStyleDefault-ltr\">A proposta do MARATY \u00e9 ser um evento imersivo e tranquilo, sem atra\u00e7\u00f5es simult\u00e2neas e que permita ao p\u00fablico prestigiar todos os artistas que se apresentarem no festival e participar de debates e workshops.<\/span><\/p>\n<div data-hook=\"rcv-block8\"><\/div>\n<div id=\"viewer-c548q431388\" class=\"xVISr Y9Dpf bCMSCT OZy-3 lnyWN yMZv8w bCMSCT public-DraftStyleDefault-block-depth0 fixed-tab-size public-DraftStyleDefault-text-ltr\"><span class=\"B2EFF public-DraftStyleDefault-ltr\">\u00a0<\/span><\/div>\n<div data-hook=\"rcv-block9\"><\/div>\n<p id=\"viewer-ii5zx430960\" class=\"xVISr Y9Dpf bCMSCT OZy-3 lnyWN yMZv8w bCMSCT public-DraftStyleDefault-block-depth0 fixed-tab-size public-DraftStyleDefault-text-ltr\"><span class=\"B2EFF public-DraftStyleDefault-ltr\">Na Praia do Pontal, ao lado do Centro Hist\u00f3rico, um grande palco ter\u00e1 <strong>shows nacionais e internacionais de artistas de diferentes estilos<\/strong>, do rock ao soul, do afrobeat ao eletr\u00f4nico, do jazz de vanguarda \u00e0 m\u00fasica de raiz. Um palco-balsa itinerante, montado especialmente para o evento, levar\u00e1 alguns dos artistas do festival para apresenta\u00e7\u00f5es em comunidades de ilhas e regi\u00f5es costeiras mais distantes da cidade.<\/span><\/p>\n<div data-hook=\"rcv-block10\"><\/div>\n<div id=\"viewer-e1bxo431731\" class=\"xVISr Y9Dpf bCMSCT OZy-3 lnyWN yMZv8w bCMSCT public-DraftStyleDefault-block-depth0 fixed-tab-size public-DraftStyleDefault-text-ltr\"><span class=\"B2EFF public-DraftStyleDefault-ltr\">\u00a0<\/span><\/div>\n<div data-hook=\"rcv-block11\"><\/div>\n<p id=\"viewer-z8mnh430964\" class=\"xVISr Y9Dpf bCMSCT OZy-3 lnyWN yMZv8w bCMSCT public-DraftStyleDefault-block-depth0 fixed-tab-size public-DraftStyleDefault-text-ltr\"><span class=\"B2EFF public-DraftStyleDefault-ltr\">No Cinema da Pra\u00e7a, uma <strong>mostra de document\u00e1rios musicais<\/strong> celebrar\u00e1 grandes nomes da m\u00fasica brasileira, enquanto um espa\u00e7o em frente \u00e0 Igreja de Santa Rita promover\u00e1 debates sobre nossa m\u00fasica, com presen\u00e7a de artistas e pesquisadores musicais. Artistas do festival tamb\u00e9m participar\u00e3o de <strong>ciclos de workshop<\/strong> com estudantes da rede p\u00fablica de ensino e moradores da regi\u00e3o.<\/span><\/p>\n<div data-hook=\"rcv-block12\"><\/div>\n<div id=\"viewer-89mgu431897\" class=\"xVISr Y9Dpf bCMSCT OZy-3 lnyWN yMZv8w bCMSCT public-DraftStyleDefault-block-depth0 fixed-tab-size public-DraftStyleDefault-text-ltr\"><span class=\"B2EFF public-DraftStyleDefault-ltr\">\u00a0<\/span><\/div>\n<div data-hook=\"rcv-block13\"><\/div>\n<p id=\"viewer-7ykse430970\" class=\"xVISr Y9Dpf bCMSCT OZy-3 lnyWN yMZv8w bCMSCT public-DraftStyleDefault-block-depth0 fixed-tab-size public-DraftStyleDefault-text-ltr\"><span class=\"B2EFF public-DraftStyleDefault-ltr\"><em>\u201cO festival tem muitas propriedades. Seu ritmo, cad\u00eancia, exuber\u00e2ncia natural e cuidadosa curadoria musical trazem as pessoas para perto, informando, divertindo e formando plateias\u201d<\/em>, afirma Jo\u00e3o Marcello B\u00f4scoli, um dos curadores do evento.<\/span><\/p>\n<div data-hook=\"rcv-block14\"><\/div>\n<div id=\"viewer-gwfhp432238\" class=\"xVISr Y9Dpf bCMSCT OZy-3 lnyWN yMZv8w bCMSCT public-DraftStyleDefault-block-depth0 fixed-tab-size public-DraftStyleDefault-text-ltr\"><span class=\"B2EFF public-DraftStyleDefault-ltr\">\u00a0<\/span><\/div>\n<div data-hook=\"rcv-block15\"><\/div>\n<p id=\"viewer-avx98430972\" class=\"xVISr Y9Dpf bCMSCT OZy-3 lnyWN yMZv8w bCMSCT public-DraftStyleDefault-block-depth0 fixed-tab-size public-DraftStyleDefault-text-ltr\"><span class=\"B2EFF public-DraftStyleDefault-ltr\">A produ\u00e7\u00e3o local do MARATY empregar\u00e1 moradoras e moradores da cidade, pessoas acostumadas a trabalhar em grandes eventos realizados na regi\u00e3o. Pelo menos 80% da m\u00e3o-de-obra do evento ser\u00e1 local, e todos os servi\u00e7os essenciais \u2013 palco, ilumina\u00e7\u00e3o, som, estruturas de tendas \u2013 ser\u00e3o contratados de empresas de Paraty, beneficiando diretamente a economia da regi\u00e3o.<\/span><\/p>\n<div data-hook=\"rcv-block16\"><\/div>\n<div id=\"viewer-ed91t432066\" class=\"xVISr Y9Dpf bCMSCT OZy-3 lnyWN yMZv8w bCMSCT public-DraftStyleDefault-block-depth0 fixed-tab-size public-DraftStyleDefault-text-ltr\"><span class=\"B2EFF public-DraftStyleDefault-ltr\">\u00a0<\/span><\/div>\n<div data-hook=\"rcv-block17\"><\/div>\n<p id=\"viewer-1xpx6430974\" class=\"xVISr Y9Dpf bCMSCT OZy-3 lnyWN yMZv8w bCMSCT public-DraftStyleDefault-block-depth0 fixed-tab-size public-DraftStyleDefault-text-ltr\"><span class=\"B2EFF public-DraftStyleDefault-ltr\"><em>\u201cParaty est\u00e1 muito contente com a presen\u00e7a do Maraty no calend\u00e1rio de 2024. A cidade vem se destacando por sua programa\u00e7\u00e3o de eventos musicais, e agora recebemos mais um festival que vai agregar qualidade a nosso calend\u00e1rio. Seja bem-vindo, Maraty, que 2024 seja o primeiro ano de muitos, e que traga bons frutos \u00e0 nossa economia local e \u00e0 nossa cultura\u201d<\/em>, comemora Marcos Paulo (Paulino), secret\u00e1rio de Turismo da Prefeitura, que apoia o festival.<\/span><\/p>\n<div data-hook=\"rcv-block18\"><\/div>\n<p id=\"viewer-058kz430976\" class=\"xVISr Y9Dpf bCMSCT OZy-3 lnyWN yMZv8w bCMSCT public-DraftStyleDefault-block-depth0 fixed-tab-size public-DraftStyleDefault-text-ltr\"><span class=\"B2EFF public-DraftStyleDefault-ltr\">O secret\u00e1rio de Cultura de Paraty, Jos\u00e9 S\u00e9rgio Barros, acrescenta que <em>&#8220;o MARATY nasce na perspectiva de um novo modelo de festival em Paraty, possibilitando o envolvimento de diversos setores culturais e envolvendo a cidade em sua constru\u00e7\u00e3o, a expectativa \u00e9 de um evento totalmente inclusivo e diverso.\u201d<\/em><\/span><\/p>\n<div data-hook=\"rcv-block19\"><\/div>\n<div id=\"viewer-bc7ef432974\" class=\"xVISr Y9Dpf bCMSCT OZy-3 lnyWN yMZv8w bCMSCT public-DraftStyleDefault-block-depth0 fixed-tab-size public-DraftStyleDefault-text-ltr\"><span class=\"B2EFF public-DraftStyleDefault-ltr\">\u00a0<\/span><\/div>\n<div data-hook=\"rcv-block20\"><\/div>\n<p id=\"viewer-llifb430978\" class=\"xVISr Y9Dpf bCMSCT OZy-3 lnyWN yMZv8w bCMSCT public-DraftStyleDefault-block-depth0 fixed-tab-size public-DraftStyleDefault-text-ltr\"><span class=\"B2EFF public-DraftStyleDefault-ltr\">A escolha da cidade n\u00e3o foi por acaso. Quase equidistante de Rio de Janeiro e S\u00e3o Paulo e pr\u00f3xima do Vale do Para\u00edba, Paraty tem uma hist\u00f3ria rica e uma cultura singular, com a presen\u00e7a de quilombos, aldeias ind\u00edgenas e grupos musicais e art\u00edsticos que preservam e celebram nossas ra\u00edzes. A cidade respira cultura e pulsa hist\u00f3ria.<\/span><\/p>\n<div data-hook=\"rcv-block21\"><\/div>\n<div id=\"viewer-vgcsh434134\" class=\"xVISr Y9Dpf bCMSCT OZy-3 lnyWN yMZv8w bCMSCT public-DraftStyleDefault-block-depth0 fixed-tab-size public-DraftStyleDefault-text-ltr\"><span class=\"B2EFF public-DraftStyleDefault-ltr\">\u00a0<\/span><\/div>\n<div data-hook=\"rcv-block22\"><\/div>\n<p id=\"viewer-jy3ea430980\" class=\"xVISr Y9Dpf bCMSCT OZy-3 lnyWN yMZv8w bCMSCT public-DraftStyleDefault-block-depth0 fixed-tab-size public-DraftStyleDefault-text-ltr\"><span class=\"B2EFF public-DraftStyleDefault-ltr\">Al\u00e9m disso, Paraty fica numa das regi\u00f5es mais bonitas do Brasil, com praias e ilhas paradis\u00edacas. A infraestrutura tur\u00edstica \u00e9 de excel\u00eancia, com centenas de pousadas, hot\u00e9is e ag\u00eancias de turismo, que faz de Paraty uma cidade acostumada a receber bem pessoas do Brasil e do mundo.<\/span><\/p>\n<div data-hook=\"rcv-block23\"><\/div>\n<div id=\"viewer-d09jd434329\" class=\"xVISr Y9Dpf bCMSCT OZy-3 lnyWN yMZv8w bCMSCT public-DraftStyleDefault-block-depth0 fixed-tab-size public-DraftStyleDefault-text-ltr\"><span class=\"B2EFF public-DraftStyleDefault-ltr\">\u00a0<\/span><\/div>\n<div data-hook=\"rcv-block24\"><\/div>\n<p id=\"viewer-blawr430982\" class=\"xVISr Y9Dpf bCMSCT OZy-3 lnyWN yMZv8w bCMSCT public-DraftStyleDefault-block-depth0 fixed-tab-size public-DraftStyleDefault-text-ltr\"><span class=\"B2EFF public-DraftStyleDefault-ltr\"><em>\u201cMoro em Paraty h\u00e1 13 anos e frequento a cidade h\u00e1 40. \u00c9 uma alegria imensa fazer um festival que pretende beneficiar essa regi\u00e3o que tanto amamos, trazendo m\u00fasica de qualidade de forma gratuita, realizando debates e workshops para a popula\u00e7\u00e3o local, e <\/em><\/span><\/p>\n<div data-hook=\"rcv-block25\"><\/div>\n<p id=\"viewer-y3w8w434928\" class=\"xVISr Y9Dpf bCMSCT OZy-3 lnyWN yMZv8w bCMSCT public-DraftStyleDefault-block-depth0 fixed-tab-size public-DraftStyleDefault-text-ltr\"><span class=\"B2EFF public-DraftStyleDefault-ltr\"><em>atraindo turistas que v\u00e3o ajudar a economia local\u201d<\/em>, afirma o curador Andr\u00e9 Barcinski.<\/span><\/p>\n<div data-hook=\"rcv-block26\"><\/div>\n<div id=\"viewer-uxpc8435136\" class=\"xVISr Y9Dpf bCMSCT OZy-3 lnyWN yMZv8w bCMSCT public-DraftStyleDefault-block-depth0 fixed-tab-size public-DraftStyleDefault-text-ltr\"><span class=\"B2EFF public-DraftStyleDefault-ltr\">\u00a0<\/span><\/div>\n<div data-hook=\"rcv-block27\"><\/div>\n<p id=\"viewer-zv055430984\" class=\"xVISr Y9Dpf bCMSCT OZy-3 lnyWN yMZv8w bCMSCT public-DraftStyleDefault-block-depth0 fixed-tab-size public-DraftStyleDefault-text-ltr\"><span class=\"B2EFF public-DraftStyleDefault-ltr\"><strong>Sobre MARATY<\/strong><\/span><\/p>\n<p id=\"viewer-7bt1k430986\" class=\"xVISr Y9Dpf bCMSCT OZy-3 lnyWN yMZv8w bCMSCT public-DraftStyleDefault-block-depth0 fixed-tab-size public-DraftStyleDefault-text-ltr\"><span class=\"B2EFF public-DraftStyleDefault-ltr\">Concebido pelo jornalista, autor e produtor de eventos <strong>Andr\u00e9 Barcinski<\/strong>, que h\u00e1 13 anos mora em Paraty, e pelo produtor musical <strong>Jo\u00e3o Marcello B\u00f4scoli<\/strong>, um apaixonado pela m\u00fasica e pela regi\u00e3o, <strong>MARATY<\/strong> \u00e9 um evento de celebra\u00e7\u00e3o livre da m\u00fasica.<\/span><\/p>\n<div data-hook=\"rcv-block29\"><\/div>\n<div id=\"viewer-5tx9m435895\" class=\"xVISr Y9Dpf bCMSCT OZy-3 lnyWN yMZv8w bCMSCT public-DraftStyleDefault-block-depth0 fixed-tab-size public-DraftStyleDefault-text-ltr\"><span class=\"B2EFF public-DraftStyleDefault-ltr\">\u00a0<\/span><\/div>\n<div data-hook=\"rcv-block30\"><\/div>\n<p id=\"viewer-nwfcm430994\" class=\"xVISr Y9Dpf bCMSCT OZy-3 lnyWN yMZv8w bCMSCT public-DraftStyleDefault-block-depth0 fixed-tab-size public-DraftStyleDefault-text-ltr\"><span class=\"B2EFF public-DraftStyleDefault-ltr\">Inclusivo, democr\u00e1tico e totalmente gratuito, <strong>MARATY<\/strong> estimula o amor \u00e0 m\u00fasica de qualidade e a valoriza\u00e7\u00e3o da popula\u00e7\u00e3o e da cultura local.<\/span><\/p>\n<div data-hook=\"rcv-block31\"><\/div>\n<div id=\"viewer-69pnl436118\" class=\"xVISr Y9Dpf bCMSCT OZy-3 lnyWN yMZv8w bCMSCT public-DraftStyleDefault-block-depth0 fixed-tab-size public-DraftStyleDefault-text-ltr\"><span class=\"B2EFF public-DraftStyleDefault-ltr\">\u00a0<\/span><\/div>\n<div data-hook=\"rcv-block32\"><\/div>\n<p id=\"viewer-oqe6i430998\" class=\"xVISr Y9Dpf bCMSCT OZy-3 lnyWN yMZv8w bCMSCT public-DraftStyleDefault-block-depth0 fixed-tab-size public-DraftStyleDefault-text-ltr\"><span class=\"B2EFF public-DraftStyleDefault-ltr\">A organiza\u00e7\u00e3o do evento tamb\u00e9m conta com <strong>Leandro Carbonato<\/strong> na produ\u00e7\u00e3o e <strong>Carlos Pitchu<\/strong> na dire\u00e7\u00e3o de marketing e parcerias.<\/span><\/p>\n<div data-hook=\"rcv-block33\"><\/div>\n<div id=\"viewer-7l7hd439694\" class=\"xVISr Y9Dpf bCMSCT OZy-3 lnyWN yMZv8w bCMSCT public-DraftStyleDefault-block-depth0 fixed-tab-size public-DraftStyleDefault-text-ltr\"><span class=\"B2EFF public-DraftStyleDefault-ltr\">\u00a0<\/span><\/div>\n<div data-hook=\"rcv-block34\"><\/div>\n<p id=\"viewer-l0diu439918\" class=\"xVISr Y9Dpf bCMSCT OZy-3 lnyWN yMZv8w bCMSCT public-DraftStyleDefault-block-depth0 fixed-tab-size public-DraftStyleDefault-text-ltr\"><span class=\"B2EFF public-DraftStyleDefault-ltr\"><strong>Fonte: <\/strong>Tedesco Comunica\u00e7\u00e3o &amp; M\u00eddia<\/span><\/p>\n","protected":false},"excerpt":{"rendered":"<p>Cr\u00e9dito: Divulga\u00e7\u00e3o | Jo\u00e3o Marcello B\u00f4scoli, Carlos Pitchu e Andr\u00e9 Barcinski em Paraty Totalmente gratuito e inclusivo, festival internacional trar\u00e1 shows, filmes e workshops para a cidade hist\u00f3rica de Paraty entre 14 e 16 de junho A cidade hist\u00f3rica de Paraty receber\u00e1 um novo festival de m\u00fasica livre \u2013 totalmente gratuito, democr\u00e1tico e inclusivo \u2013, [&hellip;]<\/p>\n","protected":false},"author":12,"featured_media":19435,"comment_status":"closed","ping_status":"open","sticky":false,"template":"","format":"standard","meta":{"footnotes":""},"categories":[4],"tags":[],"class_list":["post-19434","post","type-post","status-publish","format-standard","has-post-thumbnail","hentry","category-noticias"],"_links":{"self":[{"href":"http:\/\/heavymetalonline.com.br\/index.php?rest_route=\/wp\/v2\/posts\/19434","targetHints":{"allow":["GET"]}}],"collection":[{"href":"http:\/\/heavymetalonline.com.br\/index.php?rest_route=\/wp\/v2\/posts"}],"about":[{"href":"http:\/\/heavymetalonline.com.br\/index.php?rest_route=\/wp\/v2\/types\/post"}],"author":[{"embeddable":true,"href":"http:\/\/heavymetalonline.com.br\/index.php?rest_route=\/wp\/v2\/users\/12"}],"replies":[{"embeddable":true,"href":"http:\/\/heavymetalonline.com.br\/index.php?rest_route=%2Fwp%2Fv2%2Fcomments&post=19434"}],"version-history":[{"count":1,"href":"http:\/\/heavymetalonline.com.br\/index.php?rest_route=\/wp\/v2\/posts\/19434\/revisions"}],"predecessor-version":[{"id":19437,"href":"http:\/\/heavymetalonline.com.br\/index.php?rest_route=\/wp\/v2\/posts\/19434\/revisions\/19437"}],"wp:featuredmedia":[{"embeddable":true,"href":"http:\/\/heavymetalonline.com.br\/index.php?rest_route=\/wp\/v2\/media\/19435"}],"wp:attachment":[{"href":"http:\/\/heavymetalonline.com.br\/index.php?rest_route=%2Fwp%2Fv2%2Fmedia&parent=19434"}],"wp:term":[{"taxonomy":"category","embeddable":true,"href":"http:\/\/heavymetalonline.com.br\/index.php?rest_route=%2Fwp%2Fv2%2Fcategories&post=19434"},{"taxonomy":"post_tag","embeddable":true,"href":"http:\/\/heavymetalonline.com.br\/index.php?rest_route=%2Fwp%2Fv2%2Ftags&post=19434"}],"curies":[{"name":"wp","href":"https:\/\/api.w.org\/{rel}","templated":true}]}}