{"id":19468,"date":"2023-12-12T19:50:07","date_gmt":"2023-12-12T19:50:07","guid":{"rendered":"http:\/\/heavymetalonline.com.br\/?p=19468"},"modified":"2023-12-12T19:50:07","modified_gmt":"2023-12-12T19:50:07","slug":"ego-kill-talent-encerra-o-ano-com-show-epico-em-sao-paulo","status":"publish","type":"post","link":"http:\/\/heavymetalonline.com.br\/?p=19468","title":{"rendered":"Ego Kill Talent encerra o ano com show \u00e9pico em S\u00e3o Paulo"},"content":{"rendered":"<p><img loading=\"lazy\" decoding=\"async\" class=\"alignnone size-full wp-image-19469\" src=\"http:\/\/heavymetalonline.com.br\/wp-content\/uploads\/2023\/12\/unnamed-3-4.jpg\" alt=\"\" width=\"885\" height=\"588\" srcset=\"http:\/\/heavymetalonline.com.br\/wp-content\/uploads\/2023\/12\/unnamed-3-4.jpg 885w, http:\/\/heavymetalonline.com.br\/wp-content\/uploads\/2023\/12\/unnamed-3-4-300x199.jpg 300w, http:\/\/heavymetalonline.com.br\/wp-content\/uploads\/2023\/12\/unnamed-3-4-768x510.jpg 768w, http:\/\/heavymetalonline.com.br\/wp-content\/uploads\/2023\/12\/unnamed-3-4-270x180.jpg 270w\" sizes=\"auto, (max-width: 885px) 100vw, 885px\" \/><\/p>\n<p>Foto<span class=\"KviDO\">:<\/span> Murilo Amancio<\/p>\n<p style=\"text-align: center;\"><em>O show acontece nesta quarta 13 de dezembro, marcando a celebra\u00e7\u00e3o do novo EP &#8220;Call Us By Her Name&#8221; e a <\/em><\/p>\n<p style=\"text-align: center;\"><em>chegada de Emmily Barreto como vocalista<\/em><\/p>\n<p id=\"viewer-ls3ts21539\" class=\"xVISr Y9Dpf bCMSCT OZy-3 lnyWN yMZv8w bCMSCT public-DraftStyleDefault-block-depth0 fixed-tab-size public-DraftStyleDefault-text-ltr\"><span class=\"B2EFF public-DraftStyleDefault-ltr\">Ap\u00f3s uma <strong>turn\u00ea <\/strong>monumental ao lado do<strong> Evanescence<\/strong>, a banda brasileira <strong>Ego Kill Talent<\/strong> est\u00e1 pronta para encerrar o ano com um espet\u00e1culo imperd\u00edvel em S\u00e3o Paulo. O evento marca n\u00e3o apenas o \u00faltimo show do ano, mas tamb\u00e9m a celebra\u00e7\u00e3o do lan\u00e7amento do mais recente EP da banda, &#8220;Call Us By Her Name&#8221;, que apresenta Emmily Barreto como a nova vocalista.<\/span><\/p>\n<div data-hook=\"rcv-block5\"><\/div>\n<p id=\"viewer-uc29p9293\" class=\"xVISr Y9Dpf bCMSCT OZy-3 lnyWN yMZv8w bCMSCT public-DraftStyleDefault-block-depth0 fixed-tab-size public-DraftStyleDefault-text-ltr\"><span class=\"B2EFF public-DraftStyleDefault-ltr\">\u00a0<\/span><\/p>\n<div data-hook=\"rcv-block6\"><\/div>\n<p id=\"viewer-qkgj59295\" class=\"xVISr Y9Dpf bCMSCT OZy-3 lnyWN yMZv8w bCMSCT public-DraftStyleDefault-block-depth0 fixed-tab-size public-DraftStyleDefault-text-ltr\"><span class=\"B2EFF public-DraftStyleDefault-ltr\">O show est\u00e1 agendado para o dia<strong> 13 de dezembro<\/strong> (quarta-feira), com in\u00edcio \u00e0s 18h, no<strong> City Lights Music Hall<\/strong>, localizado na Rua Padre Garcia Velho, 61, Pinheiros, S\u00e3o Paulo, SP. A classifica\u00e7\u00e3o \u00e9 +18.<\/span><\/p>\n<div data-hook=\"rcv-block7\"><\/div>\n<div id=\"viewer-k1oqv10229\" class=\"xVISr Y9Dpf bCMSCT OZy-3 lnyWN yMZv8w bCMSCT public-DraftStyleDefault-block-depth0 fixed-tab-size public-DraftStyleDefault-text-ltr\"><span class=\"B2EFF public-DraftStyleDefault-ltr\">\u00a0<\/span><\/div>\n<div data-hook=\"rcv-block8\"><\/div>\n<p id=\"viewer-zboqx9301\" class=\"xVISr Y9Dpf bCMSCT OZy-3 lnyWN yMZv8w bCMSCT public-DraftStyleDefault-block-depth0 fixed-tab-size public-DraftStyleDefault-text-ltr\"><span class=\"B2EFF public-DraftStyleDefault-ltr\">Sobre a apresenta\u00e7\u00e3o, o guitarrista<strong> Theo van der Loo<\/strong> diz:<\/span><\/p>\n<p id=\"viewer-zjtk59306\" class=\"xVISr Y9Dpf bCMSCT OZy-3 lnyWN yMZv8w bCMSCT public-DraftStyleDefault-block-depth0 fixed-tab-size public-DraftStyleDefault-text-ltr\"><span class=\"B2EFF public-DraftStyleDefault-ltr\"><em>\u00a0\u201cN\u00e3o encontramos palavras para descrever o quanto estamos animados pra esse show! Vamos tocar todas as m\u00fasicas do EP novo e v\u00e1rias antigas pela primeira vez com a voz da Emmily aqui em SP. Vai ser incr\u00edvel!!!\u201d<\/em><\/span><\/p>\n<div data-hook=\"rcv-block10\"><\/div>\n<p id=\"viewer-fpq929310\" class=\"xVISr Y9Dpf bCMSCT OZy-3 lnyWN yMZv8w bCMSCT public-DraftStyleDefault-block-depth0 fixed-tab-size public-DraftStyleDefault-text-ltr\"><span class=\"B2EFF public-DraftStyleDefault-ltr\">\u00a0<\/span><\/p>\n<div data-hook=\"rcv-block11\"><\/div>\n<p id=\"viewer-ts2l79312\" class=\"xVISr Y9Dpf bCMSCT OZy-3 lnyWN yMZv8w bCMSCT public-DraftStyleDefault-block-depth0 fixed-tab-size public-DraftStyleDefault-text-ltr\"><span class=\"B2EFF public-DraftStyleDefault-ltr\"><a class=\"TWoY9 itht3\" href=\"https:\/\/www.sympla.com.br\/evento\/ego-kill-talent-city-lights-music-hall-13-12\/2244214?_gl=1*1dzbccd*_ga*MzA2NTMwODk2LjE2OTcwNzk2Mjc.*_ga_KXH10SQTZF*MTY5OTY0Nzk4Ny44NC4xLjE2OTk2NTM0OTcuMC4wLjA&amp;share_id=copiarlink&amp;referrer=www.bandsintown.com\" target=\"_blank\" rel=\"noopener noreferrer noreferrer\" data-hook=\"linkViewer\"><strong><u class=\"D-jZk\">INGRESSOS DISPON\u00cdVEIS AQUI<\/u><\/strong><\/a><\/span><\/p>\n<div data-hook=\"rcv-block12\"><\/div>\n<p id=\"viewer-7js3f9314\" class=\"xVISr Y9Dpf bCMSCT OZy-3 lnyWN yMZv8w bCMSCT public-DraftStyleDefault-block-depth0 fixed-tab-size public-DraftStyleDefault-text-ltr\"><span class=\"B2EFF public-DraftStyleDefault-ltr\">\u00a0<\/span><\/p>\n<div data-hook=\"rcv-block13\"><\/div>\n<p id=\"viewer-2si6c9316\" class=\"xVISr Y9Dpf bCMSCT OZy-3 lnyWN yMZv8w bCMSCT public-DraftStyleDefault-block-depth0 fixed-tab-size public-DraftStyleDefault-text-ltr\"><span class=\"B2EFF public-DraftStyleDefault-ltr\">O EP &#8220;Call Us By Her Name&#8221; \u00e9 composto por 4 faixas,<strong> \u2018Need No One To Dance\u2019<\/strong>,\u00a0<strong>\u2018When It Comes\u2019<\/strong>, lan\u00e7adas na sexta-feira, 10 de novembro, al\u00e9m de \u2018<strong>Call Us By Her Name<\/strong>\u2019 e \u2018<strong>Finding Freedom<\/strong>\u2019, que estrearam em 20 de outubro. Produzido e mixado por Steve Evetts, colaborador de longa data, o EP foi lan\u00e7ado pela gravadora BMG.<\/span><\/p>\n<p><img loading=\"lazy\" decoding=\"async\" class=\"alignnone size-full wp-image-19470\" src=\"http:\/\/heavymetalonline.com.br\/wp-content\/uploads\/2023\/12\/unnamed-2-5.jpg\" alt=\"\" width=\"828\" height=\"828\" srcset=\"http:\/\/heavymetalonline.com.br\/wp-content\/uploads\/2023\/12\/unnamed-2-5.jpg 828w, http:\/\/heavymetalonline.com.br\/wp-content\/uploads\/2023\/12\/unnamed-2-5-500x500.jpg 500w, http:\/\/heavymetalonline.com.br\/wp-content\/uploads\/2023\/12\/unnamed-2-5-300x300.jpg 300w, http:\/\/heavymetalonline.com.br\/wp-content\/uploads\/2023\/12\/unnamed-2-5-768x768.jpg 768w\" sizes=\"auto, (max-width: 828px) 100vw, 828px\" \/><\/p>\n<p id=\"viewer-yt61c11276\" class=\"xVISr Y9Dpf bCMSCT OZy-3 lnyWN yMZv8w bCMSCT public-DraftStyleDefault-block-depth0 fixed-tab-size public-DraftStyleDefault-text-ltr\"><span class=\"B2EFF public-DraftStyleDefault-ltr\">Durante a turn\u00ea ao lado do Evanescence, a banda recebeu elogios calorosos da vocalista <strong>Amy Lee<\/strong>, que os apontou como sua <strong>nova banda favorita<\/strong>. Em uma das apresenta\u00e7\u00f5es, ela declarou: <em>&#8220;Vamos todos aplaudir Ego Kill Talent, minha nova banda favorita! Eles quebram tudo, vamos sentir falta de t\u00ea-los todas as noites. N\u00f3s amamos voc\u00eas.&#8221;<\/em><\/span><\/p>\n<div data-hook=\"rcv-block18\"><\/div>\n<p id=\"viewer-8a7ld11362\" class=\"xVISr Y9Dpf bCMSCT OZy-3 lnyWN yMZv8w bCMSCT public-DraftStyleDefault-block-depth0 fixed-tab-size public-DraftStyleDefault-text-ltr\"><span class=\"B2EFF public-DraftStyleDefault-ltr\">\u00a0<\/span><\/p>\n<div data-hook=\"rcv-block19\"><\/div>\n<p id=\"viewer-jnte911364\" class=\"xVISr Y9Dpf bCMSCT OZy-3 lnyWN yMZv8w bCMSCT public-DraftStyleDefault-block-depth0 fixed-tab-size public-DraftStyleDefault-text-ltr\"><span class=\"B2EFF public-DraftStyleDefault-ltr\">Amy Lee n\u00e3o foi a \u00fanica a valorizar a banda. <strong>John Dolmayan<\/strong>, baterista do <strong>System of a Down<\/strong>, j\u00e1 fez uma publica\u00e7\u00e3o no Instagram <strong>confirmando presen\u00e7a<\/strong> no show do dia 13.\u00a0<\/span><\/p>\n<div data-hook=\"rcv-block20\"><\/div>\n<p id=\"viewer-sw5ey11372\" class=\"xVISr Y9Dpf bCMSCT OZy-3 lnyWN yMZv8w bCMSCT public-DraftStyleDefault-block-depth0 fixed-tab-size public-DraftStyleDefault-text-ltr\"><span class=\"B2EFF public-DraftStyleDefault-ltr\">\u00a0<\/span><\/p>\n<div data-hook=\"rcv-block21\"><\/div>\n<p id=\"viewer-xezb311374\" class=\"xVISr Y9Dpf bCMSCT OZy-3 lnyWN yMZv8w bCMSCT public-DraftStyleDefault-block-depth0 fixed-tab-size public-DraftStyleDefault-text-ltr\"><span class=\"B2EFF public-DraftStyleDefault-ltr\">Desde sua forma\u00e7\u00e3o em 2014, o Ego Kill Talent acumulou conquistas impressionantes, excursionando com grandes nomes como Metallica, Foo Fighters, Queens of the Stone Age, System of a Down, Greta Van Fleet, Shinedown, e Within Temptation, al\u00e9m de participar de festivais renomados como Rock Am Ring, Rock Im Park, Hellfest, Rock In Rio Lisboa, Rock In Rio Brasil, Download Paris, Lollapalooza Brasil, Lollapalooza Chile, Aftershock, Louder Than Life, entre outros.<\/span><\/p>\n<div data-hook=\"rcv-block22\"><\/div>\n<p id=\"viewer-yku5211376\" class=\"xVISr Y9Dpf bCMSCT OZy-3 lnyWN yMZv8w bCMSCT public-DraftStyleDefault-block-depth0 fixed-tab-size public-DraftStyleDefault-text-ltr\"><span class=\"B2EFF public-DraftStyleDefault-ltr\">\u00a0<\/span><\/p>\n<div data-hook=\"rcv-block23\"><\/div>\n<p id=\"viewer-sdyf911378\" class=\"xVISr Y9Dpf bCMSCT OZy-3 lnyWN yMZv8w bCMSCT public-DraftStyleDefault-block-depth0 fixed-tab-size public-DraftStyleDefault-text-ltr\"><span class=\"B2EFF public-DraftStyleDefault-ltr\">A banda tem dois \u00e1lbuns em seu hist\u00f3rico, sendo eles <strong>&#8220;Ego Kill Talent&#8221;<\/strong> (2017) e <strong>&#8220;The Dance Between Extremes&#8221;<\/strong> (2020, gravado no renomado est\u00fadio 606 dos Foo Fighters). Atualmente, o grupo est\u00e1 comemorando um cap\u00edtulo totalmente novo e estimulante em sua trajet\u00f3ria musical, com a rec\u00e9m-chegada vocalista, <strong>Emmily Barreto<\/strong>, que tamb\u00e9m \u00e9 integrante do Far From Alaska. Ao falar sobre sua entrada na banda, Emmily compartilha:<\/span><\/p>\n<div data-hook=\"rcv-block24\"><\/div>\n<p id=\"viewer-3xrbz11386\" class=\"xVISr Y9Dpf bCMSCT OZy-3 lnyWN yMZv8w bCMSCT public-DraftStyleDefault-block-depth0 fixed-tab-size public-DraftStyleDefault-text-ltr\"><span class=\"B2EFF public-DraftStyleDefault-ltr\"><em>\u201cMinha cabe\u00e7a buga as vezes quando lembro que entrei no EKT. Eles sempre foram uma das minhas bandas favoritas e eu t\u00f4 nas nuvens com o que a gente vem fazendo juntos. Espero que todo mundo se anime com o que estamos trazendo neste novo ciclo.\u201d<\/em><\/span><\/p>\n<div data-hook=\"rcv-block25\"><\/div>\n<p id=\"viewer-51ifl11388\" class=\"xVISr Y9Dpf bCMSCT OZy-3 lnyWN yMZv8w bCMSCT public-DraftStyleDefault-block-depth0 fixed-tab-size public-DraftStyleDefault-text-ltr\"><span class=\"B2EFF public-DraftStyleDefault-ltr\">\u00a0<\/span><\/p>\n<div data-hook=\"rcv-block26\"><\/div>\n<p id=\"viewer-25fl011390\" class=\"xVISr Y9Dpf bCMSCT OZy-3 lnyWN yMZv8w bCMSCT public-DraftStyleDefault-block-depth0 fixed-tab-size public-DraftStyleDefault-text-ltr\"><span class=\"B2EFF public-DraftStyleDefault-ltr\">N\u00e3o perca a oportunidade de testemunhar esse momento \u00fanico na carreira do Ego Kill Talent. Os ingressos est\u00e3o dispon\u00edveis para compra atrav\u00e9s do site da<u class=\"D-jZk\"> <\/u><a class=\"TWoY9 itht3\" href=\"https:\/\/www.sympla.com.br\/evento\/ego-kill-talent-city-lights-music-hall-13-12\/2244214?_gl=1*1dzbccd*_ga*MzA2NTMwODk2LjE2OTcwNzk2Mjc.*_ga_KXH10SQTZF*MTY5OTY0Nzk4Ny44NC4xLjE2OTk2NTM0OTcuMC4wLjA&amp;share_id=copiarlink&amp;referrer=www.bandsintown.com\" target=\"_blank\" rel=\"noopener noreferrer noreferrer\" data-hook=\"linkViewer\"><u class=\"D-jZk\"><strong>Sympla<\/strong><\/u><\/a>.<\/span><\/p>\n<div data-hook=\"rcv-block27\"><\/div>\n<p id=\"viewer-lm89r11394\" class=\"xVISr Y9Dpf bCMSCT OZy-3 lnyWN yMZv8w bCMSCT public-DraftStyleDefault-block-depth0 fixed-tab-size public-DraftStyleDefault-text-ltr\"><span class=\"B2EFF public-DraftStyleDefault-ltr\">\u00a0<\/span><\/p>\n<div data-hook=\"rcv-block28\"><\/div>\n<p id=\"viewer-v43v711396\" class=\"xVISr Y9Dpf bCMSCT OZy-3 lnyWN yMZv8w bCMSCT public-DraftStyleDefault-block-depth0 fixed-tab-size public-DraftStyleDefault-text-ltr\"><span class=\"B2EFF public-DraftStyleDefault-ltr\"><strong>SHOW EGO KILL TALENT:<\/strong><\/span><\/p>\n<p id=\"viewer-x12ef11398\" class=\"xVISr Y9Dpf bCMSCT OZy-3 lnyWN yMZv8w bCMSCT public-DraftStyleDefault-block-depth0 fixed-tab-size public-DraftStyleDefault-text-ltr\"><span class=\"B2EFF public-DraftStyleDefault-ltr\"><strong>Data:<\/strong> 13 de dezembro (quarta-feira)<\/span><\/p>\n<p id=\"viewer-z10rc11401\" class=\"xVISr Y9Dpf bCMSCT OZy-3 lnyWN yMZv8w bCMSCT public-DraftStyleDefault-block-depth0 fixed-tab-size public-DraftStyleDefault-text-ltr\"><span class=\"B2EFF public-DraftStyleDefault-ltr\"><strong>Hor\u00e1rio:<\/strong> A partir das 18h<\/span><\/p>\n<p id=\"viewer-4fv7111404\" class=\"xVISr Y9Dpf bCMSCT OZy-3 lnyWN yMZv8w bCMSCT public-DraftStyleDefault-block-depth0 fixed-tab-size public-DraftStyleDefault-text-ltr\"><span class=\"B2EFF public-DraftStyleDefault-ltr\"><strong>Classifica\u00e7\u00e3o:<\/strong> +18<\/span><\/p>\n<p id=\"viewer-xo4ea11407\" class=\"xVISr Y9Dpf bCMSCT OZy-3 lnyWN yMZv8w bCMSCT public-DraftStyleDefault-block-depth0 fixed-tab-size public-DraftStyleDefault-text-ltr\"><span class=\"B2EFF public-DraftStyleDefault-ltr\"><strong>Local:<\/strong> City Lights Music Hall &#8211; Rua Padre Garcia Velho, 61 \u2013 Pinheiros, S\u00e3o Paulo, SP<\/span><\/p>\n<div data-hook=\"rcv-block33\"><\/div>\n<div id=\"viewer-arck212646\" class=\"xVISr Y9Dpf bCMSCT OZy-3 lnyWN yMZv8w bCMSCT public-DraftStyleDefault-block-depth0 fixed-tab-size public-DraftStyleDefault-text-ltr\"><span class=\"B2EFF public-DraftStyleDefault-ltr\">\u00a0<\/span><\/div>\n<div data-hook=\"rcv-block34\"><\/div>\n<p id=\"viewer-67iix12857\" class=\"xVISr Y9Dpf bCMSCT OZy-3 lnyWN yMZv8w bCMSCT public-DraftStyleDefault-block-depth0 fixed-tab-size public-DraftStyleDefault-text-ltr\"><span class=\"B2EFF public-DraftStyleDefault-ltr\"><strong>Fonte:<\/strong> Catto Comunica\u00e7\u00e3o<\/span><\/p>\n","protected":false},"excerpt":{"rendered":"<p>Foto: Murilo Amancio O show acontece nesta quarta 13 de dezembro, marcando a celebra\u00e7\u00e3o do novo EP &#8220;Call Us By Her Name&#8221; e a chegada de Emmily Barreto como vocalista Ap\u00f3s uma turn\u00ea monumental ao lado do Evanescence, a banda brasileira Ego Kill Talent est\u00e1 pronta para encerrar o ano com um espet\u00e1culo imperd\u00edvel em [&hellip;]<\/p>\n","protected":false},"author":12,"featured_media":19469,"comment_status":"closed","ping_status":"open","sticky":false,"template":"","format":"standard","meta":{"footnotes":""},"categories":[4],"tags":[],"class_list":["post-19468","post","type-post","status-publish","format-standard","has-post-thumbnail","hentry","category-noticias"],"_links":{"self":[{"href":"http:\/\/heavymetalonline.com.br\/index.php?rest_route=\/wp\/v2\/posts\/19468","targetHints":{"allow":["GET"]}}],"collection":[{"href":"http:\/\/heavymetalonline.com.br\/index.php?rest_route=\/wp\/v2\/posts"}],"about":[{"href":"http:\/\/heavymetalonline.com.br\/index.php?rest_route=\/wp\/v2\/types\/post"}],"author":[{"embeddable":true,"href":"http:\/\/heavymetalonline.com.br\/index.php?rest_route=\/wp\/v2\/users\/12"}],"replies":[{"embeddable":true,"href":"http:\/\/heavymetalonline.com.br\/index.php?rest_route=%2Fwp%2Fv2%2Fcomments&post=19468"}],"version-history":[{"count":1,"href":"http:\/\/heavymetalonline.com.br\/index.php?rest_route=\/wp\/v2\/posts\/19468\/revisions"}],"predecessor-version":[{"id":19471,"href":"http:\/\/heavymetalonline.com.br\/index.php?rest_route=\/wp\/v2\/posts\/19468\/revisions\/19471"}],"wp:featuredmedia":[{"embeddable":true,"href":"http:\/\/heavymetalonline.com.br\/index.php?rest_route=\/wp\/v2\/media\/19469"}],"wp:attachment":[{"href":"http:\/\/heavymetalonline.com.br\/index.php?rest_route=%2Fwp%2Fv2%2Fmedia&parent=19468"}],"wp:term":[{"taxonomy":"category","embeddable":true,"href":"http:\/\/heavymetalonline.com.br\/index.php?rest_route=%2Fwp%2Fv2%2Fcategories&post=19468"},{"taxonomy":"post_tag","embeddable":true,"href":"http:\/\/heavymetalonline.com.br\/index.php?rest_route=%2Fwp%2Fv2%2Ftags&post=19468"}],"curies":[{"name":"wp","href":"https:\/\/api.w.org\/{rel}","templated":true}]}}