{"id":19792,"date":"2023-12-28T16:37:23","date_gmt":"2023-12-28T16:37:23","guid":{"rendered":"http:\/\/heavymetalonline.com.br\/?p=19792"},"modified":"2023-12-28T16:37:23","modified_gmt":"2023-12-28T16:37:23","slug":"conception-faz-a-aguardada-estreia-no-brasil-em-marco-de-2024","status":"publish","type":"post","link":"http:\/\/heavymetalonline.com.br\/?p=19792","title":{"rendered":"Conception faz a aguardada estreia no Brasil em mar\u00e7o de 2024"},"content":{"rendered":"<p><img loading=\"lazy\" decoding=\"async\" class=\"alignnone size-full wp-image-19793\" src=\"http:\/\/heavymetalonline.com.br\/wp-content\/uploads\/2023\/12\/ConceptionNewPressShot2.jpg\" alt=\"\" width=\"1180\" height=\"1770\" srcset=\"http:\/\/heavymetalonline.com.br\/wp-content\/uploads\/2023\/12\/ConceptionNewPressShot2.jpg 1180w, http:\/\/heavymetalonline.com.br\/wp-content\/uploads\/2023\/12\/ConceptionNewPressShot2-200x300.jpg 200w, http:\/\/heavymetalonline.com.br\/wp-content\/uploads\/2023\/12\/ConceptionNewPressShot2-768x1152.jpg 768w, http:\/\/heavymetalonline.com.br\/wp-content\/uploads\/2023\/12\/ConceptionNewPressShot2-683x1024.jpg 683w\" sizes=\"auto, (max-width: 1180px) 100vw, 1180px\" \/><\/p>\n<p>Cr\u00e9dito: Divulga\u00e7\u00e3o\/Conception<\/p>\n<p id=\"viewer-9uonu33884\" class=\"xVISr Y9Dpf bCMSCT OZy-3 cDpYU ok2w4y bCMSCT public-DraftStyleDefault-block-depth0 fixed-tab-size public-DraftStyleDefault-text-ltr\" style=\"text-align: center;\"><span class=\"B2EFF public-DraftStyleDefault-ltr\"><em>Primeiro show \u00e9 dia 8\/03, no Carioca Club, em S\u00e3o Paulo (SP). Em seguida, quarteto noruegu\u00eas toca em Curitiba (PR), dia 10\/03<\/em><\/span><\/p>\n<div data-hook=\"rcv-block4\"><\/div>\n<p id=\"viewer-cbfly46555\" class=\"xVISr Y9Dpf bCMSCT OZy-3 lnyWN yMZv8w bCMSCT public-DraftStyleDefault-block-depth0 fixed-tab-size public-DraftStyleDefault-text-ltr\"><span class=\"B2EFF public-DraftStyleDefault-ltr\">Ap\u00f3s um 2023 bem-sucedido com turn\u00eas pela Europa e especialmente pelo seu pa\u00eds de origem, a Noruega, a ic\u00f4nica banda de prog\/heavy metal <strong>Conception<\/strong>, que desde a d\u00e9cada de 1990 at\u00e9 os dias atuais \u00e9 mundialmente reconhecida como uma das forma\u00e7\u00e3o mais originais da m\u00fasica pesada, enfim se apresenta pela primeira vez na Am\u00e9rica Latina, com quatro shows em mar\u00e7o de 2024.<\/span><\/p>\n<div data-hook=\"rcv-block5\"><\/div>\n<div id=\"viewer-z3q5k496\" class=\"xVISr Y9Dpf bCMSCT OZy-3 lnyWN yMZv8w bCMSCT public-DraftStyleDefault-block-depth0 fixed-tab-size public-DraftStyleDefault-text-ltr\"><span class=\"B2EFF public-DraftStyleDefault-ltr\">\u00a0<\/span><\/div>\n<div data-hook=\"rcv-block6\"><\/div>\n<p id=\"viewer-99hz3201\" class=\"xVISr Y9Dpf bCMSCT OZy-3 lnyWN yMZv8w bCMSCT public-DraftStyleDefault-block-depth0 fixed-tab-size public-DraftStyleDefault-text-ltr\"><span class=\"B2EFF public-DraftStyleDefault-ltr\">O primeiro show \u00e9 dia 8\/03, no Carioca Club, em <strong>S\u00e3o Paulo<\/strong> (SP &#8211; <a class=\"TWoY9 itht3\" href=\"https:\/\/www.clubedoingresso.com\/evento\/conception-sp\" target=\"_blank\" rel=\"noopener noreferrer\" data-hook=\"linkViewer\">ingresso aqui<\/a>). Em seguida, o quarteto noruegu\u00eas se apresenta em <strong>Curitiba<\/strong> (PR), dia 10\/03, no CWB Hall (<a class=\"TWoY9 itht3\" href=\"https:\/\/www.bilheto.com.br\/comprar\/1939\/conception\" target=\"_blank\" rel=\"noopener noreferrer\" data-hook=\"linkViewer\">ingresso aqui<\/a>). Os demais concertos s\u00e3o dia 13\/03 em Santiago, no <strong>Chile<\/strong>, e dia 15\/03 na Cidade do M\u00e9xico, no <strong>M\u00e9xico<\/strong>.<\/span><\/p>\n<div data-hook=\"rcv-block7\"><\/div>\n<div id=\"viewer-vp3ah677\" class=\"xVISr Y9Dpf bCMSCT OZy-3 lnyWN yMZv8w bCMSCT public-DraftStyleDefault-block-depth0 fixed-tab-size public-DraftStyleDefault-text-ltr\"><span class=\"B2EFF public-DraftStyleDefault-ltr\">\u00a0<\/span><\/div>\n<div data-hook=\"rcv-block8\"><\/div>\n<p id=\"viewer-h6ppr215\" class=\"xVISr Y9Dpf bCMSCT OZy-3 lnyWN yMZv8w bCMSCT public-DraftStyleDefault-block-depth0 fixed-tab-size public-DraftStyleDefault-text-ltr\"><span class=\"B2EFF public-DraftStyleDefault-ltr\">Dois m\u00fasicos do Conception ficaram mundialmente famosos a partir dos anos 2000 em outros projetos, durante o per\u00edodo em que a banda estava inativa: Roy Khan foi a voz do Kamelot de 1998 a 2011, enquanto o guitarrista Tore \u00d8stby comandou o Ark com Jorn Lande nos vocais, al\u00e9m de ter se apresentado ao vivo com o Avantasia e na carreira solo de DC Cooper (Royal Hunt).<\/span><\/p>\n<div data-hook=\"rcv-block9\"><\/div>\n<div id=\"viewer-x1yl8834\" class=\"xVISr Y9Dpf bCMSCT OZy-3 lnyWN yMZv8w bCMSCT public-DraftStyleDefault-block-depth0 fixed-tab-size public-DraftStyleDefault-text-ltr\"><span class=\"B2EFF public-DraftStyleDefault-ltr\">\u00a0<\/span><\/div>\n<div data-hook=\"rcv-block10\"><\/div>\n<p id=\"viewer-qjefk217\" class=\"xVISr Y9Dpf bCMSCT OZy-3 lnyWN yMZv8w bCMSCT public-DraftStyleDefault-block-depth0 fixed-tab-size public-DraftStyleDefault-text-ltr\"><span class=\"B2EFF public-DraftStyleDefault-ltr\">Khan, ali\u00e1s, \u00e9 um fen\u00f4meno, um \u00edcone da m\u00fasica. \u00c9 considerado pela cr\u00edtica mundial e pela Academia de M\u00fasica da Noruega como uma das mais belas vozes do planeta por transitar entre os graves e agudos de forma magistral e din\u00e2mica em interpreta\u00e7\u00f5es magistrais.<\/span><\/p>\n<div data-hook=\"rcv-block11\"><\/div>\n<p id=\"viewer-yjyw7219\" class=\"xVISr Y9Dpf bCMSCT OZy-3 lnyWN yMZv8w bCMSCT public-DraftStyleDefault-block-depth0 fixed-tab-size public-DraftStyleDefault-text-ltr\"><span class=\"B2EFF public-DraftStyleDefault-ltr\">Tamb\u00e9m da forma\u00e7\u00e3o original, Ingar Amlien (baixo) e Arve Heimdal (bateria) completam a banda.<\/span><\/p>\n<div data-hook=\"rcv-block12\"><\/div>\n<div id=\"viewer-ru160998\" class=\"xVISr Y9Dpf bCMSCT OZy-3 lnyWN yMZv8w bCMSCT public-DraftStyleDefault-block-depth0 fixed-tab-size public-DraftStyleDefault-text-ltr\"><span class=\"B2EFF public-DraftStyleDefault-ltr\">\u00a0<\/span><\/div>\n<div data-hook=\"rcv-block13\"><\/div>\n<p id=\"viewer-qcc2c221\" class=\"xVISr Y9Dpf bCMSCT OZy-3 lnyWN yMZv8w bCMSCT public-DraftStyleDefault-block-depth0 fixed-tab-size public-DraftStyleDefault-text-ltr\"><span class=\"B2EFF public-DraftStyleDefault-ltr\">O <strong>Conception <\/strong>nasceu em 1989 no vilarejo de Raufoss, na Noruega, e tem cinco discos lan\u00e7ados. Quatro deles na d\u00e9cada de 1990: The Last Sunset (1991), Parallel Minds (1993), In Your Multitude (1995) e Flow (1997), todos eles com resenhas positivas ao redor do globo e que elevou a banda como uma das mais geniais do famoso selo alem\u00e3o Noise Records.<\/span><\/p>\n<div data-hook=\"rcv-block14\"><\/div>\n<div id=\"viewer-0f8ub1341\" class=\"xVISr Y9Dpf bCMSCT OZy-3 lnyWN yMZv8w bCMSCT public-DraftStyleDefault-block-depth0 fixed-tab-size public-DraftStyleDefault-text-ltr\"><span class=\"B2EFF public-DraftStyleDefault-ltr\">\u00a0<\/span><\/div>\n<div data-hook=\"rcv-block15\"><\/div>\n<p id=\"viewer-tyg3w223\" class=\"xVISr Y9Dpf bCMSCT OZy-3 lnyWN yMZv8w bCMSCT public-DraftStyleDefault-block-depth0 fixed-tab-size public-DraftStyleDefault-text-ltr\"><span class=\"B2EFF public-DraftStyleDefault-ltr\">Ap\u00f3s o retorno, em 2018, o Conception manteve a mistura \u00fanica e cativante entre o power metal e elementos da m\u00fasica progressiva no EP My Dark Symphony (2918) e no quinto \u00e1lbum, State of Deception (2020).<\/span><\/p>\n<div data-hook=\"rcv-block16\"><\/div>\n<div id=\"viewer-3sjca1168\" class=\"xVISr Y9Dpf bCMSCT OZy-3 lnyWN yMZv8w bCMSCT public-DraftStyleDefault-block-depth0 fixed-tab-size public-DraftStyleDefault-text-ltr\"><span class=\"B2EFF public-DraftStyleDefault-ltr\">\u00a0<\/span><\/div>\n<div data-hook=\"rcv-block17\"><\/div>\n<p id=\"viewer-jltrz225\" class=\"xVISr Y9Dpf bCMSCT OZy-3 lnyWN yMZv8w bCMSCT public-DraftStyleDefault-block-depth0 fixed-tab-size public-DraftStyleDefault-text-ltr\"><span class=\"B2EFF public-DraftStyleDefault-ltr\">A banda est\u00e1 animada por finalmente poder tocar nessa parte do mundo e confia que ser\u00e1 fant\u00e1stico, como destaca Roy Khan<\/span><\/p>\n<p id=\"viewer-nz4kb227\" class=\"xVISr Y9Dpf bCMSCT OZy-3 lnyWN yMZv8w bCMSCT public-DraftStyleDefault-block-depth0 fixed-tab-size public-DraftStyleDefault-text-ltr\"><span class=\"B2EFF public-DraftStyleDefault-ltr\"><em>\u201cMal posso esperar para revisitar a Am\u00e9rica Latina com o Conception e tocar para os possivelmente melhores f\u00e3s do mundo! Esta ser\u00e1 realmente uma grande experi\u00eancia para todos n\u00f3s! At\u00e9 l\u00e1!\u201d<\/em><\/span><\/p>\n<div data-hook=\"rcv-block20\"><\/div>\n<div id=\"viewer-qm03w1987\" class=\"xVISr Y9Dpf bCMSCT OZy-3 lnyWN yMZv8w bCMSCT public-DraftStyleDefault-block-depth0 fixed-tab-size public-DraftStyleDefault-text-ltr\"><span class=\"B2EFF public-DraftStyleDefault-ltr\">\u00a0<\/span><\/div>\n<div data-hook=\"rcv-block21\"><\/div>\n<p id=\"viewer-2gzve229\" class=\"xVISr Y9Dpf bCMSCT OZy-3 lnyWN yMZv8w bCMSCT public-DraftStyleDefault-block-depth0 fixed-tab-size public-DraftStyleDefault-text-ltr\"><span class=\"B2EFF public-DraftStyleDefault-ltr\">Depois de anos de feedback positivo dos f\u00e3s nesta regi\u00e3o, o guitarrista Tore \u00d8stby diz que ficaram emocionados quando a <strong>Far Music Entertainment<\/strong> entrou em contato:<\/span><\/p>\n<p id=\"viewer-f8ato231\" class=\"xVISr Y9Dpf bCMSCT OZy-3 lnyWN yMZv8w bCMSCT public-DraftStyleDefault-block-depth0 fixed-tab-size public-DraftStyleDefault-text-ltr\"><span class=\"B2EFF public-DraftStyleDefault-ltr\"><em>\u201cEstou ansioso para encontrar nossos f\u00e3s, sentir a energia e buscar inspira\u00e7\u00e3o na cultura fant\u00e1stica e rica do Brasil, Chile e M\u00e9xico!\u201c<\/em><\/span><\/p>\n<div data-hook=\"rcv-block24\"><\/div>\n<div id=\"viewer-nxn5t2476\" class=\"xVISr Y9Dpf bCMSCT OZy-3 lnyWN yMZv8w bCMSCT public-DraftStyleDefault-block-depth0 fixed-tab-size public-DraftStyleDefault-text-ltr\"><span class=\"B2EFF public-DraftStyleDefault-ltr\">\u00a0<\/span><\/div>\n<div data-hook=\"rcv-block25\"><\/div>\n<p id=\"viewer-5qs5p233\" class=\"xVISr Y9Dpf bCMSCT OZy-3 lnyWN yMZv8w bCMSCT public-DraftStyleDefault-block-depth0 fixed-tab-size public-DraftStyleDefault-text-ltr\"><span class=\"B2EFF public-DraftStyleDefault-ltr\">A realiza\u00e7\u00e3o desta in\u00e9dita e aguarda turn\u00ea do Conception, \u00e9 da produtora brasileira <strong>Far Rock Music<\/strong>, com vasta experi\u00eancia em produ\u00e7\u00f5es no universo da m\u00fasica asi\u00e1tica e que agora inicia trabalhos no rock.<\/span><\/p>\n<p><img loading=\"lazy\" decoding=\"async\" class=\"alignnone size-full wp-image-19794\" src=\"http:\/\/heavymetalonline.com.br\/wp-content\/uploads\/2023\/12\/Feed_Conception_tour.jpg\" alt=\"\" width=\"1080\" height=\"1350\" srcset=\"http:\/\/heavymetalonline.com.br\/wp-content\/uploads\/2023\/12\/Feed_Conception_tour.jpg 1080w, http:\/\/heavymetalonline.com.br\/wp-content\/uploads\/2023\/12\/Feed_Conception_tour-240x300.jpg 240w, http:\/\/heavymetalonline.com.br\/wp-content\/uploads\/2023\/12\/Feed_Conception_tour-768x960.jpg 768w, http:\/\/heavymetalonline.com.br\/wp-content\/uploads\/2023\/12\/Feed_Conception_tour-819x1024.jpg 819w\" sizes=\"auto, (max-width: 1080px) 100vw, 1080px\" \/><\/p>\n<p id=\"viewer-hmtlf237\" class=\"xVISr Y9Dpf bCMSCT OZy-3 lnyWN yMZv8w bCMSCT public-DraftStyleDefault-block-depth0 fixed-tab-size public-DraftStyleDefault-text-ltr\"><span class=\"B2EFF public-DraftStyleDefault-ltr\"><strong>SERVI\u00c7O<\/strong><\/span><\/p>\n<p id=\"viewer-nfphm239\" class=\"xVISr Y9Dpf bCMSCT OZy-3 lnyWN yMZv8w bCMSCT public-DraftStyleDefault-block-depth0 fixed-tab-size public-DraftStyleDefault-text-ltr\"><span class=\"B2EFF public-DraftStyleDefault-ltr\"><strong>Conception em S\u00e3o Paulo<\/strong><\/span><\/p>\n<p id=\"viewer-gl0v93791\" class=\"xVISr Y9Dpf bCMSCT OZy-3 lnyWN yMZv8w bCMSCT public-DraftStyleDefault-block-depth0 fixed-tab-size public-DraftStyleDefault-text-ltr\"><span class=\"B2EFF public-DraftStyleDefault-ltr\">Data: Sexta-feira, 8 de Mar\u00e7o de 2024<\/span><\/p>\n<p id=\"viewer-pdazs4186\" class=\"xVISr Y9Dpf bCMSCT OZy-3 lnyWN yMZv8w bCMSCT public-DraftStyleDefault-block-depth0 fixed-tab-size public-DraftStyleDefault-text-ltr\"><span class=\"B2EFF public-DraftStyleDefault-ltr\">Hor\u00e1rio: 19h (portas) | 21h (in\u00edcio)<\/span><\/p>\n<p id=\"viewer-28ahn4624\" class=\"xVISr Y9Dpf bCMSCT OZy-3 lnyWN yMZv8w bCMSCT public-DraftStyleDefault-block-depth0 fixed-tab-size public-DraftStyleDefault-text-ltr\"><span class=\"B2EFF public-DraftStyleDefault-ltr\">Local: Carioca Club<\/span><\/p>\n<p id=\"viewer-obrzw4890\" class=\"xVISr Y9Dpf bCMSCT OZy-3 lnyWN yMZv8w bCMSCT public-DraftStyleDefault-block-depth0 fixed-tab-size public-DraftStyleDefault-text-ltr\"><span class=\"B2EFF public-DraftStyleDefault-ltr\">Endere\u00e7o: Rua Cardeal Arcoverde, 2899 &#8211; Pinheiros &#8211; S\u00e3o Paulo, SP<\/span><\/p>\n<p id=\"viewer-v72my5132\" class=\"xVISr Y9Dpf bCMSCT OZy-3 lnyWN yMZv8w bCMSCT public-DraftStyleDefault-block-depth0 fixed-tab-size public-DraftStyleDefault-text-ltr\"><span class=\"B2EFF public-DraftStyleDefault-ltr\">Vendas: <a class=\"TWoY9 itht3\" href=\"https:\/\/www.clubedoingresso.com\/evento\/conception-spIngresso:R$\" target=\"_blank\" rel=\"noopener noreferrer noreferrer\" data-hook=\"linkViewer\"><u class=\"D-jZk\">https:\/\/www.clubedoingresso.com\/evento\/conception-sp<\/u><\/a><\/span><\/p>\n<div data-hook=\"rcv-block36\"><\/div>\n<div id=\"viewer-nhwha5382\" class=\"xVISr Y9Dpf bCMSCT OZy-3 lnyWN yMZv8w bCMSCT public-DraftStyleDefault-block-depth0 fixed-tab-size public-DraftStyleDefault-text-ltr\"><span class=\"B2EFF public-DraftStyleDefault-ltr\">\u00a0<\/span><\/div>\n<div data-hook=\"rcv-block37\"><\/div>\n<p id=\"viewer-dsj2i5569\" class=\"xVISr Y9Dpf bCMSCT OZy-3 lnyWN yMZv8w bCMSCT public-DraftStyleDefault-block-depth0 fixed-tab-size public-DraftStyleDefault-text-ltr\"><span class=\"B2EFF public-DraftStyleDefault-ltr\"><a class=\"TWoY9 itht3\" href=\"https:\/\/www.clubedoingresso.com\/evento\/conception-spIngresso:R$\" target=\"_blank\" rel=\"noopener noreferrer\" data-hook=\"linkViewer\"><strong>Ingresso:<\/strong><\/a><\/span><\/p>\n<p id=\"viewer-m4i9v8338\" class=\"xVISr Y9Dpf bCMSCT OZy-3 lnyWN yMZv8w bCMSCT public-DraftStyleDefault-block-depth0 fixed-tab-size public-DraftStyleDefault-text-ltr\"><span class=\"B2EFF public-DraftStyleDefault-ltr\"><a class=\"TWoY9 itht3\" href=\"https:\/\/www.clubedoingresso.com\/evento\/conception-spIngresso:R$\" target=\"_blank\" rel=\"noopener noreferrer\" data-hook=\"linkViewer\">R$<\/a> 130,00; (1\u00ba Lote, Pista &#8211; Meia-entrada)<\/span><\/p>\n<p id=\"viewer-la9h18860\" class=\"xVISr Y9Dpf bCMSCT OZy-3 lnyWN yMZv8w bCMSCT public-DraftStyleDefault-block-depth0 fixed-tab-size public-DraftStyleDefault-text-ltr\"><span class=\"B2EFF public-DraftStyleDefault-ltr\">R$ 260,00 ( 1\u00ba Lote Pista &#8211; Inteira)<\/span><\/p>\n<p id=\"viewer-zp6u39173\" class=\"xVISr Y9Dpf bCMSCT OZy-3 lnyWN yMZv8w bCMSCT public-DraftStyleDefault-block-depth0 fixed-tab-size public-DraftStyleDefault-text-ltr\"><span class=\"B2EFF public-DraftStyleDefault-ltr\">R$ 165,00 (1\u00ba Lote, Camarote &#8211; Meia-entrada)<\/span><\/p>\n<p id=\"viewer-4rmz89608\" class=\"xVISr Y9Dpf bCMSCT OZy-3 lnyWN yMZv8w bCMSCT public-DraftStyleDefault-block-depth0 fixed-tab-size public-DraftStyleDefault-text-ltr\"><span class=\"B2EFF public-DraftStyleDefault-ltr\">R$ 330,00 (1\u00ba Lote, Camarote &#8211; Inteira)<\/span><\/p>\n<div data-hook=\"rcv-block42\"><\/div>\n<div id=\"viewer-msb3y10342\" class=\"xVISr Y9Dpf bCMSCT OZy-3 lnyWN yMZv8w bCMSCT public-DraftStyleDefault-block-depth0 fixed-tab-size public-DraftStyleDefault-text-ltr\"><span class=\"B2EFF public-DraftStyleDefault-ltr\">\u00a0<\/span><\/div>\n<div data-hook=\"rcv-block43\"><\/div>\n<p id=\"viewer-caku7244\" class=\"xVISr Y9Dpf bCMSCT OZy-3 lnyWN yMZv8w bCMSCT public-DraftStyleDefault-block-depth0 fixed-tab-size public-DraftStyleDefault-text-ltr\"><span class=\"B2EFF public-DraftStyleDefault-ltr\"><strong>Conception em Curitiba<\/strong><\/span><\/p>\n<p id=\"viewer-45zjl10638\" class=\"xVISr Y9Dpf bCMSCT OZy-3 lnyWN yMZv8w bCMSCT public-DraftStyleDefault-block-depth0 fixed-tab-size public-DraftStyleDefault-text-ltr\"><span class=\"B2EFF public-DraftStyleDefault-ltr\">Data: Domingo, 1o de Mar\u00e7o de 2024<\/span><\/p>\n<p id=\"viewer-u7yjg10940\" class=\"xVISr Y9Dpf bCMSCT OZy-3 lnyWN yMZv8w bCMSCT public-DraftStyleDefault-block-depth0 fixed-tab-size public-DraftStyleDefault-text-ltr\"><span class=\"B2EFF public-DraftStyleDefault-ltr\">Hor\u00e1rio: 19h (portas) | 21h (in\u00edcio)<\/span><\/p>\n<p id=\"viewer-2e08211249\" class=\"xVISr Y9Dpf bCMSCT OZy-3 lnyWN yMZv8w bCMSCT public-DraftStyleDefault-block-depth0 fixed-tab-size public-DraftStyleDefault-text-ltr\"><span class=\"B2EFF public-DraftStyleDefault-ltr\">Local: CWB Hall<\/span><\/p>\n<p id=\"viewer-6ceuq11565\" class=\"xVISr Y9Dpf bCMSCT OZy-3 lnyWN yMZv8w bCMSCT public-DraftStyleDefault-block-depth0 fixed-tab-size public-DraftStyleDefault-text-ltr\"><span class=\"B2EFF public-DraftStyleDefault-ltr\">Endere\u00e7o: Av. Marechal Floriano Peixoto, 4142 &#8211; Parolin &#8211; Curitiba<\/span><\/p>\n<p id=\"viewer-vauqs12108\" class=\"xVISr Y9Dpf bCMSCT OZy-3 lnyWN yMZv8w bCMSCT public-DraftStyleDefault-block-depth0 fixed-tab-size public-DraftStyleDefault-text-ltr\"><span class=\"B2EFF public-DraftStyleDefault-ltr\">Vendas: <a class=\"TWoY9 itht3\" href=\"https:\/\/www.bilheto.com.br\/comprar\/1939\/conception\" target=\"_blank\" rel=\"noopener noreferrer noreferrer\" data-hook=\"linkViewer\"><u class=\"D-jZk\">https:\/\/www.bilheto.com.br\/comprar\/1939\/conception<\/u><\/a><\/span><\/p>\n<div data-hook=\"rcv-block49\"><\/div>\n<div id=\"viewer-82u3e12664\" class=\"xVISr Y9Dpf bCMSCT OZy-3 lnyWN yMZv8w bCMSCT public-DraftStyleDefault-block-depth0 fixed-tab-size public-DraftStyleDefault-text-ltr\"><span class=\"B2EFF public-DraftStyleDefault-ltr\">\u00a0<\/span><\/div>\n<div data-hook=\"rcv-block50\"><\/div>\n<p id=\"viewer-5h7sy12954\" class=\"xVISr Y9Dpf bCMSCT OZy-3 lnyWN yMZv8w bCMSCT public-DraftStyleDefault-block-depth0 fixed-tab-size public-DraftStyleDefault-text-ltr\"><span class=\"B2EFF public-DraftStyleDefault-ltr\"><a class=\"TWoY9 itht3\" href=\"https:\/\/www.bilheto.com.br\/comprar\/1939\/conceptionIngresso:R$\" target=\"_blank\" rel=\"noopener noreferrer\" data-hook=\"linkViewer\"><strong>Ingresso:<\/strong><\/a><\/span><\/p>\n<p id=\"viewer-et6dt13344\" class=\"xVISr Y9Dpf bCMSCT OZy-3 lnyWN yMZv8w bCMSCT public-DraftStyleDefault-block-depth0 fixed-tab-size public-DraftStyleDefault-text-ltr\"><span class=\"B2EFF public-DraftStyleDefault-ltr\"><a class=\"TWoY9 itht3\" href=\"https:\/\/www.bilheto.com.br\/comprar\/1939\/conceptionIngresso:R$\" target=\"_blank\" rel=\"noopener noreferrer\" data-hook=\"linkViewer\">R$<\/a> 130,00; (1\u00ba Lote, Pista &#8211; Meia-entrada)<\/span><\/p>\n<p id=\"viewer-deprd18310\" class=\"xVISr Y9Dpf bCMSCT OZy-3 lnyWN yMZv8w bCMSCT public-DraftStyleDefault-block-depth0 fixed-tab-size public-DraftStyleDefault-text-ltr\"><span class=\"B2EFF public-DraftStyleDefault-ltr\">R$ 260,00 ( 1\u00ba Lote Pista &#8211; Inteira)<\/span><\/p>\n<p id=\"viewer-vq5dk17954\" class=\"xVISr Y9Dpf bCMSCT OZy-3 lnyWN yMZv8w bCMSCT public-DraftStyleDefault-block-depth0 fixed-tab-size public-DraftStyleDefault-text-ltr\"><span class=\"B2EFF public-DraftStyleDefault-ltr\">R$ 165,00 (1\u00ba Lote, Camarote &#8211; Meia-entrada)<\/span><\/p>\n<p id=\"viewer-t6ajx18675\" class=\"xVISr Y9Dpf bCMSCT OZy-3 lnyWN yMZv8w bCMSCT public-DraftStyleDefault-block-depth0 fixed-tab-size public-DraftStyleDefault-text-ltr\"><span class=\"B2EFF public-DraftStyleDefault-ltr\">R$ 330,00 (1\u00ba Lote, Camarote &#8211; Inteira)<\/span><\/p>\n<div data-hook=\"rcv-block55\"><\/div>\n<div id=\"viewer-7w9vy19148\" class=\"xVISr Y9Dpf bCMSCT OZy-3 lnyWN yMZv8w bCMSCT public-DraftStyleDefault-block-depth0 fixed-tab-size public-DraftStyleDefault-text-ltr\"><span class=\"B2EFF public-DraftStyleDefault-ltr\">\u00a0<\/span><\/div>\n<div data-hook=\"rcv-block56\"><\/div>\n<p id=\"viewer-udh6y249\" class=\"xVISr Y9Dpf bCMSCT OZy-3 lnyWN yMZv8w bCMSCT public-DraftStyleDefault-block-depth0 fixed-tab-size public-DraftStyleDefault-text-ltr\"><span class=\"B2EFF public-DraftStyleDefault-ltr\"><strong>Conception em Santiago (Chile)<\/strong><\/span><\/p>\n<p id=\"viewer-u2ic019525\" class=\"xVISr Y9Dpf bCMSCT OZy-3 lnyWN yMZv8w bCMSCT public-DraftStyleDefault-block-depth0 fixed-tab-size public-DraftStyleDefault-text-ltr\"><span class=\"B2EFF public-DraftStyleDefault-ltr\"><a class=\"TWoY9 itht3\" href=\"https:\/\/www.eventrid.cl\/eventos\/atenea\/conception-en-chile\" target=\"_blank\" rel=\"noopener noreferrer noreferrer\" data-hook=\"linkViewer\"><u class=\"D-jZk\">https:\/\/www.eventrid.cl\/eventos\/atenea\/conception-en-chile<\/u><\/a><\/span><\/p>\n<div data-hook=\"rcv-block58\"><\/div>\n<div id=\"viewer-87enu19908\" class=\"xVISr Y9Dpf bCMSCT OZy-3 lnyWN yMZv8w bCMSCT public-DraftStyleDefault-block-depth0 fixed-tab-size public-DraftStyleDefault-text-ltr\"><span class=\"B2EFF public-DraftStyleDefault-ltr\">\u00a0<\/span><\/div>\n<div data-hook=\"rcv-block59\"><\/div>\n<p id=\"viewer-ni82n252\" class=\"xVISr Y9Dpf bCMSCT OZy-3 lnyWN yMZv8w bCMSCT public-DraftStyleDefault-block-depth0 fixed-tab-size public-DraftStyleDefault-text-ltr\"><span class=\"B2EFF public-DraftStyleDefault-ltr\"><strong>Conception na Cidade do M\u00e9xico (M\u00e9xico)<\/strong><\/span><\/p>\n<p id=\"viewer-x9q2720297\" class=\"xVISr Y9Dpf bCMSCT OZy-3 lnyWN yMZv8w bCMSCT public-DraftStyleDefault-block-depth0 fixed-tab-size public-DraftStyleDefault-text-ltr\"><span class=\"B2EFF public-DraftStyleDefault-ltr\"><a class=\"TWoY9 itht3\" href=\"https:\/\/conception.bandzoogle.com\/home\" target=\"_blank\" rel=\"noopener noreferrer\" data-hook=\"linkViewer\"><u class=\"D-jZk\">https:\/\/conception.bandzoogle.com\/home<\/u><\/a><\/span><\/p>\n<div data-hook=\"rcv-block61\"><\/div>\n<div id=\"viewer-9v9ue34825\" class=\"xVISr Y9Dpf bCMSCT OZy-3 lnyWN yMZv8w bCMSCT public-DraftStyleDefault-block-depth0 fixed-tab-size public-DraftStyleDefault-text-ltr\"><span class=\"B2EFF public-DraftStyleDefault-ltr\">\u00a0<\/span><\/div>\n<div data-hook=\"rcv-block62\"><\/div>\n<p id=\"viewer-u1b9s35492\" class=\"xVISr Y9Dpf bCMSCT OZy-3 lnyWN yMZv8w bCMSCT public-DraftStyleDefault-block-depth0 fixed-tab-size public-DraftStyleDefault-text-ltr\"><span class=\"B2EFF public-DraftStyleDefault-ltr\"><strong>Para mais informa\u00e7\u00f5es sobre a turn\u00ea<\/strong><\/span><\/p>\n<div data-hook=\"rcv-block63\"><\/div>\n<p id=\"viewer-4lsmc35494\" class=\"xVISr Y9Dpf bCMSCT OZy-3 lnyWN yMZv8w bCMSCT public-DraftStyleDefault-block-depth0 fixed-tab-size public-DraftStyleDefault-text-ltr\"><span class=\"B2EFF public-DraftStyleDefault-ltr\">Produtora:<\/span><\/p>\n<p id=\"viewer-3d20g41326\" class=\"xVISr Y9Dpf bCMSCT OZy-3 lnyWN yMZv8w bCMSCT public-DraftStyleDefault-block-depth0 fixed-tab-size public-DraftStyleDefault-text-ltr\"><span class=\"B2EFF public-DraftStyleDefault-ltr\"><a class=\"TWoY9 itht3\" href=\"http:\/\/www.instagram.com\/farmusicent\" target=\"_blank\" rel=\"noopener noreferrer\" data-hook=\"linkViewer\"><u class=\"D-jZk\">www.instagram.com\/farmusicent<\/u><\/a><\/span><\/p>\n<div data-hook=\"rcv-block65\"><\/div>\n<p id=\"viewer-0p2i935497\" class=\"xVISr Y9Dpf bCMSCT OZy-3 lnyWN yMZv8w bCMSCT public-DraftStyleDefault-block-depth0 fixed-tab-size public-DraftStyleDefault-text-ltr\"><span class=\"B2EFF public-DraftStyleDefault-ltr\">Banda:<\/span><\/p>\n<p id=\"viewer-1qygs41847\" class=\"xVISr Y9Dpf bCMSCT OZy-3 lnyWN yMZv8w bCMSCT public-DraftStyleDefault-block-depth0 fixed-tab-size public-DraftStyleDefault-text-ltr\"><span class=\"B2EFF public-DraftStyleDefault-ltr\"><a class=\"TWoY9 itht3\" href=\"http:\/\/www.instagram.com\/conceptionmusic\" target=\"_blank\" rel=\"noopener noreferrer\" data-hook=\"linkViewer\"><u class=\"D-jZk\">www.instagram.com\/conceptionmusic<\/u><\/a><\/span><\/p>\n<div data-hook=\"rcv-block67\"><\/div>\n<p id=\"viewer-orcxb35500\" class=\"xVISr Y9Dpf bCMSCT OZy-3 lnyWN yMZv8w bCMSCT public-DraftStyleDefault-block-depth0 fixed-tab-size public-DraftStyleDefault-text-ltr\"><span class=\"B2EFF public-DraftStyleDefault-ltr\">Assessoria de imprensa:<\/span><\/p>\n<p id=\"viewer-lbfxk42311\" class=\"xVISr Y9Dpf bCMSCT OZy-3 lnyWN yMZv8w bCMSCT public-DraftStyleDefault-block-depth0 fixed-tab-size public-DraftStyleDefault-text-ltr\"><span class=\"B2EFF public-DraftStyleDefault-ltr\"><a class=\"TWoY9 itht3\" href=\"http:\/\/www.instagram.com\/tedesco.com.midia\" target=\"_blank\" rel=\"noopener noreferrer\" data-hook=\"linkViewer\"><u class=\"D-jZk\">www.instagram.com\/tedesco.com.midia<\/u><\/a><\/span><\/p>\n<div data-hook=\"rcv-block69\"><\/div>\n<div id=\"viewer-z7n0p25027\" class=\"xVISr Y9Dpf bCMSCT OZy-3 lnyWN yMZv8w bCMSCT public-DraftStyleDefault-block-depth0 fixed-tab-size public-DraftStyleDefault-text-ltr\"><span class=\"B2EFF public-DraftStyleDefault-ltr\">\u00a0<\/span><\/div>\n<div data-hook=\"rcv-block70\"><\/div>\n<p id=\"viewer-ncnzy25315\" class=\"xVISr Y9Dpf bCMSCT OZy-3 lnyWN yMZv8w bCMSCT public-DraftStyleDefault-block-depth0 fixed-tab-size public-DraftStyleDefault-text-ltr\"><span class=\"B2EFF public-DraftStyleDefault-ltr\"><strong>Fonte:<\/strong> Tedesco Comunica\u00e7\u00e3o &amp; M\u00eddia<\/span><\/p>\n","protected":false},"excerpt":{"rendered":"<p>Cr\u00e9dito: Divulga\u00e7\u00e3o\/Conception Primeiro show \u00e9 dia 8\/03, no Carioca Club, em S\u00e3o Paulo (SP). Em seguida, quarteto noruegu\u00eas toca em Curitiba (PR), dia 10\/03 Ap\u00f3s um 2023 bem-sucedido com turn\u00eas pela Europa e especialmente pelo seu pa\u00eds de origem, a Noruega, a ic\u00f4nica banda de prog\/heavy metal Conception, que desde a d\u00e9cada de 1990 at\u00e9 [&hellip;]<\/p>\n","protected":false},"author":12,"featured_media":19793,"comment_status":"closed","ping_status":"open","sticky":false,"template":"","format":"standard","meta":{"footnotes":""},"categories":[538,4],"tags":[],"class_list":["post-19792","post","type-post","status-publish","format-standard","has-post-thumbnail","hentry","category-destaques","category-noticias"],"_links":{"self":[{"href":"http:\/\/heavymetalonline.com.br\/index.php?rest_route=\/wp\/v2\/posts\/19792","targetHints":{"allow":["GET"]}}],"collection":[{"href":"http:\/\/heavymetalonline.com.br\/index.php?rest_route=\/wp\/v2\/posts"}],"about":[{"href":"http:\/\/heavymetalonline.com.br\/index.php?rest_route=\/wp\/v2\/types\/post"}],"author":[{"embeddable":true,"href":"http:\/\/heavymetalonline.com.br\/index.php?rest_route=\/wp\/v2\/users\/12"}],"replies":[{"embeddable":true,"href":"http:\/\/heavymetalonline.com.br\/index.php?rest_route=%2Fwp%2Fv2%2Fcomments&post=19792"}],"version-history":[{"count":1,"href":"http:\/\/heavymetalonline.com.br\/index.php?rest_route=\/wp\/v2\/posts\/19792\/revisions"}],"predecessor-version":[{"id":19795,"href":"http:\/\/heavymetalonline.com.br\/index.php?rest_route=\/wp\/v2\/posts\/19792\/revisions\/19795"}],"wp:featuredmedia":[{"embeddable":true,"href":"http:\/\/heavymetalonline.com.br\/index.php?rest_route=\/wp\/v2\/media\/19793"}],"wp:attachment":[{"href":"http:\/\/heavymetalonline.com.br\/index.php?rest_route=%2Fwp%2Fv2%2Fmedia&parent=19792"}],"wp:term":[{"taxonomy":"category","embeddable":true,"href":"http:\/\/heavymetalonline.com.br\/index.php?rest_route=%2Fwp%2Fv2%2Fcategories&post=19792"},{"taxonomy":"post_tag","embeddable":true,"href":"http:\/\/heavymetalonline.com.br\/index.php?rest_route=%2Fwp%2Fv2%2Ftags&post=19792"}],"curies":[{"name":"wp","href":"https:\/\/api.w.org\/{rel}","templated":true}]}}