{"id":19799,"date":"2023-12-28T17:38:26","date_gmt":"2023-12-28T17:38:26","guid":{"rendered":"http:\/\/heavymetalonline.com.br\/?p=19799"},"modified":"2023-12-28T17:38:26","modified_gmt":"2023-12-28T17:38:26","slug":"edu-falaschi-presenteia-fas-no-natal-com-novo-videoclipe-de-sacrifice-gravado-no-opera-de-arame-em-curitiba","status":"publish","type":"post","link":"http:\/\/heavymetalonline.com.br\/?p=19799","title":{"rendered":"Edu Falaschi presenteia f\u00e3s no Natal com novo videoclipe de \u201cSacrifice\u201d, gravado no \u00d3pera de Arame, em Curitiba"},"content":{"rendered":"<p><img loading=\"lazy\" decoding=\"async\" class=\"alignnone size-full wp-image-19800\" src=\"http:\/\/heavymetalonline.com.br\/wp-content\/uploads\/2023\/12\/Edu_Falaschi.jpg\" alt=\"\" width=\"1170\" height=\"770\" srcset=\"http:\/\/heavymetalonline.com.br\/wp-content\/uploads\/2023\/12\/Edu_Falaschi.jpg 1170w, http:\/\/heavymetalonline.com.br\/wp-content\/uploads\/2023\/12\/Edu_Falaschi-300x197.jpg 300w, http:\/\/heavymetalonline.com.br\/wp-content\/uploads\/2023\/12\/Edu_Falaschi-768x505.jpg 768w, http:\/\/heavymetalonline.com.br\/wp-content\/uploads\/2023\/12\/Edu_Falaschi-1024x674.jpg 1024w\" sizes=\"auto, (max-width: 1170px) 100vw, 1170px\" \/><\/p>\n<p><strong>C<\/strong>redito da Foto<span class=\"KviDO\">:<\/span> Vinicius Gosbeli<\/p>\n<p style=\"text-align: center;\"><em>Novo single de \u201cEldorado\u201d ganha v\u00eddeo in\u00e9dito que mostra parte da nova cenografia do novo \u00e1lbum<\/em><\/p>\n<p id=\"viewer-32o4f96858\" class=\"xVISr Y9Dpf bCMSCT OZy-3 lnyWN yMZv8w bCMSCT public-DraftStyleDefault-block-depth0 fixed-tab-size public-DraftStyleDefault-text-ltr\"><span class=\"B2EFF public-DraftStyleDefault-ltr\">O vocalista <strong>Edu Falaschi <\/strong>acaba de lan\u00e7ar novo videoclipe de<strong> \u201cSacrifice\u201d<\/strong>, faixa que representa a tem\u00e1tica do disco \u201cEldorado\u201d atrav\u00e9s da dire\u00e7\u00e3o de Daniel Mazza. A grava\u00e7\u00e3o para o videoclipe conta com cenas do show que aconteceu em Curitiba\/PR, no dia 10 de Novembro de 2023, no tradicional <strong>Teatro \u00d3pera de Arame<\/strong>.<\/span><\/p>\n<div data-hook=\"rcv-block5\"><\/div>\n<div id=\"viewer-btwda53185\" class=\"xVISr Y9Dpf bCMSCT OZy-3 lnyWN yMZv8w bCMSCT public-DraftStyleDefault-block-depth0 fixed-tab-size public-DraftStyleDefault-text-ltr\"><span class=\"B2EFF public-DraftStyleDefault-ltr\">\u00a0<\/span><\/div>\n<div data-hook=\"rcv-block6\"><\/div>\n<p id=\"viewer-0wbnn53186\" class=\"xVISr Y9Dpf bCMSCT OZy-3 lnyWN yMZv8w bCMSCT public-DraftStyleDefault-block-depth0 fixed-tab-size public-DraftStyleDefault-text-ltr\"><span class=\"B2EFF public-DraftStyleDefault-ltr\">Com cenas da estrutura do Teatro \u00d3pera de Arame, banda e dos f\u00e3s, o videoclipe transmite a energia do que \u00e9 o show de Edu Falaschi e mostra um pouco do novo palco do vocalista. \u201cSacrifice\u201d foi composta e produzida por Edu Falaschi e Roberto Barros, co-produzida por Paulo Albino, mixado e masterizado por Dennis Ward na Alemanha<\/span><\/p>\n<div data-hook=\"rcv-block7\"><\/div>\n<div id=\"viewer-5t08953189\" class=\"xVISr Y9Dpf bCMSCT OZy-3 lnyWN yMZv8w bCMSCT public-DraftStyleDefault-block-depth0 fixed-tab-size public-DraftStyleDefault-text-ltr\"><span class=\"B2EFF public-DraftStyleDefault-ltr\">\u00a0<\/span><\/div>\n<div data-hook=\"rcv-block8\"><\/div>\n<p id=\"viewer-nk9ec53190\" class=\"xVISr Y9Dpf bCMSCT OZy-3 lnyWN yMZv8w bCMSCT public-DraftStyleDefault-block-depth0 fixed-tab-size public-DraftStyleDefault-text-ltr\"><span class=\"B2EFF public-DraftStyleDefault-ltr\">Assista ao videoclipe de \u201cSacrifice\u201d:<\/span><\/p>\n<p><iframe loading=\"lazy\" title=\"EDU FALASCHI | Sacrifice | Official Music Video\" width=\"640\" height=\"360\" src=\"https:\/\/www.youtube.com\/embed\/Ae93zACOASY?feature=oembed\" frameborder=\"0\" allow=\"accelerometer; autoplay; clipboard-write; encrypted-media; gyroscope; picture-in-picture; web-share\" referrerpolicy=\"strict-origin-when-cross-origin\" allowfullscreen><\/iframe><\/p>\n<p id=\"viewer-hzrog53195\" class=\"xVISr Y9Dpf bCMSCT OZy-3 lnyWN yMZv8w bCMSCT public-DraftStyleDefault-block-depth0 fixed-tab-size public-DraftStyleDefault-text-ltr\"><span class=\"B2EFF public-DraftStyleDefault-ltr\"><strong>Edu Falaschi comenta com entusiasmo o lan\u00e7amento de \u201cSacrifice\u201d:<\/strong><\/span><\/p>\n<p id=\"viewer-f0cwe53199\" class=\"xVISr Y9Dpf bCMSCT OZy-3 lnyWN yMZv8w bCMSCT public-DraftStyleDefault-block-depth0 fixed-tab-size public-DraftStyleDefault-text-ltr\"><span class=\"B2EFF public-DraftStyleDefault-ltr\"><em>\u201cEssa foi uma nova proposta de clipe onde, sa\u00edmos da id\u00e9ia de est\u00f3rias com atores, personagens, etc, para focar no resultado final de quando se lan\u00e7a um disco, que \u00e9 o show em si, ao vivo, ao lado dos f\u00e3s, \u00e9 ai que se tem a real dimens\u00e3o do que foi feito, eu queria muito captar isso, a emo\u00e7\u00e3o e participa\u00e7\u00e3o dos f\u00e3s e ter esse registro eternizado num video clipe\u201d<\/em><\/span><\/p>\n<div data-hook=\"rcv-block14\"><\/div>\n<div id=\"viewer-xqa6753202\" class=\"xVISr Y9Dpf bCMSCT OZy-3 lnyWN yMZv8w bCMSCT public-DraftStyleDefault-block-depth0 fixed-tab-size public-DraftStyleDefault-text-ltr\"><span class=\"B2EFF public-DraftStyleDefault-ltr\">\u00a0<\/span><\/div>\n<div data-hook=\"rcv-block15\"><\/div>\n<p id=\"viewer-7qcnp53203\" class=\"xVISr Y9Dpf bCMSCT OZy-3 lnyWN yMZv8w bCMSCT public-DraftStyleDefault-block-depth0 fixed-tab-size public-DraftStyleDefault-text-ltr\"><span class=\"B2EFF public-DraftStyleDefault-ltr\">Durante participa\u00e7\u00e3o no<strong> Flow Podcast<\/strong>, o vocalista Edu Falaschi anunciou a participa\u00e7\u00e3o especial de Roy Khan, cantor da banda Conception e ex-vocalista do Kamelot em evento de lan\u00e7amento de \u201cEldorado\u201d no Tokio Marine Hall, em S\u00e3o Paulo, no pr\u00f3ximo dia 27 de janeiro de 2024.<\/span><\/p>\n<div data-hook=\"rcv-block16\"><\/div>\n<div id=\"viewer-3asjo53206\" class=\"xVISr Y9Dpf bCMSCT OZy-3 lnyWN yMZv8w bCMSCT public-DraftStyleDefault-block-depth0 fixed-tab-size public-DraftStyleDefault-text-ltr\"><span class=\"B2EFF public-DraftStyleDefault-ltr\">\u00a0<\/span><\/div>\n<div data-hook=\"rcv-block17\"><\/div>\n<p id=\"viewer-xzq8253207\" class=\"xVISr Y9Dpf bCMSCT OZy-3 lnyWN yMZv8w bCMSCT public-DraftStyleDefault-block-depth0 fixed-tab-size public-DraftStyleDefault-text-ltr\"><span class=\"B2EFF public-DraftStyleDefault-ltr\">Roy Khan, que tem visita confirmada no Brasil, no dia 8 de mar\u00e7o com a sua banda <strong>Conception<\/strong>, \u00e9 um cantor de poucas participa\u00e7\u00f5es especiais, mas que topou vir ao show de Edu Falaschi pela qualidade do trabalho apresentado pelo cantor brasileiro. Outros convidados especiais confirmados s\u00e3o o violonista F\u00e1bio Lima, conhecido nacionalmente por sua t\u00e9cnica e musicalidade \u00edmpar e de Jos\u00e9 Andr\u00eba, a voz lend\u00e1ria da maior banda de metal em espanhol, M\u00e4go de Oz, que participa no \u00e1lbum \u201cEldorado\u201d na m\u00fasica \u201cSe\u00f1ores Del Mar (Wield the Sword)\u201d e em Q\u2019equ\u2019m.<\/span><\/p>\n<div data-hook=\"rcv-block18\"><\/div>\n<div id=\"viewer-omn9l53210\" class=\"xVISr Y9Dpf bCMSCT OZy-3 lnyWN yMZv8w bCMSCT public-DraftStyleDefault-block-depth0 fixed-tab-size public-DraftStyleDefault-text-ltr\"><span class=\"B2EFF public-DraftStyleDefault-ltr\">\u00a0<\/span><\/div>\n<div data-hook=\"rcv-block19\"><\/div>\n<p id=\"viewer-m1q5o53211\" class=\"xVISr Y9Dpf bCMSCT OZy-3 lnyWN yMZv8w bCMSCT public-DraftStyleDefault-block-depth0 fixed-tab-size public-DraftStyleDefault-text-ltr\"><span class=\"B2EFF public-DraftStyleDefault-ltr\">A banda de <strong>Edu Falaschi <\/strong>para o show de S\u00e3o Paulo ser\u00e1 formada por Roberto Barros (guitarra), Diogo Mafra (guitarra), Raphael Dafras (baixo), Aquiles Priester (bateria) e F\u00e1bio Laguna (teclado). Misturando elementos hist\u00f3ricos, fic\u00e7\u00e3o e mixagem cinematogr\u00e1fica, \u201cEldorado\u201d viaja no tempo e traz m\u00fasicas com influ\u00eancias latinas, flamenco, m\u00fasicas latinas e astecas com instrumentos inusitados. Com o vocalista Edu Falaschi no comando, os m\u00fasicos mostram porque s\u00e3o considerados ex\u00edmios musicistas, ao mesmo tempo, que carregam uma sensibilidade musical acima da m\u00e9dia e melodias que cativam de primeira.<\/span><\/p>\n<p><img loading=\"lazy\" decoding=\"async\" class=\"alignnone size-full wp-image-19552\" src=\"http:\/\/heavymetalonline.com.br\/wp-content\/uploads\/2023\/12\/Edu-Falaschi_Roy-Khan.jpg\" alt=\"\" width=\"1080\" height=\"1080\" srcset=\"http:\/\/heavymetalonline.com.br\/wp-content\/uploads\/2023\/12\/Edu-Falaschi_Roy-Khan.jpg 1080w, http:\/\/heavymetalonline.com.br\/wp-content\/uploads\/2023\/12\/Edu-Falaschi_Roy-Khan-500x500.jpg 500w, http:\/\/heavymetalonline.com.br\/wp-content\/uploads\/2023\/12\/Edu-Falaschi_Roy-Khan-300x300.jpg 300w, http:\/\/heavymetalonline.com.br\/wp-content\/uploads\/2023\/12\/Edu-Falaschi_Roy-Khan-768x768.jpg 768w, http:\/\/heavymetalonline.com.br\/wp-content\/uploads\/2023\/12\/Edu-Falaschi_Roy-Khan-1024x1024.jpg 1024w\" sizes=\"auto, (max-width: 1080px) 100vw, 1080px\" \/><\/p>\n<p id=\"viewer-nzh7b53215\" class=\"xVISr Y9Dpf bCMSCT OZy-3 lnyWN yMZv8w bCMSCT public-DraftStyleDefault-block-depth0 fixed-tab-size public-DraftStyleDefault-text-ltr\"><span class=\"B2EFF public-DraftStyleDefault-ltr\"><strong>SERVI\u00c7O<\/strong>:<\/span><\/p>\n<p id=\"viewer-srrxa53219\" class=\"xVISr Y9Dpf bCMSCT OZy-3 lnyWN yMZv8w bCMSCT public-DraftStyleDefault-block-depth0 fixed-tab-size public-DraftStyleDefault-text-ltr\"><span class=\"B2EFF public-DraftStyleDefault-ltr\">Data: 27\/01\/2024<\/span><\/p>\n<p id=\"viewer-1wzub53222\" class=\"xVISr Y9Dpf bCMSCT OZy-3 lnyWN yMZv8w bCMSCT public-DraftStyleDefault-block-depth0 fixed-tab-size public-DraftStyleDefault-text-ltr\"><span class=\"B2EFF public-DraftStyleDefault-ltr\">Local: TOKIO MARINE HALL<\/span><\/p>\n<p id=\"viewer-49gz353225\" class=\"xVISr Y9Dpf bCMSCT OZy-3 lnyWN yMZv8w bCMSCT public-DraftStyleDefault-block-depth0 fixed-tab-size public-DraftStyleDefault-text-ltr\"><span class=\"B2EFF public-DraftStyleDefault-ltr\">Endere\u00e7o: Rua Bragan\u00e7a Paulista, 1281 \u2013 Vila Cruzeiro \u2013 S\u00e3o Paulo\/SP<\/span><\/p>\n<p id=\"viewer-nr28o53228\" class=\"xVISr Y9Dpf bCMSCT OZy-3 lnyWN yMZv8w bCMSCT public-DraftStyleDefault-block-depth0 fixed-tab-size public-DraftStyleDefault-text-ltr\"><span class=\"B2EFF public-DraftStyleDefault-ltr\">Hor\u00e1rio: 22h<\/span><\/p>\n<p id=\"viewer-9uf4053231\" class=\"xVISr Y9Dpf bCMSCT OZy-3 lnyWN yMZv8w bCMSCT public-DraftStyleDefault-block-depth0 fixed-tab-size public-DraftStyleDefault-text-ltr\"><span class=\"B2EFF public-DraftStyleDefault-ltr\">Abertura dos port\u00f5es: 20h<\/span><\/p>\n<p id=\"viewer-2rmge53234\" class=\"xVISr Y9Dpf bCMSCT OZy-3 lnyWN yMZv8w bCMSCT public-DraftStyleDefault-block-depth0 fixed-tab-size public-DraftStyleDefault-text-ltr\"><span class=\"B2EFF public-DraftStyleDefault-ltr\">Ingressos: <a class=\"TWoY9 itht3\" href=\"https:\/\/www.eventim.com.br\/artist\/edu-falaschi\/\" target=\"_blank\" rel=\"noopener noreferrer noreferrer\" data-hook=\"linkViewer\"><u class=\"D-jZk\">https:\/\/www.eventim.com.br\/artist\/edu-falaschi\/<\/u><\/a><\/span><\/p>\n<p id=\"viewer-zk97z53238\" class=\"xVISr Y9Dpf bCMSCT OZy-3 lnyWN yMZv8w bCMSCT public-DraftStyleDefault-block-depth0 fixed-tab-size public-DraftStyleDefault-text-ltr\"><span class=\"B2EFF public-DraftStyleDefault-ltr\">Classifica\u00e7\u00e3o et\u00e1ria: 16 anos \u2013 Menores de 16 anos somente acompanhados dos pais ou respons\u00e1vel legal.<\/span><\/p>\n<p id=\"viewer-eyyuv53241\" class=\"xVISr Y9Dpf bCMSCT OZy-3 lnyWN yMZv8w bCMSCT public-DraftStyleDefault-block-depth0 fixed-tab-size public-DraftStyleDefault-text-ltr\"><span class=\"B2EFF public-DraftStyleDefault-ltr\">A <strong>Eventim <\/strong>n\u00e3o se responsabiliza por compras efetuadas em canais n\u00e3o oficiais.<\/span><\/p>\n<div data-hook=\"rcv-block33\"><\/div>\n<div id=\"viewer-wszan53244\" class=\"xVISr Y9Dpf bCMSCT OZy-3 lnyWN yMZv8w bCMSCT public-DraftStyleDefault-block-depth0 fixed-tab-size public-DraftStyleDefault-text-ltr\"><span class=\"B2EFF public-DraftStyleDefault-ltr\">\u00a0<\/span><\/div>\n<div data-hook=\"rcv-block34\"><\/div>\n<p id=\"viewer-5qcdn53245\" class=\"xVISr Y9Dpf bCMSCT OZy-3 lnyWN yMZv8w bCMSCT public-DraftStyleDefault-block-depth0 fixed-tab-size public-DraftStyleDefault-text-ltr\"><span class=\"B2EFF public-DraftStyleDefault-ltr\"><strong>SOBRE ELDORADO<\/strong><\/span><\/p>\n<p id=\"viewer-7n0z353249\" class=\"xVISr Y9Dpf bCMSCT OZy-3 lnyWN yMZv8w bCMSCT public-DraftStyleDefault-block-depth0 fixed-tab-size public-DraftStyleDefault-text-ltr\"><span class=\"B2EFF public-DraftStyleDefault-ltr\"><strong>Edu Falaschi <\/strong>lan\u00e7ou seu mais recente \u00e1lbum intitulado \u201cEldorado\u201d, uma parte essencial de uma trilogia conceitual que cativa os ouvintes com 11 faixas in\u00e9ditas e uma emocionante faixa b\u00f4nus em espanhol. Al\u00e9m disso, o \u00e1lbum conta com participa\u00e7\u00f5es especiais de artistas not\u00e1veis como Jos\u00e9 Andr\u00eba, a lend\u00e1ria voz por tr\u00e1s da banda espanhola Mago De Oz, Sara Curruchich, uma cantora ind\u00edgena Maia, e F\u00e1bio Lima, um dos renomados violonistas do mundo.<\/span><\/p>\n<div data-hook=\"rcv-block36\"><\/div>\n<div id=\"viewer-xhmda53252\" class=\"xVISr Y9Dpf bCMSCT OZy-3 lnyWN yMZv8w bCMSCT public-DraftStyleDefault-block-depth0 fixed-tab-size public-DraftStyleDefault-text-ltr\"><span class=\"B2EFF public-DraftStyleDefault-ltr\">\u00a0<\/span><\/div>\n<div data-hook=\"rcv-block37\"><\/div>\n<p id=\"viewer-abjlx53253\" class=\"xVISr Y9Dpf bCMSCT OZy-3 lnyWN yMZv8w bCMSCT public-DraftStyleDefault-block-depth0 fixed-tab-size public-DraftStyleDefault-text-ltr\"><span class=\"B2EFF public-DraftStyleDefault-ltr\">Ou\u00e7a \u201cEldorado\u201d: <a class=\"TWoY9 itht3\" href=\"https:\/\/onerpm.link\/eldorado\" target=\"_blank\" rel=\"noopener noreferrer\" data-hook=\"linkViewer\"><u class=\"D-jZk\">https:\/\/onerpm.link\/eldorado<\/u><\/a><\/span><\/p>\n<div data-hook=\"rcv-block38\"><\/div>\n<div id=\"viewer-8hkzi85277\" class=\"xVISr Y9Dpf bCMSCT OZy-3 lnyWN yMZv8w bCMSCT public-DraftStyleDefault-block-depth0 fixed-tab-size public-DraftStyleDefault-text-ltr\"><span class=\"B2EFF public-DraftStyleDefault-ltr\">\u00a0<\/span><\/div>\n<div data-hook=\"rcv-block39\"><\/div>\n<p id=\"viewer-a728y85581\" class=\"xVISr Y9Dpf bCMSCT OZy-3 lnyWN yMZv8w bCMSCT public-DraftStyleDefault-block-depth0 fixed-tab-size public-DraftStyleDefault-text-ltr\"><span class=\"B2EFF public-DraftStyleDefault-ltr\">Ou\u00e7a \u201cTenochtitl\u00e1n\u201d: <a class=\"TWoY9 itht3\" href=\"https:\/\/onerpm.link\/Tenochtitlan\" target=\"_blank\" rel=\"noopener noreferrer\" data-hook=\"linkViewer\"><u class=\"D-jZk\">https:\/\/onerpm.link\/Tenochtitlan<\/u><\/a><\/span><\/p>\n<div data-hook=\"rcv-block40\"><\/div>\n<div id=\"viewer-pk7a253256\" class=\"xVISr Y9Dpf bCMSCT OZy-3 lnyWN yMZv8w bCMSCT public-DraftStyleDefault-block-depth0 fixed-tab-size public-DraftStyleDefault-text-ltr\"><span class=\"B2EFF public-DraftStyleDefault-ltr\">\u00a0<\/span><\/div>\n<div data-hook=\"rcv-block41\"><\/div>\n<p id=\"viewer-sspdl53257\" class=\"xVISr Y9Dpf bCMSCT OZy-3 lnyWN yMZv8w bCMSCT public-DraftStyleDefault-block-depth0 fixed-tab-size public-DraftStyleDefault-text-ltr\"><span class=\"B2EFF public-DraftStyleDefault-ltr\">Assista \u201cTenochtitl\u00e1n\u201d:<\/span><\/p>\n<p><iframe loading=\"lazy\" title=\"EDU FALASCHI | Tenochtitl\u00e1n | Official Music Video\" width=\"640\" height=\"360\" src=\"https:\/\/www.youtube.com\/embed\/JVnGajp62O8?feature=oembed\" frameborder=\"0\" allow=\"accelerometer; autoplay; clipboard-write; encrypted-media; gyroscope; picture-in-picture; web-share\" referrerpolicy=\"strict-origin-when-cross-origin\" allowfullscreen><\/iframe><\/p>\n<p id=\"viewer-ypkv253266\" class=\"xVISr Y9Dpf bCMSCT OZy-3 lnyWN yMZv8w bCMSCT public-DraftStyleDefault-block-depth0 fixed-tab-size public-DraftStyleDefault-text-ltr\"><span class=\"B2EFF public-DraftStyleDefault-ltr\">A trilogia, da qual<strong> \u201cEldorado<\/strong>\u201d \u00e9 a segunda parte, mergulha os ouvintes em uma saga envolvente centrada no personagem Jorge, protagonista da hist\u00f3ria anterior \u201cVera Cruz\u201d. Este \u00e1lbum tamb\u00e9m marca o segundo lan\u00e7amento da carreira solo de Edu Falaschi, trazendo uma nova dimens\u00e3o \u00e0 sua express\u00e3o art\u00edstica.<\/span><\/p>\n<div data-hook=\"rcv-block46\"><\/div>\n<div id=\"viewer-strtw53269\" class=\"xVISr Y9Dpf bCMSCT OZy-3 lnyWN yMZv8w bCMSCT public-DraftStyleDefault-block-depth0 fixed-tab-size public-DraftStyleDefault-text-ltr\"><span class=\"B2EFF public-DraftStyleDefault-ltr\">\u00a0<\/span><\/div>\n<div data-hook=\"rcv-block47\"><\/div>\n<p id=\"viewer-qcryk53270\" class=\"xVISr Y9Dpf bCMSCT OZy-3 lnyWN yMZv8w bCMSCT public-DraftStyleDefault-block-depth0 fixed-tab-size public-DraftStyleDefault-text-ltr\"><span class=\"B2EFF public-DraftStyleDefault-ltr\">Se em \u201cVera Cruz\u201d, a adapta\u00e7\u00e3o da hist\u00f3ria ambientada entre Brasil e Portugal no per\u00edodo de invas\u00e3o e coloniza\u00e7\u00e3o do nosso pa\u00eds \u00e9 narrada no romance, assinado por F\u00e1bio Caldeira, em \u201cEldorado\u201d, nosso personagem viaja para o per\u00edodo asteca, onde o imperador Montezuma, um dos grandes imperadores, dominava os territ\u00f3rios latinos. \u00c9 com esse conceito que o ouvinte viaja no tempo e aquece os cora\u00e7\u00f5es com m\u00fasicas que cativam desde o in\u00edcio.<\/span><\/p>\n<div data-hook=\"rcv-block48\"><\/div>\n<div id=\"viewer-bd1ts53273\" class=\"xVISr Y9Dpf bCMSCT OZy-3 lnyWN yMZv8w bCMSCT public-DraftStyleDefault-block-depth0 fixed-tab-size public-DraftStyleDefault-text-ltr\"><span class=\"B2EFF public-DraftStyleDefault-ltr\">\u00a0<\/span><\/div>\n<div data-hook=\"rcv-block49\"><\/div>\n<p id=\"viewer-zriou53274\" class=\"xVISr Y9Dpf bCMSCT OZy-3 lnyWN yMZv8w bCMSCT public-DraftStyleDefault-block-depth0 fixed-tab-size public-DraftStyleDefault-text-ltr\"><span class=\"B2EFF public-DraftStyleDefault-ltr\"><strong>\u201cEldorado\u201d <\/strong>n\u00e3o \u00e9 apenas um \u00e1lbum musical; \u00e9 uma jornada pela rica tape\u00e7aria da m\u00fasica latina ao longo das eras. A hist\u00f3ria se desenrola desde os tempos pr\u00e9-coloniais at\u00e9 a modernidade, explorando as v\u00e1rias vertentes e influ\u00eancias que moldaram essa cultura milenar. Com m\u00fasicas em espanhol e l\u00ednguas nativas, o \u00e1lbum apresenta ritmos, harmonias e melodias que capturam a ess\u00eancia dessa riqueza cultural e art\u00edstica.<\/span><\/p>\n<div data-hook=\"rcv-block50\"><\/div>\n<div id=\"viewer-igzri53277\" class=\"xVISr Y9Dpf bCMSCT OZy-3 lnyWN yMZv8w bCMSCT public-DraftStyleDefault-block-depth0 fixed-tab-size public-DraftStyleDefault-text-ltr\"><span class=\"B2EFF public-DraftStyleDefault-ltr\">\u00a0<\/span><\/div>\n<div data-hook=\"rcv-block51\"><\/div>\n<p id=\"viewer-gr5v553278\" class=\"xVISr Y9Dpf bCMSCT OZy-3 lnyWN yMZv8w bCMSCT public-DraftStyleDefault-block-depth0 fixed-tab-size public-DraftStyleDefault-text-ltr\"><span class=\"B2EFF public-DraftStyleDefault-ltr\">As participa\u00e7\u00f5es especiais adicionam profundidade e autenticidade \u00e0 experi\u00eancia musical. Jos\u00e9 Andr\u00eba, uma voz ic\u00f4nica da banda Mago De Oz, traz sua energia \u00fanica para o \u00e1lbum. Sara Curruchich, cantora ind\u00edgena Maia, compartilha sua voz cativante, mergulhando o \u00e1lbum nas tradi\u00e7\u00f5es ancestrais. E F\u00e1bio Lima, renomado violonista, contribui com sua maestria instrumental, enriquecendo as faixas com sua musicalidade \u00fanica.<\/span><\/p>\n<div data-hook=\"rcv-block52\"><\/div>\n<div id=\"viewer-x1b2x53281\" class=\"xVISr Y9Dpf bCMSCT OZy-3 lnyWN yMZv8w bCMSCT public-DraftStyleDefault-block-depth0 fixed-tab-size public-DraftStyleDefault-text-ltr\"><span class=\"B2EFF public-DraftStyleDefault-ltr\">\u00a0<\/span><\/div>\n<div data-hook=\"rcv-block53\"><\/div>\n<p id=\"viewer-gvpfa53282\" class=\"xVISr Y9Dpf bCMSCT OZy-3 lnyWN yMZv8w bCMSCT public-DraftStyleDefault-block-depth0 fixed-tab-size public-DraftStyleDefault-text-ltr\"><span class=\"B2EFF public-DraftStyleDefault-ltr\"><strong>Outras informa\u00e7\u00f5es:<\/strong><\/span><\/p>\n<p id=\"viewer-v049053285\" class=\"xVISr Y9Dpf bCMSCT OZy-3 lnyWN yMZv8w bCMSCT public-DraftStyleDefault-block-depth0 fixed-tab-size public-DraftStyleDefault-text-ltr\"><span class=\"B2EFF public-DraftStyleDefault-ltr\"><a class=\"TWoY9 itht3\" href=\"http:\/\/www.edufalaschi.com.br\/\" target=\"_blank\" rel=\"noopener noreferrer\" data-hook=\"linkViewer\"><u class=\"D-jZk\">http:\/\/www.edufalaschi.com.br<\/u><\/a><\/span><\/p>\n<div data-hook=\"rcv-block55\"><\/div>\n<div id=\"viewer-s83uf80203\" class=\"xVISr Y9Dpf bCMSCT OZy-3 lnyWN yMZv8w bCMSCT public-DraftStyleDefault-block-depth0 fixed-tab-size public-DraftStyleDefault-text-ltr\"><span class=\"B2EFF public-DraftStyleDefault-ltr\">\u00a0<\/span><\/div>\n<div data-hook=\"rcv-block56\"><\/div>\n<p id=\"viewer-vue7780446\" class=\"xVISr Y9Dpf bCMSCT OZy-3 lnyWN yMZv8w bCMSCT public-DraftStyleDefault-block-depth0 fixed-tab-size public-DraftStyleDefault-text-ltr\"><span class=\"B2EFF public-DraftStyleDefault-ltr\"><strong>Fonte: <\/strong>TRM Press<\/span><\/p>\n","protected":false},"excerpt":{"rendered":"<p>Credito da Foto: Vinicius Gosbeli Novo single de \u201cEldorado\u201d ganha v\u00eddeo in\u00e9dito que mostra parte da nova cenografia do novo \u00e1lbum O vocalista Edu Falaschi acaba de lan\u00e7ar novo videoclipe de \u201cSacrifice\u201d, faixa que representa a tem\u00e1tica do disco \u201cEldorado\u201d atrav\u00e9s da dire\u00e7\u00e3o de Daniel Mazza. A grava\u00e7\u00e3o para o videoclipe conta com cenas do [&hellip;]<\/p>\n","protected":false},"author":12,"featured_media":19800,"comment_status":"closed","ping_status":"open","sticky":false,"template":"","format":"standard","meta":{"footnotes":""},"categories":[4],"tags":[],"class_list":["post-19799","post","type-post","status-publish","format-standard","has-post-thumbnail","hentry","category-noticias"],"_links":{"self":[{"href":"http:\/\/heavymetalonline.com.br\/index.php?rest_route=\/wp\/v2\/posts\/19799","targetHints":{"allow":["GET"]}}],"collection":[{"href":"http:\/\/heavymetalonline.com.br\/index.php?rest_route=\/wp\/v2\/posts"}],"about":[{"href":"http:\/\/heavymetalonline.com.br\/index.php?rest_route=\/wp\/v2\/types\/post"}],"author":[{"embeddable":true,"href":"http:\/\/heavymetalonline.com.br\/index.php?rest_route=\/wp\/v2\/users\/12"}],"replies":[{"embeddable":true,"href":"http:\/\/heavymetalonline.com.br\/index.php?rest_route=%2Fwp%2Fv2%2Fcomments&post=19799"}],"version-history":[{"count":1,"href":"http:\/\/heavymetalonline.com.br\/index.php?rest_route=\/wp\/v2\/posts\/19799\/revisions"}],"predecessor-version":[{"id":19801,"href":"http:\/\/heavymetalonline.com.br\/index.php?rest_route=\/wp\/v2\/posts\/19799\/revisions\/19801"}],"wp:featuredmedia":[{"embeddable":true,"href":"http:\/\/heavymetalonline.com.br\/index.php?rest_route=\/wp\/v2\/media\/19800"}],"wp:attachment":[{"href":"http:\/\/heavymetalonline.com.br\/index.php?rest_route=%2Fwp%2Fv2%2Fmedia&parent=19799"}],"wp:term":[{"taxonomy":"category","embeddable":true,"href":"http:\/\/heavymetalonline.com.br\/index.php?rest_route=%2Fwp%2Fv2%2Fcategories&post=19799"},{"taxonomy":"post_tag","embeddable":true,"href":"http:\/\/heavymetalonline.com.br\/index.php?rest_route=%2Fwp%2Fv2%2Ftags&post=19799"}],"curies":[{"name":"wp","href":"https:\/\/api.w.org\/{rel}","templated":true}]}}