{"id":19819,"date":"2023-12-29T19:16:18","date_gmt":"2023-12-29T19:16:18","guid":{"rendered":"http:\/\/heavymetalonline.com.br\/?p=19819"},"modified":"2023-12-29T19:16:18","modified_gmt":"2023-12-29T19:16:18","slug":"dxnxa-lanca-nao-consigo-respirar-primeiro-single-da-banda","status":"publish","type":"post","link":"http:\/\/heavymetalonline.com.br\/?p=19819","title":{"rendered":"DxNxA lan\u00e7a &#8220;N\u00e3o Consigo Respirar&#8221;, primeiro single da banda"},"content":{"rendered":"<p><img loading=\"lazy\" decoding=\"async\" class=\"alignnone size-full wp-image-19820\" src=\"http:\/\/heavymetalonline.com.br\/wp-content\/uploads\/2023\/12\/3-DNA.jpeg\" alt=\"\" width=\"720\" height=\"393\" srcset=\"http:\/\/heavymetalonline.com.br\/wp-content\/uploads\/2023\/12\/3-DNA.jpeg 720w, http:\/\/heavymetalonline.com.br\/wp-content\/uploads\/2023\/12\/3-DNA-300x164.jpeg 300w\" sizes=\"auto, (max-width: 720px) 100vw, 720px\" \/><\/p>\n<p id=\"viewer-s40x8105040\" class=\"xVISr Y9Dpf bCMSCT OZy-3 lnyWN yMZv8w bCMSCT public-DraftStyleDefault-block-depth0 fixed-tab-size public-DraftStyleDefault-text-ltr\"><span class=\"B2EFF public-DraftStyleDefault-ltr\">A m\u00fasica foi composta pela banda a partir de um riff inicial do guitarrista Cristiano e\u00a0<\/span><span class=\"B2EFF public-DraftStyleDefault-ltr\">partir da\u00ed a banda construiu a m\u00fasica com a participa\u00e7\u00e3o dos demais integrantes Rodrigo e\u00a0<\/span><span class=\"B2EFF public-DraftStyleDefault-ltr\">Edson e com a letra do Jason. <\/span><\/p>\n<div data-hook=\"rcv-block6\"><\/div>\n<div id=\"viewer-sswub79178\" class=\"xVISr Y9Dpf bCMSCT OZy-3 lnyWN yMZv8w bCMSCT public-DraftStyleDefault-block-depth0 fixed-tab-size public-DraftStyleDefault-text-ltr\"><span class=\"B2EFF public-DraftStyleDefault-ltr\">\u00a0<\/span><\/div>\n<div data-hook=\"rcv-block7\"><\/div>\n<p id=\"viewer-5pz0579361\" class=\"xVISr Y9Dpf bCMSCT OZy-3 lnyWN yMZv8w bCMSCT public-DraftStyleDefault-block-depth0 fixed-tab-size public-DraftStyleDefault-text-ltr\"><span class=\"B2EFF public-DraftStyleDefault-ltr\">Como o pr\u00f3prio nome sugere, a m\u00fasica foi feita no auge dos efeitos da morte do George Floyd com forte influ\u00eancia do livro do Silvio Almeida \u2013 <em>Racismo Estrutural.<\/em><\/span><\/p>\n<div data-hook=\"rcv-block8\"><\/div>\n<div id=\"viewer-0h6qp78190\" class=\"xVISr Y9Dpf bCMSCT OZy-3 lnyWN yMZv8w bCMSCT public-DraftStyleDefault-block-depth0 fixed-tab-size public-DraftStyleDefault-text-ltr\"><span class=\"B2EFF public-DraftStyleDefault-ltr\">\u00a0<\/span><\/div>\n<div data-hook=\"rcv-block9\"><\/div>\n<p id=\"viewer-lj8qd69624\" class=\"xVISr Y9Dpf bCMSCT OZy-3 lnyWN yMZv8w bCMSCT public-DraftStyleDefault-block-depth0 fixed-tab-size public-DraftStyleDefault-text-ltr\"><span class=\"B2EFF public-DraftStyleDefault-ltr\">O tema da m\u00fasica \u00e9 claro, luta contra o racismo estrutural e sua consequ\u00eancia que \u00e9 a\u00a0<\/span><span class=\"B2EFF public-DraftStyleDefault-ltr\">viol\u00eancia policial, n\u00e3o s\u00f3 nos EUA, mas principalmente no Brasil. E como o racismo est\u00e1\u00a0<\/span><span class=\"B2EFF public-DraftStyleDefault-ltr\">impregnado nas estruturas do Brasil tendo como principal v\u00edtima a popula\u00e7\u00e3o preta e pobre.<\/span><\/p>\n<div data-hook=\"rcv-block12\"><\/div>\n<div id=\"viewer-q4ir069630\" class=\"xVISr Y9Dpf bCMSCT OZy-3 lnyWN yMZv8w bCMSCT public-DraftStyleDefault-block-depth0 fixed-tab-size public-DraftStyleDefault-text-ltr\"><span class=\"B2EFF public-DraftStyleDefault-ltr\">\u00a0<\/span><\/div>\n<div data-hook=\"rcv-block13\"><\/div>\n<p id=\"viewer-qu6wp79587\" class=\"xVISr Y9Dpf bCMSCT OZy-3 lnyWN yMZv8w bCMSCT public-DraftStyleDefault-block-depth0 fixed-tab-size public-DraftStyleDefault-text-ltr\"><span class=\"B2EFF public-DraftStyleDefault-ltr\">O single foi a primeira experi\u00eancia da banda com uma grava\u00e7\u00e3o profissional e foi feito\u00a0<\/span><span class=\"B2EFF public-DraftStyleDefault-ltr\">no Lend\u00e1rio est\u00fadio do Lau (Conspira\u00e7\u00e3o Records) em Osasco, que ajudou a banda produ\u00e7\u00e3o, al\u00e9m de fazer a mixagem.<\/span><\/p>\n<p><img loading=\"lazy\" decoding=\"async\" class=\"alignnone size-full wp-image-19821\" src=\"http:\/\/heavymetalonline.com.br\/wp-content\/uploads\/2023\/12\/4-Capa.jpg\" alt=\"\" width=\"340\" height=\"340\" srcset=\"http:\/\/heavymetalonline.com.br\/wp-content\/uploads\/2023\/12\/4-Capa.jpg 340w, http:\/\/heavymetalonline.com.br\/wp-content\/uploads\/2023\/12\/4-Capa-300x300.jpg 300w\" sizes=\"auto, (max-width: 340px) 100vw, 340px\" \/><\/p>\n<p id=\"viewer-gg2vp69636\" class=\"xVISr Y9Dpf bCMSCT OZy-3 lnyWN yMZv8w bCMSCT public-DraftStyleDefault-block-depth0 fixed-tab-size public-DraftStyleDefault-text-ltr\"><span class=\"B2EFF public-DraftStyleDefault-ltr\"><strong>Ou\u00e7a &#8220;N\u00e3o Consigo Respirar&#8221;, <\/strong>1\u00ba single\u00a0no streaming que saiu em formato f\u00edsico pela SE Records.<\/span><\/p>\n<p id=\"viewer-ibmgl69638\" class=\"xVISr Y9Dpf bCMSCT OZy-3 lnyWN yMZv8w bCMSCT public-DraftStyleDefault-block-depth0 fixed-tab-size public-DraftStyleDefault-text-ltr\"><span class=\"B2EFF public-DraftStyleDefault-ltr\"><a class=\"TWoY9 itht3\" href=\"https:\/\/open.spotify.com\/track\/2k1ccLP1tDjjyJwHhA0b56?si=023f518d0579440c\" target=\"_blank\" rel=\"noopener noreferrer noreferrer\" data-hook=\"linkViewer\"><u class=\"D-jZk\">https:\/\/open.spotify.com\/track\/2k1ccLP1tDjjyJwHhA0b56?si=023f518d0579440c<\/u><\/a><\/span><\/p>\n<div data-hook=\"rcv-block20\"><\/div>\n<div id=\"viewer-u8b2o69640\" class=\"xVISr Y9Dpf bCMSCT OZy-3 lnyWN yMZv8w bCMSCT public-DraftStyleDefault-block-depth0 fixed-tab-size public-DraftStyleDefault-text-ltr\"><span class=\"B2EFF public-DraftStyleDefault-ltr\">\u00a0<\/span><\/div>\n<div data-hook=\"rcv-block21\"><\/div>\n<p id=\"viewer-lraow69642\" class=\"xVISr Y9Dpf bCMSCT OZy-3 lnyWN yMZv8w bCMSCT public-DraftStyleDefault-block-depth0 fixed-tab-size public-DraftStyleDefault-text-ltr\"><span class=\"B2EFF public-DraftStyleDefault-ltr\"><strong>Sobre a banda<\/strong><\/span><\/p>\n<p id=\"viewer-hvtg369644\" class=\"xVISr Y9Dpf bCMSCT OZy-3 lnyWN yMZv8w bCMSCT public-DraftStyleDefault-block-depth0 fixed-tab-size public-DraftStyleDefault-text-ltr\"><span class=\"B2EFF public-DraftStyleDefault-ltr\">A banda surgiu em 94, como a maioria das bandas da \u00e9poca, os integrantes n\u00e3o sabiam\u00a0<\/span><span class=\"B2EFF public-DraftStyleDefault-ltr\">tocar muito bem, mas fizeram uma banda. A ideia era uma banda de HC, Punk e \u201cm\u00fasica de\u00a0<\/span><span class=\"B2EFF public-DraftStyleDefault-ltr\">Skatista\u201d e aborda temas como desigualdade social.<\/span><\/p>\n<div data-hook=\"rcv-block25\"><\/div>\n<div id=\"viewer-9ybj783923\" class=\"xVISr Y9Dpf bCMSCT OZy-3 lnyWN yMZv8w bCMSCT public-DraftStyleDefault-block-depth0 fixed-tab-size public-DraftStyleDefault-text-ltr\"><span class=\"B2EFF public-DraftStyleDefault-ltr\">\u00a0<\/span><\/div>\n<div data-hook=\"rcv-block26\"><\/div>\n<p id=\"viewer-9dyzr69650\" class=\"xVISr Y9Dpf bCMSCT OZy-3 lnyWN yMZv8w bCMSCT public-DraftStyleDefault-block-depth0 fixed-tab-size public-DraftStyleDefault-text-ltr\"><span class=\"B2EFF public-DraftStyleDefault-ltr\">Cristiano e Magr\u00e3o fundaram a banda e depois entraram Kid e Airton tendo assim a 1\u00aa\u00a0<\/span><span class=\"B2EFF public-DraftStyleDefault-ltr\">forma\u00e7\u00e3o, eles acabaram saindo da banda e depois a banda passou por algumas outras\u00a0<\/span><span class=\"B2EFF public-DraftStyleDefault-ltr\">forma\u00e7\u00f5es, como a entrada de Jason.<\/span><\/p>\n<div data-hook=\"rcv-block29\"><\/div>\n<div id=\"viewer-u0lfy84155\" class=\"xVISr Y9Dpf bCMSCT OZy-3 lnyWN yMZv8w bCMSCT public-DraftStyleDefault-block-depth0 fixed-tab-size public-DraftStyleDefault-text-ltr\"><span class=\"B2EFF public-DraftStyleDefault-ltr\">\u00a0<\/span><\/div>\n<div data-hook=\"rcv-block30\"><\/div>\n<p id=\"viewer-led4y69656\" class=\"xVISr Y9Dpf bCMSCT OZy-3 lnyWN yMZv8w bCMSCT public-DraftStyleDefault-block-depth0 fixed-tab-size public-DraftStyleDefault-text-ltr\"><span class=\"B2EFF public-DraftStyleDefault-ltr\"><strong>Forma\u00e7\u00e3o atual:<\/strong><\/span><\/p>\n<p id=\"viewer-qfr1s69658\" class=\"xVISr Y9Dpf bCMSCT OZy-3 lnyWN yMZv8w bCMSCT public-DraftStyleDefault-block-depth0 fixed-tab-size public-DraftStyleDefault-text-ltr\"><span class=\"B2EFF public-DraftStyleDefault-ltr\">Jason \u2013 Vocal e guitarra base<\/span><\/p>\n<p id=\"viewer-j24qi69660\" class=\"xVISr Y9Dpf bCMSCT OZy-3 lnyWN yMZv8w bCMSCT public-DraftStyleDefault-block-depth0 fixed-tab-size public-DraftStyleDefault-text-ltr\"><span class=\"B2EFF public-DraftStyleDefault-ltr\">Cristiano \u2013 Guitarra Solo<\/span><\/p>\n<p id=\"viewer-j2xnt69662\" class=\"xVISr Y9Dpf bCMSCT OZy-3 lnyWN yMZv8w bCMSCT public-DraftStyleDefault-block-depth0 fixed-tab-size public-DraftStyleDefault-text-ltr\"><span class=\"B2EFF public-DraftStyleDefault-ltr\">Edson \u2013 Bateria<\/span><\/p>\n<p id=\"viewer-eoaex69664\" class=\"xVISr Y9Dpf bCMSCT OZy-3 lnyWN yMZv8w bCMSCT public-DraftStyleDefault-block-depth0 fixed-tab-size public-DraftStyleDefault-text-ltr\"><span class=\"B2EFF public-DraftStyleDefault-ltr\">Rodrigo \u2013 Baixo<\/span><\/p>\n<div data-hook=\"rcv-block35\"><\/div>\n<div id=\"viewer-2nfgn93698\" class=\"xVISr Y9Dpf bCMSCT OZy-3 lnyWN yMZv8w bCMSCT public-DraftStyleDefault-block-depth0 fixed-tab-size public-DraftStyleDefault-text-ltr\"><span class=\"B2EFF public-DraftStyleDefault-ltr\">\u00a0<\/span><\/div>\n<div data-hook=\"rcv-block36\"><\/div>\n<p id=\"viewer-luvpj69666\" class=\"xVISr Y9Dpf bCMSCT OZy-3 lnyWN yMZv8w bCMSCT public-DraftStyleDefault-block-depth0 fixed-tab-size public-DraftStyleDefault-text-ltr\"><span class=\"B2EFF public-DraftStyleDefault-ltr\">Durante estes anos a banda seguiu compondo e fazendo shows pela regi\u00e3o de Carapicu\u00edba, Osasco, Barueri e demais lugares.<\/span><\/p>\n<div data-hook=\"rcv-block37\"><\/div>\n<div id=\"viewer-8vzs3103524\" class=\"xVISr Y9Dpf bCMSCT OZy-3 lnyWN yMZv8w bCMSCT public-DraftStyleDefault-block-depth0 fixed-tab-size public-DraftStyleDefault-text-ltr\"><span class=\"B2EFF public-DraftStyleDefault-ltr\">\u00a0<\/span><\/div>\n<div data-hook=\"rcv-block38\"><\/div>\n<p id=\"viewer-viewer-6odpm17113\" class=\"xVISr Y9Dpf bCMSCT OZy-3 lnyWN yMZv8w bCMSCT public-DraftStyleDefault-block-depth0 fixed-tab-size public-DraftStyleDefault-text-ltr\"><span class=\"B2EFF public-DraftStyleDefault-ltr\"><strong>Fonte:<\/strong>\u00a0SE Assessoria<\/span><\/p>\n","protected":false},"excerpt":{"rendered":"<p>A m\u00fasica foi composta pela banda a partir de um riff inicial do guitarrista Cristiano e\u00a0partir da\u00ed a banda construiu a m\u00fasica com a participa\u00e7\u00e3o dos demais integrantes Rodrigo e\u00a0Edson e com a letra do Jason. \u00a0 Como o pr\u00f3prio nome sugere, a m\u00fasica foi feita no auge dos efeitos da morte do George Floyd [&hellip;]<\/p>\n","protected":false},"author":12,"featured_media":19820,"comment_status":"closed","ping_status":"open","sticky":false,"template":"","format":"standard","meta":{"footnotes":""},"categories":[4,1807],"tags":[],"class_list":["post-19819","post","type-post","status-publish","format-standard","has-post-thumbnail","hentry","category-noticias","category-sem-categoria-pt"],"_links":{"self":[{"href":"http:\/\/heavymetalonline.com.br\/index.php?rest_route=\/wp\/v2\/posts\/19819","targetHints":{"allow":["GET"]}}],"collection":[{"href":"http:\/\/heavymetalonline.com.br\/index.php?rest_route=\/wp\/v2\/posts"}],"about":[{"href":"http:\/\/heavymetalonline.com.br\/index.php?rest_route=\/wp\/v2\/types\/post"}],"author":[{"embeddable":true,"href":"http:\/\/heavymetalonline.com.br\/index.php?rest_route=\/wp\/v2\/users\/12"}],"replies":[{"embeddable":true,"href":"http:\/\/heavymetalonline.com.br\/index.php?rest_route=%2Fwp%2Fv2%2Fcomments&post=19819"}],"version-history":[{"count":2,"href":"http:\/\/heavymetalonline.com.br\/index.php?rest_route=\/wp\/v2\/posts\/19819\/revisions"}],"predecessor-version":[{"id":19823,"href":"http:\/\/heavymetalonline.com.br\/index.php?rest_route=\/wp\/v2\/posts\/19819\/revisions\/19823"}],"wp:featuredmedia":[{"embeddable":true,"href":"http:\/\/heavymetalonline.com.br\/index.php?rest_route=\/wp\/v2\/media\/19820"}],"wp:attachment":[{"href":"http:\/\/heavymetalonline.com.br\/index.php?rest_route=%2Fwp%2Fv2%2Fmedia&parent=19819"}],"wp:term":[{"taxonomy":"category","embeddable":true,"href":"http:\/\/heavymetalonline.com.br\/index.php?rest_route=%2Fwp%2Fv2%2Fcategories&post=19819"},{"taxonomy":"post_tag","embeddable":true,"href":"http:\/\/heavymetalonline.com.br\/index.php?rest_route=%2Fwp%2Fv2%2Ftags&post=19819"}],"curies":[{"name":"wp","href":"https:\/\/api.w.org\/{rel}","templated":true}]}}