{"id":19872,"date":"2024-01-02T18:18:04","date_gmt":"2024-01-02T18:18:04","guid":{"rendered":"http:\/\/heavymetalonline.com.br\/?p=19872"},"modified":"2024-01-02T18:18:04","modified_gmt":"2024-01-02T18:18:04","slug":"edu-falaschi-confirma-show-de-lancamento-de-eldorado-com-participacao-especial-de-roy-khandia-27-de-janeiro-de-2024-no-tokio-marine-hall","status":"publish","type":"post","link":"http:\/\/heavymetalonline.com.br\/?p=19872","title":{"rendered":"Edu Falaschi confirma show de lan\u00e7amento de &#8220;Eldorado&#8221; com participa\u00e7\u00e3o especial de Roy Khandia 27 de janeiro de 2024 no Tokio Marine Hall"},"content":{"rendered":"<p><img loading=\"lazy\" decoding=\"async\" class=\"alignnone size-full wp-image-19873\" src=\"http:\/\/heavymetalonline.com.br\/wp-content\/uploads\/2024\/01\/Edu-Falaschi.jpeg\" alt=\"\" width=\"740\" height=\"511\" srcset=\"http:\/\/heavymetalonline.com.br\/wp-content\/uploads\/2024\/01\/Edu-Falaschi.jpeg 740w, http:\/\/heavymetalonline.com.br\/wp-content\/uploads\/2024\/01\/Edu-Falaschi-300x207.jpeg 300w\" sizes=\"auto, (max-width: 740px) 100vw, 740px\" \/><\/p>\n<p id=\"viewer-nam4z22891\" class=\"xVISr Y9Dpf bCMSCT OZy-3 lnyWN yMZv8w bCMSCT public-DraftStyleDefault-block-depth0 fixed-tab-size public-DraftStyleDefault-text-ltr\"><span class=\"B2EFF public-DraftStyleDefault-ltr\">O que parecia ser imposs\u00edvel para os f\u00e3s de Heavy Metal, finalmente aconteceu. Durante participa\u00e7\u00e3o no Flow Podcast, o vocalista Edu Falaschi anunciou a participa\u00e7\u00e3o especial de Roy Khan, cantor da banda Conception e ex-vocalista do Kamelot em evento de lan\u00e7amento de \u201cEldorado\u201d no Tokio Marine Hall, em S\u00e3o Paulo, no pr\u00f3ximo dia 27 de janeiro de 2024.<\/span><\/p>\n<div data-hook=\"rcv-block6\"><\/div>\n<div id=\"viewer-zt18l60\" class=\"xVISr Y9Dpf bCMSCT OZy-3 lnyWN yMZv8w bCMSCT public-DraftStyleDefault-block-depth0 fixed-tab-size public-DraftStyleDefault-text-ltr\"><span class=\"B2EFF public-DraftStyleDefault-ltr\">\u00a0<\/span><\/div>\n<div data-hook=\"rcv-block7\"><\/div>\n<p id=\"viewer-k4man61\" class=\"xVISr Y9Dpf bCMSCT OZy-3 lnyWN yMZv8w bCMSCT public-DraftStyleDefault-block-depth0 fixed-tab-size public-DraftStyleDefault-text-ltr\"><span class=\"B2EFF public-DraftStyleDefault-ltr\">Roy Khan, que tem visita confirmada no Brasil, no dia 8 e 10 de mar\u00e7o com a sua banda Conception, \u00e9 um cantor de poucas participa\u00e7\u00f5es especiais, mas que topou vir ao show de Edu Falaschi pela qualidade do trabalho apresentado pelo cantor brasileiro. Outros convidados especiais confirmados s\u00e3o o violonista F\u00e1bio Lima, conhecido nacionalmente por sua t\u00e9cnica e musicalidade \u00edmpar e de Jos\u00e9 Andr\u00eba, a voz lend\u00e1ria da maior banda de metal em espanhol, M\u00e4go de Oz, que participa no \u00e1lbum \u201cEldorado\u201d na m\u00fasica \u201cSe\u00f1ores Del Mar (Wield the Sword)\u201d e em Q\u2019equ\u2019m.<\/span><\/p>\n<div data-hook=\"rcv-block8\"><\/div>\n<div id=\"viewer-9wln264\" class=\"xVISr Y9Dpf bCMSCT OZy-3 lnyWN yMZv8w bCMSCT public-DraftStyleDefault-block-depth0 fixed-tab-size public-DraftStyleDefault-text-ltr\"><span class=\"B2EFF public-DraftStyleDefault-ltr\">\u00a0<\/span><\/div>\n<div data-hook=\"rcv-block9\"><\/div>\n<p id=\"viewer-imqot65\" class=\"xVISr Y9Dpf bCMSCT OZy-3 lnyWN yMZv8w bCMSCT public-DraftStyleDefault-block-depth0 fixed-tab-size public-DraftStyleDefault-text-ltr\"><span class=\"B2EFF public-DraftStyleDefault-ltr\">Sobre a participa\u00e7\u00e3o de <strong>Roy Khan<\/strong>, Edu Falaschi explica:<em> \u201c\u00c9 muito emocionante pra mim ter ao meu lado um dos meus preferidos vocalistas de Power Metal, umas das vozes mais lindas do estilo que eu j\u00e1 escutei! Uma j\u00f3ia rara, um cara reservado e de raras apari\u00e7\u00f5es pelo Brasil! Ent\u00e3o vai ser um momento especial e \u00fanico para os f\u00e3s do Kamelot dos anos 2000! Ser\u00e1 um encontro \u00e9pico onde dividiremos can\u00e7\u00f5es importantes da nossa hist\u00f3ria!\u201d<\/em><\/span><\/p>\n<div data-hook=\"rcv-block10\"><\/div>\n<div id=\"viewer-58oj370\" class=\"xVISr Y9Dpf bCMSCT OZy-3 lnyWN yMZv8w bCMSCT public-DraftStyleDefault-block-depth0 fixed-tab-size public-DraftStyleDefault-text-ltr\"><span class=\"B2EFF public-DraftStyleDefault-ltr\">\u00a0<\/span><\/div>\n<div data-hook=\"rcv-block11\"><\/div>\n<p id=\"viewer-j46pn71\" class=\"xVISr Y9Dpf bCMSCT OZy-3 lnyWN yMZv8w bCMSCT public-DraftStyleDefault-block-depth0 fixed-tab-size public-DraftStyleDefault-text-ltr\"><span class=\"B2EFF public-DraftStyleDefault-ltr\">A banda de <strong>Edu Falaschi<\/strong> para o show de S\u00e3o Paulo ser\u00e1 formada por Roberto Barros (guitarra), Diogo Mafra (guitarra), Raphael Dafras (baixo), Aquiles Priester (bateria) e F\u00e1bio Laguna (teclado). Misturando elementos hist\u00f3ricos, fic\u00e7\u00e3o e mixagem cinematogr\u00e1fica, \u201cEldorado\u201d viaja no tempo e traz m\u00fasicas com influ\u00eancias latinas, flamenco, m\u00fasicas latinas e astecas com instrumentos inusitados. Com o vocalista Edu Falaschi no comando, os m\u00fasicos mostram porque s\u00e3o considerados ex\u00edmios musicistas, ao mesmo tempo, que carregam uma sensibilidade musical acima da m\u00e9dia e melodias que cativam de primeira.<\/span><\/p>\n<p><img loading=\"lazy\" decoding=\"async\" class=\"alignnone size-full wp-image-19552\" src=\"http:\/\/heavymetalonline.com.br\/wp-content\/uploads\/2023\/12\/Edu-Falaschi_Roy-Khan.jpg\" alt=\"\" width=\"1080\" height=\"1080\" srcset=\"http:\/\/heavymetalonline.com.br\/wp-content\/uploads\/2023\/12\/Edu-Falaschi_Roy-Khan.jpg 1080w, http:\/\/heavymetalonline.com.br\/wp-content\/uploads\/2023\/12\/Edu-Falaschi_Roy-Khan-500x500.jpg 500w, http:\/\/heavymetalonline.com.br\/wp-content\/uploads\/2023\/12\/Edu-Falaschi_Roy-Khan-300x300.jpg 300w, http:\/\/heavymetalonline.com.br\/wp-content\/uploads\/2023\/12\/Edu-Falaschi_Roy-Khan-768x768.jpg 768w, http:\/\/heavymetalonline.com.br\/wp-content\/uploads\/2023\/12\/Edu-Falaschi_Roy-Khan-1024x1024.jpg 1024w\" sizes=\"auto, (max-width: 1080px) 100vw, 1080px\" \/><\/p>\n<p id=\"viewer-3h4ny75\" class=\"xVISr Y9Dpf bCMSCT OZy-3 lnyWN yMZv8w bCMSCT public-DraftStyleDefault-block-depth0 fixed-tab-size public-DraftStyleDefault-text-ltr\"><span class=\"B2EFF public-DraftStyleDefault-ltr\"><strong>SERVI\u00c7O:<\/strong><\/span><\/p>\n<div data-hook=\"rcv-block16\"><\/div>\n<p id=\"viewer-avdc979\" class=\"xVISr Y9Dpf bCMSCT OZy-3 lnyWN yMZv8w bCMSCT public-DraftStyleDefault-block-depth0 fixed-tab-size public-DraftStyleDefault-text-ltr\"><span class=\"B2EFF public-DraftStyleDefault-ltr\">Data: 27\/01\/2024<\/span><\/p>\n<div data-hook=\"rcv-block17\"><\/div>\n<p id=\"viewer-hflxv82\" class=\"xVISr Y9Dpf bCMSCT OZy-3 lnyWN yMZv8w bCMSCT public-DraftStyleDefault-block-depth0 fixed-tab-size public-DraftStyleDefault-text-ltr\"><span class=\"B2EFF public-DraftStyleDefault-ltr\">Local: TOKIO MARINE HALL<\/span><\/p>\n<div data-hook=\"rcv-block18\"><\/div>\n<p id=\"viewer-k0irk85\" class=\"xVISr Y9Dpf bCMSCT OZy-3 lnyWN yMZv8w bCMSCT public-DraftStyleDefault-block-depth0 fixed-tab-size public-DraftStyleDefault-text-ltr\"><span class=\"B2EFF public-DraftStyleDefault-ltr\">Endere\u00e7o: Rua Bragan\u00e7a Paulista, 1281 \u2013 Vila Cruzeiro \u2013 S\u00e3o Paulo\/SP<\/span><\/p>\n<div data-hook=\"rcv-block19\"><\/div>\n<p id=\"viewer-ua6ac88\" class=\"xVISr Y9Dpf bCMSCT OZy-3 lnyWN yMZv8w bCMSCT public-DraftStyleDefault-block-depth0 fixed-tab-size public-DraftStyleDefault-text-ltr\"><span class=\"B2EFF public-DraftStyleDefault-ltr\">Hor\u00e1rio: 22h<\/span><\/p>\n<div data-hook=\"rcv-block20\"><\/div>\n<p id=\"viewer-6bffv91\" class=\"xVISr Y9Dpf bCMSCT OZy-3 lnyWN yMZv8w bCMSCT public-DraftStyleDefault-block-depth0 fixed-tab-size public-DraftStyleDefault-text-ltr\"><span class=\"B2EFF public-DraftStyleDefault-ltr\">Abertura dos port\u00f5es: 20h<\/span><\/p>\n<div data-hook=\"rcv-block21\"><\/div>\n<p id=\"viewer-8bsav94\" class=\"xVISr Y9Dpf bCMSCT OZy-3 lnyWN yMZv8w bCMSCT public-DraftStyleDefault-block-depth0 fixed-tab-size public-DraftStyleDefault-text-ltr\"><span class=\"B2EFF public-DraftStyleDefault-ltr\">Ingressos: <a class=\"TWoY9 itht3\" href=\"https:\/\/www.eventim.com.br\/artist\/edu-falaschi\/\" target=\"_blank\" rel=\"noopener noreferrer\" data-hook=\"linkViewer\"><u class=\"D-jZk\">https:\/\/www.eventim.com.br\/artist\/edu-falaschi\/<\/u><\/a><\/span><\/p>\n<div data-hook=\"rcv-block22\"><\/div>\n<p id=\"viewer-5f1vr98\" class=\"xVISr Y9Dpf bCMSCT OZy-3 lnyWN yMZv8w bCMSCT public-DraftStyleDefault-block-depth0 fixed-tab-size public-DraftStyleDefault-text-ltr\"><span class=\"B2EFF public-DraftStyleDefault-ltr\">Classifica\u00e7\u00e3o et\u00e1ria: 16 anos \u2013 Menores de 16 anos somente acompanhados dos pais ou respons\u00e1vel legal.<\/span><\/p>\n<div data-hook=\"rcv-block23\"><\/div>\n<p id=\"viewer-zcu0p101\" class=\"xVISr Y9Dpf bCMSCT OZy-3 lnyWN yMZv8w bCMSCT public-DraftStyleDefault-block-depth0 fixed-tab-size public-DraftStyleDefault-text-ltr\"><span class=\"B2EFF public-DraftStyleDefault-ltr\">A Eventim n\u00e3o se responsabiliza por compras efetuadas em canais n\u00e3o oficiais.<\/span><\/p>\n<div data-hook=\"rcv-block24\"><\/div>\n<div id=\"viewer-p1ttd104\" class=\"xVISr Y9Dpf bCMSCT OZy-3 lnyWN yMZv8w bCMSCT public-DraftStyleDefault-block-depth0 fixed-tab-size public-DraftStyleDefault-text-ltr\"><span class=\"B2EFF public-DraftStyleDefault-ltr\">\u00a0<\/span><\/div>\n<div data-hook=\"rcv-block25\"><\/div>\n<p id=\"viewer-6s6vf105\" class=\"xVISr Y9Dpf bCMSCT OZy-3 lnyWN yMZv8w bCMSCT public-DraftStyleDefault-block-depth0 fixed-tab-size public-DraftStyleDefault-text-ltr\"><span class=\"B2EFF public-DraftStyleDefault-ltr\"><strong>SOBRE ELDORADO<\/strong><\/span><\/p>\n<div data-hook=\"rcv-block26\"><\/div>\n<p id=\"viewer-pxrtx109\" class=\"xVISr Y9Dpf bCMSCT OZy-3 lnyWN yMZv8w bCMSCT public-DraftStyleDefault-block-depth0 fixed-tab-size public-DraftStyleDefault-text-ltr\"><span class=\"B2EFF public-DraftStyleDefault-ltr\">Edu Falaschi lan\u00e7ou seu mais recente \u00e1lbum intitulado \u201cEldorado\u201d, uma parte essencial de uma trilogia conceitual que cativa os ouvintes com 11 faixas in\u00e9ditas e uma emocionante faixa b\u00f4nus em espanhol. Al\u00e9m disso, o \u00e1lbum conta com participa\u00e7\u00f5es especiais de artistas not\u00e1veis como Jos\u00e9 Andr\u00eba, a lend\u00e1ria voz por tr\u00e1s da banda espanhola Mago De Oz, Sara Curruchich, uma cantora ind\u00edgena Maia, e F\u00e1bio Lima, um dos renomados violonistas do mundo.<\/span><\/p>\n<div data-hook=\"rcv-block27\"><\/div>\n<div id=\"viewer-11q47112\" class=\"xVISr Y9Dpf bCMSCT OZy-3 lnyWN yMZv8w bCMSCT public-DraftStyleDefault-block-depth0 fixed-tab-size public-DraftStyleDefault-text-ltr\"><span class=\"B2EFF public-DraftStyleDefault-ltr\">\u00a0<\/span><\/div>\n<div data-hook=\"rcv-block28\"><\/div>\n<p id=\"viewer-iph00113\" class=\"xVISr Y9Dpf bCMSCT OZy-3 lnyWN yMZv8w bCMSCT public-DraftStyleDefault-block-depth0 fixed-tab-size public-DraftStyleDefault-text-ltr\"><span class=\"B2EFF public-DraftStyleDefault-ltr\">Ou\u00e7a \u201cEldorado\u201d: <a class=\"TWoY9 itht3\" href=\"https:\/\/onerpm.link\/eldorado\" target=\"_blank\" rel=\"noopener noreferrer\" data-hook=\"linkViewer\"><u class=\"D-jZk\">https:\/\/onerpm.link\/eldorado<\/u><\/a><\/span><\/p>\n<div data-hook=\"rcv-block29\"><\/div>\n<div id=\"viewer-7563d13284\" class=\"xVISr Y9Dpf bCMSCT OZy-3 lnyWN yMZv8w bCMSCT public-DraftStyleDefault-block-depth0 fixed-tab-size public-DraftStyleDefault-text-ltr\"><span class=\"B2EFF public-DraftStyleDefault-ltr\">\u00a0<\/span><\/div>\n<div data-hook=\"rcv-block30\"><\/div>\n<p id=\"viewer-b7gt913499\" class=\"xVISr Y9Dpf bCMSCT OZy-3 lnyWN yMZv8w bCMSCT public-DraftStyleDefault-block-depth0 fixed-tab-size public-DraftStyleDefault-text-ltr\"><span class=\"B2EFF public-DraftStyleDefault-ltr\">Ou\u00e7a \u201cTenochtitl\u00e1n\u201d:<u class=\"D-jZk\"> <\/u><a class=\"TWoY9 itht3\" href=\"https:\/\/onerpm.link\/Tenochtitlan\" target=\"_blank\" rel=\"noopener noreferrer noreferrer\" data-hook=\"linkViewer\"><u class=\"D-jZk\">https:\/\/onerpm.link\/Tenochtitlan<\/u><\/a><\/span><\/p>\n<div data-hook=\"rcv-block31\"><\/div>\n<div id=\"viewer-u0izn116\" class=\"xVISr Y9Dpf bCMSCT OZy-3 lnyWN yMZv8w bCMSCT public-DraftStyleDefault-block-depth0 fixed-tab-size public-DraftStyleDefault-text-ltr\"><span class=\"B2EFF public-DraftStyleDefault-ltr\">\u00a0<\/span><\/div>\n<div data-hook=\"rcv-block32\"><\/div>\n<p id=\"viewer-1ye1t117\" class=\"xVISr Y9Dpf bCMSCT OZy-3 lnyWN yMZv8w bCMSCT public-DraftStyleDefault-block-depth0 fixed-tab-size public-DraftStyleDefault-text-ltr\"><span class=\"B2EFF public-DraftStyleDefault-ltr\">Assista \u201cTenochtitl\u00e1n\u201d:<\/span><\/p>\n<p><iframe loading=\"lazy\" title=\"EDU FALASCHI | Tenochtitl\u00e1n | Official Music Video\" width=\"640\" height=\"360\" src=\"https:\/\/www.youtube.com\/embed\/JVnGajp62O8?feature=oembed\" frameborder=\"0\" allow=\"accelerometer; autoplay; clipboard-write; encrypted-media; gyroscope; picture-in-picture; web-share\" referrerpolicy=\"strict-origin-when-cross-origin\" allowfullscreen><\/iframe><\/p>\n<p id=\"viewer-skb2l126\" class=\"xVISr Y9Dpf bCMSCT OZy-3 lnyWN yMZv8w bCMSCT public-DraftStyleDefault-block-depth0 fixed-tab-size public-DraftStyleDefault-text-ltr\"><span class=\"B2EFF public-DraftStyleDefault-ltr\">A trilogia, da qual \u201cEldorado\u201d \u00e9 a segunda parte, mergulha os ouvintes em uma saga envolvente centrada no personagem Jorge, protagonista da hist\u00f3ria anterior \u201cVera Cruz\u201d. Este \u00e1lbum tamb\u00e9m marca o segundo lan\u00e7amento da carreira solo de Edu Falaschi, trazendo uma nova dimens\u00e3o \u00e0 sua express\u00e3o art\u00edstica.<\/span><\/p>\n<div data-hook=\"rcv-block38\"><\/div>\n<div id=\"viewer-5wlnc129\" class=\"xVISr Y9Dpf bCMSCT OZy-3 lnyWN yMZv8w bCMSCT public-DraftStyleDefault-block-depth0 fixed-tab-size public-DraftStyleDefault-text-ltr\"><span class=\"B2EFF public-DraftStyleDefault-ltr\">\u00a0<\/span><\/div>\n<div data-hook=\"rcv-block39\"><\/div>\n<p id=\"viewer-480iu130\" class=\"xVISr Y9Dpf bCMSCT OZy-3 lnyWN yMZv8w bCMSCT public-DraftStyleDefault-block-depth0 fixed-tab-size public-DraftStyleDefault-text-ltr\"><span class=\"B2EFF public-DraftStyleDefault-ltr\">Se em \u201cVera Cruz\u201d, a adapta\u00e7\u00e3o da hist\u00f3ria ambientada entre Brasil e Portugal no per\u00edodo de invas\u00e3o e coloniza\u00e7\u00e3o do nosso pa\u00eds \u00e9 narrada no romance, assinado por F\u00e1bio Caldeira, em \u201cEldorado\u201d, nosso personagem viaja para o per\u00edodo asteca, onde o imperador Montezuma, um dos grandes imperadores, dominava os territ\u00f3rios latinos. \u00c9 com esse conceito que o ouvinte viaja no tempo e aquece os cora\u00e7\u00f5es com m\u00fasicas que cativam desde o in\u00edcio.<\/span><\/p>\n<div data-hook=\"rcv-block40\"><\/div>\n<div id=\"viewer-lyt3o133\" class=\"xVISr Y9Dpf bCMSCT OZy-3 lnyWN yMZv8w bCMSCT public-DraftStyleDefault-block-depth0 fixed-tab-size public-DraftStyleDefault-text-ltr\"><span class=\"B2EFF public-DraftStyleDefault-ltr\">\u00a0<\/span><\/div>\n<div data-hook=\"rcv-block41\"><\/div>\n<p id=\"viewer-hblce134\" class=\"xVISr Y9Dpf bCMSCT OZy-3 lnyWN yMZv8w bCMSCT public-DraftStyleDefault-block-depth0 fixed-tab-size public-DraftStyleDefault-text-ltr\"><span class=\"B2EFF public-DraftStyleDefault-ltr\"><strong>\u201cEldorado\u201d <\/strong>n\u00e3o \u00e9 apenas um \u00e1lbum musical; \u00e9 uma jornada pela rica tape\u00e7aria da m\u00fasica latina ao longo das eras. A hist\u00f3ria se desenrola desde os tempos pr\u00e9-coloniais at\u00e9 a modernidade, explorando as v\u00e1rias vertentes e influ\u00eancias que moldaram essa cultura milenar. Com m\u00fasicas em espanhol e l\u00ednguas nativas, o \u00e1lbum apresenta ritmos, harmonias e melodias que capturam a ess\u00eancia dessa riqueza cultural e art\u00edstica.<\/span><\/p>\n<div data-hook=\"rcv-block42\"><\/div>\n<div id=\"viewer-wi5uf137\" class=\"xVISr Y9Dpf bCMSCT OZy-3 lnyWN yMZv8w bCMSCT public-DraftStyleDefault-block-depth0 fixed-tab-size public-DraftStyleDefault-text-ltr\"><span class=\"B2EFF public-DraftStyleDefault-ltr\">\u00a0<\/span><\/div>\n<div data-hook=\"rcv-block43\"><\/div>\n<p id=\"viewer-a2lgx138\" class=\"xVISr Y9Dpf bCMSCT OZy-3 lnyWN yMZv8w bCMSCT public-DraftStyleDefault-block-depth0 fixed-tab-size public-DraftStyleDefault-text-ltr\"><span class=\"B2EFF public-DraftStyleDefault-ltr\">As participa\u00e7\u00f5es especiais adicionam profundidade e autenticidade \u00e0 experi\u00eancia musical. Jos\u00e9 Andr\u00eba, uma voz ic\u00f4nica da banda Mago De Oz, traz sua energia \u00fanica para o \u00e1lbum. Sara Curruchich, cantora ind\u00edgena Maia, compartilha sua voz cativante, mergulhando o \u00e1lbum nas tradi\u00e7\u00f5es ancestrais. E F\u00e1bio Lima, renomado violonista, contribui com sua maestria instrumental, enriquecendo as faixas com sua musicalidade \u00fanica.<\/span><\/p>\n<div data-hook=\"rcv-block44\"><\/div>\n<div id=\"viewer-7wdes141\" class=\"xVISr Y9Dpf bCMSCT OZy-3 lnyWN yMZv8w bCMSCT public-DraftStyleDefault-block-depth0 fixed-tab-size public-DraftStyleDefault-text-ltr\"><span class=\"B2EFF public-DraftStyleDefault-ltr\">\u00a0<\/span><\/div>\n<div data-hook=\"rcv-block45\"><\/div>\n<p id=\"viewer-pictz142\" class=\"xVISr Y9Dpf bCMSCT OZy-3 lnyWN yMZv8w bCMSCT public-DraftStyleDefault-block-depth0 fixed-tab-size public-DraftStyleDefault-text-ltr\"><span class=\"B2EFF public-DraftStyleDefault-ltr\"><strong>Outras informa\u00e7\u00f5es:<\/strong><\/span><\/p>\n<p id=\"viewer-z7c2d145\" class=\"xVISr Y9Dpf bCMSCT OZy-3 lnyWN yMZv8w bCMSCT public-DraftStyleDefault-block-depth0 fixed-tab-size public-DraftStyleDefault-text-ltr\"><span class=\"B2EFF public-DraftStyleDefault-ltr\"><a class=\"TWoY9 itht3\" href=\"http:\/\/www.edufalaschi.com.br\/\" target=\"_blank\" rel=\"noopener noreferrer\" data-hook=\"linkViewer\"><u class=\"D-jZk\">http:\/\/www.edufalaschi.com.br<\/u><\/a><\/span><\/p>\n<div data-hook=\"rcv-block47\"><\/div>\n<div id=\"viewer-3vxb724271\" class=\"xVISr Y9Dpf bCMSCT OZy-3 lnyWN yMZv8w bCMSCT public-DraftStyleDefault-block-depth0 fixed-tab-size public-DraftStyleDefault-text-ltr\"><span class=\"B2EFF public-DraftStyleDefault-ltr\">\u00a0<\/span><\/div>\n<div data-hook=\"rcv-block48\"><\/div>\n<p id=\"viewer-9rrz924492\" class=\"xVISr Y9Dpf bCMSCT OZy-3 lnyWN yMZv8w bCMSCT public-DraftStyleDefault-block-depth0 fixed-tab-size public-DraftStyleDefault-text-ltr\"><span class=\"B2EFF public-DraftStyleDefault-ltr\"><strong>Fonte:<\/strong> Miriam Martinez Assessoria<\/span><\/p>\n<div data-hook=\"rcv-block33\"><\/div>\n<div id=\"viewer-70r4816803\" class=\"xVISr Y9Dpf bCMSCT OZy-3 lnyWN yMZv8w bCMSCT public-DraftStyleDefault-block-depth0 fixed-tab-size public-DraftStyleDefault-text-ltr\"><\/div>\n","protected":false},"excerpt":{"rendered":"<p>O que parecia ser imposs\u00edvel para os f\u00e3s de Heavy Metal, finalmente aconteceu. Durante participa\u00e7\u00e3o no Flow Podcast, o vocalista Edu Falaschi anunciou a participa\u00e7\u00e3o especial de Roy Khan, cantor da banda Conception e ex-vocalista do Kamelot em evento de lan\u00e7amento de \u201cEldorado\u201d no Tokio Marine Hall, em S\u00e3o Paulo, no pr\u00f3ximo dia 27 de [&hellip;]<\/p>\n","protected":false},"author":12,"featured_media":19873,"comment_status":"closed","ping_status":"open","sticky":false,"template":"","format":"standard","meta":{"footnotes":""},"categories":[4,1807],"tags":[],"class_list":["post-19872","post","type-post","status-publish","format-standard","has-post-thumbnail","hentry","category-noticias","category-sem-categoria-pt"],"_links":{"self":[{"href":"http:\/\/heavymetalonline.com.br\/index.php?rest_route=\/wp\/v2\/posts\/19872","targetHints":{"allow":["GET"]}}],"collection":[{"href":"http:\/\/heavymetalonline.com.br\/index.php?rest_route=\/wp\/v2\/posts"}],"about":[{"href":"http:\/\/heavymetalonline.com.br\/index.php?rest_route=\/wp\/v2\/types\/post"}],"author":[{"embeddable":true,"href":"http:\/\/heavymetalonline.com.br\/index.php?rest_route=\/wp\/v2\/users\/12"}],"replies":[{"embeddable":true,"href":"http:\/\/heavymetalonline.com.br\/index.php?rest_route=%2Fwp%2Fv2%2Fcomments&post=19872"}],"version-history":[{"count":2,"href":"http:\/\/heavymetalonline.com.br\/index.php?rest_route=\/wp\/v2\/posts\/19872\/revisions"}],"predecessor-version":[{"id":19875,"href":"http:\/\/heavymetalonline.com.br\/index.php?rest_route=\/wp\/v2\/posts\/19872\/revisions\/19875"}],"wp:featuredmedia":[{"embeddable":true,"href":"http:\/\/heavymetalonline.com.br\/index.php?rest_route=\/wp\/v2\/media\/19873"}],"wp:attachment":[{"href":"http:\/\/heavymetalonline.com.br\/index.php?rest_route=%2Fwp%2Fv2%2Fmedia&parent=19872"}],"wp:term":[{"taxonomy":"category","embeddable":true,"href":"http:\/\/heavymetalonline.com.br\/index.php?rest_route=%2Fwp%2Fv2%2Fcategories&post=19872"},{"taxonomy":"post_tag","embeddable":true,"href":"http:\/\/heavymetalonline.com.br\/index.php?rest_route=%2Fwp%2Fv2%2Ftags&post=19872"}],"curies":[{"name":"wp","href":"https:\/\/api.w.org\/{rel}","templated":true}]}}