{"id":19879,"date":"2024-01-03T13:53:23","date_gmt":"2024-01-03T13:53:23","guid":{"rendered":"http:\/\/heavymetalonline.com.br\/?p=19879"},"modified":"2024-01-03T13:53:23","modified_gmt":"2024-01-03T13:53:23","slug":"banda-de-pau-e-corda-lanca-album-comemorativo-aos-50-anos-em-sao-paulo-dias-05-e-06-de-janeiro-no-sesc-belenzinho","status":"publish","type":"post","link":"http:\/\/heavymetalonline.com.br\/?p=19879","title":{"rendered":"Banda de Pau e Corda lan\u00e7a \u00e1lbum comemorativo aos 50 anos em S\u00e3o Paulo dias 05 e 06 de janeiro no SESC BELENZINHO"},"content":{"rendered":"<p><img loading=\"lazy\" decoding=\"async\" class=\"alignnone size-full wp-image-19880\" src=\"http:\/\/heavymetalonline.com.br\/wp-content\/uploads\/2024\/01\/BPC01-Sidarta.jpg\" alt=\"\" width=\"1600\" height=\"1541\" srcset=\"http:\/\/heavymetalonline.com.br\/wp-content\/uploads\/2024\/01\/BPC01-Sidarta.jpg 1600w, http:\/\/heavymetalonline.com.br\/wp-content\/uploads\/2024\/01\/BPC01-Sidarta-300x289.jpg 300w, http:\/\/heavymetalonline.com.br\/wp-content\/uploads\/2024\/01\/BPC01-Sidarta-768x740.jpg 768w, http:\/\/heavymetalonline.com.br\/wp-content\/uploads\/2024\/01\/BPC01-Sidarta-1024x986.jpg 1024w\" sizes=\"auto, (max-width: 1600px) 100vw, 1600px\" \/><\/p>\n<p style=\"text-align: center;\"><em>Grupo pernambucano reuniu time de peso em disco lan\u00e7ado pela Biscoito Fino<\/em><\/p>\n<p id=\"viewer-uibyk41162\" class=\"xVISr Y9Dpf bCMSCT OZy-3 lnyWN yMZv8w bCMSCT public-DraftStyleDefault-block-depth0 fixed-tab-size public-DraftStyleDefault-text-ltr\"><span class=\"B2EFF public-DraftStyleDefault-ltr\">S\u00e3o mais de cinco d\u00e9cadas de uma trajet\u00f3ria ancorada na devo\u00e7\u00e3o \u00e0 musicalidade nordestina e brasileira transpirada em sucessos, trilhas sonoras e parcerias inesgot\u00e1veis. Esse tempo calibrado na resist\u00eancia de um dos grupos mais longevos do pa\u00eds forja o \u00e1lbum comemorativo dos 50 anos de vida da Banda de<strong> Pau e Corda<\/strong>, \u201cEntre a Flor e a Cruz\u201d, com show de lan\u00e7amento nesta sexta-feira (5) e s\u00e1bado (6), no Teatro do <strong>Sesc Belenzinho<\/strong>, em S\u00e3o Paulo, com as faixas do novo projeto e outras do decorrer da trajet\u00f3ria.\u00a0<\/span><\/p>\n<div data-hook=\"rcv-block2\"><\/div>\n<p id=\"viewer-7pmwd31779\" class=\"xVISr Y9Dpf bCMSCT OZy-3 lnyWN yMZv8w bCMSCT public-DraftStyleDefault-block-depth0 fixed-tab-size public-DraftStyleDefault-text-ltr\"><span class=\"B2EFF public-DraftStyleDefault-ltr\">\u00a0\u00a0<\/span><\/p>\n<div data-hook=\"rcv-block3\"><\/div>\n<p id=\"viewer-plsea31781\" class=\"xVISr Y9Dpf bCMSCT OZy-3 lnyWN yMZv8w bCMSCT public-DraftStyleDefault-block-depth0 fixed-tab-size public-DraftStyleDefault-text-ltr\"><span class=\"B2EFF public-DraftStyleDefault-ltr\">O disco, lan\u00e7ado pela Biscoito Fino, faz jus \u00e0 tenacidade musical: est\u00e1 repleto de inspira\u00e7\u00e3o e coroado pela participa\u00e7\u00e3o de artistas renomados. O trabalho, produzido mais uma vez por Jos\u00e9 Milton &#8211; que acompanha o grupo desde o primeiro \u00e1lbum, em 1973 -, agora em parceria com Alexandre Baros (tamb\u00e9m baterista do grupo), tem arranjos de Z\u00e9 Freire, de Zezinho Franco e de Waltinho, al\u00e9m de participa\u00e7\u00f5es de Lenine, Padre F\u00e1bio de Melo, Fagner, Juliana Linhares e Marcos Valle.\u00a0<\/span><\/p>\n<div data-hook=\"rcv-block4\"><\/div>\n<p id=\"viewer-ilwqn31783\" class=\"xVISr Y9Dpf bCMSCT OZy-3 lnyWN yMZv8w bCMSCT public-DraftStyleDefault-block-depth0 fixed-tab-size public-DraftStyleDefault-text-ltr\"><span class=\"B2EFF public-DraftStyleDefault-ltr\">\u00a0<\/span><\/p>\n<div data-hook=\"rcv-block5\"><\/div>\n<p id=\"viewer-4xytd31785\" class=\"xVISr Y9Dpf bCMSCT OZy-3 lnyWN yMZv8w bCMSCT public-DraftStyleDefault-block-depth0 fixed-tab-size public-DraftStyleDefault-text-ltr\"><span class=\"B2EFF public-DraftStyleDefault-ltr\">O \u00e1lbum-celebra\u00e7\u00e3o se rende aos 50 anos do grupo, S\u00e9rgio Andrade (voz, percuss\u00e3o e vocal), J\u00falio Rangel (viola e vocal), S\u00e9rgio Eduardo (contrabaixo), Z\u00e9 Freire (viol\u00e3o e vocal), Yko Brasil (flauta transversal e p\u00edfano) e Alexandre Baros (bateria, percuss\u00e3o e vocal). A faixa que abre o disco \u00e9 justamente a can\u00e7\u00e3o \u201cViv\u00eancia\u201d, de autoria de Waltinho e Roberto Andrade &#8211; fundadores da Banda junto com o irm\u00e3o e vocalista S\u00e9rgio Andrade, remanescente da forma\u00e7\u00e3o original. A can\u00e7\u00e3o foi o primeiro sucesso do grupo e deu nome ao disco lan\u00e7ado em 1973 &#8211; do qual tamb\u00e9m foi a faixa de abertura. O arranjo original \u00e9 preservado, tendo apenas a diferen\u00e7a da bateria, que agora substitui a percuss\u00e3o da \u00e9poca. Logo em seguida, \u00e9 a vez da can\u00e7\u00e3o \u201cMoer Cana\u201d, ciranda de autoria do paraibano Chico C\u00e9sar, que, na vers\u00e3o da Banda de Pau e Corda, conta com a participa\u00e7\u00e3o especial do cantor Lenine. O encontro entre Pernambuco e Para\u00edba \u00e9 celebrado como uma rever\u00eancia rec\u00edproca entre gera\u00e7\u00f5es que se influenciaram mutuamente e marcaram a forma de fazer a m\u00fasica popular brasileira a partir do filtro nordestino.<\/span><\/p>\n<div data-hook=\"rcv-block6\"><\/div>\n<div id=\"viewer-shhfb39625\" class=\"xVISr Y9Dpf bCMSCT OZy-3 lnyWN yMZv8w bCMSCT public-DraftStyleDefault-block-depth0 fixed-tab-size public-DraftStyleDefault-text-ltr\"><span class=\"B2EFF public-DraftStyleDefault-ltr\">\u00a0<\/span><\/div>\n<div data-hook=\"rcv-block7\"><\/div>\n<p id=\"viewer-z4pdd31787\" class=\"xVISr Y9Dpf bCMSCT OZy-3 lnyWN yMZv8w bCMSCT public-DraftStyleDefault-block-depth0 fixed-tab-size public-DraftStyleDefault-text-ltr\"><span class=\"B2EFF public-DraftStyleDefault-ltr\"><strong>\u00a0<em>Moer Cana (feat. Lenine)\u00a0<\/em><\/strong><\/span><\/p>\n<p><iframe loading=\"lazy\" title=\"Moer Cana | Banda De Pau E Corda feat Lenine (Lyric)\" width=\"640\" height=\"360\" src=\"https:\/\/www.youtube.com\/embed\/kkD_QirxYRY?feature=oembed\" frameborder=\"0\" allow=\"accelerometer; autoplay; clipboard-write; encrypted-media; gyroscope; picture-in-picture; web-share\" referrerpolicy=\"strict-origin-when-cross-origin\" allowfullscreen><\/iframe><\/p>\n<p id=\"viewer-2ejnp31789\" class=\"xVISr Y9Dpf bCMSCT OZy-3 lnyWN yMZv8w bCMSCT public-DraftStyleDefault-block-depth0 fixed-tab-size public-DraftStyleDefault-text-ltr\"><span class=\"B2EFF public-DraftStyleDefault-ltr\">A terceira can\u00e7\u00e3o batiza o t\u00edtulo do disco. <strong><em>&#8220;Entre a Flor e a Cruz&#8221;<\/em><\/strong> \u00e9 uma composi\u00e7\u00e3o do pernambucano PC Silva em parceria com Gean Ramos Pankararu, dois dos principais compositores pernambucanos desta gera\u00e7\u00e3o. Ambos v\u00eam recebendo proje\u00e7\u00e3o nacional e possuem em comum a origem sertaneja que influencia sua po\u00e9tica, sem deixar com que sirva como obst\u00e1culo para que dialoguem com temas e p\u00fablicos universais. A prova \u00e9 a pr\u00f3pria can\u00e7\u00e3o, que expressa na letra uma hist\u00f3ria de amor vivida com a intensidade dos grandes poetas. \u201cE eu que media meu dias nos teus, reguei teus sonhos bem mais que os meus. Ressurgiu meu olhar, o meu brilho. Meu poema ganhou mais estribilho\u201d, diz o refr\u00e3o interpretado por S\u00e9rgio Andrade com do\u00e7ura, suavidade e harmonia.<\/span><\/p>\n<div data-hook=\"rcv-block12\"><\/div>\n<p id=\"viewer-tthsq31791\" class=\"xVISr Y9Dpf bCMSCT OZy-3 lnyWN yMZv8w bCMSCT public-DraftStyleDefault-block-depth0 fixed-tab-size public-DraftStyleDefault-text-ltr\"><span class=\"B2EFF public-DraftStyleDefault-ltr\">\u00a0<\/span><\/p>\n<div data-hook=\"rcv-block13\"><\/div>\n<p id=\"viewer-sg33531793\" class=\"xVISr Y9Dpf bCMSCT OZy-3 lnyWN yMZv8w bCMSCT public-DraftStyleDefault-block-depth0 fixed-tab-size public-DraftStyleDefault-text-ltr\"><span class=\"B2EFF public-DraftStyleDefault-ltr\">Mais uma vez revisitando seus sucessos, a quarta faixa \u00e9 uma regrava\u00e7\u00e3o da can\u00e7\u00e3o \u201cAreia\u201d, de autoria de S\u00e9rgio Andrade e de Waltinho, que tamb\u00e9m assina o arranjo original. Dessa vez, no entanto, a interpreta\u00e7\u00e3o da m\u00fasica \u00e9 dividida com o cearense Raimundo Fagner, num dueto emocionante &#8211; como revela S\u00e9rgio Andrade. \u201cApesar de sermos da mesma gera\u00e7\u00e3o, sempre fui um grande f\u00e3 de Fagner por sua interpreta\u00e7\u00e3o \u00fanica e pela forma como ele consegue se comunicar com seu p\u00fablico de uma forma t\u00e3o intensa\u201d, revela o cantor. A can\u00e7\u00e3o \u201cAreia\u201d foi um grande sucesso nas r\u00e1dios dos anos 1970 e figurou por v\u00e1rias semanas como primeiro lugar nas paradas de sucesso ap\u00f3s o seu lan\u00e7amento, no LP \u201cAssim\u2026 Am\u00e9m\u201d em 1976.\u00a0<\/span><\/p>\n<div data-hook=\"rcv-block14\"><\/div>\n<p id=\"viewer-mfhz831795\" class=\"xVISr Y9Dpf bCMSCT OZy-3 lnyWN yMZv8w bCMSCT public-DraftStyleDefault-block-depth0 fixed-tab-size public-DraftStyleDefault-text-ltr\"><span class=\"B2EFF public-DraftStyleDefault-ltr\">\u00a0<\/span><\/p>\n<div data-hook=\"rcv-block15\"><\/div>\n<p id=\"viewer-c1ose31797\" class=\"xVISr Y9Dpf bCMSCT OZy-3 lnyWN yMZv8w bCMSCT public-DraftStyleDefault-block-depth0 fixed-tab-size public-DraftStyleDefault-text-ltr\"><span class=\"B2EFF public-DraftStyleDefault-ltr\">Tamb\u00e9m de autoria de S\u00e9rgio Andrade, a quinta faixa \u00e9 a in\u00e9dita \u201cRosa Roubada\u201d, cujo enlace da letra de S\u00e9rgio e do arranjo de Z\u00e9 Freire cria um di\u00e1logo profundo entre o lirismo das can\u00e7\u00f5es rom\u00e2nticas e a intensidade dos reencontros e despedidas da vida. Um canto de saudade a perguntar \u201cquem vem l\u00e1 de outro lugar pra essa terra\u201d? Essa \u00e9, talvez, a can\u00e7\u00e3o que melhor retrata o respeito com que a Banda de Pau e Corda trata a pr\u00f3pria hist\u00f3ria, apresentando novas can\u00e7\u00f5es, mas com toda a rever\u00eancia necess\u00e1ria \u00e0 escola po\u00e9tica t\u00e3o bem constru\u00edda ao longo de d\u00e9cadas por iniciativa e lideran\u00e7a de Roberto Andrade, irm\u00e3o de S\u00e9rgio falecido em 2017 e grande respons\u00e1vel pelas primeiras letras de sucesso do grupo. \u00c9 uma esp\u00e9cie de rever\u00eancia \u00e0 trajet\u00f3ria da Banda.<\/span><\/p>\n<div data-hook=\"rcv-block16\"><\/div>\n<p id=\"viewer-79xne31799\" class=\"xVISr Y9Dpf bCMSCT OZy-3 lnyWN yMZv8w bCMSCT public-DraftStyleDefault-block-depth0 fixed-tab-size public-DraftStyleDefault-text-ltr\"><span class=\"B2EFF public-DraftStyleDefault-ltr\">\u00a0<\/span><\/p>\n<div data-hook=\"rcv-block17\"><\/div>\n<p id=\"viewer-z1tku31801\" class=\"xVISr Y9Dpf bCMSCT OZy-3 lnyWN yMZv8w bCMSCT public-DraftStyleDefault-block-depth0 fixed-tab-size public-DraftStyleDefault-text-ltr\"><span class=\"B2EFF public-DraftStyleDefault-ltr\">Revelando as influ\u00eancias de seu in\u00edcio de carreira, a Banda fecha o que seria o \u201cLado A\u201d do disco com uma vers\u00e3o marcante do cl\u00e1ssico \u201cLamento Sertanejo\u201d, parceria entre Dominguinhos e Gilberto Gil. A vers\u00e3o j\u00e1 era tocada pela Banda nos palcos desde o in\u00edcio dos anos 1990 &#8211; com arranjo de Waltinho &#8211; e ganhou seu primeiro registro como uma forma de homenagear os compositores da can\u00e7\u00e3o, influ\u00eancias declaradas de todos os integrantes atuais do grupo &#8211; mas tamb\u00e9m o seu grupo-irm\u00e3o, o Quinteto Violado, dialogando com o arranjo original que o conjunto criou para \u201cForr\u00f3 de Dominguinhos\u201d, como a m\u00fasica era chamada antes de ganhar a letra de Gil.\u00a0<\/span><\/p>\n<div data-hook=\"rcv-block18\"><\/div>\n<p id=\"viewer-i0bof31803\" class=\"xVISr Y9Dpf bCMSCT OZy-3 lnyWN yMZv8w bCMSCT public-DraftStyleDefault-block-depth0 fixed-tab-size public-DraftStyleDefault-text-ltr\"><span class=\"B2EFF public-DraftStyleDefault-ltr\">\u00a0<\/span><\/p>\n<div data-hook=\"rcv-block19\"><\/div>\n<p id=\"viewer-znxg831805\" class=\"xVISr Y9Dpf bCMSCT OZy-3 lnyWN yMZv8w bCMSCT public-DraftStyleDefault-block-depth0 fixed-tab-size public-DraftStyleDefault-text-ltr\"><span class=\"B2EFF public-DraftStyleDefault-ltr\">Abrindo o \u201cLado B\u201d, a Banda de Pau e Corda decidiu encarar um desafio: regravar um dos cl\u00e1ssicos mais revisitados da m\u00fasica popular brasileira. \u201cCarcar\u00e1\u201d, composi\u00e7\u00e3o do maranhense Jo\u00e3o do Vale em parceria com Jos\u00e9 C\u00e2ndido, tem vers\u00f5es ic\u00f4nicas de Maria Beth\u00e2nia, Z\u00e9 Ramalho e tamb\u00e9m do pr\u00f3prio Jo\u00e3o do Vale em dueto com Chico Buarque. Para este desafio, a Banda convidou a potiguar Juliana Linhares, grande destaque da m\u00fasica brasileira contempor\u00e2nea, para dividir os vocais com S\u00e9rgio Andrade em um arranjo inspirado de Z\u00e9 Freire. \u201cJuliana Linhares tem uma das vozes mais bonitas dessa nova gera\u00e7\u00e3o e certamente a interpreta\u00e7\u00e3o mais potente. Era tudo o que a can\u00e7\u00e3o pedia e n\u00f3s, que j\u00e1 \u00e9ramos muito f\u00e3s do seu trabalho, ficamos super felizes com essa parceria\u201d, afirma Andrade.<\/span><\/p>\n<div data-hook=\"rcv-block20\"><\/div>\n<p id=\"viewer-y3owv31807\" class=\"xVISr Y9Dpf bCMSCT OZy-3 lnyWN yMZv8w bCMSCT public-DraftStyleDefault-block-depth0 fixed-tab-size public-DraftStyleDefault-text-ltr\"><span class=\"B2EFF public-DraftStyleDefault-ltr\">\u00a0<\/span><\/p>\n<div data-hook=\"rcv-block21\"><\/div>\n<p id=\"viewer-ufpon31809\" class=\"xVISr Y9Dpf bCMSCT OZy-3 lnyWN yMZv8w bCMSCT public-DraftStyleDefault-block-depth0 fixed-tab-size public-DraftStyleDefault-text-ltr\"><span class=\"B2EFF public-DraftStyleDefault-ltr\">A s\u00e9tima faixa do disco traz o principal sucesso da Banda de Pau e Corda. A can\u00e7\u00e3o \u201cFlor d&#8217;\u00c1gua\u201d (Waltinho\/Roberto Andrade) com arranjo original de Waltinho e um di\u00e1logo com o momento atual do grupo a partir do arranjo de sanfona escrito por Z\u00e9 Freire e executado por Vinicius de Farias, sanfoneiro da nova gera\u00e7\u00e3o da m\u00fasica pernambucana. A can\u00e7\u00e3o foi lan\u00e7ada em 1974 no \u00e1lbum \u201cReden\u00e7\u00e3o\u201d e fez um estrondoso sucesso como trilha sonora da novela da Globo \u201cMaria, Maria\u201d, em 1978. At\u00e9 os dias atuais, \u00e9 a can\u00e7\u00e3o mais conhecida da Pau e Corda e sempre tocada em todos os shows.<\/span><\/p>\n<div data-hook=\"rcv-block22\"><\/div>\n<p id=\"viewer-bhf9f31811\" class=\"xVISr Y9Dpf bCMSCT OZy-3 lnyWN yMZv8w bCMSCT public-DraftStyleDefault-block-depth0 fixed-tab-size public-DraftStyleDefault-text-ltr\"><span class=\"B2EFF public-DraftStyleDefault-ltr\">\u00a0<\/span><\/p>\n<div data-hook=\"rcv-block23\"><\/div>\n<p id=\"viewer-wdxfr31813\" class=\"xVISr Y9Dpf bCMSCT OZy-3 lnyWN yMZv8w bCMSCT public-DraftStyleDefault-block-depth0 fixed-tab-size public-DraftStyleDefault-text-ltr\"><span class=\"B2EFF public-DraftStyleDefault-ltr\">Outro sucesso regravado pela Banda foi a can\u00e7\u00e3o \u201cEsperan\u00e7a\u201d, lan\u00e7ada em 1974 tamb\u00e9m no \u00e1lbum \u201cReden\u00e7\u00e3o\u201d, e mais uma parceria entre Waltinho e S\u00e9rgio Andrade. Como o nome sugere, \u00e9 uma can\u00e7\u00e3o que traz uma mensagem de esperan\u00e7a para os dias de luta. Retrata um momento muito duro da hist\u00f3ria nordestina, que vivia nos anos 1970 um dos seus piores momentos de seca, situa\u00e7\u00e3o agravada pela ditadura militar que castigava o pa\u00eds. Recentemente, durante a pandemia, a can\u00e7\u00e3o passou a ser a m\u00fasica mais ouvida da Banda de Pau e Corda nas plataformas digitais, sucesso atribu\u00eddo \u00e0 sua mensagem de for\u00e7a e luta em momentos pesarosos, como o per\u00edodo de isolamento da COVID-19. Para essa nova vers\u00e3o, a Banda de Pau e Corda convidou o Padre F\u00e1bio de Melo para dividir os vocais com S\u00e9rgio, num dueto marcante possibilitado pelo produtor Jos\u00e9 Milton, respons\u00e1vel por fazer a ponte entre os artistas.\u00a0<\/span><\/p>\n<div data-hook=\"rcv-block24\"><\/div>\n<p id=\"viewer-ttgi531815\" class=\"xVISr Y9Dpf bCMSCT OZy-3 lnyWN yMZv8w bCMSCT public-DraftStyleDefault-block-depth0 fixed-tab-size public-DraftStyleDefault-text-ltr\"><span class=\"B2EFF public-DraftStyleDefault-ltr\">\u00a0<\/span><\/p>\n<div data-hook=\"rcv-block25\"><\/div>\n<p id=\"viewer-o93sf31817\" class=\"xVISr Y9Dpf bCMSCT OZy-3 lnyWN yMZv8w bCMSCT public-DraftStyleDefault-block-depth0 fixed-tab-size public-DraftStyleDefault-text-ltr\"><span class=\"B2EFF public-DraftStyleDefault-ltr\">Apesar de ser mais conhecida por suas can\u00e7\u00f5es e arranjos vocais, os primeiros discos da Banda traziam faixas instrumentais importantes, como \u201cS\u00f3 de Brincadeira\u201d (Waltinho) e \u201cEncontro\u201d (Jos\u00e9 Matias). Pensando nisso e aproveitando o sucesso que a m\u00fasica j\u00e1 faz nos shows atuais &#8211; quando \u00e9 tocada numa performance solo de p\u00edfano &#8211; a Banda escolheu gravar \u201cIns\u00f4nia\u201d, composi\u00e7\u00e3o de Yko Brasil, flautista que integra a forma\u00e7\u00e3o atual do grupo.<em> \u201cAl\u00e9m de nos acompanhar em nossas viagens, quando Yko costuma aproveitar a estrada pra tocar p\u00edfano na van junto com Z\u00e9, \u2018Ins\u00f4nia\u2019 \u00e9 uma m\u00fasica que a gente gosta muito e tamb\u00e9m faz muito sucesso nos nossos shows, ent\u00e3o achamos que ela representava bem o momento da Banda e decidimos incluir no repert\u00f3rio\u201d<\/em>, destaca S\u00e9rgio.\u00a0<\/span><\/p>\n<div data-hook=\"rcv-block26\"><\/div>\n<p id=\"viewer-0gpum31819\" class=\"xVISr Y9Dpf bCMSCT OZy-3 lnyWN yMZv8w bCMSCT public-DraftStyleDefault-block-depth0 fixed-tab-size public-DraftStyleDefault-text-ltr\"><span class=\"B2EFF public-DraftStyleDefault-ltr\">\u00a0<\/span><\/p>\n<div data-hook=\"rcv-block27\"><\/div>\n<p id=\"viewer-zjt0d31821\" class=\"xVISr Y9Dpf bCMSCT OZy-3 lnyWN yMZv8w bCMSCT public-DraftStyleDefault-block-depth0 fixed-tab-size public-DraftStyleDefault-text-ltr\"><span class=\"B2EFF public-DraftStyleDefault-ltr\">Mais um cl\u00e1ssico de sua pr\u00f3pria hist\u00f3ria, a Banda revisita a can\u00e7\u00e3o \u201cLampi\u00e3o\u201d (Waltinho\/Roberto Andrade), com arranjo original de Waltinho. \u201cA nossa ideia era poder mostrar que \u00e9 poss\u00edvel celebrar 50 anos de estrada sempre se reinventando, mas sem esquecer e nem reescrever o passado. Por isso decidimos regravar algumas can\u00e7\u00f5es buscando seguir ao m\u00e1ximo os arranjos originais que as tornaram t\u00e3o famosas\u201d, destaca S\u00e9rgio Andrade. \u201cA simples inclus\u00e3o de novas tecnologias de grava\u00e7\u00e3o, a maturidade da minha voz e mesmo a interpreta\u00e7\u00f5es dos novos instrumentistas j\u00e1 \u00e9 suficiente para dar ares de novidade para uma can\u00e7\u00e3o como \u2018Lampi\u00e3o\u2019, que foi lan\u00e7ada ainda em 1973\u201d, complementa.<\/span><\/p>\n<div data-hook=\"rcv-block28\"><\/div>\n<p id=\"viewer-offm931823\" class=\"xVISr Y9Dpf bCMSCT OZy-3 lnyWN yMZv8w bCMSCT public-DraftStyleDefault-block-depth0 fixed-tab-size public-DraftStyleDefault-text-ltr\"><span class=\"B2EFF public-DraftStyleDefault-ltr\">\u00a0<\/span><\/p>\n<div data-hook=\"rcv-block29\"><\/div>\n<p id=\"viewer-6rx2331825\" class=\"xVISr Y9Dpf bCMSCT OZy-3 lnyWN yMZv8w bCMSCT public-DraftStyleDefault-block-depth0 fixed-tab-size public-DraftStyleDefault-text-ltr\"><span class=\"B2EFF public-DraftStyleDefault-ltr\">Fechando o \u00e1lbum com chave de ouro, o grupo revisita o frevo \u201cPelas Ruas do Recife\u201d (Marcos Valle\/Novelli\/Paulo S\u00e9rgio Valle), gravado pela primeira vez em 1979 no disco que recebeu o mesmo nome e consagrou a Banda como uma das principais representantes do g\u00eanero carnavalesco. Para a vers\u00e3o atual, gravada com arranjo original de Zezinho Franco, a Banda convidou o carioca Marcos Valle, compositor do frevo, para dividir os vocais em uma interpreta\u00e7\u00e3o que trouxe ainda mais eleg\u00e2ncia para um frevo que mistura sotaques e representa como poucos a forma de brincar carnaval da Banda de Pau e Corda.\u00a0<\/span><\/p>\n<div data-hook=\"rcv-block30\"><\/div>\n<p id=\"viewer-a2xnq31827\" class=\"xVISr Y9Dpf bCMSCT OZy-3 lnyWN yMZv8w bCMSCT public-DraftStyleDefault-block-depth0 fixed-tab-size public-DraftStyleDefault-text-ltr\"><span class=\"B2EFF public-DraftStyleDefault-ltr\">\u00a0<\/span><\/p>\n<div data-hook=\"rcv-block31\"><\/div>\n<p id=\"viewer-45h4631829\" class=\"xVISr Y9Dpf bCMSCT OZy-3 lnyWN yMZv8w bCMSCT public-DraftStyleDefault-block-depth0 fixed-tab-size public-DraftStyleDefault-text-ltr\"><span class=\"B2EFF public-DraftStyleDefault-ltr\"><strong>SERVI\u00c7O<\/strong><\/span><\/p>\n<p id=\"viewer-pujve31831\" class=\"xVISr Y9Dpf bCMSCT OZy-3 lnyWN yMZv8w bCMSCT public-DraftStyleDefault-block-depth0 fixed-tab-size public-DraftStyleDefault-text-ltr\"><span class=\"B2EFF public-DraftStyleDefault-ltr\">Banda de Pau e Corda no Sesc Belenzinho (R. Padre Adelino, 1000, Belenzinho)<\/span><\/p>\n<p id=\"viewer-zcz6i31835\" class=\"xVISr Y9Dpf bCMSCT OZy-3 lnyWN yMZv8w bCMSCT public-DraftStyleDefault-block-depth0 fixed-tab-size public-DraftStyleDefault-text-ltr\"><span class=\"B2EFF public-DraftStyleDefault-ltr\">Quando: sexta-feira (5) e s\u00e1bado (6), \u00e0s 21h<\/span><\/p>\n<p id=\"viewer-shapg31837\" class=\"xVISr Y9Dpf bCMSCT OZy-3 lnyWN yMZv8w bCMSCT public-DraftStyleDefault-block-depth0 fixed-tab-size public-DraftStyleDefault-text-ltr\"><span class=\"B2EFF public-DraftStyleDefault-ltr\">Quanto: R$ 50, R$ 25 (meia) e R$ 15 (credencial plena), \u00e0 venda no site do Sesc Belenzinho ( <a class=\"TWoY9 itht3\" href=\"https:\/\/www.sescsp.org.br\/programacao\/banda-de-pau-e-corda-2\/\" target=\"_blank\" rel=\"noopener noreferrer\" data-hook=\"linkViewer\"><u class=\"D-jZk\">https:\/\/www.sescsp.org.br\/programacao\/banda-de-pau-e-corda-2\/<\/u><\/a>\u00a0)<\/span><\/p>\n<div data-hook=\"rcv-block35\"><\/div>\n<p id=\"viewer-p2puh31841\" class=\"xVISr Y9Dpf bCMSCT OZy-3 lnyWN yMZv8w bCMSCT public-DraftStyleDefault-block-depth0 fixed-tab-size public-DraftStyleDefault-text-ltr\"><span class=\"B2EFF public-DraftStyleDefault-ltr\">\u00a0<\/span><\/p>\n<div data-hook=\"rcv-block36\"><\/div>\n<p id=\"viewer-c88rp31843\" class=\"xVISr Y9Dpf bCMSCT OZy-3 lnyWN yMZv8w bCMSCT public-DraftStyleDefault-block-depth0 fixed-tab-size public-DraftStyleDefault-text-ltr\"><span class=\"B2EFF public-DraftStyleDefault-ltr\">&#8211;&gt; Alb\u00fam &#8220;Entre a Flor e a Cruz&#8221;\u00a0&#8211; <a class=\"TWoY9 itht3\" href=\"https:\/\/orcd.co\/entreafloreacruz\" target=\"_blank\" rel=\"noopener noreferrer\" data-hook=\"linkViewer\"><u class=\"D-jZk\">https:\/\/orcd.co\/entreafloreacruz<\/u><\/a>\u00a0<\/span><\/p>\n<div data-hook=\"rcv-block37\"><\/div>\n<p id=\"viewer-csg0c31847\" class=\"xVISr Y9Dpf bCMSCT OZy-3 lnyWN yMZv8w bCMSCT public-DraftStyleDefault-block-depth0 fixed-tab-size public-DraftStyleDefault-text-ltr\"><span class=\"B2EFF public-DraftStyleDefault-ltr\">\u00a0<\/span><\/p>\n<div data-hook=\"rcv-block38\"><\/div>\n<p id=\"viewer-pgals31849\" class=\"xVISr Y9Dpf bCMSCT OZy-3 lnyWN yMZv8w bCMSCT public-DraftStyleDefault-block-depth0 fixed-tab-size public-DraftStyleDefault-text-ltr\"><span class=\"B2EFF public-DraftStyleDefault-ltr\"><strong>FICHA T\u00c9CNICA DO \u00c1LBUM &#8220;ENTRE A FLOR E A CRUZ&#8221;<\/strong><\/span><\/p>\n<p id=\"viewer-jq5xf31851\" class=\"xVISr Y9Dpf bCMSCT OZy-3 lnyWN yMZv8w bCMSCT public-DraftStyleDefault-block-depth0 fixed-tab-size public-DraftStyleDefault-text-ltr\"><span class=\"B2EFF public-DraftStyleDefault-ltr\">Produzido por Jos\u00e9 Milton e Alexandre Baros<\/span><\/p>\n<p id=\"viewer-zp4d731853\" class=\"xVISr Y9Dpf bCMSCT OZy-3 lnyWN yMZv8w bCMSCT public-DraftStyleDefault-block-depth0 fixed-tab-size public-DraftStyleDefault-text-ltr\"><span class=\"B2EFF public-DraftStyleDefault-ltr\">Produ\u00e7\u00e3o Executiva: Rafael Moura | Ampliar Produ\u00e7\u00f5es<\/span><\/p>\n<p id=\"viewer-6trwg31855\" class=\"xVISr Y9Dpf bCMSCT OZy-3 lnyWN yMZv8w bCMSCT public-DraftStyleDefault-block-depth0 fixed-tab-size public-DraftStyleDefault-text-ltr\"><span class=\"B2EFF public-DraftStyleDefault-ltr\">Repert\u00f3rio: S\u00e9rgio Andrade, Rafael Moura e Jos\u00e9 Milton<\/span><\/p>\n<p id=\"viewer-doldu31857\" class=\"xVISr Y9Dpf bCMSCT OZy-3 lnyWN yMZv8w bCMSCT public-DraftStyleDefault-block-depth0 fixed-tab-size public-DraftStyleDefault-text-ltr\"><span class=\"B2EFF public-DraftStyleDefault-ltr\">Gravado Junior Evangelista e Marco Melo no Est\u00fadio Carranca (Recife\/PE)<\/span><\/p>\n<p id=\"viewer-qk0qh31859\" class=\"xVISr Y9Dpf bCMSCT OZy-3 lnyWN yMZv8w bCMSCT public-DraftStyleDefault-block-depth0 fixed-tab-size public-DraftStyleDefault-text-ltr\"><span class=\"B2EFF public-DraftStyleDefault-ltr\">Assistente de grava\u00e7\u00e3o: Marcio e Neto<\/span><\/p>\n<p id=\"viewer-jpv0831861\" class=\"xVISr Y9Dpf bCMSCT OZy-3 lnyWN yMZv8w bCMSCT public-DraftStyleDefault-block-depth0 fixed-tab-size public-DraftStyleDefault-text-ltr\"><span class=\"B2EFF public-DraftStyleDefault-ltr\">Roadie: Ed. Silva<\/span><\/p>\n<p id=\"viewer-dvpcm31863\" class=\"xVISr Y9Dpf bCMSCT OZy-3 lnyWN yMZv8w bCMSCT public-DraftStyleDefault-block-depth0 fixed-tab-size public-DraftStyleDefault-text-ltr\"><span class=\"B2EFF public-DraftStyleDefault-ltr\">Voz de Lenine gravada por Bruno Giorgi no Est\u00fadio OQuarto (Rio de Janeiro\/RJ)<\/span><\/p>\n<p id=\"viewer-apoiu31865\" class=\"xVISr Y9Dpf bCMSCT OZy-3 lnyWN yMZv8w bCMSCT public-DraftStyleDefault-block-depth0 fixed-tab-size public-DraftStyleDefault-text-ltr\"><span class=\"B2EFF public-DraftStyleDefault-ltr\">Vozes de Raimundo Fagner, Juliana Linhares e Pe. Fabio de Melo gravadas por Willian Luna na Companhia dos T\u00e9cnicos (Rio de Janeiro\/RJ)<\/span><\/p>\n<p id=\"viewer-kunln31867\" class=\"xVISr Y9Dpf bCMSCT OZy-3 lnyWN yMZv8w bCMSCT public-DraftStyleDefault-block-depth0 fixed-tab-size public-DraftStyleDefault-text-ltr\"><span class=\"B2EFF public-DraftStyleDefault-ltr\">Assistentes de grava\u00e7\u00e3o: Rafael Rui Castro e Enzo<\/span><\/p>\n<p id=\"viewer-mx6y631869\" class=\"xVISr Y9Dpf bCMSCT OZy-3 lnyWN yMZv8w bCMSCT public-DraftStyleDefault-block-depth0 fixed-tab-size public-DraftStyleDefault-text-ltr\"><span class=\"B2EFF public-DraftStyleDefault-ltr\">Voz Marcos Valle gravada por Patr\u00edcia Alvi no Est\u00fadio Conecta (Rio de Janeiro\/RJ)<\/span><\/p>\n<p id=\"viewer-wxgwu31871\" class=\"xVISr Y9Dpf bCMSCT OZy-3 lnyWN yMZv8w bCMSCT public-DraftStyleDefault-block-depth0 fixed-tab-size public-DraftStyleDefault-text-ltr\"><span class=\"B2EFF public-DraftStyleDefault-ltr\">Edi\u00e7\u00e3o Digital Marcos Valle por Daniel Alcoforado (Rio de Janeiro\/RJ)<\/span><\/p>\n<p id=\"viewer-cbxfr31873\" class=\"xVISr Y9Dpf bCMSCT OZy-3 lnyWN yMZv8w bCMSCT public-DraftStyleDefault-block-depth0 fixed-tab-size public-DraftStyleDefault-text-ltr\"><span class=\"B2EFF public-DraftStyleDefault-ltr\">Mixado por Junior Evangelista (Recife\/PE)<\/span><\/p>\n<p id=\"viewer-53oek31875\" class=\"xVISr Y9Dpf bCMSCT OZy-3 lnyWN yMZv8w bCMSCT public-DraftStyleDefault-block-depth0 fixed-tab-size public-DraftStyleDefault-text-ltr\"><span class=\"B2EFF public-DraftStyleDefault-ltr\">Masterizado por Arthur Luna (Rio de Janeiro\/RJ)<\/span><\/p>\n<p id=\"viewer-4pzqu31877\" class=\"xVISr Y9Dpf bCMSCT OZy-3 lnyWN yMZv8w bCMSCT public-DraftStyleDefault-block-depth0 fixed-tab-size public-DraftStyleDefault-text-ltr\"><span class=\"B2EFF public-DraftStyleDefault-ltr\">Designer: Pedro Alb Xavier<\/span><\/p>\n<p id=\"viewer-gh1xy31879\" class=\"xVISr Y9Dpf bCMSCT OZy-3 lnyWN yMZv8w bCMSCT public-DraftStyleDefault-block-depth0 fixed-tab-size public-DraftStyleDefault-text-ltr\"><span class=\"B2EFF public-DraftStyleDefault-ltr\">Ilustra\u00e7\u00e3o: Ayod\u00ea Fran\u00e7a\u00a0<\/span><\/p>\n<div data-hook=\"rcv-block54\"><\/div>\n<div data-hook=\"rcv-block55\"><span class=\"B2EFF public-DraftStyleDefault-ltr\">\u00a0<\/span><\/div>\n<div data-hook=\"rcv-block-last\"><\/div>\n<p id=\"viewer-dwprb42675\" class=\"xVISr Y9Dpf bCMSCT OZy-3 lnyWN yMZv8w bCMSCT public-DraftStyleDefault-block-depth0 fixed-tab-size public-DraftStyleDefault-text-ltr\"><span class=\"B2EFF public-DraftStyleDefault-ltr\"><strong>Por: <\/strong>Denise Souza<\/span><\/p>\n","protected":false},"excerpt":{"rendered":"<p>Grupo pernambucano reuniu time de peso em disco lan\u00e7ado pela Biscoito Fino S\u00e3o mais de cinco d\u00e9cadas de uma trajet\u00f3ria ancorada na devo\u00e7\u00e3o \u00e0 musicalidade nordestina e brasileira transpirada em sucessos, trilhas sonoras e parcerias inesgot\u00e1veis. Esse tempo calibrado na resist\u00eancia de um dos grupos mais longevos do pa\u00eds forja o \u00e1lbum comemorativo dos 50 [&hellip;]<\/p>\n","protected":false},"author":12,"featured_media":19880,"comment_status":"closed","ping_status":"open","sticky":false,"template":"","format":"standard","meta":{"footnotes":""},"categories":[4],"tags":[],"class_list":["post-19879","post","type-post","status-publish","format-standard","has-post-thumbnail","hentry","category-noticias"],"_links":{"self":[{"href":"http:\/\/heavymetalonline.com.br\/index.php?rest_route=\/wp\/v2\/posts\/19879","targetHints":{"allow":["GET"]}}],"collection":[{"href":"http:\/\/heavymetalonline.com.br\/index.php?rest_route=\/wp\/v2\/posts"}],"about":[{"href":"http:\/\/heavymetalonline.com.br\/index.php?rest_route=\/wp\/v2\/types\/post"}],"author":[{"embeddable":true,"href":"http:\/\/heavymetalonline.com.br\/index.php?rest_route=\/wp\/v2\/users\/12"}],"replies":[{"embeddable":true,"href":"http:\/\/heavymetalonline.com.br\/index.php?rest_route=%2Fwp%2Fv2%2Fcomments&post=19879"}],"version-history":[{"count":1,"href":"http:\/\/heavymetalonline.com.br\/index.php?rest_route=\/wp\/v2\/posts\/19879\/revisions"}],"predecessor-version":[{"id":19881,"href":"http:\/\/heavymetalonline.com.br\/index.php?rest_route=\/wp\/v2\/posts\/19879\/revisions\/19881"}],"wp:featuredmedia":[{"embeddable":true,"href":"http:\/\/heavymetalonline.com.br\/index.php?rest_route=\/wp\/v2\/media\/19880"}],"wp:attachment":[{"href":"http:\/\/heavymetalonline.com.br\/index.php?rest_route=%2Fwp%2Fv2%2Fmedia&parent=19879"}],"wp:term":[{"taxonomy":"category","embeddable":true,"href":"http:\/\/heavymetalonline.com.br\/index.php?rest_route=%2Fwp%2Fv2%2Fcategories&post=19879"},{"taxonomy":"post_tag","embeddable":true,"href":"http:\/\/heavymetalonline.com.br\/index.php?rest_route=%2Fwp%2Fv2%2Ftags&post=19879"}],"curies":[{"name":"wp","href":"https:\/\/api.w.org\/{rel}","templated":true}]}}