{"id":19953,"date":"2024-01-08T15:27:21","date_gmt":"2024-01-08T15:27:21","guid":{"rendered":"http:\/\/heavymetalonline.com.br\/?p=19953"},"modified":"2024-01-08T15:28:07","modified_gmt":"2024-01-08T15:28:07","slug":"sepultura-esgota-segundo-show-em-sao-paulo-e-abre-nova-data-da-tour-de-despedida-celebrating-life-through-death-na-capital-paulista","status":"publish","type":"post","link":"http:\/\/heavymetalonline.com.br\/?p=19953","title":{"rendered":"Sepultura esgota segundo show em S\u00e3o Paulo e abre nova data da tour de despedida &#8220;Celebrating life through death&#8221; na capital paulista"},"content":{"rendered":"<p><img loading=\"lazy\" decoding=\"async\" class=\"alignnone size-full wp-image-19954\" src=\"http:\/\/heavymetalonline.com.br\/wp-content\/uploads\/2024\/01\/2023-30E-COLETIVA-SEPULTURA-SP-3790.jpg\" alt=\"\" width=\"4500\" height=\"3000\" srcset=\"http:\/\/heavymetalonline.com.br\/wp-content\/uploads\/2024\/01\/2023-30E-COLETIVA-SEPULTURA-SP-3790.jpg 4500w, http:\/\/heavymetalonline.com.br\/wp-content\/uploads\/2024\/01\/2023-30E-COLETIVA-SEPULTURA-SP-3790-300x200.jpg 300w, http:\/\/heavymetalonline.com.br\/wp-content\/uploads\/2024\/01\/2023-30E-COLETIVA-SEPULTURA-SP-3790-768x512.jpg 768w, http:\/\/heavymetalonline.com.br\/wp-content\/uploads\/2024\/01\/2023-30E-COLETIVA-SEPULTURA-SP-3790-1024x683.jpg 1024w\" sizes=\"auto, (max-width: 4500px) 100vw, 4500px\" \/><\/p>\n<p>Cr\u00e9dito<span class=\"KviDO\">:<\/span> Stephan Solon<\/p>\n<p style=\"text-align: center;\"><em>No ano em que completa 40 anos de estrada, banda d\u00e1 adeus aos palcos em uma turn\u00ea global que vai virar um \u00e1lbum com 40 m\u00fasicas<\/em><\/p>\n<p id=\"viewer-7p3qs161732\" class=\"xVISr Y9Dpf bCMSCT OZy-3 lnyWN yMZv8w bCMSCT public-DraftStyleDefault-block-depth0 fixed-tab-size public-DraftStyleDefault-text-ltr\"><span class=\"B2EFF public-DraftStyleDefault-ltr\">No fim de 2023, o <strong>Sepultura<\/strong> causou uma grande como\u00e7\u00e3o ao anunciar que pararia as suas atividades. Antes de dizer &#8220;adeus&#8221;, contudo, a banda que levou o nome do Brasil mundo afora e passou pelos palcos mais importantes do mundo vai rodar o globo com uma turn\u00ea de despedida. No Brasil, a tour intitulada <strong>&#8220;Celebrating life through death&#8221;<\/strong> ter\u00e1 realiza\u00e7\u00e3o da <strong>30e<\/strong>. Ap\u00f3s a grande procura pelas apresenta\u00e7\u00f5es de S\u00e3o Paulo, marcadas para os dias 6 e 7 de setembro, no <strong>Espa\u00e7o Unimed<\/strong>, o grupo formado por <strong>Andreas Kisser, Derrick Green, Eloy Casagrande<\/strong> e <strong>Paulo Jr<\/strong> anuncia uma oportunidade extra para o p\u00fablico paulistano viver esse cap\u00edtulo t\u00e3o importante na trajet\u00f3ria do Sepultura: no dia <strong>8 de setembro<\/strong>, a banda volta a subir ao palco do Espa\u00e7o Unimed. A venda de ingressos inicia no dia<strong> 9 de janeiro<\/strong>, ao <strong>meio-dia<\/strong>, no site da <a class=\"TWoY9 itht3\" href=\"https:\/\/www.eventim.com.br\/artist\/sepultura\/\" target=\"_blank\" rel=\"noopener noreferrer noreferrer\" data-hook=\"linkViewer\"><u class=\"D-jZk\">Eventim<\/u><\/a>. Vale lembrar que ainda h\u00e1 t\u00edquetes dispon\u00edveis para as outras datas da turn\u00ea\u00a0 pelo pa\u00eds.<\/span><\/p>\n<div data-hook=\"rcv-block5\"><\/div>\n<div id=\"viewer-sqtlv41798\" class=\"xVISr Y9Dpf bCMSCT OZy-3 lnyWN yMZv8w bCMSCT public-DraftStyleDefault-block-depth0 fixed-tab-size public-DraftStyleDefault-text-ltr\"><span class=\"B2EFF public-DraftStyleDefault-ltr\">\u00a0<\/span><\/div>\n<div data-hook=\"rcv-block6\"><\/div>\n<p id=\"viewer-rsdvx41093\" class=\"xVISr Y9Dpf bCMSCT OZy-3 lnyWN yMZv8w bCMSCT public-DraftStyleDefault-block-depth0 fixed-tab-size public-DraftStyleDefault-text-ltr\"><span class=\"B2EFF public-DraftStyleDefault-ltr\">A seguir, um comunicado do Sepultura para os amigos, parceiros, imprensa e, claro, para SepulNation:<\/span><\/p>\n<div data-hook=\"rcv-block7\"><\/div>\n<p id=\"viewer-td7yd41095\" class=\"xVISr Y9Dpf bCMSCT OZy-3 lnyWN yMZv8w bCMSCT public-DraftStyleDefault-block-depth0 fixed-tab-size public-DraftStyleDefault-text-ltr\"><span class=\"B2EFF public-DraftStyleDefault-ltr\"><em>&#8220;O Sepultura vai parar. Vai morrer. Uma morte consciente e planejada.Nos pr\u00f3ximos 18 meses, vamos celebrar 40 anos junto aos nossos f\u00e3s em uma tour de despedida que vai passar por todo o planeta.Celebrar acima de tudo o presente, o hoje. Um momento muito especial na nossa rica e vitoriosa carreira.Depois de 40 anos de altos e baixos, 80 pa\u00edses visitados de diferentes culturas, de diferentes vis\u00f5es pol\u00edticas e religiosas, levando as cores e ritmos brasileiros para o mundo, mostrando um Brasil mais realista e menos caricato, mais pesado e agressivo.Depois de lan\u00e7ar o Quadra, um dos melhores \u00e1lbuns da nossa hist\u00f3ria. Sobreviver a uma indesej\u00e1vel e insana Pandemia atrav\u00e9s da SepulQuarta, uma experi\u00eancia maravilhosa que virou um \u00e1lbum e que nos manteve unidos e fortes seguindo em frente. Depois de mudan\u00e7as e aprendizados, n\u00f3s vamos parar.A tour de 40 anos est\u00e1 sendo gravada e vai virar um disco ao vivo de 40 m\u00fasicas registradas em 40 cidades diferentes num momento em que estamos com a mais elevada energia no palco. Uni\u00e3o e conex\u00e3o total.Estamos felizes e muito agradecidos com tudo que aconteceu na nossa hist\u00f3ria, fizemos grandes \u00e1lbuns e shows, cultivamos amizades, conhecemos nossos \u00eddolos, ajudamos a colocar o metal brasileiro no mapa mundial e, agora, deixamos a cena com o sentimento de dever cumprido.Temos os melhores f\u00e3s do mundo, que nos apoiam com elogios e cr\u00edticas, que s\u00e3o exigentes e inteligentes, que evoluem junto com a banda, s\u00e3o sempre leais e amam verdadeiramente o Sepultura. Sem voc\u00eas nada disso seria poss\u00edvel. Este \u00e1lbum e esta tour s\u00e3o para a SepulNation, n\u00f3s amamos voc\u00eas!<\/em><\/span><\/p>\n<div data-hook=\"rcv-block8\"><\/div>\n<p id=\"viewer-n85g141097\" class=\"xVISr Y9Dpf bCMSCT OZy-3 lnyWN yMZv8w bCMSCT public-DraftStyleDefault-block-depth0 fixed-tab-size public-DraftStyleDefault-text-ltr\"><span class=\"B2EFF public-DraftStyleDefault-ltr\"><em>Eutan\u00e1sia, o direito a morte digna. Direito de escolha de ser livre quando se nasce e quando se morre!&#8221;<\/em><\/span><\/p>\n<div data-hook=\"rcv-block9\"><\/div>\n<div id=\"viewer-p0lmf43704\" class=\"xVISr Y9Dpf bCMSCT OZy-3 lnyWN yMZv8w bCMSCT public-DraftStyleDefault-block-depth0 fixed-tab-size public-DraftStyleDefault-text-ltr\"><span class=\"B2EFF public-DraftStyleDefault-ltr\">\u00a0<\/span><\/div>\n<div data-hook=\"rcv-block10\"><\/div>\n<p id=\"viewer-xkfxg41099\" class=\"xVISr Y9Dpf bCMSCT OZy-3 lnyWN yMZv8w bCMSCT public-DraftStyleDefault-block-depth0 fixed-tab-size public-DraftStyleDefault-text-ltr\"><span class=\"B2EFF public-DraftStyleDefault-ltr\">No Brasil, a turn\u00ea &#8220;Celebrating life through death&#8221; ser\u00e1 realizada pela 30e. <em>&#8220;O Sepultura \u00e9 uma das bandas mais relevantes do nosso pa\u00eds, se tornou refer\u00eancia e levou a nossa m\u00fasica aos quatro cantos do mundo. \u00c9 muito simb\u00f3lico estarmos com eles em um cap\u00edtulo t\u00e3o importante dessa trajet\u00f3ria&#8221;<\/em>, afirma Pepeu Correa, CEO da 30e.\u00a0<\/span><\/p>\n<p><img loading=\"lazy\" decoding=\"async\" class=\"alignnone size-full wp-image-19955\" src=\"http:\/\/heavymetalonline.com.br\/wp-content\/uploads\/2024\/01\/unnamed-2-1.jpg\" alt=\"\" width=\"600\" height=\"600\" srcset=\"http:\/\/heavymetalonline.com.br\/wp-content\/uploads\/2024\/01\/unnamed-2-1.jpg 600w, http:\/\/heavymetalonline.com.br\/wp-content\/uploads\/2024\/01\/unnamed-2-1-500x500.jpg 500w, http:\/\/heavymetalonline.com.br\/wp-content\/uploads\/2024\/01\/unnamed-2-1-300x300.jpg 300w\" sizes=\"auto, (max-width: 600px) 100vw, 600px\" \/><\/p>\n<p id=\"viewer-akhzl41105\" class=\"xVISr Y9Dpf bCMSCT OZy-3 lnyWN yMZv8w bCMSCT public-DraftStyleDefault-block-depth0 fixed-tab-size public-DraftStyleDefault-text-ltr\"><span class=\"B2EFF public-DraftStyleDefault-ltr\"><strong>Servi\u00e7o:<\/strong><\/span><\/p>\n<p id=\"viewer-376ov41107\" class=\"xVISr Y9Dpf bCMSCT OZy-3 lnyWN yMZv8w bCMSCT public-DraftStyleDefault-block-depth0 fixed-tab-size public-DraftStyleDefault-text-ltr\"><span class=\"B2EFF public-DraftStyleDefault-ltr\"><strong>SEPULTURA<\/strong><\/span><\/p>\n<p id=\"viewer-1c5z741109\" class=\"xVISr Y9Dpf bCMSCT OZy-3 lnyWN yMZv8w bCMSCT public-DraftStyleDefault-block-depth0 fixed-tab-size public-DraftStyleDefault-text-ltr\"><span class=\"B2EFF public-DraftStyleDefault-ltr\"><strong>Turn\u00ea de despedida &#8211; Celebrating life through deathProdu\u00e7\u00e3o: 30e<\/strong><\/span><\/p>\n<p>&nbsp;<\/p>\n<p id=\"viewer-lt5fx41111\" class=\"xVISr Y9Dpf bCMSCT OZy-3 lnyWN yMZv8w bCMSCT public-DraftStyleDefault-block-depth0 fixed-tab-size public-DraftStyleDefault-text-ltr\"><span class=\"B2EFF public-DraftStyleDefault-ltr\"><strong>BELO HORIZONTE<\/strong><\/span><\/p>\n<p id=\"viewer-2igbs44716\" class=\"xVISr Y9Dpf bCMSCT OZy-3 lnyWN yMZv8w bCMSCT public-DraftStyleDefault-block-depth0 fixed-tab-size public-DraftStyleDefault-text-ltr\"><span class=\"B2EFF public-DraftStyleDefault-ltr\"><strong>Data:<\/strong> 1 de mar\u00e7o<\/span><\/p>\n<p id=\"viewer-0r91o45135\" class=\"xVISr Y9Dpf bCMSCT OZy-3 lnyWN yMZv8w bCMSCT public-DraftStyleDefault-block-depth0 fixed-tab-size public-DraftStyleDefault-text-ltr\"><span class=\"B2EFF public-DraftStyleDefault-ltr\"><strong>Local:<\/strong> Arena Hall<\/span><\/p>\n<p id=\"viewer-pkdkt45527\" class=\"xVISr Y9Dpf bCMSCT OZy-3 lnyWN yMZv8w bCMSCT public-DraftStyleDefault-block-depth0 fixed-tab-size public-DraftStyleDefault-text-ltr\"><span class=\"B2EFF public-DraftStyleDefault-ltr\"><strong>Hor\u00e1rio de Abertura da casa:<\/strong> 19h<\/span><\/p>\n<p id=\"viewer-ssl3g45925\" class=\"xVISr Y9Dpf bCMSCT OZy-3 lnyWN yMZv8w bCMSCT public-DraftStyleDefault-block-depth0 fixed-tab-size public-DraftStyleDefault-text-ltr\"><span class=\"B2EFF public-DraftStyleDefault-ltr\"><strong>Classifica\u00e7\u00e3o Et\u00e1ria:<\/strong> Entrada e perman\u00eancia de crian\u00e7as\/adolescentes de 05 a 15 anos de idade, acompanhados dos pais ou respons\u00e1veis, e de 16 a 17 anos, desacompanhados dos pais ou respons\u00e1veis legais.<\/span><\/p>\n<p id=\"viewer-orcg947065\" class=\"xVISr Y9Dpf bCMSCT OZy-3 lnyWN yMZv8w bCMSCT public-DraftStyleDefault-block-depth0 fixed-tab-size public-DraftStyleDefault-text-ltr\"><span class=\"B2EFF public-DraftStyleDefault-ltr\"><strong>Ingressos:<\/strong><\/span><\/p>\n<p id=\"viewer-sb9rf47474\" class=\"xVISr Y9Dpf bCMSCT OZy-3 lnyWN yMZv8w bCMSCT public-DraftStyleDefault-block-depth0 fixed-tab-size public-DraftStyleDefault-text-ltr\"><span class=\"B2EFF public-DraftStyleDefault-ltr\"><strong>In\u00edcio das vendas:<\/strong> 11 de dezembro, 12h<\/span><\/p>\n<p id=\"viewer-fa25954411\" class=\"xVISr Y9Dpf bCMSCT OZy-3 lnyWN yMZv8w bCMSCT public-DraftStyleDefault-block-depth0 fixed-tab-size public-DraftStyleDefault-text-ltr\"><span class=\"B2EFF public-DraftStyleDefault-ltr\"><strong>Vendas online em: <\/strong><a class=\"TWoY9 itht3\" href=\"http:\/\/eventim.com.br\/\" target=\"_blank\" rel=\"noopener noreferrer\" data-hook=\"linkViewer\"><u class=\"D-jZk\">eventim.com.br<\/u><\/a><\/span><\/p>\n<p id=\"viewer-r4hxf48316\" class=\"xVISr Y9Dpf bCMSCT OZy-3 lnyWN yMZv8w bCMSCT public-DraftStyleDefault-block-depth0 fixed-tab-size public-DraftStyleDefault-text-ltr\"><span class=\"B2EFF public-DraftStyleDefault-ltr\"><strong>Bilheteria oficial:<\/strong> Loja Eventim &#8211; Shopping 5\u00aa Avenida (a partir de 11\/12)\u00a0 R. Alagoas, 1314 &#8211; Belo Horizonte<\/span><\/p>\n<p id=\"viewer-uvnir41127\" class=\"xVISr Y9Dpf bCMSCT OZy-3 lnyWN yMZv8w bCMSCT public-DraftStyleDefault-block-depth0 fixed-tab-size public-DraftStyleDefault-text-ltr\"><span class=\"B2EFF public-DraftStyleDefault-ltr\"><strong>Ingressos:<\/strong><\/span><\/p>\n<p id=\"viewer-7o48p49066\" class=\"xVISr Y9Dpf bCMSCT OZy-3 lnyWN yMZv8w bCMSCT public-DraftStyleDefault-block-depth0 fixed-tab-size public-DraftStyleDefault-text-ltr\"><span class=\"B2EFF public-DraftStyleDefault-ltr\">Pista Premium &#8211; R$ 100,00 (meia-entrada legal) | R$ 120,00 (entrada social) | R$ 200,00 (inteira)<\/span><\/p>\n<p id=\"viewer-m66ay49869\" class=\"xVISr Y9Dpf bCMSCT OZy-3 lnyWN yMZv8w bCMSCT public-DraftStyleDefault-block-depth0 fixed-tab-size public-DraftStyleDefault-text-ltr\"><span class=\"B2EFF public-DraftStyleDefault-ltr\">Arquibancada &#8211; R$ 75,00 (meia-entrada legal) | R$ 90,00 (entrada social) | R$ 150,00 (inteira)<\/span><\/p>\n<p id=\"viewer-8fnho50688\" class=\"xVISr Y9Dpf bCMSCT OZy-3 lnyWN yMZv8w bCMSCT public-DraftStyleDefault-block-depth0 fixed-tab-size public-DraftStyleDefault-text-ltr\"><span class=\"B2EFF public-DraftStyleDefault-ltr\">Su\u00edtes &#8211; R$ 125,00 (meia-entrada legal) | R$ 150,00 (entrada social) | R$ 250,00 (inteira)<\/span><\/p>\n<div data-hook=\"rcv-block31\"><\/div>\n<div id=\"viewer-s7as951179\" class=\"xVISr Y9Dpf bCMSCT OZy-3 lnyWN yMZv8w bCMSCT public-DraftStyleDefault-block-depth0 fixed-tab-size public-DraftStyleDefault-text-ltr\"><span class=\"B2EFF public-DraftStyleDefault-ltr\">\u00a0<\/span><\/div>\n<div data-hook=\"rcv-block32\"><\/div>\n<p id=\"viewer-aqluu41130\" class=\"xVISr Y9Dpf bCMSCT OZy-3 lnyWN yMZv8w bCMSCT public-DraftStyleDefault-block-depth0 fixed-tab-size public-DraftStyleDefault-text-ltr\"><span class=\"B2EFF public-DraftStyleDefault-ltr\"><strong>JUIZ DE FORA<\/strong><\/span><\/p>\n<p id=\"viewer-rf5fp51633\" class=\"xVISr Y9Dpf bCMSCT OZy-3 lnyWN yMZv8w bCMSCT public-DraftStyleDefault-block-depth0 fixed-tab-size public-DraftStyleDefault-text-ltr\"><span class=\"B2EFF public-DraftStyleDefault-ltr\"><strong>Data:<\/strong> 2 de mar\u00e7o<\/span><\/p>\n<p id=\"viewer-9ih5252275\" class=\"xVISr Y9Dpf bCMSCT OZy-3 lnyWN yMZv8w bCMSCT public-DraftStyleDefault-block-depth0 fixed-tab-size public-DraftStyleDefault-text-ltr\"><span class=\"B2EFF public-DraftStyleDefault-ltr\"><strong>Local:<\/strong> Estacionamento Cultural<\/span><\/p>\n<p id=\"viewer-yqg0952973\" class=\"xVISr Y9Dpf bCMSCT OZy-3 lnyWN yMZv8w bCMSCT public-DraftStyleDefault-block-depth0 fixed-tab-size public-DraftStyleDefault-text-ltr\"><span class=\"B2EFF public-DraftStyleDefault-ltr\"><strong>Hor\u00e1rio de Abertura da casa:<\/strong> 19h<\/span><\/p>\n<p id=\"viewer-59vnh55273\" class=\"xVISr Y9Dpf bCMSCT OZy-3 lnyWN yMZv8w bCMSCT public-DraftStyleDefault-block-depth0 fixed-tab-size public-DraftStyleDefault-text-ltr\"><span class=\"B2EFF public-DraftStyleDefault-ltr\"><strong>Classifica\u00e7\u00e3o Et\u00e1ria:<\/strong> Entrada e perman\u00eancia de crian\u00e7as\/adolescentes de 05 a 15 anos de idade, acompanhados dos pais ou respons\u00e1veis, e de 16 a 17 anos, desacompanhados dos pais ou respons\u00e1veis legais.<\/span><\/p>\n<p id=\"viewer-k6vhe55800\" class=\"xVISr Y9Dpf bCMSCT OZy-3 lnyWN yMZv8w bCMSCT public-DraftStyleDefault-block-depth0 fixed-tab-size public-DraftStyleDefault-text-ltr\"><span class=\"B2EFF public-DraftStyleDefault-ltr\"><strong>In\u00edcio das vendas:<\/strong> 11 de dezembro, 12h<\/span><\/p>\n<p id=\"viewer-fqrfr56285\" class=\"xVISr Y9Dpf bCMSCT OZy-3 lnyWN yMZv8w bCMSCT public-DraftStyleDefault-block-depth0 fixed-tab-size public-DraftStyleDefault-text-ltr\"><span class=\"B2EFF public-DraftStyleDefault-ltr\"><strong>Vendas online em:<\/strong> <a class=\"TWoY9 itht3\" href=\"http:\/\/eventim.com.br\/\" target=\"_blank\" rel=\"noopener noreferrer\" data-hook=\"linkViewer\"><u class=\"D-jZk\">eventim.com.br<\/u><\/a><\/span><\/p>\n<p id=\"viewer-zhhy656777\" class=\"xVISr Y9Dpf bCMSCT OZy-3 lnyWN yMZv8w bCMSCT public-DraftStyleDefault-block-depth0 fixed-tab-size public-DraftStyleDefault-text-ltr\"><span class=\"B2EFF public-DraftStyleDefault-ltr\"><strong>Bilheteria oficial:<\/strong> Zine Cultural (a partir de 11\/12) Pra\u00e7a Menelick de Carvalho, n\u00ba 150 &#8211; Juiz de Fora<\/span><\/p>\n<p id=\"viewer-j1ie241147\" class=\"xVISr Y9Dpf bCMSCT OZy-3 lnyWN yMZv8w bCMSCT public-DraftStyleDefault-block-depth0 fixed-tab-size public-DraftStyleDefault-text-ltr\"><span class=\"B2EFF public-DraftStyleDefault-ltr\"><strong>Ingressos:<\/strong><\/span><\/p>\n<p id=\"viewer-t5tp157274\" class=\"xVISr Y9Dpf bCMSCT OZy-3 lnyWN yMZv8w bCMSCT public-DraftStyleDefault-block-depth0 fixed-tab-size public-DraftStyleDefault-text-ltr\"><span class=\"B2EFF public-DraftStyleDefault-ltr\">Pista Premium &#8211; R$ 100,00 (meia-entrada legal) | R$ 140,00 (entrada social) | R$ 200,00 (inteira)<\/span><\/p>\n<p id=\"viewer-nfmd157775\" class=\"xVISr Y9Dpf bCMSCT OZy-3 lnyWN yMZv8w bCMSCT public-DraftStyleDefault-block-depth0 fixed-tab-size public-DraftStyleDefault-text-ltr\"><span class=\"B2EFF public-DraftStyleDefault-ltr\">Pista &#8211; R$ 75,00 (meia-entrada legal) | R$ 105,00 (entrada social) | R$ 150,00 (inteira)<\/span><\/p>\n<div data-hook=\"rcv-block43\"><\/div>\n<div id=\"viewer-ktxv959213\" class=\"xVISr Y9Dpf bCMSCT OZy-3 lnyWN yMZv8w bCMSCT public-DraftStyleDefault-block-depth0 fixed-tab-size public-DraftStyleDefault-text-ltr\"><span class=\"B2EFF public-DraftStyleDefault-ltr\">\u00a0<\/span><\/div>\n<div data-hook=\"rcv-block44\"><\/div>\n<p id=\"viewer-q8f0a41150\" class=\"xVISr Y9Dpf bCMSCT OZy-3 lnyWN yMZv8w bCMSCT public-DraftStyleDefault-block-depth0 fixed-tab-size public-DraftStyleDefault-text-ltr\"><span class=\"B2EFF public-DraftStyleDefault-ltr\"><strong>BRAS\u00cdLIA<\/strong><\/span><\/p>\n<p id=\"viewer-euzxb41152\" class=\"xVISr Y9Dpf bCMSCT OZy-3 lnyWN yMZv8w bCMSCT public-DraftStyleDefault-block-depth0 fixed-tab-size public-DraftStyleDefault-text-ltr\"><span class=\"B2EFF public-DraftStyleDefault-ltr\"><strong>Data:<\/strong> 9 de mar\u00e7o<\/span><\/p>\n<p id=\"viewer-hpte364392\" class=\"xVISr Y9Dpf bCMSCT OZy-3 lnyWN yMZv8w bCMSCT public-DraftStyleDefault-block-depth0 fixed-tab-size public-DraftStyleDefault-text-ltr\"><span class=\"B2EFF public-DraftStyleDefault-ltr\"><strong>Local:<\/strong> Arena Lounge<\/span><\/p>\n<p id=\"viewer-5cbqj60304\" class=\"xVISr Y9Dpf bCMSCT OZy-3 lnyWN yMZv8w bCMSCT public-DraftStyleDefault-block-depth0 fixed-tab-size public-DraftStyleDefault-text-ltr\"><span class=\"B2EFF public-DraftStyleDefault-ltr\"><strong>Hor\u00e1rio de Abertura da casa:<\/strong> 19h<\/span><\/p>\n<p id=\"viewer-dl32t63835\" class=\"xVISr Y9Dpf bCMSCT OZy-3 lnyWN yMZv8w bCMSCT public-DraftStyleDefault-block-depth0 fixed-tab-size public-DraftStyleDefault-text-ltr\"><span class=\"B2EFF public-DraftStyleDefault-ltr\"><strong>Classifica\u00e7\u00e3o Et\u00e1ria:<\/strong> Entrada e perman\u00eancia de crian\u00e7as\/adolescentes de 05 a 15 anos de idade, acompanhados dos pais ou respons\u00e1veis, e de 16 a 17 anos, desacompanhados dos pais ou respons\u00e1veis legais.<\/span><\/p>\n<p id=\"viewer-lld4763282\" class=\"xVISr Y9Dpf bCMSCT OZy-3 lnyWN yMZv8w bCMSCT public-DraftStyleDefault-block-depth0 fixed-tab-size public-DraftStyleDefault-text-ltr\"><span class=\"B2EFF public-DraftStyleDefault-ltr\"><strong>In\u00edcio das vendas:<\/strong> 11 de dezembro, 12h<\/span><\/p>\n<p id=\"viewer-k9ndu59791\" class=\"xVISr Y9Dpf bCMSCT OZy-3 lnyWN yMZv8w bCMSCT public-DraftStyleDefault-block-depth0 fixed-tab-size public-DraftStyleDefault-text-ltr\"><span class=\"B2EFF public-DraftStyleDefault-ltr\"><strong>Vendas online em:<\/strong> <a class=\"TWoY9 itht3\" href=\"http:\/\/eventim.com.br\/\" target=\"_blank\" rel=\"noopener noreferrer\" data-hook=\"linkViewer\"><u class=\"D-jZk\">eventim.com.br<\/u><\/a><\/span><\/p>\n<p id=\"viewer-e499460838\" class=\"xVISr Y9Dpf bCMSCT OZy-3 lnyWN yMZv8w bCMSCT public-DraftStyleDefault-block-depth0 fixed-tab-size public-DraftStyleDefault-text-ltr\"><span class=\"B2EFF public-DraftStyleDefault-ltr\"><strong>Bilheteria oficial:<\/strong> Loja Eventim Bras\u00edlia Shopping (a partir de 11\/12) &#8211; SCN QD 05 Bloco A Subsolo 2 &#8211; Loja Q054<\/span><\/p>\n<div data-hook=\"rcv-block52\"><\/div>\n<p id=\"viewer-z8elp41169\" class=\"xVISr Y9Dpf bCMSCT OZy-3 lnyWN yMZv8w bCMSCT public-DraftStyleDefault-block-depth0 fixed-tab-size public-DraftStyleDefault-text-ltr\"><span class=\"B2EFF public-DraftStyleDefault-ltr\"><strong>Ingressos:<\/strong><\/span><\/p>\n<p id=\"viewer-cb42161371\" class=\"xVISr Y9Dpf bCMSCT OZy-3 lnyWN yMZv8w bCMSCT public-DraftStyleDefault-block-depth0 fixed-tab-size public-DraftStyleDefault-text-ltr\"><span class=\"B2EFF public-DraftStyleDefault-ltr\">Pista Premium &#8211; R$ 100,00 (meia-entrada legal) | R$ 120,00 (entrada social) | R$ 200,00 (inteira)<\/span><\/p>\n<p id=\"viewer-req2e62140\" class=\"xVISr Y9Dpf bCMSCT OZy-3 lnyWN yMZv8w bCMSCT public-DraftStyleDefault-block-depth0 fixed-tab-size public-DraftStyleDefault-text-ltr\"><span class=\"B2EFF public-DraftStyleDefault-ltr\">Pista &#8211; R$ 75,00 (meia-entrada legal) | R$ 90,00 (entrada social) | R$ 150,00 (inteira)<\/span><\/p>\n<div data-hook=\"rcv-block55\"><\/div>\n<div id=\"viewer-nhyk662743\" class=\"xVISr Y9Dpf bCMSCT OZy-3 lnyWN yMZv8w bCMSCT public-DraftStyleDefault-block-depth0 fixed-tab-size public-DraftStyleDefault-text-ltr\"><span class=\"B2EFF public-DraftStyleDefault-ltr\">\u00a0<\/span><\/div>\n<div data-hook=\"rcv-block56\"><\/div>\n<p id=\"viewer-9d8z241172\" class=\"xVISr Y9Dpf bCMSCT OZy-3 lnyWN yMZv8w bCMSCT public-DraftStyleDefault-block-depth0 fixed-tab-size public-DraftStyleDefault-text-ltr\"><span class=\"B2EFF public-DraftStyleDefault-ltr\"><strong>UBERL\u00c2NDIA<\/strong><\/span><\/p>\n<p id=\"viewer-ykz9641174\" class=\"xVISr Y9Dpf bCMSCT OZy-3 lnyWN yMZv8w bCMSCT public-DraftStyleDefault-block-depth0 fixed-tab-size public-DraftStyleDefault-text-ltr\"><span class=\"B2EFF public-DraftStyleDefault-ltr\"><strong>Data:<\/strong> 15 de mar\u00e7o<\/span><\/p>\n<p id=\"viewer-55nx565734\" class=\"xVISr Y9Dpf bCMSCT OZy-3 lnyWN yMZv8w bCMSCT public-DraftStyleDefault-block-depth0 fixed-tab-size public-DraftStyleDefault-text-ltr\"><span class=\"B2EFF public-DraftStyleDefault-ltr\"><strong>Local:<\/strong> Castelli<\/span><\/p>\n<p id=\"viewer-7ozid66373\" class=\"xVISr Y9Dpf bCMSCT OZy-3 lnyWN yMZv8w bCMSCT public-DraftStyleDefault-block-depth0 fixed-tab-size public-DraftStyleDefault-text-ltr\"><span class=\"B2EFF public-DraftStyleDefault-ltr\"><strong>Hor\u00e1rio de Abertura da casa:<\/strong> 19h<\/span><\/p>\n<p id=\"viewer-co74966954\" class=\"xVISr Y9Dpf bCMSCT OZy-3 lnyWN yMZv8w bCMSCT public-DraftStyleDefault-block-depth0 fixed-tab-size public-DraftStyleDefault-text-ltr\"><span class=\"B2EFF public-DraftStyleDefault-ltr\"><strong>Classifica\u00e7\u00e3o Et\u00e1ria:<\/strong> Entrada e perman\u00eancia de crian\u00e7as\/adolescentes de 05 a 15 anos de idade, acompanhados dos pais ou respons\u00e1veis, e de 16 a 17 anos, desacompanhados dos pais ou respons\u00e1veis legais.<\/span><\/p>\n<p id=\"viewer-k5j1y68069\" class=\"xVISr Y9Dpf bCMSCT OZy-3 lnyWN yMZv8w bCMSCT public-DraftStyleDefault-block-depth0 fixed-tab-size public-DraftStyleDefault-text-ltr\"><span class=\"B2EFF public-DraftStyleDefault-ltr\"><strong>In\u00edcio das vendas:<\/strong> 11 de dezembro, 12h<\/span><\/p>\n<p id=\"viewer-9xubg68729\" class=\"xVISr Y9Dpf bCMSCT OZy-3 lnyWN yMZv8w bCMSCT public-DraftStyleDefault-block-depth0 fixed-tab-size public-DraftStyleDefault-text-ltr\"><span class=\"B2EFF public-DraftStyleDefault-ltr\"><strong>Vendas online em:<\/strong> <a class=\"TWoY9 itht3\" href=\"http:\/\/eventim.com.br\/\" target=\"_blank\" rel=\"noopener noreferrer\" data-hook=\"linkViewer\"><u class=\"D-jZk\">eventim.com.br<\/u><\/a><\/span><\/p>\n<p id=\"viewer-4kn5569329\" class=\"xVISr Y9Dpf bCMSCT OZy-3 lnyWN yMZv8w bCMSCT public-DraftStyleDefault-block-depth0 fixed-tab-size public-DraftStyleDefault-text-ltr\"><span class=\"B2EFF public-DraftStyleDefault-ltr\"><strong>Bilheteria oficial:<\/strong> Espa\u00e7o Laser (a partir de 11\/12) &#8211; Av. Paulo Gracindo, 15 &#8211; Loja 70 &#8211; Morada da Colina, 38411-145<\/span><\/p>\n<p id=\"viewer-mgbvt41191\" class=\"xVISr Y9Dpf bCMSCT OZy-3 lnyWN yMZv8w bCMSCT public-DraftStyleDefault-block-depth0 fixed-tab-size public-DraftStyleDefault-text-ltr\"><span class=\"B2EFF public-DraftStyleDefault-ltr\"><strong>Ingressos:<\/strong><\/span><\/p>\n<p id=\"viewer-2rwh869934\" class=\"xVISr Y9Dpf bCMSCT OZy-3 lnyWN yMZv8w bCMSCT public-DraftStyleDefault-block-depth0 fixed-tab-size public-DraftStyleDefault-text-ltr\"><span class=\"B2EFF public-DraftStyleDefault-ltr\">Pista Premium &#8211; R$ 100,00 (meia-entrada legal) | R$ 120,00 (entrada social) | R$ 200,00 (inteira)<\/span><\/p>\n<p id=\"viewer-9ony871157\" class=\"xVISr Y9Dpf bCMSCT OZy-3 lnyWN yMZv8w bCMSCT public-DraftStyleDefault-block-depth0 fixed-tab-size public-DraftStyleDefault-text-ltr\"><span class=\"B2EFF public-DraftStyleDefault-ltr\">Pista &#8211; R$ 75,00 (meia-entrada legal) | R$ 90,00 (entrada social) | R$ 150,00 (inteira)<\/span><\/p>\n<div data-hook=\"rcv-block67\"><\/div>\n<div id=\"viewer-o27d872067\" class=\"xVISr Y9Dpf bCMSCT OZy-3 lnyWN yMZv8w bCMSCT public-DraftStyleDefault-block-depth0 fixed-tab-size public-DraftStyleDefault-text-ltr\"><span class=\"B2EFF public-DraftStyleDefault-ltr\">\u00a0<\/span><\/div>\n<div data-hook=\"rcv-block68\"><\/div>\n<p id=\"viewer-nztp770543\" class=\"xVISr Y9Dpf bCMSCT OZy-3 lnyWN yMZv8w bCMSCT public-DraftStyleDefault-block-depth0 fixed-tab-size public-DraftStyleDefault-text-ltr\"><span class=\"B2EFF public-DraftStyleDefault-ltr\"><strong>PORTO ALEGRE<\/strong><\/span><\/p>\n<p id=\"viewer-1umds41195\" class=\"xVISr Y9Dpf bCMSCT OZy-3 lnyWN yMZv8w bCMSCT public-DraftStyleDefault-block-depth0 fixed-tab-size public-DraftStyleDefault-text-ltr\"><span class=\"B2EFF public-DraftStyleDefault-ltr\"><strong>Data:<\/strong> 21 de mar\u00e7o<\/span><\/p>\n<p id=\"viewer-v2v0576288\" class=\"xVISr Y9Dpf bCMSCT OZy-3 lnyWN yMZv8w bCMSCT public-DraftStyleDefault-block-depth0 fixed-tab-size public-DraftStyleDefault-text-ltr\"><span class=\"B2EFF public-DraftStyleDefault-ltr\"><strong>Local:<\/strong> Ara\u00fajo Vianna<\/span><\/p>\n<p id=\"viewer-9gx7574994\" class=\"xVISr Y9Dpf bCMSCT OZy-3 lnyWN yMZv8w bCMSCT public-DraftStyleDefault-block-depth0 fixed-tab-size public-DraftStyleDefault-text-ltr\"><span class=\"B2EFF public-DraftStyleDefault-ltr\"><strong>Hor\u00e1rio de Abertura da casa:<\/strong> 19h<\/span><\/p>\n<p id=\"viewer-0pnyc75641\" class=\"xVISr Y9Dpf bCMSCT OZy-3 lnyWN yMZv8w bCMSCT public-DraftStyleDefault-block-depth0 fixed-tab-size public-DraftStyleDefault-text-ltr\"><span class=\"B2EFF public-DraftStyleDefault-ltr\"><strong>Classifica\u00e7\u00e3o Et\u00e1ria:<\/strong> Entrada e perman\u00eancia de crian\u00e7as\/adolescentes de 05 a 15 anos de idade, acompanhados dos pais ou respons\u00e1veis, e de 16 a 17 anos, desacompanhados dos pais ou respons\u00e1veis legais.<\/span><\/p>\n<p id=\"viewer-ah2l374359\" class=\"xVISr Y9Dpf bCMSCT OZy-3 lnyWN yMZv8w bCMSCT public-DraftStyleDefault-block-depth0 fixed-tab-size public-DraftStyleDefault-text-ltr\"><span class=\"B2EFF public-DraftStyleDefault-ltr\"><strong>In\u00edcio das vendas:<\/strong> 11 de dezembro, 12h<\/span><\/p>\n<p id=\"viewer-ipvz876953\" class=\"xVISr Y9Dpf bCMSCT OZy-3 lnyWN yMZv8w bCMSCT public-DraftStyleDefault-block-depth0 fixed-tab-size public-DraftStyleDefault-text-ltr\"><span class=\"B2EFF public-DraftStyleDefault-ltr\"><strong>Vendas online em:<\/strong> <a class=\"TWoY9 itht3\" href=\"http:\/\/eventim.com.br\/\" target=\"_blank\" rel=\"noopener noreferrer\" data-hook=\"linkViewer\"><u class=\"D-jZk\">eventim.com.br<\/u><\/a><\/span><\/p>\n<p id=\"viewer-rw5h477619\" class=\"xVISr Y9Dpf bCMSCT OZy-3 lnyWN yMZv8w bCMSCT public-DraftStyleDefault-block-depth0 fixed-tab-size public-DraftStyleDefault-text-ltr\"><span class=\"B2EFF public-DraftStyleDefault-ltr\"><strong>Bilheteria oficial:<\/strong> Arena do Gr\u00eamio (a partir de 11\/12) Port\u00e3o 2 &#8211; Av. Padre Leopoldo Brentano, 110 &#8211; Humait\u00e1 &#8211; Porto Alegre<\/span><\/p>\n<p id=\"viewer-eg0fv41212\" class=\"xVISr Y9Dpf bCMSCT OZy-3 lnyWN yMZv8w bCMSCT public-DraftStyleDefault-block-depth0 fixed-tab-size public-DraftStyleDefault-text-ltr\"><span class=\"B2EFF public-DraftStyleDefault-ltr\"><strong>Ingressos:<\/strong><\/span><\/p>\n<p id=\"viewer-07ood73661\" class=\"xVISr Y9Dpf bCMSCT OZy-3 lnyWN yMZv8w bCMSCT public-DraftStyleDefault-block-depth0 fixed-tab-size public-DraftStyleDefault-text-ltr\"><span class=\"B2EFF public-DraftStyleDefault-ltr\">Plateia Gold &#8211; R$ 125,00 (meia-entrada legal) | R$ 150,00 (entrada social) | R$ 250,00 (inteira)<\/span><\/p>\n<p id=\"viewer-wp7ie78931\" class=\"xVISr Y9Dpf bCMSCT OZy-3 lnyWN yMZv8w bCMSCT public-DraftStyleDefault-block-depth0 fixed-tab-size public-DraftStyleDefault-text-ltr\"><span class=\"B2EFF public-DraftStyleDefault-ltr\">Plateia Baixa Central &#8211; R$ 112,50 (meia-entrada legal) | R$ 135,00 (entrada social) | R$ 225,00 (inteira)<\/span><\/p>\n<p id=\"viewer-xsis580012\" class=\"xVISr Y9Dpf bCMSCT OZy-3 lnyWN yMZv8w bCMSCT public-DraftStyleDefault-block-depth0 fixed-tab-size public-DraftStyleDefault-text-ltr\"><span class=\"B2EFF public-DraftStyleDefault-ltr\">Plateia Baixa Lateral &#8211; R$ 100,00 (meia-entrada legal) | R$ 120,00 (entrada social) | R$ 200,00 (inteira)<\/span><\/p>\n<p id=\"viewer-q6pns81105\" class=\"xVISr Y9Dpf bCMSCT OZy-3 lnyWN yMZv8w bCMSCT public-DraftStyleDefault-block-depth0 fixed-tab-size public-DraftStyleDefault-text-ltr\"><span class=\"B2EFF public-DraftStyleDefault-ltr\">Plateia Alta Central &#8211; R$ 75,00 (meia-entrada legal) | R$ 90,00 (entrada social) | R$ 150,00 (inteira)<\/span><\/p>\n<p id=\"viewer-szox682127\" class=\"xVISr Y9Dpf bCMSCT OZy-3 lnyWN yMZv8w bCMSCT public-DraftStyleDefault-block-depth0 fixed-tab-size public-DraftStyleDefault-text-ltr\"><span class=\"B2EFF public-DraftStyleDefault-ltr\">Plateia Alta Lateral &#8211; R$ 62,50 (meia-entrada legal) | R$ 75,00 (entrada social) | R$ 125,00 (inteira)<\/span><\/p>\n<div data-hook=\"rcv-block82\"><\/div>\n<div id=\"viewer-df97084707\" class=\"xVISr Y9Dpf bCMSCT OZy-3 lnyWN yMZv8w bCMSCT public-DraftStyleDefault-block-depth0 fixed-tab-size public-DraftStyleDefault-text-ltr\"><span class=\"B2EFF public-DraftStyleDefault-ltr\">\u00a0<\/span><\/div>\n<div data-hook=\"rcv-block83\"><\/div>\n<p id=\"viewer-zubnt83580\" class=\"xVISr Y9Dpf bCMSCT OZy-3 lnyWN yMZv8w bCMSCT public-DraftStyleDefault-block-depth0 fixed-tab-size public-DraftStyleDefault-text-ltr\"><span class=\"B2EFF public-DraftStyleDefault-ltr\"><strong>CURITIBA<\/strong><\/span><\/p>\n<p id=\"viewer-64di741216\" class=\"xVISr Y9Dpf bCMSCT OZy-3 lnyWN yMZv8w bCMSCT public-DraftStyleDefault-block-depth0 fixed-tab-size public-DraftStyleDefault-text-ltr\"><span class=\"B2EFF public-DraftStyleDefault-ltr\"><strong>Data:<\/strong> 22 de mar\u00e7o<\/span><\/p>\n<p id=\"viewer-kq3q185418\" class=\"xVISr Y9Dpf bCMSCT OZy-3 lnyWN yMZv8w bCMSCT public-DraftStyleDefault-block-depth0 fixed-tab-size public-DraftStyleDefault-text-ltr\"><span class=\"B2EFF public-DraftStyleDefault-ltr\"><strong>Local:<\/strong> Live<\/span><\/p>\n<p id=\"viewer-a6fq188311\" class=\"xVISr Y9Dpf bCMSCT OZy-3 lnyWN yMZv8w bCMSCT public-DraftStyleDefault-block-depth0 fixed-tab-size public-DraftStyleDefault-text-ltr\"><span class=\"B2EFF public-DraftStyleDefault-ltr\"><strong>Hor\u00e1rio de Abertura da casa:<\/strong> 19h<\/span><\/p>\n<p id=\"viewer-a0m6a89051\" class=\"xVISr Y9Dpf bCMSCT OZy-3 lnyWN yMZv8w bCMSCT public-DraftStyleDefault-block-depth0 fixed-tab-size public-DraftStyleDefault-text-ltr\"><span class=\"B2EFF public-DraftStyleDefault-ltr\"><strong>Classifica\u00e7\u00e3o Et\u00e1ria:<\/strong> Entrada e perman\u00eancia de crian\u00e7as\/adolescentes de 05 a 15 anos de idade, acompanhados dos pais ou respons\u00e1veis, e de 16 a 17 anos, desacompanhados dos pais ou respons\u00e1veis legais.<\/span><\/p>\n<p id=\"viewer-vlbl289797\" class=\"xVISr Y9Dpf bCMSCT OZy-3 lnyWN yMZv8w bCMSCT public-DraftStyleDefault-block-depth0 fixed-tab-size public-DraftStyleDefault-text-ltr\"><span class=\"B2EFF public-DraftStyleDefault-ltr\"><strong>In\u00edcio das vendas:<\/strong> 11 de dezembro, 12h<\/span><\/p>\n<p id=\"viewer-oo5mm86140\" class=\"xVISr Y9Dpf bCMSCT OZy-3 lnyWN yMZv8w bCMSCT public-DraftStyleDefault-block-depth0 fixed-tab-size public-DraftStyleDefault-text-ltr\"><span class=\"B2EFF public-DraftStyleDefault-ltr\"><strong>Vendas online em:<\/strong> <a class=\"TWoY9 itht3\" href=\"http:\/\/eventim.com.br\/\" target=\"_blank\" rel=\"noopener noreferrer\" data-hook=\"linkViewer\"><u class=\"D-jZk\">eventim.com.br<\/u><\/a><\/span><\/p>\n<p id=\"viewer-d3z1v86863\" class=\"xVISr Y9Dpf bCMSCT OZy-3 lnyWN yMZv8w bCMSCT public-DraftStyleDefault-block-depth0 fixed-tab-size public-DraftStyleDefault-text-ltr\"><span class=\"B2EFF public-DraftStyleDefault-ltr\"><strong>Bilheteria oficial:<\/strong> Est\u00e1dio Major Ant\u00f4nio Couto Pereira (a partir de 11\/12)\u00a0 Bilheteria 2 do Est\u00e1dio &#8211; Ao lado da entrada da administra\u00e7\u00e3o &#8211; Rua Am\u00e2ncio Moro S\/N &#8211; Alto da Gl\u00f3ria &#8211; Curitiba<\/span><\/p>\n<p id=\"viewer-uz92g41233\" class=\"xVISr Y9Dpf bCMSCT OZy-3 lnyWN yMZv8w bCMSCT public-DraftStyleDefault-block-depth0 fixed-tab-size public-DraftStyleDefault-text-ltr\"><span class=\"B2EFF public-DraftStyleDefault-ltr\"><strong>Ingressos:<\/strong>\u00a0<\/span><\/p>\n<p id=\"viewer-2jxgy87592\" class=\"xVISr Y9Dpf bCMSCT OZy-3 lnyWN yMZv8w bCMSCT public-DraftStyleDefault-block-depth0 fixed-tab-size public-DraftStyleDefault-text-ltr\"><span class=\"B2EFF public-DraftStyleDefault-ltr\">Pista &#8211; R$ 100,00 (meia-entrada legal) | R$ 120,00 (entrada social) | R$ 200,00 (inteira)<\/span><\/p>\n<p id=\"viewer-rp1xg92155\" class=\"xVISr Y9Dpf bCMSCT OZy-3 lnyWN yMZv8w bCMSCT public-DraftStyleDefault-block-depth0 fixed-tab-size public-DraftStyleDefault-text-ltr\"><span class=\"B2EFF public-DraftStyleDefault-ltr\">Mezanino &#8211; R$ 75,00 (meia-entrada legal) | R$ 90,00 (entrada social) | R$ 150,00 (inteira)<\/span><\/p>\n<div data-hook=\"rcv-block94\"><\/div>\n<div id=\"viewer-qxruk93299\" class=\"xVISr Y9Dpf bCMSCT OZy-3 lnyWN yMZv8w bCMSCT public-DraftStyleDefault-block-depth0 fixed-tab-size public-DraftStyleDefault-text-ltr\"><span class=\"B2EFF public-DraftStyleDefault-ltr\">\u00a0<\/span><\/div>\n<div data-hook=\"rcv-block95\"><\/div>\n<p id=\"viewer-6sw3q90929\" class=\"xVISr Y9Dpf bCMSCT OZy-3 lnyWN yMZv8w bCMSCT public-DraftStyleDefault-block-depth0 fixed-tab-size public-DraftStyleDefault-text-ltr\"><span class=\"B2EFF public-DraftStyleDefault-ltr\"><strong>FLORIAN\u00d3POLIS<\/strong><\/span><\/p>\n<p id=\"viewer-71q6b41237\" class=\"xVISr Y9Dpf bCMSCT OZy-3 lnyWN yMZv8w bCMSCT public-DraftStyleDefault-block-depth0 fixed-tab-size public-DraftStyleDefault-text-ltr\"><span class=\"B2EFF public-DraftStyleDefault-ltr\"><strong>Data:<\/strong> 23 de mar\u00e7o<\/span><\/p>\n<p id=\"viewer-hwjqq94935\" class=\"xVISr Y9Dpf bCMSCT OZy-3 lnyWN yMZv8w bCMSCT public-DraftStyleDefault-block-depth0 fixed-tab-size public-DraftStyleDefault-text-ltr\"><span class=\"B2EFF public-DraftStyleDefault-ltr\"><strong>Local:<\/strong> Arena Opus<\/span><\/p>\n<p id=\"viewer-3opi4101872\" class=\"xVISr Y9Dpf bCMSCT OZy-3 lnyWN yMZv8w bCMSCT public-DraftStyleDefault-block-depth0 fixed-tab-size public-DraftStyleDefault-text-ltr\"><span class=\"B2EFF public-DraftStyleDefault-ltr\"><strong>Hor\u00e1rio de Abertura da casa:<\/strong> 19h<\/span><\/p>\n<p id=\"viewer-uy1o599460\" class=\"xVISr Y9Dpf bCMSCT OZy-3 lnyWN yMZv8w bCMSCT public-DraftStyleDefault-block-depth0 fixed-tab-size public-DraftStyleDefault-text-ltr\"><span class=\"B2EFF public-DraftStyleDefault-ltr\"><strong>Classifica\u00e7\u00e3o Et\u00e1ria:<\/strong> Entrada e perman\u00eancia de crian\u00e7as\/adolescentes de 05 a 15 anos de idade, acompanhados dos pais ou respons\u00e1veis, e de 16 a 17 anos, desacompanhados dos pais ou respons\u00e1veis legais.<\/span><\/p>\n<p id=\"viewer-z8xud98169\" class=\"xVISr Y9Dpf bCMSCT OZy-3 lnyWN yMZv8w bCMSCT public-DraftStyleDefault-block-depth0 fixed-tab-size public-DraftStyleDefault-text-ltr\"><span class=\"B2EFF public-DraftStyleDefault-ltr\"><strong>In\u00edcio das vendas:<\/strong> 11 de dezembro, 12h<\/span><\/p>\n<p id=\"viewer-juarn100263\" class=\"xVISr Y9Dpf bCMSCT OZy-3 lnyWN yMZv8w bCMSCT public-DraftStyleDefault-block-depth0 fixed-tab-size public-DraftStyleDefault-text-ltr\"><span class=\"B2EFF public-DraftStyleDefault-ltr\"><strong>Vendas online em: <\/strong><a class=\"TWoY9 itht3\" href=\"http:\/\/eventim.com.br\/\" target=\"_blank\" rel=\"noopener noreferrer\" data-hook=\"linkViewer\"><u class=\"D-jZk\">eventim.com.br<\/u><\/a><\/span><\/p>\n<p id=\"viewer-gi0pa101070\" class=\"xVISr Y9Dpf bCMSCT OZy-3 lnyWN yMZv8w bCMSCT public-DraftStyleDefault-block-depth0 fixed-tab-size public-DraftStyleDefault-text-ltr\"><span class=\"B2EFF public-DraftStyleDefault-ltr\"><strong>Bilheteria oficial:<\/strong> Arena Opus (a partir de 11\/12) SC-281, 4000 &#8211; Sert\u00e3o do Maruim, S\u00e3o Jos\u00e9 &#8211; SC<\/span><\/p>\n<p id=\"viewer-may6241253\" class=\"xVISr Y9Dpf bCMSCT OZy-3 lnyWN yMZv8w bCMSCT public-DraftStyleDefault-block-depth0 fixed-tab-size public-DraftStyleDefault-text-ltr\"><span class=\"B2EFF public-DraftStyleDefault-ltr\"><strong>Ingressos:<\/strong><\/span><\/p>\n<p id=\"viewer-69mch96994\" class=\"xVISr Y9Dpf bCMSCT OZy-3 lnyWN yMZv8w bCMSCT public-DraftStyleDefault-block-depth0 fixed-tab-size public-DraftStyleDefault-text-ltr\"><span class=\"B2EFF public-DraftStyleDefault-ltr\">Pista &#8211; R$ 100,00 (meia-entrada legal) | R$ 120,00 (entrada social) | R$ 200,00 (inteira)<\/span><\/p>\n<div data-hook=\"rcv-block105\"><\/div>\n<div id=\"viewer-ixi4d95822\" class=\"xVISr Y9Dpf bCMSCT OZy-3 lnyWN yMZv8w bCMSCT public-DraftStyleDefault-block-depth0 fixed-tab-size public-DraftStyleDefault-text-ltr\"><span class=\"B2EFF public-DraftStyleDefault-ltr\">\u00a0<\/span><\/div>\n<div data-hook=\"rcv-block106\"><\/div>\n<p id=\"viewer-srwgz41256\" class=\"xVISr Y9Dpf bCMSCT OZy-3 lnyWN yMZv8w bCMSCT public-DraftStyleDefault-block-depth0 fixed-tab-size public-DraftStyleDefault-text-ltr\"><span class=\"B2EFF public-DraftStyleDefault-ltr\"><strong>S\u00c3O PAULO<\/strong><\/span><\/p>\n<p id=\"viewer-q4mck41258\" class=\"xVISr Y9Dpf bCMSCT OZy-3 lnyWN yMZv8w bCMSCT public-DraftStyleDefault-block-depth0 fixed-tab-size public-DraftStyleDefault-text-ltr\"><span class=\"B2EFF public-DraftStyleDefault-ltr\"><strong>Data:<\/strong> 6 e 7 de setembro <strong>(ESGOTADOS)<\/strong> | <\/span><\/p>\n<p id=\"viewer-r819m103537\" class=\"xVISr Y9Dpf bCMSCT OZy-3 lnyWN yMZv8w bCMSCT public-DraftStyleDefault-block-depth0 fixed-tab-size public-DraftStyleDefault-text-ltr\"><span class=\"B2EFF public-DraftStyleDefault-ltr\"><strong>Data extra: <\/strong>8 de setembro<\/span><\/p>\n<p id=\"viewer-y7fah105306\" class=\"xVISr Y9Dpf bCMSCT OZy-3 lnyWN yMZv8w bCMSCT public-DraftStyleDefault-block-depth0 fixed-tab-size public-DraftStyleDefault-text-ltr\"><span class=\"B2EFF public-DraftStyleDefault-ltr\"><strong>Local:<\/strong> Espa\u00e7o Unimed<\/span><\/p>\n<p id=\"viewer-gkgdr106242\" class=\"xVISr Y9Dpf bCMSCT OZy-3 lnyWN yMZv8w bCMSCT public-DraftStyleDefault-block-depth0 fixed-tab-size public-DraftStyleDefault-text-ltr\"><span class=\"B2EFF public-DraftStyleDefault-ltr\"><strong>Hor\u00e1rio de Abertura da casa:<\/strong> 19h<\/span><\/p>\n<p id=\"viewer-wq01i107078\" class=\"xVISr Y9Dpf bCMSCT OZy-3 lnyWN yMZv8w bCMSCT public-DraftStyleDefault-block-depth0 fixed-tab-size public-DraftStyleDefault-text-ltr\"><span class=\"B2EFF public-DraftStyleDefault-ltr\"><strong>Classifica\u00e7\u00e3o Et\u00e1ria:<\/strong> Entrada e perman\u00eancia de crian\u00e7as\/adolescentes de 05 a 15 anos de idade, acompanhados dos pais ou respons\u00e1veis, e de 16 a 17 anos, desacompanhados dos pais ou respons\u00e1veis legais.<\/span><\/p>\n<p id=\"viewer-cb9h0108352\" class=\"xVISr Y9Dpf bCMSCT OZy-3 lnyWN yMZv8w bCMSCT public-DraftStyleDefault-block-depth0 fixed-tab-size public-DraftStyleDefault-text-ltr\"><span class=\"B2EFF public-DraftStyleDefault-ltr\"><strong>Ingressos:<\/strong><\/span><\/p>\n<p id=\"viewer-28myb109744\" class=\"xVISr Y9Dpf bCMSCT OZy-3 lnyWN yMZv8w bCMSCT public-DraftStyleDefault-block-depth0 fixed-tab-size public-DraftStyleDefault-text-ltr\"><span class=\"B2EFF public-DraftStyleDefault-ltr\"><strong>In\u00edcio das vendas:<\/strong> 11 de dezembro, 12h<\/span><\/p>\n<p id=\"viewer-3l5il111479\" class=\"xVISr Y9Dpf bCMSCT OZy-3 lnyWN yMZv8w bCMSCT public-DraftStyleDefault-block-depth0 fixed-tab-size public-DraftStyleDefault-text-ltr\"><span class=\"B2EFF public-DraftStyleDefault-ltr\"><strong>Vendas online em:<\/strong> <a class=\"TWoY9 itht3\" href=\"http:\/\/eventim.com.br\/\" target=\"_blank\" rel=\"noopener noreferrer\" data-hook=\"linkViewer\"><u class=\"D-jZk\">eventim.com.br<\/u><\/a><\/span><\/p>\n<p id=\"viewer-6w7hr112452\" class=\"xVISr Y9Dpf bCMSCT OZy-3 lnyWN yMZv8w bCMSCT public-DraftStyleDefault-block-depth0 fixed-tab-size public-DraftStyleDefault-text-ltr\"><span class=\"B2EFF public-DraftStyleDefault-ltr\"><strong>Bilheteria oficial:<\/strong> Espa\u00e7o Unimed (a partir de 11\/12) R. Tagipuru, 795 &#8211; Barra Funda, S\u00e3o Paulo &#8211; SP, 01156-000<\/span><\/p>\n<p id=\"viewer-axlk941279\" class=\"xVISr Y9Dpf bCMSCT OZy-3 lnyWN yMZv8w bCMSCT public-DraftStyleDefault-block-depth0 fixed-tab-size public-DraftStyleDefault-text-ltr\"><span class=\"B2EFF public-DraftStyleDefault-ltr\"><strong>Ingressos:<\/strong><\/span><\/p>\n<p id=\"viewer-0w4m0113543\" class=\"xVISr Y9Dpf bCMSCT OZy-3 lnyWN yMZv8w bCMSCT public-DraftStyleDefault-block-depth0 fixed-tab-size public-DraftStyleDefault-text-ltr\"><span class=\"B2EFF public-DraftStyleDefault-ltr\">Pista Premium &#8211; R$ 125,00 (meia-entrada legal) | R$ 150,00 (entrada social) | R$ 250,00 (inteira)<\/span><\/p>\n<p id=\"viewer-oonyl115318\" class=\"xVISr Y9Dpf bCMSCT OZy-3 lnyWN yMZv8w bCMSCT public-DraftStyleDefault-block-depth0 fixed-tab-size public-DraftStyleDefault-text-ltr\"><span class=\"B2EFF public-DraftStyleDefault-ltr\">Pista &#8211; R$ 75,00 (meia-entrada legal) | R$ 90,00 (entrada social) | R$ 150,00 (inteira)<\/span><\/p>\n<p id=\"viewer-qu2er116310\" class=\"xVISr Y9Dpf bCMSCT OZy-3 lnyWN yMZv8w bCMSCT public-DraftStyleDefault-block-depth0 fixed-tab-size public-DraftStyleDefault-text-ltr\"><span class=\"B2EFF public-DraftStyleDefault-ltr\">Camarotes &#8211; R$ 175,00 (meia-entrada legal) | R$ 210,00 (entrada social) | R$ 350,00 (inteira)<\/span><\/p>\n<p id=\"viewer-negzq117195\" class=\"xVISr Y9Dpf bCMSCT OZy-3 lnyWN yMZv8w bCMSCT public-DraftStyleDefault-block-depth0 fixed-tab-size public-DraftStyleDefault-text-ltr\"><span class=\"B2EFF public-DraftStyleDefault-ltr\">Mezanino &#8211; R$ 150,00 (meia-entrada legal) | R$ 180,00 (entrada social) | R$ 300,00 (inteira)<\/span><\/p>\n<div data-hook=\"rcv-block121\"><\/div>\n<div id=\"viewer-i8upg119015\" class=\"xVISr Y9Dpf bCMSCT OZy-3 lnyWN yMZv8w bCMSCT public-DraftStyleDefault-block-depth0 fixed-tab-size public-DraftStyleDefault-text-ltr\"><span class=\"B2EFF public-DraftStyleDefault-ltr\">\u00a0<\/span><\/div>\n<div data-hook=\"rcv-block122\"><\/div>\n<p id=\"viewer-uiayi119795\" class=\"xVISr Y9Dpf bCMSCT OZy-3 lnyWN yMZv8w bCMSCT public-DraftStyleDefault-block-depth0 fixed-tab-size public-DraftStyleDefault-text-ltr\"><span class=\"B2EFF public-DraftStyleDefault-ltr\"><strong>Fonte:<\/strong> Trovoa Comunica\u00e7\u00e3o<\/span><\/p>\n<div data-hook=\"rcv-block11\"><\/div>\n<div id=\"viewer-77uzy41101\" class=\"xVISr Y9Dpf bCMSCT OZy-3 lnyWN yMZv8w bCMSCT public-DraftStyleDefault-block-depth0 fixed-tab-size public-DraftStyleDefault-text-ltr\"><\/div>\n","protected":false},"excerpt":{"rendered":"<p>Cr\u00e9dito: Stephan Solon No ano em que completa 40 anos de estrada, banda d\u00e1 adeus aos palcos em uma turn\u00ea global que vai virar um \u00e1lbum com 40 m\u00fasicas No fim de 2023, o Sepultura causou uma grande como\u00e7\u00e3o ao anunciar que pararia as suas atividades. Antes de dizer &#8220;adeus&#8221;, contudo, a banda que levou [&hellip;]<\/p>\n","protected":false},"author":12,"featured_media":19954,"comment_status":"closed","ping_status":"open","sticky":false,"template":"","format":"standard","meta":{"footnotes":""},"categories":[538,4],"tags":[],"class_list":["post-19953","post","type-post","status-publish","format-standard","has-post-thumbnail","hentry","category-destaques","category-noticias"],"_links":{"self":[{"href":"http:\/\/heavymetalonline.com.br\/index.php?rest_route=\/wp\/v2\/posts\/19953","targetHints":{"allow":["GET"]}}],"collection":[{"href":"http:\/\/heavymetalonline.com.br\/index.php?rest_route=\/wp\/v2\/posts"}],"about":[{"href":"http:\/\/heavymetalonline.com.br\/index.php?rest_route=\/wp\/v2\/types\/post"}],"author":[{"embeddable":true,"href":"http:\/\/heavymetalonline.com.br\/index.php?rest_route=\/wp\/v2\/users\/12"}],"replies":[{"embeddable":true,"href":"http:\/\/heavymetalonline.com.br\/index.php?rest_route=%2Fwp%2Fv2%2Fcomments&post=19953"}],"version-history":[{"count":1,"href":"http:\/\/heavymetalonline.com.br\/index.php?rest_route=\/wp\/v2\/posts\/19953\/revisions"}],"predecessor-version":[{"id":19956,"href":"http:\/\/heavymetalonline.com.br\/index.php?rest_route=\/wp\/v2\/posts\/19953\/revisions\/19956"}],"wp:featuredmedia":[{"embeddable":true,"href":"http:\/\/heavymetalonline.com.br\/index.php?rest_route=\/wp\/v2\/media\/19954"}],"wp:attachment":[{"href":"http:\/\/heavymetalonline.com.br\/index.php?rest_route=%2Fwp%2Fv2%2Fmedia&parent=19953"}],"wp:term":[{"taxonomy":"category","embeddable":true,"href":"http:\/\/heavymetalonline.com.br\/index.php?rest_route=%2Fwp%2Fv2%2Fcategories&post=19953"},{"taxonomy":"post_tag","embeddable":true,"href":"http:\/\/heavymetalonline.com.br\/index.php?rest_route=%2Fwp%2Fv2%2Ftags&post=19953"}],"curies":[{"name":"wp","href":"https:\/\/api.w.org\/{rel}","templated":true}]}}