{"id":19973,"date":"2024-01-10T14:18:14","date_gmt":"2024-01-10T14:18:14","guid":{"rendered":"http:\/\/heavymetalonline.com.br\/?p=19973"},"modified":"2024-01-10T14:18:14","modified_gmt":"2024-01-10T14:18:14","slug":"catarinenses-do-furial-anunciam-lancamento-de-novo-single-com-quem-voce-pensa-em-janeiro","status":"publish","type":"post","link":"http:\/\/heavymetalonline.com.br\/?p=19973","title":{"rendered":"Catarinenses do Furial anunciam lan\u00e7amento de novo single &#8220;Com Quem Voc\u00ea Pensa?&#8221; em janeiro"},"content":{"rendered":"<p><img loading=\"lazy\" decoding=\"async\" class=\"alignnone size-full wp-image-19974\" src=\"http:\/\/heavymetalonline.com.br\/wp-content\/uploads\/2024\/01\/unnamed-3.jpg\" alt=\"\" width=\"686\" height=\"457\" srcset=\"http:\/\/heavymetalonline.com.br\/wp-content\/uploads\/2024\/01\/unnamed-3.jpg 686w, http:\/\/heavymetalonline.com.br\/wp-content\/uploads\/2024\/01\/unnamed-3-300x200.jpg 300w\" sizes=\"auto, (max-width: 686px) 100vw, 686px\" \/><\/p>\n<p id=\"viewer-jp0ih33779\" class=\"xVISr Y9Dpf bCMSCT OZy-3 lnyWN yMZv8w bCMSCT public-DraftStyleDefault-block-depth0 fixed-tab-size public-DraftStyleDefault-text-ltr\"><span class=\"B2EFF public-DraftStyleDefault-ltr\">A banda de Florian\u00f3polis\/Santa Catarina, <strong>Furia<\/strong>l, acaba de anunciar o lan\u00e7amento do novo single <strong>&#8220;Com Quem Voc\u00ea Pensa?&#8221;<\/strong> no dia 19 de janeiro via selo latino americano Electric Funeral Records.<\/span><\/p>\n<div data-hook=\"rcv-block4\"><\/div>\n<div id=\"viewer-g8gsq31197\" class=\"xVISr Y9Dpf bCMSCT OZy-3 lnyWN yMZv8w bCMSCT public-DraftStyleDefault-block-depth0 fixed-tab-size public-DraftStyleDefault-text-ltr\"><span class=\"B2EFF public-DraftStyleDefault-ltr\">\u00a0<\/span><\/div>\n<div data-hook=\"rcv-block5\"><\/div>\n<p id=\"viewer-6l1by30990\" class=\"xVISr Y9Dpf bCMSCT OZy-3 lnyWN yMZv8w bCMSCT public-DraftStyleDefault-block-depth0 fixed-tab-size public-DraftStyleDefault-text-ltr\"><span class=\"B2EFF public-DraftStyleDefault-ltr\">O quarteto formado por Ginho Bernardes na bateria, Eduardo Zarur no baixo, Marcelo Lazzaris na guitarra e Rafael Popini nos vocais, traz uma fus\u00e3o energ\u00e9tica de rock, metal e hardcore em suas m\u00fasicas.<\/span><\/p>\n<div data-hook=\"rcv-block6\"><\/div>\n<div id=\"viewer-zc5d631249\" class=\"xVISr Y9Dpf bCMSCT OZy-3 lnyWN yMZv8w bCMSCT public-DraftStyleDefault-block-depth0 fixed-tab-size public-DraftStyleDefault-text-ltr\"><span class=\"B2EFF public-DraftStyleDefault-ltr\">\u00a0<\/span><\/div>\n<div data-hook=\"rcv-block7\"><\/div>\n<p id=\"viewer-6dezo30992\" class=\"xVISr Y9Dpf bCMSCT OZy-3 lnyWN yMZv8w bCMSCT public-DraftStyleDefault-block-depth0 fixed-tab-size public-DraftStyleDefault-text-ltr\"><span class=\"B2EFF public-DraftStyleDefault-ltr\">Fa\u00e7a o pre-save de &#8220;Com Quem Voc\u00ea Pensa?&#8221;: <a class=\"TWoY9 itht3\" href=\"https:\/\/onerpm.link\/123925976059\" target=\"_blank\" rel=\"noopener noreferrer\" data-hook=\"linkViewer\"><u class=\"D-jZk\">https:\/\/onerpm.link\/123925976059<\/u><\/a><\/span><\/p>\n<div data-hook=\"rcv-block8\"><\/div>\n<div id=\"viewer-jct3u31302\" class=\"xVISr Y9Dpf bCMSCT OZy-3 lnyWN yMZv8w bCMSCT public-DraftStyleDefault-block-depth0 fixed-tab-size public-DraftStyleDefault-text-ltr\"><span class=\"B2EFF public-DraftStyleDefault-ltr\">\u00a0<\/span><\/div>\n<div data-hook=\"rcv-block9\"><\/div>\n<p id=\"viewer-jzxgc30995\" class=\"xVISr Y9Dpf bCMSCT OZy-3 lnyWN yMZv8w bCMSCT public-DraftStyleDefault-block-depth0 fixed-tab-size public-DraftStyleDefault-text-ltr\"><span class=\"B2EFF public-DraftStyleDefault-ltr\">A <strong>Furial <\/strong>\u00e9 uma express\u00e3o aut\u00eantica do esp\u00edrito rebelde e experimental, caracter\u00edsticas da mistura de g\u00eaneros explorados, do punk ao hardcore, do metal e ao rap. A banda n\u00e3o se limita apenas \u00e0 m\u00fasica, mas tamb\u00e9m constr\u00f3i uma identidade com letras provocativas e clipes marcantes.<\/span><\/p>\n<div data-hook=\"rcv-block10\"><\/div>\n<div id=\"viewer-9hluy31565\" class=\"xVISr Y9Dpf bCMSCT OZy-3 lnyWN yMZv8w bCMSCT public-DraftStyleDefault-block-depth0 fixed-tab-size public-DraftStyleDefault-text-ltr\"><span class=\"B2EFF public-DraftStyleDefault-ltr\">\u00a0<\/span><\/div>\n<div data-hook=\"rcv-block11\"><\/div>\n<p id=\"viewer-bkyf430997\" class=\"xVISr Y9Dpf bCMSCT OZy-3 lnyWN yMZv8w bCMSCT public-DraftStyleDefault-block-depth0 fixed-tab-size public-DraftStyleDefault-text-ltr\"><span class=\"B2EFF public-DraftStyleDefault-ltr\">Em 2019, a Furial lan\u00e7ou de forma independente seu primeiro EP, intitulado &#8220;Restrito ao Caos&#8221;. Este trabalho, composto por 4 faixas, foi produzido em colabora\u00e7\u00e3o com Hique D&#8217;Avila, capturando a ess\u00eancia da banda nos anos 2000. Em 2024, lan\u00e7ar\u00e1 o novo EP &#8220;O Sopro da Extin\u00e7\u00e3o&#8221;. Este lan\u00e7amento representar\u00e1 uma evolu\u00e7\u00e3o not\u00e1vel no som da banda, incorporando uma maturidade e profundidade que refletem sua jornada e experi\u00eancia acumuladas desde a forma\u00e7\u00e3o em 2002.<\/span><\/p>\n<div data-hook=\"rcv-block12\"><\/div>\n<div id=\"viewer-5eix831948\" class=\"xVISr Y9Dpf bCMSCT OZy-3 lnyWN yMZv8w bCMSCT public-DraftStyleDefault-block-depth0 fixed-tab-size public-DraftStyleDefault-text-ltr\"><span class=\"B2EFF public-DraftStyleDefault-ltr\">\u00a0<\/span><\/div>\n<div data-hook=\"rcv-block13\"><\/div>\n<p id=\"viewer-vz71232005\" class=\"xVISr Y9Dpf bCMSCT OZy-3 lnyWN yMZv8w bCMSCT public-DraftStyleDefault-block-depth0 fixed-tab-size public-DraftStyleDefault-text-ltr\"><span class=\"B2EFF public-DraftStyleDefault-ltr\"><strong>Fonte:<\/strong> Collapse Agency<\/span><\/p>\n<div data-hook=\"rcv-block14\"><\/div>\n<div id=\"viewer-86msi31735\" class=\"xVISr Y9Dpf bCMSCT OZy-3 lnyWN yMZv8w bCMSCT public-DraftStyleDefault-block-depth0 fixed-tab-size public-DraftStyleDefault-text-ltr\"><\/div>\n","protected":false},"excerpt":{"rendered":"<p>A banda de Florian\u00f3polis\/Santa Catarina, Furial, acaba de anunciar o lan\u00e7amento do novo single &#8220;Com Quem Voc\u00ea Pensa?&#8221; no dia 19 de janeiro via selo latino americano Electric Funeral Records. \u00a0 O quarteto formado por Ginho Bernardes na bateria, Eduardo Zarur no baixo, Marcelo Lazzaris na guitarra e Rafael Popini nos vocais, traz uma fus\u00e3o [&hellip;]<\/p>\n","protected":false},"author":12,"featured_media":19974,"comment_status":"closed","ping_status":"open","sticky":false,"template":"","format":"standard","meta":{"footnotes":""},"categories":[4],"tags":[],"class_list":["post-19973","post","type-post","status-publish","format-standard","has-post-thumbnail","hentry","category-noticias"],"_links":{"self":[{"href":"http:\/\/heavymetalonline.com.br\/index.php?rest_route=\/wp\/v2\/posts\/19973","targetHints":{"allow":["GET"]}}],"collection":[{"href":"http:\/\/heavymetalonline.com.br\/index.php?rest_route=\/wp\/v2\/posts"}],"about":[{"href":"http:\/\/heavymetalonline.com.br\/index.php?rest_route=\/wp\/v2\/types\/post"}],"author":[{"embeddable":true,"href":"http:\/\/heavymetalonline.com.br\/index.php?rest_route=\/wp\/v2\/users\/12"}],"replies":[{"embeddable":true,"href":"http:\/\/heavymetalonline.com.br\/index.php?rest_route=%2Fwp%2Fv2%2Fcomments&post=19973"}],"version-history":[{"count":1,"href":"http:\/\/heavymetalonline.com.br\/index.php?rest_route=\/wp\/v2\/posts\/19973\/revisions"}],"predecessor-version":[{"id":19975,"href":"http:\/\/heavymetalonline.com.br\/index.php?rest_route=\/wp\/v2\/posts\/19973\/revisions\/19975"}],"wp:featuredmedia":[{"embeddable":true,"href":"http:\/\/heavymetalonline.com.br\/index.php?rest_route=\/wp\/v2\/media\/19974"}],"wp:attachment":[{"href":"http:\/\/heavymetalonline.com.br\/index.php?rest_route=%2Fwp%2Fv2%2Fmedia&parent=19973"}],"wp:term":[{"taxonomy":"category","embeddable":true,"href":"http:\/\/heavymetalonline.com.br\/index.php?rest_route=%2Fwp%2Fv2%2Fcategories&post=19973"},{"taxonomy":"post_tag","embeddable":true,"href":"http:\/\/heavymetalonline.com.br\/index.php?rest_route=%2Fwp%2Fv2%2Ftags&post=19973"}],"curies":[{"name":"wp","href":"https:\/\/api.w.org\/{rel}","templated":true}]}}