{"id":20035,"date":"2024-01-11T17:46:25","date_gmt":"2024-01-11T17:46:25","guid":{"rendered":"http:\/\/heavymetalonline.com.br\/?p=20035"},"modified":"2024-01-11T17:46:25","modified_gmt":"2024-01-11T17:46:25","slug":"angra-revela-turne-especial-com-o-lendario-jeff-scott-soto-no-brasil-primeira-data-confirmada","status":"publish","type":"post","link":"http:\/\/heavymetalonline.com.br\/?p=20035","title":{"rendered":"Angra revela turn\u00ea especial com o lend\u00e1rio Jeff Scott Soto no Brasil; primeira data confirmada"},"content":{"rendered":"<p><img loading=\"lazy\" decoding=\"async\" class=\"alignnone size-full wp-image-20037\" src=\"http:\/\/heavymetalonline.com.br\/wp-content\/uploads\/2024\/01\/angra-2023-foto-marcos-hermes1.jpg\" alt=\"\" width=\"1024\" height=\"683\" srcset=\"http:\/\/heavymetalonline.com.br\/wp-content\/uploads\/2024\/01\/angra-2023-foto-marcos-hermes1.jpg 1024w, http:\/\/heavymetalonline.com.br\/wp-content\/uploads\/2024\/01\/angra-2023-foto-marcos-hermes1-300x200.jpg 300w, http:\/\/heavymetalonline.com.br\/wp-content\/uploads\/2024\/01\/angra-2023-foto-marcos-hermes1-768x512.jpg 768w\" sizes=\"auto, (max-width: 1024px) 100vw, 1024px\" \/><\/p>\n<p>Foto<span class=\"KviDO\">:<\/span>\u00a0Marcos Hermes<\/p>\n<p style=\"text-align: center;\"><em>Seguindo a divulga\u00e7\u00e3o do aclamado Cycles of Pain, o Angra une for\u00e7as a uma das vozes mais lend\u00e1rias do rock mundial em uma s\u00e9rie limitada de apresenta\u00e7\u00f5es; show em Curitiba \u00e9 o primeiro a ser anunciado<\/em><\/p>\n<p id=\"viewer-u9jyf77554\" class=\"xVISr Y9Dpf bCMSCT OZy-3 lnyWN yMZv8w bCMSCT public-DraftStyleDefault-block-depth0 fixed-tab-size public-DraftStyleDefault-text-ltr\"><span class=\"B2EFF public-DraftStyleDefault-ltr\">O <strong>Angra<\/strong>, depois de apresenta\u00e7\u00f5es memor\u00e1veis pelo Brasil com a atual turn\u00ea do disco Cycles of Pain, segue em 2024 com for\u00e7a total. Por meio de publica\u00e7\u00e3o nas redes sociais, a banda revelou que far\u00e1 uma turn\u00ea especial tendo como artista convidado o lend\u00e1rio <strong>Jeff Scott Soto<\/strong>, uma das maiores vozes do Rock mundial, que marcou \u00e9poca com grupos como <strong>Sons of Apollo<\/strong>, <strong>Trans-Siberian Orchestra<\/strong> e <strong>Journey<\/strong>, e gravou com incont\u00e1veis outros projetos e bandas, al\u00e9m de ter uma vitoriosa carreira solo.<\/span><\/p>\n<div data-hook=\"rcv-block7\"><\/div>\n<div id=\"viewer-uc87c64130\" class=\"xVISr Y9Dpf bCMSCT OZy-3 lnyWN yMZv8w bCMSCT public-DraftStyleDefault-block-depth0 fixed-tab-size public-DraftStyleDefault-text-ltr\"><span class=\"B2EFF public-DraftStyleDefault-ltr\">\u00a0<\/span><\/div>\n<div data-hook=\"rcv-block8\"><\/div>\n<p id=\"viewer-o85lv63993\" class=\"xVISr Y9Dpf bCMSCT OZy-3 lnyWN yMZv8w bCMSCT public-DraftStyleDefault-block-depth0 fixed-tab-size public-DraftStyleDefault-text-ltr\"><span class=\"B2EFF public-DraftStyleDefault-ltr\">A primeira data confirmada ser\u00e1 realizada em <strong>Curitiba<\/strong>, na <strong>\u00d3pera de Arame<\/strong>, um dos cart\u00f5es postais da cidade, no dia <strong>13 de abril (s\u00e1bado)<\/strong>. Os ingressos est\u00e3o \u00e0 venda pela plataforma Articket, a partir de R$ 75, mais taxas. A turn\u00ea, com datas limitadas, ter\u00e1 o an\u00fancio de novos shows em breve.<\/span><\/p>\n<div data-hook=\"rcv-block9\"><\/div>\n<div id=\"viewer-mu69i64255\" class=\"xVISr Y9Dpf bCMSCT OZy-3 lnyWN yMZv8w bCMSCT public-DraftStyleDefault-block-depth0 fixed-tab-size public-DraftStyleDefault-text-ltr\"><span class=\"B2EFF public-DraftStyleDefault-ltr\">\u00a0<\/span><\/div>\n<div data-hook=\"rcv-block10\"><\/div>\n<p id=\"viewer-hdzus64001\" class=\"xVISr Y9Dpf bCMSCT OZy-3 lnyWN yMZv8w bCMSCT public-DraftStyleDefault-block-depth0 fixed-tab-size public-DraftStyleDefault-text-ltr\"><span class=\"B2EFF public-DraftStyleDefault-ltr\">Confira o an\u00fancio feito no Instagram do Angra<a class=\"TWoY9 itht3\" href=\"https:\/\/www.instagram.com\/p\/C19yloAMgrA\/\" target=\"_blank\" rel=\"noopener noreferrer noreferrer\" data-hook=\"linkViewer\"><strong><u class=\"D-jZk\"> AQUI<\/u><\/strong><\/a><\/span><\/p>\n<div data-hook=\"rcv-block11\"><\/div>\n<div id=\"viewer-j2niv65689\" class=\"xVISr Y9Dpf bCMSCT OZy-3 lnyWN yMZv8w bCMSCT public-DraftStyleDefault-block-depth0 fixed-tab-size public-DraftStyleDefault-text-ltr\"><span class=\"B2EFF public-DraftStyleDefault-ltr\">\u00a0<\/span><\/div>\n<div data-hook=\"rcv-block12\"><\/div>\n<p id=\"viewer-9r99464004\" class=\"xVISr Y9Dpf bCMSCT OZy-3 lnyWN yMZv8w bCMSCT public-DraftStyleDefault-block-depth0 fixed-tab-size public-DraftStyleDefault-text-ltr\"><span class=\"B2EFF public-DraftStyleDefault-ltr\">A concorrida agenda do Angra para 2024 tamb\u00e9m prev\u00ea outras apresenta\u00e7\u00f5es no Brasil, como as rec\u00e9m confirmadas datas em Bel\u00e9m (30\/04) e Manaus (01\/05). Al\u00e9m disso, tem shows especiais agendados no no cruzeiro <strong>70000 Tons of Metal<\/strong> e no <strong>ProgPower USA<\/strong>, ambos nos Estados Unidos, e o festival <strong>Summer Breeze Brasil<\/strong>, em abril. Em mar\u00e7o, realizam mais uma turn\u00ea pela Europa, em pa\u00edses como Espanha, It\u00e1lia e Gr\u00e9cia.<\/span><\/p>\n<p><img loading=\"lazy\" decoding=\"async\" class=\"alignnone size-full wp-image-20036\" src=\"http:\/\/heavymetalonline.com.br\/wp-content\/uploads\/2024\/01\/angra-jeffscottsoto-2024-curitiba.jpg\" alt=\"\" width=\"1280\" height=\"1280\" srcset=\"http:\/\/heavymetalonline.com.br\/wp-content\/uploads\/2024\/01\/angra-jeffscottsoto-2024-curitiba.jpg 1280w, http:\/\/heavymetalonline.com.br\/wp-content\/uploads\/2024\/01\/angra-jeffscottsoto-2024-curitiba-500x500.jpg 500w, http:\/\/heavymetalonline.com.br\/wp-content\/uploads\/2024\/01\/angra-jeffscottsoto-2024-curitiba-300x300.jpg 300w, http:\/\/heavymetalonline.com.br\/wp-content\/uploads\/2024\/01\/angra-jeffscottsoto-2024-curitiba-768x768.jpg 768w, http:\/\/heavymetalonline.com.br\/wp-content\/uploads\/2024\/01\/angra-jeffscottsoto-2024-curitiba-1024x1024.jpg 1024w\" sizes=\"auto, (max-width: 1280px) 100vw, 1280px\" \/><\/p>\n<p id=\"viewer-hmxqt64007\" class=\"xVISr Y9Dpf bCMSCT OZy-3 lnyWN yMZv8w bCMSCT public-DraftStyleDefault-block-depth0 fixed-tab-size public-DraftStyleDefault-text-ltr\"><span class=\"B2EFF public-DraftStyleDefault-ltr\"><strong>Servi\u00e7o<\/strong><\/span><\/p>\n<p id=\"viewer-15n0l66998\" class=\"xVISr Y9Dpf bCMSCT OZy-3 lnyWN yMZv8w bCMSCT public-DraftStyleDefault-block-depth0 fixed-tab-size public-DraftStyleDefault-text-ltr\"><span class=\"B2EFF public-DraftStyleDefault-ltr\">Angra e Jeff Scott Soto em Curitiba<\/span><\/p>\n<p id=\"viewer-32j9268327\" class=\"xVISr Y9Dpf bCMSCT OZy-3 lnyWN yMZv8w bCMSCT public-DraftStyleDefault-block-depth0 fixed-tab-size public-DraftStyleDefault-text-ltr\"><span class=\"B2EFF public-DraftStyleDefault-ltr\">Data: 13 de abril de 2024 (s\u00e1bado)<\/span><\/p>\n<p id=\"viewer-ds6e068040\" class=\"xVISr Y9Dpf bCMSCT OZy-3 lnyWN yMZv8w bCMSCT public-DraftStyleDefault-block-depth0 fixed-tab-size public-DraftStyleDefault-text-ltr\"><span class=\"B2EFF public-DraftStyleDefault-ltr\">Local: \u00d3pera de Arame<\/span><\/p>\n<p id=\"viewer-mvqwv67466\" class=\"xVISr Y9Dpf bCMSCT OZy-3 lnyWN yMZv8w bCMSCT public-DraftStyleDefault-block-depth0 fixed-tab-size public-DraftStyleDefault-text-ltr\"><span class=\"B2EFF public-DraftStyleDefault-ltr\">Endere\u00e7o: R. Jo\u00e3o Gava, 920 \u2013 Abranches<\/span><\/p>\n<p id=\"viewer-qtvdy67623\" class=\"xVISr Y9Dpf bCMSCT OZy-3 lnyWN yMZv8w bCMSCT public-DraftStyleDefault-block-depth0 fixed-tab-size public-DraftStyleDefault-text-ltr\"><span class=\"B2EFF public-DraftStyleDefault-ltr\">Hor\u00e1rio: a partir das 19 horas<\/span><\/p>\n<p id=\"viewer-3o2zy67787\" class=\"xVISr Y9Dpf bCMSCT OZy-3 lnyWN yMZv8w bCMSCT public-DraftStyleDefault-block-depth0 fixed-tab-size public-DraftStyleDefault-text-ltr\"><span class=\"B2EFF public-DraftStyleDefault-ltr\">Ingressos: a partir de R$ 75, mais taxas<\/span><\/p>\n<p id=\"viewer-lq80c67227\" class=\"xVISr Y9Dpf bCMSCT OZy-3 lnyWN yMZv8w bCMSCT public-DraftStyleDefault-block-depth0 fixed-tab-size public-DraftStyleDefault-text-ltr\"><span class=\"B2EFF public-DraftStyleDefault-ltr\">Venda online: <a class=\"TWoY9 itht3\" href=\"https:\/\/articket.com.br\/e\/1647\/angra\" target=\"_blank\" rel=\"noopener noreferrer noreferrer\" data-hook=\"linkViewer\"><u class=\"D-jZk\">https:\/\/articket.com.br\/e\/1647\/angra<\/u><\/a><\/span><\/p>\n<div data-hook=\"rcv-block24\"><\/div>\n<div id=\"viewer-9yvxg64011\" class=\"xVISr Y9Dpf bCMSCT OZy-3 lnyWN yMZv8w bCMSCT public-DraftStyleDefault-block-depth0 fixed-tab-size public-DraftStyleDefault-text-ltr\"><span class=\"B2EFF public-DraftStyleDefault-ltr\">\u00a0<\/span><\/div>\n<div data-hook=\"rcv-block25\"><\/div>\n<p id=\"viewer-28qof64012\" class=\"xVISr Y9Dpf bCMSCT OZy-3 lnyWN yMZv8w bCMSCT public-DraftStyleDefault-block-depth0 fixed-tab-size public-DraftStyleDefault-text-ltr\"><span class=\"B2EFF public-DraftStyleDefault-ltr\"><strong>Cycles of Pain<\/strong><\/span><\/p>\n<p id=\"viewer-9t9yz64014\" class=\"xVISr Y9Dpf bCMSCT OZy-3 lnyWN yMZv8w bCMSCT public-DraftStyleDefault-block-depth0 fixed-tab-size public-DraftStyleDefault-text-ltr\"><span class=\"B2EFF public-DraftStyleDefault-ltr\">O d\u00e9cimo \u00e1lbum de est\u00fadio do Angra, Cycles of Pain, vem sendo aclamado por p\u00fablico e cr\u00edtica como um dos grandes momentos da carreira de mais de tr\u00eas d\u00e9cadas do grupo. O trabalho traz participa\u00e7\u00f5es especiais de artistas renomados como Amanda Somerville, Lenine, Vanessa Moreno e Juliana D&#8217;Agostini, e foi produzido, mixado e masterizado por Dennis Ward (que trabalhou nos cl\u00e1ssicos Rebirth e Temple of Shadows).<\/span><\/p>\n<div data-hook=\"rcv-block27\"><\/div>\n<p id=\"viewer-btgdb64016\" class=\"xVISr Y9Dpf bCMSCT OZy-3 lnyWN yMZv8w bCMSCT public-DraftStyleDefault-block-depth0 fixed-tab-size public-DraftStyleDefault-text-ltr\"><span class=\"B2EFF public-DraftStyleDefault-ltr\">Aclamado desde os anos 1990 como um dos grandes nomes do metal brasileiro com alcance mundial, o Angra, empresariado pela Top Link Music, atualmente conta com os guitarristas Rafael Bittencourt e Marcelo Barbosa, o baixista Felipe Andreoli, o vocalista Fabio Lione e o baterista Bruno Valverde.<\/span><\/p>\n<div data-hook=\"rcv-block28\"><\/div>\n<div id=\"viewer-sx9x364018\" class=\"xVISr Y9Dpf bCMSCT OZy-3 lnyWN yMZv8w bCMSCT public-DraftStyleDefault-block-depth0 fixed-tab-size public-DraftStyleDefault-text-ltr\"><span class=\"B2EFF public-DraftStyleDefault-ltr\">\u00a0<\/span><\/div>\n<div data-hook=\"rcv-block29\"><\/div>\n<p id=\"viewer-vytdp64019\" class=\"xVISr Y9Dpf bCMSCT OZy-3 lnyWN yMZv8w bCMSCT public-DraftStyleDefault-block-depth0 fixed-tab-size public-DraftStyleDefault-text-ltr\"><span class=\"B2EFF public-DraftStyleDefault-ltr\"><strong>Angra &#8211; <\/strong><a class=\"TWoY9 itht3\" href=\"https:\/\/www.instagram.com\/AngraOfficial\/\" target=\"_blank\" rel=\"noopener noreferrer noreferrer\" data-hook=\"linkViewer\"><u class=\"D-jZk\">@angraofficial<\/u><\/a><\/span><\/p>\n<p id=\"viewer-viewer-ricq491083\" class=\"xVISr Y9Dpf bCMSCT OZy-3 lnyWN yMZv8w bCMSCT public-DraftStyleDefault-block-depth0 fixed-tab-size public-DraftStyleDefault-text-ltr\"><span class=\"B2EFF public-DraftStyleDefault-ltr\"><a class=\"TWoY9 itht3\" href=\"http:\/\/www.angra.net\/\" target=\"_blank\" rel=\"noopener noreferrer\" data-hook=\"linkViewer\"><u class=\"D-jZk\">www.angra.net<\/u><\/a><\/span><\/p>\n<div data-hook=\"rcv-block31\"><\/div>\n<div id=\"viewer-mtp5270784\" class=\"xVISr Y9Dpf bCMSCT OZy-3 lnyWN yMZv8w bCMSCT public-DraftStyleDefault-block-depth0 fixed-tab-size public-DraftStyleDefault-text-ltr\"><span class=\"B2EFF public-DraftStyleDefault-ltr\">\u00a0<\/span><\/div>\n<div data-hook=\"rcv-block32\"><\/div>\n<p id=\"viewer-viewer-gcgp592347\" class=\"xVISr Y9Dpf bCMSCT OZy-3 lnyWN yMZv8w bCMSCT public-DraftStyleDefault-block-depth0 fixed-tab-size public-DraftStyleDefault-text-ltr\"><span class=\"B2EFF public-DraftStyleDefault-ltr\"><strong>Top Link Music &#8211; <\/strong>@toplinkmusic<\/span><\/p>\n<p id=\"viewer-viewer-stcqy92598\" class=\"xVISr Y9Dpf bCMSCT OZy-3 lnyWN yMZv8w bCMSCT public-DraftStyleDefault-block-depth0 fixed-tab-size public-DraftStyleDefault-text-ltr\"><span class=\"B2EFF public-DraftStyleDefault-ltr\"><a class=\"TWoY9 itht3\" href=\"http:\/\/www.toplinkmusic.com\/\" target=\"_blank\" rel=\"noopener noreferrer\" data-hook=\"linkViewer\"><u class=\"D-jZk\">www.toplinkmusic.com<\/u><\/a><\/span><\/p>\n<div data-hook=\"rcv-block34\"><\/div>\n<div id=\"viewer-50nll70949\" class=\"xVISr Y9Dpf bCMSCT OZy-3 lnyWN yMZv8w bCMSCT public-DraftStyleDefault-block-depth0 fixed-tab-size public-DraftStyleDefault-text-ltr\"><span class=\"B2EFF public-DraftStyleDefault-ltr\">\u00a0<\/span><\/div>\n<div data-hook=\"rcv-block35\"><\/div>\n<p id=\"viewer-qqo5h71115\" class=\"xVISr Y9Dpf bCMSCT OZy-3 lnyWN yMZv8w bCMSCT public-DraftStyleDefault-block-depth0 fixed-tab-size public-DraftStyleDefault-text-ltr\"><span class=\"B2EFF public-DraftStyleDefault-ltr\"><strong>Fonte: <\/strong>Top Link Music<\/span><\/p>\n","protected":false},"excerpt":{"rendered":"<p>Foto:\u00a0Marcos Hermes Seguindo a divulga\u00e7\u00e3o do aclamado Cycles of Pain, o Angra une for\u00e7as a uma das vozes mais lend\u00e1rias do rock mundial em uma s\u00e9rie limitada de apresenta\u00e7\u00f5es; show em Curitiba \u00e9 o primeiro a ser anunciado O Angra, depois de apresenta\u00e7\u00f5es memor\u00e1veis pelo Brasil com a atual turn\u00ea do disco Cycles of Pain, [&hellip;]<\/p>\n","protected":false},"author":12,"featured_media":20037,"comment_status":"closed","ping_status":"open","sticky":false,"template":"","format":"standard","meta":{"footnotes":""},"categories":[4],"tags":[],"class_list":["post-20035","post","type-post","status-publish","format-standard","has-post-thumbnail","hentry","category-noticias"],"_links":{"self":[{"href":"http:\/\/heavymetalonline.com.br\/index.php?rest_route=\/wp\/v2\/posts\/20035","targetHints":{"allow":["GET"]}}],"collection":[{"href":"http:\/\/heavymetalonline.com.br\/index.php?rest_route=\/wp\/v2\/posts"}],"about":[{"href":"http:\/\/heavymetalonline.com.br\/index.php?rest_route=\/wp\/v2\/types\/post"}],"author":[{"embeddable":true,"href":"http:\/\/heavymetalonline.com.br\/index.php?rest_route=\/wp\/v2\/users\/12"}],"replies":[{"embeddable":true,"href":"http:\/\/heavymetalonline.com.br\/index.php?rest_route=%2Fwp%2Fv2%2Fcomments&post=20035"}],"version-history":[{"count":2,"href":"http:\/\/heavymetalonline.com.br\/index.php?rest_route=\/wp\/v2\/posts\/20035\/revisions"}],"predecessor-version":[{"id":20039,"href":"http:\/\/heavymetalonline.com.br\/index.php?rest_route=\/wp\/v2\/posts\/20035\/revisions\/20039"}],"wp:featuredmedia":[{"embeddable":true,"href":"http:\/\/heavymetalonline.com.br\/index.php?rest_route=\/wp\/v2\/media\/20037"}],"wp:attachment":[{"href":"http:\/\/heavymetalonline.com.br\/index.php?rest_route=%2Fwp%2Fv2%2Fmedia&parent=20035"}],"wp:term":[{"taxonomy":"category","embeddable":true,"href":"http:\/\/heavymetalonline.com.br\/index.php?rest_route=%2Fwp%2Fv2%2Fcategories&post=20035"},{"taxonomy":"post_tag","embeddable":true,"href":"http:\/\/heavymetalonline.com.br\/index.php?rest_route=%2Fwp%2Fv2%2Ftags&post=20035"}],"curies":[{"name":"wp","href":"https:\/\/api.w.org\/{rel}","templated":true}]}}