{"id":20178,"date":"2024-01-17T23:12:54","date_gmt":"2024-01-17T23:12:54","guid":{"rendered":"http:\/\/heavymetalonline.com.br\/?p=20178"},"modified":"2024-01-17T23:14:25","modified_gmt":"2024-01-17T23:14:25","slug":"the-calling-divulga-mais-datas-no-brasil-na-nova-turne-em-2024","status":"publish","type":"post","link":"http:\/\/heavymetalonline.com.br\/?p=20178","title":{"rendered":"The Calling divulga mais datas no Brasil na nova turn\u00ea em 2024"},"content":{"rendered":"<p><img loading=\"lazy\" decoding=\"async\" class=\"alignnone size-full wp-image-19157\" src=\"http:\/\/heavymetalonline.com.br\/wp-content\/uploads\/2023\/11\/unnamed-1-12.jpg\" alt=\"\" width=\"1180\" height=\"786\" srcset=\"http:\/\/heavymetalonline.com.br\/wp-content\/uploads\/2023\/11\/unnamed-1-12.jpg 1180w, http:\/\/heavymetalonline.com.br\/wp-content\/uploads\/2023\/11\/unnamed-1-12-300x200.jpg 300w, http:\/\/heavymetalonline.com.br\/wp-content\/uploads\/2023\/11\/unnamed-1-12-768x512.jpg 768w, http:\/\/heavymetalonline.com.br\/wp-content\/uploads\/2023\/11\/unnamed-1-12-1024x682.jpg 1024w, http:\/\/heavymetalonline.com.br\/wp-content\/uploads\/2023\/11\/unnamed-1-12-270x180.jpg 270w\" sizes=\"auto, (max-width: 1180px) 100vw, 1180px\" \/><\/p>\n<p id=\"viewer-bf62679385\" class=\"xVISr Y9Dpf bCMSCT OZy-3 lnyWN yMZv8w bCMSCT public-DraftStyleDefault-block-depth0 fixed-tab-size public-DraftStyleDefault-text-ltr\"><span class=\"B2EFF public-DraftStyleDefault-ltr\">J\u00e1 uma das maiores turn\u00eas de banda norte-americana pela Am\u00e9rica Latina dos \u00faltimos anos, o novo giro do <strong>The Calling<\/strong> ganha mais datas para shows que acontecem de abril a junho &#8211; s\u00e3o 18 apresenta\u00e7\u00f5es no Brasil!<\/span><\/p>\n<div data-hook=\"rcv-block4\"><\/div>\n<div id=\"viewer-6nmf040569\" class=\"xVISr Y9Dpf bCMSCT OZy-3 lnyWN yMZv8w bCMSCT public-DraftStyleDefault-block-depth0 fixed-tab-size public-DraftStyleDefault-text-ltr\"><span class=\"B2EFF public-DraftStyleDefault-ltr\">\u00a0<\/span><\/div>\n<div data-hook=\"rcv-block5\"><\/div>\n<p id=\"viewer-vyw3340294\" class=\"xVISr Y9Dpf bCMSCT OZy-3 lnyWN yMZv8w bCMSCT public-DraftStyleDefault-block-depth0 fixed-tab-size public-DraftStyleDefault-text-ltr\"><span class=\"B2EFF public-DraftStyleDefault-ltr\">A turn\u00ea, que tamb\u00e9m contempla shows na Argentina e no M\u00e9xico, \u00e9 uma realiza\u00e7\u00e3o da <strong>V\u00eanus Concerts<\/strong>.<\/span><\/p>\n<div data-hook=\"rcv-block6\"><\/div>\n<div id=\"viewer-iq8hj40825\" class=\"xVISr Y9Dpf bCMSCT OZy-3 lnyWN yMZv8w bCMSCT public-DraftStyleDefault-block-depth0 fixed-tab-size public-DraftStyleDefault-text-ltr\"><span class=\"B2EFF public-DraftStyleDefault-ltr\">\u00a0<\/span><\/div>\n<div data-hook=\"rcv-block7\"><\/div>\n<p id=\"viewer-h30ql40298\" class=\"xVISr Y9Dpf bCMSCT OZy-3 lnyWN yMZv8w bCMSCT public-DraftStyleDefault-block-depth0 fixed-tab-size public-DraftStyleDefault-text-ltr\"><span class=\"B2EFF public-DraftStyleDefault-ltr\">Alguns shows da gigante nova turn\u00ea ter\u00e3o abertura de Liberati, o guitarrista do The Calling, que far\u00e1 um set ac\u00fastico de voz e viol\u00e3o.<\/span><\/p>\n<div data-hook=\"rcv-block8\"><\/div>\n<div id=\"viewer-qdcdf41085\" class=\"xVISr Y9Dpf bCMSCT OZy-3 lnyWN yMZv8w bCMSCT public-DraftStyleDefault-block-depth0 fixed-tab-size public-DraftStyleDefault-text-ltr\"><span class=\"B2EFF public-DraftStyleDefault-ltr\">\u00a0<\/span><\/div>\n<div data-hook=\"rcv-block9\"><\/div>\n<p id=\"viewer-pn7x640300\" class=\"xVISr Y9Dpf bCMSCT OZy-3 lnyWN yMZv8w bCMSCT public-DraftStyleDefault-block-depth0 fixed-tab-size public-DraftStyleDefault-text-ltr\"><span class=\"B2EFF public-DraftStyleDefault-ltr\">O <strong>The Calling<\/strong> promete shows repletos de hits que marcaram a gera\u00e7\u00e3o dos anos 2000, uma por\u00e7\u00e3o de m\u00fasicas que eram recorrentes em r\u00e1dios e com clipes na antiga MTV.<\/span><\/p>\n<div data-hook=\"rcv-block10\"><\/div>\n<div id=\"viewer-3smvs41353\" class=\"xVISr Y9Dpf bCMSCT OZy-3 lnyWN yMZv8w bCMSCT public-DraftStyleDefault-block-depth0 fixed-tab-size public-DraftStyleDefault-text-ltr\"><span class=\"B2EFF public-DraftStyleDefault-ltr\">\u00a0<\/span><\/div>\n<div data-hook=\"rcv-block11\"><\/div>\n<p id=\"viewer-1vqrq40304\" class=\"xVISr Y9Dpf bCMSCT OZy-3 lnyWN yMZv8w bCMSCT public-DraftStyleDefault-block-depth0 fixed-tab-size public-DraftStyleDefault-text-ltr\"><span class=\"B2EFF public-DraftStyleDefault-ltr\">O disco de estreia da banda, Camino Palmero, lan\u00e7ado h\u00e1 23 anos, foi certificado \u00e0 \u00e9poca com Disco de Platina pelos mais de 125 mil exemplares vendidos no pa\u00eds, segundo a Associa\u00e7\u00e3o Brasileira dos Produtores de Discos (ABPD).<\/span><\/p>\n<div data-hook=\"rcv-block12\"><\/div>\n<div id=\"viewer-wr2a641625\" class=\"xVISr Y9Dpf bCMSCT OZy-3 lnyWN yMZv8w bCMSCT public-DraftStyleDefault-block-depth0 fixed-tab-size public-DraftStyleDefault-text-ltr\"><span class=\"B2EFF public-DraftStyleDefault-ltr\">\u00a0<\/span><\/div>\n<div data-hook=\"rcv-block13\"><\/div>\n<p id=\"viewer-1sdx740306\" class=\"xVISr Y9Dpf bCMSCT OZy-3 lnyWN yMZv8w bCMSCT public-DraftStyleDefault-block-depth0 fixed-tab-size public-DraftStyleDefault-text-ltr\"><span class=\"B2EFF public-DraftStyleDefault-ltr\">\u00c9 neste \u00e1lbum que sa\u00edram m\u00fasicas tocadas \u00e0 exaust\u00e3o em r\u00e1dios e na antiga MTV Brasil, como &#8220;Wherever You Will Go&#8221;, &#8220;Adrienne&#8221;, &#8220;Things Don&#8217;t Always Turn Out That Way&#8221;, &#8220;Unstoppable&#8221;, &#8220;Stigmatized&#8221;, &#8220;Final Answer&#8221;, &#8220;For You&#8221;, entre outras.<\/span><\/p>\n<div data-hook=\"rcv-block14\"><\/div>\n<div id=\"viewer-vrfb041903\" class=\"xVISr Y9Dpf bCMSCT OZy-3 lnyWN yMZv8w bCMSCT public-DraftStyleDefault-block-depth0 fixed-tab-size public-DraftStyleDefault-text-ltr\"><span class=\"B2EFF public-DraftStyleDefault-ltr\">\u00a0<\/span><\/div>\n<div data-hook=\"rcv-block15\"><\/div>\n<p id=\"viewer-zmtby40308\" class=\"xVISr Y9Dpf bCMSCT OZy-3 lnyWN yMZv8w bCMSCT public-DraftStyleDefault-block-depth0 fixed-tab-size public-DraftStyleDefault-text-ltr\"><span class=\"B2EFF public-DraftStyleDefault-ltr\">O sucesso imediato do disco tem a ver com a entrega de Alex Band neste material de estreia do The Calling. Tem t\u00e9cnica, arranjos e melodias bonitas, letras sentimentais que impactaram toda uma gera\u00e7\u00e3o.<\/span><\/p>\n<div data-hook=\"rcv-block16\"><\/div>\n<div id=\"viewer-awg6d42187\" class=\"xVISr Y9Dpf bCMSCT OZy-3 lnyWN yMZv8w bCMSCT public-DraftStyleDefault-block-depth0 fixed-tab-size public-DraftStyleDefault-text-ltr\"><span class=\"B2EFF public-DraftStyleDefault-ltr\">\u00a0<\/span><\/div>\n<div data-hook=\"rcv-block17\"><\/div>\n<p id=\"viewer-5i36a40310\" class=\"xVISr Y9Dpf bCMSCT OZy-3 lnyWN yMZv8w bCMSCT public-DraftStyleDefault-block-depth0 fixed-tab-size public-DraftStyleDefault-text-ltr\"><span class=\"B2EFF public-DraftStyleDefault-ltr\">Assim como nas outras passagens do The Calling pelo pa\u00eds, Alex promete noites de divers\u00e3o e nostalgia para celebrar, cantando todos juntos, um disco \u00fanico na hist\u00f3ria da m\u00fasica.<\/span><\/p>\n<p><img loading=\"lazy\" decoding=\"async\" class=\"alignnone size-full wp-image-20168\" src=\"http:\/\/heavymetalonline.com.br\/wp-content\/uploads\/2024\/01\/unnamed-3-6.jpg\" alt=\"\" width=\"1180\" height=\"1442\" srcset=\"http:\/\/heavymetalonline.com.br\/wp-content\/uploads\/2024\/01\/unnamed-3-6.jpg 1180w, http:\/\/heavymetalonline.com.br\/wp-content\/uploads\/2024\/01\/unnamed-3-6-245x300.jpg 245w, http:\/\/heavymetalonline.com.br\/wp-content\/uploads\/2024\/01\/unnamed-3-6-768x939.jpg 768w, http:\/\/heavymetalonline.com.br\/wp-content\/uploads\/2024\/01\/unnamed-3-6-838x1024.jpg 838w\" sizes=\"auto, (max-width: 1180px) 100vw, 1180px\" \/><\/p>\n<p id=\"viewer-77lwd40312\" class=\"xVISr Y9Dpf bCMSCT OZy-3 lnyWN yMZv8w bCMSCT public-DraftStyleDefault-block-depth0 fixed-tab-size public-DraftStyleDefault-text-ltr\"><span class=\"B2EFF public-DraftStyleDefault-ltr\"><strong>SERVI\u00c7O<\/strong><\/span><\/p>\n<p id=\"viewer-yh6mq44985\" class=\"xVISr Y9Dpf bCMSCT OZy-3 lnyWN yMZv8w bCMSCT public-DraftStyleDefault-block-depth0 fixed-tab-size public-DraftStyleDefault-text-ltr\"><span class=\"B2EFF public-DraftStyleDefault-ltr\"><strong>21\/04\/2024: S\u00e3o Paulo, Brazil @ Carioca Club<\/strong><\/span><\/p>\n<p id=\"viewer-w0qcx45406\" class=\"xVISr Y9Dpf bCMSCT OZy-3 lnyWN yMZv8w bCMSCT public-DraftStyleDefault-block-depth0 fixed-tab-size public-DraftStyleDefault-text-ltr\"><span class=\"B2EFF public-DraftStyleDefault-ltr\"><a class=\"TWoY9 itht3\" href=\"http:\/\/www.clubedoingresso.com\/evento\/thecalling-sp\" target=\"_blank\" rel=\"noopener noreferrer\" data-hook=\"linkViewer\"><u class=\"D-jZk\">http:\/\/www.clubedoingresso.com\/evento\/thecalling-sp<\/u><\/a><\/span><\/p>\n<div data-hook=\"rcv-block24\"><\/div>\n<div id=\"viewer-67k1645699\" class=\"xVISr Y9Dpf bCMSCT OZy-3 lnyWN yMZv8w bCMSCT public-DraftStyleDefault-block-depth0 fixed-tab-size public-DraftStyleDefault-text-ltr\"><span class=\"B2EFF public-DraftStyleDefault-ltr\">\u00a0<\/span><\/div>\n<div data-hook=\"rcv-block25\"><\/div>\n<p id=\"viewer-m45sl40316\" class=\"xVISr Y9Dpf bCMSCT OZy-3 lnyWN yMZv8w bCMSCT public-DraftStyleDefault-block-depth0 fixed-tab-size public-DraftStyleDefault-text-ltr\"><span class=\"B2EFF public-DraftStyleDefault-ltr\"><strong>26\/04\/2024: Vit\u00f3ria, Brazil @ Privil\u00e9ge<\/strong><\/span><\/p>\n<p id=\"viewer-cfqe745998\" class=\"xVISr Y9Dpf bCMSCT OZy-3 lnyWN yMZv8w bCMSCT public-DraftStyleDefault-block-depth0 fixed-tab-size public-DraftStyleDefault-text-ltr\"><span class=\"B2EFF public-DraftStyleDefault-ltr\">In\u00edcio das vendas dia 18.01.<\/span><\/p>\n<div data-hook=\"rcv-block27\"><\/div>\n<div id=\"viewer-nhypi46385\" class=\"xVISr Y9Dpf bCMSCT OZy-3 lnyWN yMZv8w bCMSCT public-DraftStyleDefault-block-depth0 fixed-tab-size public-DraftStyleDefault-text-ltr\"><span class=\"B2EFF public-DraftStyleDefault-ltr\">\u00a0<\/span><\/div>\n<div data-hook=\"rcv-block28\"><\/div>\n<p id=\"viewer-rj53q40319\" class=\"xVISr Y9Dpf bCMSCT OZy-3 lnyWN yMZv8w bCMSCT public-DraftStyleDefault-block-depth0 fixed-tab-size public-DraftStyleDefault-text-ltr\"><span class=\"B2EFF public-DraftStyleDefault-ltr\"><strong>27\/04\/2024: Guarulhos, Brazil @ Espa\u00e7o Inter<\/strong><\/span><\/p>\n<p id=\"viewer-3sf4o46696\" class=\"xVISr Y9Dpf bCMSCT OZy-3 lnyWN yMZv8w bCMSCT public-DraftStyleDefault-block-depth0 fixed-tab-size public-DraftStyleDefault-text-ltr\"><span class=\"B2EFF public-DraftStyleDefault-ltr\">In\u00edcio das vendas dia 17.01.<\/span><\/p>\n<div data-hook=\"rcv-block30\"><\/div>\n<div id=\"viewer-ts4zv47013\" class=\"xVISr Y9Dpf bCMSCT OZy-3 lnyWN yMZv8w bCMSCT public-DraftStyleDefault-block-depth0 fixed-tab-size public-DraftStyleDefault-text-ltr\"><span class=\"B2EFF public-DraftStyleDefault-ltr\">\u00a0<\/span><\/div>\n<div data-hook=\"rcv-block31\"><\/div>\n<p id=\"viewer-hswuy40322\" class=\"xVISr Y9Dpf bCMSCT OZy-3 lnyWN yMZv8w bCMSCT public-DraftStyleDefault-block-depth0 fixed-tab-size public-DraftStyleDefault-text-ltr\"><span class=\"B2EFF public-DraftStyleDefault-ltr\"><strong>01\/05\/2024: Belo Horizonte, Brazil @ Mister Rock<\/strong><\/span><\/p>\n<p id=\"viewer-w5p2x47645\" class=\"xVISr Y9Dpf bCMSCT OZy-3 lnyWN yMZv8w bCMSCT public-DraftStyleDefault-block-depth0 fixed-tab-size public-DraftStyleDefault-text-ltr\"><span class=\"B2EFF public-DraftStyleDefault-ltr\"><a class=\"TWoY9 itht3\" href=\"https:\/\/www.bilheto.com.br\/\/evento\/888\/The_Calling\" target=\"_blank\" rel=\"noopener noreferrer\" data-hook=\"linkViewer\"><u class=\"D-jZk\">https:\/\/www.bilheto.com.br\/\/evento\/888\/The_Calling<\/u><\/a><\/span><\/p>\n<div data-hook=\"rcv-block33\"><\/div>\n<div id=\"viewer-luun448019\" class=\"xVISr Y9Dpf bCMSCT OZy-3 lnyWN yMZv8w bCMSCT public-DraftStyleDefault-block-depth0 fixed-tab-size public-DraftStyleDefault-text-ltr\"><span class=\"B2EFF public-DraftStyleDefault-ltr\">\u00a0<\/span><\/div>\n<div data-hook=\"rcv-block34\"><\/div>\n<p id=\"viewer-rmcls40326\" class=\"xVISr Y9Dpf bCMSCT OZy-3 lnyWN yMZv8w bCMSCT public-DraftStyleDefault-block-depth0 fixed-tab-size public-DraftStyleDefault-text-ltr\"><span class=\"B2EFF public-DraftStyleDefault-ltr\"><strong>03\/05\/2024: Goi\u00e2nia, Brazil @ Pal\u00e1cio da M\u00fasica (C.C Oscar Niemeyer)<\/strong><\/span><\/p>\n<p id=\"viewer-pc2ft48354\" class=\"xVISr Y9Dpf bCMSCT OZy-3 lnyWN yMZv8w bCMSCT public-DraftStyleDefault-block-depth0 fixed-tab-size public-DraftStyleDefault-text-ltr\"><span class=\"B2EFF public-DraftStyleDefault-ltr\"><a class=\"TWoY9 itht3\" href=\"https:\/\/www.alphatickets.com.br\/Detalhes.aspx?event=FD346CE5-D30A-41E8-8553-EBB5533A774F&amp;hostname=&amp;dt=20240116130547\" target=\"_blank\" rel=\"noopener noreferrer\" data-hook=\"linkViewer\"><u class=\"D-jZk\">https:\/\/www.alphatickets.com.br\/Detalhes.aspx?event=FD346CE5-D30A-41E8-8553-EBB5533A774F&amp;hostname=&amp;dt=20240116130547<\/u><\/a><\/span><\/p>\n<div data-hook=\"rcv-block36\"><\/div>\n<div id=\"viewer-590el48695\" class=\"xVISr Y9Dpf bCMSCT OZy-3 lnyWN yMZv8w bCMSCT public-DraftStyleDefault-block-depth0 fixed-tab-size public-DraftStyleDefault-text-ltr\"><span class=\"B2EFF public-DraftStyleDefault-ltr\">\u00a0<\/span><\/div>\n<div data-hook=\"rcv-block37\"><\/div>\n<p id=\"viewer-1m9d240329\" class=\"xVISr Y9Dpf bCMSCT OZy-3 lnyWN yMZv8w bCMSCT public-DraftStyleDefault-block-depth0 fixed-tab-size public-DraftStyleDefault-text-ltr\"><span class=\"B2EFF public-DraftStyleDefault-ltr\"><strong>04\/05\/2024: Bras\u00edlia, Brazil @ Toinha Brasil Show<\/strong><\/span><\/p>\n<p id=\"viewer-7yfpb49042\" class=\"xVISr Y9Dpf bCMSCT OZy-3 lnyWN yMZv8w bCMSCT public-DraftStyleDefault-block-depth0 fixed-tab-size public-DraftStyleDefault-text-ltr\"><span class=\"B2EFF public-DraftStyleDefault-ltr\"><a class=\"TWoY9 itht3\" href=\"https:\/\/www.bilheto.com.br\/comprar\/889\/the-calling\" target=\"_blank\" rel=\"noopener noreferrer\" data-hook=\"linkViewer\"><u class=\"D-jZk\">https:\/\/www.bilheto.com.br\/comprar\/889\/the-calling<\/u><\/a><\/span><\/p>\n<div data-hook=\"rcv-block39\"><\/div>\n<div id=\"viewer-wzwr649395\" class=\"xVISr Y9Dpf bCMSCT OZy-3 lnyWN yMZv8w bCMSCT public-DraftStyleDefault-block-depth0 fixed-tab-size public-DraftStyleDefault-text-ltr\"><span class=\"B2EFF public-DraftStyleDefault-ltr\">\u00a0<\/span><\/div>\n<div data-hook=\"rcv-block40\"><\/div>\n<p id=\"viewer-nme5f40333\" class=\"xVISr Y9Dpf bCMSCT OZy-3 lnyWN yMZv8w bCMSCT public-DraftStyleDefault-block-depth0 fixed-tab-size public-DraftStyleDefault-text-ltr\"><span class=\"B2EFF public-DraftStyleDefault-ltr\"><strong>05\/05\/2024: Rio de Janeiro, Brazil @ Vivo Rio<\/strong><\/span><\/p>\n<p id=\"viewer-39emz49754\" class=\"xVISr Y9Dpf bCMSCT OZy-3 lnyWN yMZv8w bCMSCT public-DraftStyleDefault-block-depth0 fixed-tab-size public-DraftStyleDefault-text-ltr\"><span class=\"B2EFF public-DraftStyleDefault-ltr\"><a class=\"TWoY9 itht3\" href=\"https:\/\/showpass.com.br\/\/evento\/1222\/The_Calling\" target=\"_blank\" rel=\"noopener noreferrer\" data-hook=\"linkViewer\"><u class=\"D-jZk\">https:\/\/showpass.com.br\/\/evento\/1222\/The_Calling<\/u><\/a><\/span><\/p>\n<div data-hook=\"rcv-block42\"><\/div>\n<div id=\"viewer-extti52219\" class=\"xVISr Y9Dpf bCMSCT OZy-3 lnyWN yMZv8w bCMSCT public-DraftStyleDefault-block-depth0 fixed-tab-size public-DraftStyleDefault-text-ltr\"><span class=\"B2EFF public-DraftStyleDefault-ltr\">\u00a0<\/span><\/div>\n<div data-hook=\"rcv-block43\"><\/div>\n<p id=\"viewer-ukhjg40337\" class=\"xVISr Y9Dpf bCMSCT OZy-3 lnyWN yMZv8w bCMSCT public-DraftStyleDefault-block-depth0 fixed-tab-size public-DraftStyleDefault-text-ltr\"><span class=\"B2EFF public-DraftStyleDefault-ltr\"><strong>07\/05\/2024: Porto Alegre, Brazil @ Opini\u00e3o<\/strong><\/span><\/p>\n<p id=\"viewer-ehk5550120\" class=\"xVISr Y9Dpf bCMSCT OZy-3 lnyWN yMZv8w bCMSCT public-DraftStyleDefault-block-depth0 fixed-tab-size public-DraftStyleDefault-text-ltr\"><span class=\"B2EFF public-DraftStyleDefault-ltr\"><a class=\"TWoY9 itht3\" href=\"https:\/\/bileto.sympla.com.br\/event\/89271\/d\/228692\" target=\"_blank\" rel=\"noopener noreferrer\" data-hook=\"linkViewer\"><u class=\"D-jZk\">https:\/\/bileto.sympla.com.br\/event\/89271\/d\/228692<\/u><\/a><\/span><\/p>\n<div data-hook=\"rcv-block45\"><\/div>\n<div id=\"viewer-gncr952609\" class=\"xVISr Y9Dpf bCMSCT OZy-3 lnyWN yMZv8w bCMSCT public-DraftStyleDefault-block-depth0 fixed-tab-size public-DraftStyleDefault-text-ltr\"><span class=\"B2EFF public-DraftStyleDefault-ltr\">\u00a0<\/span><\/div>\n<div data-hook=\"rcv-block46\"><\/div>\n<p id=\"viewer-bnpu040341\" class=\"xVISr Y9Dpf bCMSCT OZy-3 lnyWN yMZv8w bCMSCT public-DraftStyleDefault-block-depth0 fixed-tab-size public-DraftStyleDefault-text-ltr\"><span class=\"B2EFF public-DraftStyleDefault-ltr\"><strong>09\/05\/2024: Curitiba, Brazil @ Teatro Positivo<\/strong><\/span><\/p>\n<p id=\"viewer-sniqx50974\" class=\"xVISr Y9Dpf bCMSCT OZy-3 lnyWN yMZv8w bCMSCT public-DraftStyleDefault-block-depth0 fixed-tab-size public-DraftStyleDefault-text-ltr\"><span class=\"B2EFF public-DraftStyleDefault-ltr\"><a class=\"TWoY9 itht3\" href=\"https:\/\/www.diskingressos.com.br\/evento\/227\/08-12-2022\/pr\/curitiba\/the-calling\" target=\"_blank\" rel=\"noopener noreferrer\" data-hook=\"linkViewer\"><u class=\"D-jZk\">https:\/\/www.diskingressos.com.br\/evento\/227\/08-12-2022\/pr\/curitiba\/the-calling<\/u><\/a><\/span><\/p>\n<div data-hook=\"rcv-block48\"><\/div>\n<div id=\"viewer-sylbh51841\" class=\"xVISr Y9Dpf bCMSCT OZy-3 lnyWN yMZv8w bCMSCT public-DraftStyleDefault-block-depth0 fixed-tab-size public-DraftStyleDefault-text-ltr\"><span class=\"B2EFF public-DraftStyleDefault-ltr\">\u00a0<\/span><\/div>\n<div data-hook=\"rcv-block49\"><\/div>\n<p id=\"viewer-zqt5f40345\" class=\"xVISr Y9Dpf bCMSCT OZy-3 lnyWN yMZv8w bCMSCT public-DraftStyleDefault-block-depth0 fixed-tab-size public-DraftStyleDefault-text-ltr\"><span class=\"B2EFF public-DraftStyleDefault-ltr\"><strong>11\/05\/2024: Campinas, Brazil @ Um Baita Festival<\/strong><\/span><\/p>\n<p id=\"viewer-kcyp553006\" class=\"xVISr Y9Dpf bCMSCT OZy-3 lnyWN yMZv8w bCMSCT public-DraftStyleDefault-block-depth0 fixed-tab-size public-DraftStyleDefault-text-ltr\"><span class=\"B2EFF public-DraftStyleDefault-ltr\"><a class=\"TWoY9 itht3\" href=\"https:\/\/www.ticket360.com.br\/evento\/28156\/ingressos-para-um-baita-festival-com-the-calling-capital-inicial-nando-reis-e-mais\" target=\"_blank\" rel=\"noopener noreferrer\" data-hook=\"linkViewer\"><u class=\"D-jZk\">https:\/\/www.ticket360.com.br\/evento\/28156\/ingressos-para-um-baita-festival-com-the-calling-capital-inicial-nando-reis-e-mais<\/u><\/a><\/span><\/p>\n<div data-hook=\"rcv-block51\"><\/div>\n<div id=\"viewer-b09an55497\" class=\"xVISr Y9Dpf bCMSCT OZy-3 lnyWN yMZv8w bCMSCT public-DraftStyleDefault-block-depth0 fixed-tab-size public-DraftStyleDefault-text-ltr\"><span class=\"B2EFF public-DraftStyleDefault-ltr\">\u00a0<\/span><\/div>\n<div data-hook=\"rcv-block52\"><\/div>\n<p id=\"viewer-amo5z40349\" class=\"xVISr Y9Dpf bCMSCT OZy-3 lnyWN yMZv8w bCMSCT public-DraftStyleDefault-block-depth0 fixed-tab-size public-DraftStyleDefault-text-ltr\"><span class=\"B2EFF public-DraftStyleDefault-ltr\"><strong>12\/05\/2024: Recife, Brazil @ Armaz\u00e9m 14<\/strong><\/span><\/p>\n<p id=\"viewer-ojr5n53408\" class=\"xVISr Y9Dpf bCMSCT OZy-3 lnyWN yMZv8w bCMSCT public-DraftStyleDefault-block-depth0 fixed-tab-size public-DraftStyleDefault-text-ltr\"><span class=\"B2EFF public-DraftStyleDefault-ltr\"><a class=\"TWoY9 itht3\" href=\"https:\/\/www.clubedoingresso.com\/evento\/thecalling-recife\" target=\"_blank\" rel=\"noopener noreferrer\" data-hook=\"linkViewer\"><u class=\"D-jZk\">https:\/\/www.clubedoingresso.com\/evento\/thecalling-recife<\/u><\/a><\/span><\/p>\n<div data-hook=\"rcv-block54\"><\/div>\n<div id=\"viewer-41gge55935\" class=\"xVISr Y9Dpf bCMSCT OZy-3 lnyWN yMZv8w bCMSCT public-DraftStyleDefault-block-depth0 fixed-tab-size public-DraftStyleDefault-text-ltr\"><span class=\"B2EFF public-DraftStyleDefault-ltr\">\u00a0<\/span><\/div>\n<div data-hook=\"rcv-block55\"><\/div>\n<p id=\"viewer-rdnzc40353\" class=\"xVISr Y9Dpf bCMSCT OZy-3 lnyWN yMZv8w bCMSCT public-DraftStyleDefault-block-depth0 fixed-tab-size public-DraftStyleDefault-text-ltr\"><span class=\"B2EFF public-DraftStyleDefault-ltr\"><strong>14\/05\/2024: Manaus, Brazil @ Teatro Manauara<\/strong><\/span><\/p>\n<p id=\"viewer-06jwi53816\" class=\"xVISr Y9Dpf bCMSCT OZy-3 lnyWN yMZv8w bCMSCT public-DraftStyleDefault-block-depth0 fixed-tab-size public-DraftStyleDefault-text-ltr\"><span class=\"B2EFF public-DraftStyleDefault-ltr\"><a class=\"TWoY9 itht3\" href=\"https:\/\/www.shopingressos.com.br\/comprar\/1601\/THE_CALLING\" target=\"_blank\" rel=\"noopener noreferrer\" data-hook=\"linkViewer\"><u class=\"D-jZk\">https:\/\/www.shopingressos.com.br\/comprar\/1601\/THE_CALLING<\/u><\/a><\/span><\/p>\n<div data-hook=\"rcv-block57\"><\/div>\n<div id=\"viewer-sl4i656379\" class=\"xVISr Y9Dpf bCMSCT OZy-3 lnyWN yMZv8w bCMSCT public-DraftStyleDefault-block-depth0 fixed-tab-size public-DraftStyleDefault-text-ltr\"><span class=\"B2EFF public-DraftStyleDefault-ltr\">\u00a0<\/span><\/div>\n<div data-hook=\"rcv-block58\"><\/div>\n<p id=\"viewer-ru0oj40357\" class=\"xVISr Y9Dpf bCMSCT OZy-3 lnyWN yMZv8w bCMSCT public-DraftStyleDefault-block-depth0 fixed-tab-size public-DraftStyleDefault-text-ltr\"><span class=\"B2EFF public-DraftStyleDefault-ltr\"><strong>16\/05\/2024: Teresina, Brazil @ Mans\u00e3o Bliss<\/strong><\/span><\/p>\n<p id=\"viewer-63w1p54230\" class=\"xVISr Y9Dpf bCMSCT OZy-3 lnyWN yMZv8w bCMSCT public-DraftStyleDefault-block-depth0 fixed-tab-size public-DraftStyleDefault-text-ltr\"><span class=\"B2EFF public-DraftStyleDefault-ltr\"><a class=\"TWoY9 itht3\" href=\"https:\/\/www.bilheteriadigital.com\/the-calling-teresina-16-de-maio\" target=\"_blank\" rel=\"noopener noreferrer\" data-hook=\"linkViewer\"><u class=\"D-jZk\">https:\/\/www.bilheteriadigital.com\/the-calling-teresina-16-de-maio<\/u><\/a><\/span><\/p>\n<div data-hook=\"rcv-block60\"><\/div>\n<div id=\"viewer-bx5ag56829\" class=\"xVISr Y9Dpf bCMSCT OZy-3 lnyWN yMZv8w bCMSCT public-DraftStyleDefault-block-depth0 fixed-tab-size public-DraftStyleDefault-text-ltr\"><span class=\"B2EFF public-DraftStyleDefault-ltr\">\u00a0<\/span><\/div>\n<div data-hook=\"rcv-block61\"><\/div>\n<p id=\"viewer-karcg40361\" class=\"xVISr Y9Dpf bCMSCT OZy-3 lnyWN yMZv8w bCMSCT public-DraftStyleDefault-block-depth0 fixed-tab-size public-DraftStyleDefault-text-ltr\"><span class=\"B2EFF public-DraftStyleDefault-ltr\"><strong>18\/05\/2024: Bel\u00e9m, Brazil @ Barka<\/strong><\/span><\/p>\n<p id=\"viewer-4rf4v54650\" class=\"xVISr Y9Dpf bCMSCT OZy-3 lnyWN yMZv8w bCMSCT public-DraftStyleDefault-block-depth0 fixed-tab-size public-DraftStyleDefault-text-ltr\"><span class=\"B2EFF public-DraftStyleDefault-ltr\"><a class=\"TWoY9 itht3\" href=\"https:\/\/www.bilheteriadigital.com\/the-calling-18-de-maio\" target=\"_blank\" rel=\"noopener noreferrer\" data-hook=\"linkViewer\"><u class=\"D-jZk\">https:\/\/www.bilheteriadigital.com\/the-calling-18-de-maio<\/u><\/a><\/span><\/p>\n<div data-hook=\"rcv-block63\"><\/div>\n<div id=\"viewer-8wmxw57285\" class=\"xVISr Y9Dpf bCMSCT OZy-3 lnyWN yMZv8w bCMSCT public-DraftStyleDefault-block-depth0 fixed-tab-size public-DraftStyleDefault-text-ltr\"><span class=\"B2EFF public-DraftStyleDefault-ltr\">\u00a0<\/span><\/div>\n<div data-hook=\"rcv-block64\"><\/div>\n<p id=\"viewer-l9vcs40365\" class=\"xVISr Y9Dpf bCMSCT OZy-3 lnyWN yMZv8w bCMSCT public-DraftStyleDefault-block-depth0 fixed-tab-size public-DraftStyleDefault-text-ltr\"><span class=\"B2EFF public-DraftStyleDefault-ltr\"><strong>19\/05\/2024: Fortaleza, Brazil @ Colosso<\/strong><\/span><\/p>\n<p id=\"viewer-kyyfp55076\" class=\"xVISr Y9Dpf bCMSCT OZy-3 lnyWN yMZv8w bCMSCT public-DraftStyleDefault-block-depth0 fixed-tab-size public-DraftStyleDefault-text-ltr\"><span class=\"B2EFF public-DraftStyleDefault-ltr\"><a class=\"TWoY9 itht3\" href=\"https:\/\/www.bilheteriadigital.com\/the-calling-19-de-maio\" target=\"_blank\" rel=\"noopener noreferrer\" data-hook=\"linkViewer\"><u class=\"D-jZk\">https:\/\/www.bilheteriadigital.com\/the-calling-19-de-maio<\/u><\/a><\/span><\/p>\n<div data-hook=\"rcv-block66\"><\/div>\n<div id=\"viewer-jqgok57747\" class=\"xVISr Y9Dpf bCMSCT OZy-3 lnyWN yMZv8w bCMSCT public-DraftStyleDefault-block-depth0 fixed-tab-size public-DraftStyleDefault-text-ltr\"><span class=\"B2EFF public-DraftStyleDefault-ltr\">\u00a0<\/span><\/div>\n<div data-hook=\"rcv-block67\"><\/div>\n<p id=\"viewer-nglec40369\" class=\"xVISr Y9Dpf bCMSCT OZy-3 lnyWN yMZv8w bCMSCT public-DraftStyleDefault-block-depth0 fixed-tab-size public-DraftStyleDefault-text-ltr\"><span class=\"B2EFF public-DraftStyleDefault-ltr\"><strong>23\/05\/2024: Ribeir\u00e3o Preto, Brazil @ Theatro Dom Pedro II<\/strong><\/span><\/p>\n<p id=\"viewer-08lxp58486\" class=\"xVISr Y9Dpf bCMSCT OZy-3 lnyWN yMZv8w bCMSCT public-DraftStyleDefault-block-depth0 fixed-tab-size public-DraftStyleDefault-text-ltr\"><span class=\"B2EFF public-DraftStyleDefault-ltr\"><a class=\"TWoY9 itht3\" href=\"https:\/\/www.alphatickets.com.br\/Detalhes.aspx?event=C30410FA-6DFD-44E5-94B6-253184D71FD2&amp;hostname=&amp;dt=20240116130547\" target=\"_blank\" rel=\"noopener noreferrer\" data-hook=\"linkViewer\"><u class=\"D-jZk\">https:\/\/www.alphatickets.com.br\/Detalhes.aspx?event=C30410FA-6DFD-44E5-94B6-253184D71FD2&amp;hostname=&amp;dt=20240116130547<\/u><\/a><\/span><\/p>\n<div data-hook=\"rcv-block69\"><\/div>\n<div id=\"viewer-nu7ac60906\" class=\"xVISr Y9Dpf bCMSCT OZy-3 lnyWN yMZv8w bCMSCT public-DraftStyleDefault-block-depth0 fixed-tab-size public-DraftStyleDefault-text-ltr\"><span class=\"B2EFF public-DraftStyleDefault-ltr\">\u00a0<\/span><\/div>\n<div data-hook=\"rcv-block70\"><\/div>\n<p id=\"viewer-0p83i40373\" class=\"xVISr Y9Dpf bCMSCT OZy-3 lnyWN yMZv8w bCMSCT public-DraftStyleDefault-block-depth0 fixed-tab-size public-DraftStyleDefault-text-ltr\"><span class=\"B2EFF public-DraftStyleDefault-ltr\"><strong>25\/05\/2024: Santos, Brazil @ Arena Rock Festival<\/strong><\/span><\/p>\n<p id=\"viewer-6lbbx59099\" class=\"xVISr Y9Dpf bCMSCT OZy-3 lnyWN yMZv8w bCMSCT public-DraftStyleDefault-block-depth0 fixed-tab-size public-DraftStyleDefault-text-ltr\"><span class=\"B2EFF public-DraftStyleDefault-ltr\"><a class=\"TWoY9 itht3\" href=\"https:\/\/ingressonanet.com\/evento\/616\/SANTOS_ROCK_FESTIVAL_Sabado\" target=\"_blank\" rel=\"noopener noreferrer\" data-hook=\"linkViewer\"><u class=\"D-jZk\">https:\/\/ingressonanet.com\/evento\/616\/SANTOS_ROCK_FESTIVAL_Sabado<\/u><\/a><\/span><\/p>\n<div data-hook=\"rcv-block72\"><\/div>\n<div id=\"viewer-p3kob61478\" class=\"xVISr Y9Dpf bCMSCT OZy-3 lnyWN yMZv8w bCMSCT public-DraftStyleDefault-block-depth0 fixed-tab-size public-DraftStyleDefault-text-ltr\"><span class=\"B2EFF public-DraftStyleDefault-ltr\">\u00a0<\/span><\/div>\n<div data-hook=\"rcv-block73\"><\/div>\n<p id=\"viewer-gxs5d40377\" class=\"xVISr Y9Dpf bCMSCT OZy-3 lnyWN yMZv8w bCMSCT public-DraftStyleDefault-block-depth0 fixed-tab-size public-DraftStyleDefault-text-ltr\"><span class=\"B2EFF public-DraftStyleDefault-ltr\"><strong>26\/05\/2024: S\u00e3o Jos\u00e9 dos Campos, Brazil @ Pal\u00e1cio Sunset<\/strong><\/span><\/p>\n<p id=\"viewer-w94je59579\" class=\"xVISr Y9Dpf bCMSCT OZy-3 lnyWN yMZv8w bCMSCT public-DraftStyleDefault-block-depth0 fixed-tab-size public-DraftStyleDefault-text-ltr\"><span class=\"B2EFF public-DraftStyleDefault-ltr\"><a class=\"TWoY9 itht3\" href=\"https:\/\/www.bilheto.com.br\/comprar\/1976\/the-calling-sao-jose-dos-campos\" target=\"_blank\" rel=\"noopener noreferrer\" data-hook=\"linkViewer\"><u class=\"D-jZk\">https:\/\/www.bilheto.com.br\/comprar\/1976\/the-calling-sao-jose-dos-campos<\/u><\/a><\/span><\/p>\n<div data-hook=\"rcv-block75\"><\/div>\n<div id=\"viewer-i2uq061982\" class=\"xVISr Y9Dpf bCMSCT OZy-3 lnyWN yMZv8w bCMSCT public-DraftStyleDefault-block-depth0 fixed-tab-size public-DraftStyleDefault-text-ltr\"><span class=\"B2EFF public-DraftStyleDefault-ltr\">\u00a0<\/span><\/div>\n<div data-hook=\"rcv-block76\"><\/div>\n<p id=\"viewer-kxb5v40381\" class=\"xVISr Y9Dpf bCMSCT OZy-3 lnyWN yMZv8w bCMSCT public-DraftStyleDefault-block-depth0 fixed-tab-size public-DraftStyleDefault-text-ltr\"><span class=\"B2EFF public-DraftStyleDefault-ltr\"><strong>28\/05\/2024: Buenos Aires, Argentina @ Arena Sur<\/strong><\/span><\/p>\n<p id=\"viewer-y5qiq64516\" class=\"xVISr Y9Dpf bCMSCT OZy-3 lnyWN yMZv8w bCMSCT public-DraftStyleDefault-block-depth0 fixed-tab-size public-DraftStyleDefault-text-ltr\"><span class=\"B2EFF public-DraftStyleDefault-ltr\">Ventas disponibles pr\u00f3ximamente!<\/span><\/p>\n<div data-hook=\"rcv-block78\"><\/div>\n<div id=\"viewer-8kmwe62492\" class=\"xVISr Y9Dpf bCMSCT OZy-3 lnyWN yMZv8w bCMSCT public-DraftStyleDefault-block-depth0 fixed-tab-size public-DraftStyleDefault-text-ltr\"><span class=\"B2EFF public-DraftStyleDefault-ltr\">\u00a0<\/span><\/div>\n<div data-hook=\"rcv-block79\"><\/div>\n<p id=\"viewer-6snef40384\" class=\"xVISr Y9Dpf bCMSCT OZy-3 lnyWN yMZv8w bCMSCT public-DraftStyleDefault-block-depth0 fixed-tab-size public-DraftStyleDefault-text-ltr\"><span class=\"B2EFF public-DraftStyleDefault-ltr\"><strong>31\/05\/2024: Monterrey, Mexico @ Cafe Iguana<\/strong><\/span><\/p>\n<p id=\"viewer-3a0n960351\" class=\"xVISr Y9Dpf bCMSCT OZy-3 lnyWN yMZv8w bCMSCT public-DraftStyleDefault-block-depth0 fixed-tab-size public-DraftStyleDefault-text-ltr\"><span class=\"B2EFF public-DraftStyleDefault-ltr\"><a class=\"TWoY9 itht3\" href=\"https:\/\/arema.mx\/evento\/11316\" target=\"_blank\" rel=\"noopener noreferrer\" data-hook=\"linkViewer\"><u class=\"D-jZk\">https:\/\/arema.mx\/evento\/11316<\/u><\/a><\/span><\/p>\n<div data-hook=\"rcv-block81\"><\/div>\n<div id=\"viewer-0ikeg63008\" class=\"xVISr Y9Dpf bCMSCT OZy-3 lnyWN yMZv8w bCMSCT public-DraftStyleDefault-block-depth0 fixed-tab-size public-DraftStyleDefault-text-ltr\"><span class=\"B2EFF public-DraftStyleDefault-ltr\">\u00a0<\/span><\/div>\n<div data-hook=\"rcv-block82\"><\/div>\n<p id=\"viewer-jcgl140388\" class=\"xVISr Y9Dpf bCMSCT OZy-3 lnyWN yMZv8w bCMSCT public-DraftStyleDefault-block-depth0 fixed-tab-size public-DraftStyleDefault-text-ltr\"><span class=\"B2EFF public-DraftStyleDefault-ltr\"><strong>01\/06\/2024: Mexico City, Mexico @ Teatro Metropolitan<\/strong><\/span><\/p>\n<p id=\"viewer-po64b63837\" class=\"xVISr Y9Dpf bCMSCT OZy-3 lnyWN yMZv8w bCMSCT public-DraftStyleDefault-block-depth0 fixed-tab-size public-DraftStyleDefault-text-ltr\"><span class=\"B2EFF public-DraftStyleDefault-ltr\">Ventas disponibles pr\u00f3ximamente!<\/span><\/p>\n<div data-hook=\"rcv-block84\"><\/div>\n<div id=\"viewer-kgq4r65449\" class=\"xVISr Y9Dpf bCMSCT OZy-3 lnyWN yMZv8w bCMSCT public-DraftStyleDefault-block-depth0 fixed-tab-size public-DraftStyleDefault-text-ltr\"><span class=\"B2EFF public-DraftStyleDefault-ltr\">\u00a0<\/span><\/div>\n<div data-hook=\"rcv-block85\"><\/div>\n<p id=\"viewer-7wrsp65907\" class=\"xVISr Y9Dpf bCMSCT OZy-3 lnyWN yMZv8w bCMSCT public-DraftStyleDefault-block-depth0 fixed-tab-size public-DraftStyleDefault-text-ltr\"><span class=\"B2EFF public-DraftStyleDefault-ltr\"><strong>Fonte: <\/strong>Tedesco Comunica\u00e7\u00e3o&amp; M\u00eddia<\/span><\/p>\n","protected":false},"excerpt":{"rendered":"<p>J\u00e1 uma das maiores turn\u00eas de banda norte-americana pela Am\u00e9rica Latina dos \u00faltimos anos, o novo giro do The Calling ganha mais datas para shows que acontecem de abril a junho &#8211; s\u00e3o 18 apresenta\u00e7\u00f5es no Brasil! \u00a0 A turn\u00ea, que tamb\u00e9m contempla shows na Argentina e no M\u00e9xico, \u00e9 uma realiza\u00e7\u00e3o da V\u00eanus Concerts. [&hellip;]<\/p>\n","protected":false},"author":12,"featured_media":19157,"comment_status":"closed","ping_status":"open","sticky":false,"template":"","format":"standard","meta":{"footnotes":""},"categories":[4,1807],"tags":[],"class_list":["post-20178","post","type-post","status-publish","format-standard","has-post-thumbnail","hentry","category-noticias","category-sem-categoria-pt"],"_links":{"self":[{"href":"http:\/\/heavymetalonline.com.br\/index.php?rest_route=\/wp\/v2\/posts\/20178","targetHints":{"allow":["GET"]}}],"collection":[{"href":"http:\/\/heavymetalonline.com.br\/index.php?rest_route=\/wp\/v2\/posts"}],"about":[{"href":"http:\/\/heavymetalonline.com.br\/index.php?rest_route=\/wp\/v2\/types\/post"}],"author":[{"embeddable":true,"href":"http:\/\/heavymetalonline.com.br\/index.php?rest_route=\/wp\/v2\/users\/12"}],"replies":[{"embeddable":true,"href":"http:\/\/heavymetalonline.com.br\/index.php?rest_route=%2Fwp%2Fv2%2Fcomments&post=20178"}],"version-history":[{"count":1,"href":"http:\/\/heavymetalonline.com.br\/index.php?rest_route=\/wp\/v2\/posts\/20178\/revisions"}],"predecessor-version":[{"id":20179,"href":"http:\/\/heavymetalonline.com.br\/index.php?rest_route=\/wp\/v2\/posts\/20178\/revisions\/20179"}],"wp:featuredmedia":[{"embeddable":true,"href":"http:\/\/heavymetalonline.com.br\/index.php?rest_route=\/wp\/v2\/media\/19157"}],"wp:attachment":[{"href":"http:\/\/heavymetalonline.com.br\/index.php?rest_route=%2Fwp%2Fv2%2Fmedia&parent=20178"}],"wp:term":[{"taxonomy":"category","embeddable":true,"href":"http:\/\/heavymetalonline.com.br\/index.php?rest_route=%2Fwp%2Fv2%2Fcategories&post=20178"},{"taxonomy":"post_tag","embeddable":true,"href":"http:\/\/heavymetalonline.com.br\/index.php?rest_route=%2Fwp%2Fv2%2Ftags&post=20178"}],"curies":[{"name":"wp","href":"https:\/\/api.w.org\/{rel}","templated":true}]}}