{"id":20224,"date":"2024-01-18T19:46:49","date_gmt":"2024-01-18T19:46:49","guid":{"rendered":"http:\/\/heavymetalonline.com.br\/?p=20224"},"modified":"2024-01-18T19:46:49","modified_gmt":"2024-01-18T19:46:49","slug":"lobao-anuncia-turne-50-anos-de-vida-bandida-em-que-celebra-toda-sua-carreira","status":"publish","type":"post","link":"http:\/\/heavymetalonline.com.br\/?p=20224","title":{"rendered":"Lob\u00e3o anuncia turn\u00ea 50 Anos de Vida Bandida em que celebra toda sua carreira"},"content":{"rendered":"<p><img loading=\"lazy\" decoding=\"async\" class=\"alignnone size-full wp-image-20225\" src=\"http:\/\/heavymetalonline.com.br\/wp-content\/uploads\/2024\/01\/IMG-20240116-WA0020.jpg\" alt=\"\" width=\"1080\" height=\"788\" srcset=\"http:\/\/heavymetalonline.com.br\/wp-content\/uploads\/2024\/01\/IMG-20240116-WA0020.jpg 1080w, http:\/\/heavymetalonline.com.br\/wp-content\/uploads\/2024\/01\/IMG-20240116-WA0020-300x219.jpg 300w, http:\/\/heavymetalonline.com.br\/wp-content\/uploads\/2024\/01\/IMG-20240116-WA0020-768x560.jpg 768w, http:\/\/heavymetalonline.com.br\/wp-content\/uploads\/2024\/01\/IMG-20240116-WA0020-1024x747.jpg 1024w\" sizes=\"auto, (max-width: 1080px) 100vw, 1080px\" \/><\/p>\n<p>Foto<span class=\"KviDO\">:<\/span> Du Firmo<\/p>\n<p id=\"viewer-ehb5215130\" class=\"xVISr Y9Dpf bCMSCT OZy-3 cDpYU ok2w4y bCMSCT public-DraftStyleDefault-block-depth0 fixed-tab-size public-DraftStyleDefault-text-ltr\" style=\"text-align: center;\"><span class=\"B2EFF public-DraftStyleDefault-ltr\"><em>Shows em formato power trio comtemplar\u00e3o todos os momentos das cinco d\u00e9cadas de Lob\u00e3o na m\u00fasica brasileira, desde V\u00edmana, Blitz at\u00e9 os seus incont\u00e1veis e s\u00f3lidos discos da carreira solo, repletos de cl\u00e1ssicos<\/em><\/span><\/p>\n<div data-hook=\"rcv-block2\"><\/div>\n<p id=\"viewer-fhfhv22938\" class=\"xVISr Y9Dpf bCMSCT OZy-3 lnyWN yMZv8w bCMSCT public-DraftStyleDefault-block-depth0 fixed-tab-size public-DraftStyleDefault-text-ltr\"><span class=\"B2EFF public-DraftStyleDefault-ltr\">50 anos de carreira no Brasil n\u00e3o \u00e9 para qualquer um. <strong>Lob\u00e3o<\/strong> chegou a essa marca com uma carreira repleta de m\u00fasica, \u00e1lbuns, shows e conquistas. Um dos artistas mais prol\u00edficos do pa\u00eds, Lob\u00e3o revelou que pegar\u00e1 a estrada esse ano em uma turn\u00ea especial que celebra essa marca de cinco d\u00e9cadas dedicadas ao rock e que resultou em in\u00fameros cl\u00e1ssicos da m\u00fasica brasileira, a<strong> \u201c50 Anos de Vida Bandida\u201d<\/strong>.<\/span><\/p>\n<div data-hook=\"rcv-block7\"><\/div>\n<div id=\"viewer-hznm414005\" class=\"xVISr Y9Dpf bCMSCT OZy-3 lnyWN yMZv8w bCMSCT public-DraftStyleDefault-block-depth0 fixed-tab-size public-DraftStyleDefault-text-ltr\"><span class=\"B2EFF public-DraftStyleDefault-ltr\">\u00a0<\/span><\/div>\n<div data-hook=\"rcv-block8\"><\/div>\n<p id=\"viewer-qt3rk14006\" class=\"xVISr Y9Dpf bCMSCT OZy-3 lnyWN yMZv8w bCMSCT public-DraftStyleDefault-block-depth0 fixed-tab-size public-DraftStyleDefault-text-ltr\"><span class=\"B2EFF public-DraftStyleDefault-ltr\">Na pr\u00f3xima semana, ser\u00e3o anunciadas as primeiras datas dessa turn\u00ea hist\u00f3rica que celebra a carreira de um dos \u00edcones da m\u00fasica brasileira e promover\u00e1 uma uni\u00e3o sem precedentes entre artista, obra e p\u00fablico. O pr\u00f3prio m\u00fasico fez um depoimento honesto sobre esse momento e sua jornada.<\/span><\/p>\n<div data-hook=\"rcv-block9\"><\/div>\n<div id=\"viewer-vj90k14008\" class=\"xVISr Y9Dpf bCMSCT OZy-3 lnyWN yMZv8w bCMSCT public-DraftStyleDefault-block-depth0 fixed-tab-size public-DraftStyleDefault-text-ltr\"><span class=\"B2EFF public-DraftStyleDefault-ltr\">\u00a0<\/span><\/div>\n<div data-hook=\"rcv-block10\"><\/div>\n<p id=\"viewer-a2llf14009\" class=\"xVISr Y9Dpf bCMSCT OZy-3 lnyWN yMZv8w bCMSCT public-DraftStyleDefault-block-depth0 fixed-tab-size public-DraftStyleDefault-text-ltr\"><span class=\"B2EFF public-DraftStyleDefault-ltr\"><em>\u201c\u00c9 com imensa alegria e orgulho que venho aqui apresentar para voc\u00eas o conceito dessa mega turn\u00ea de comemora\u00e7\u00e3o dos meus 50 anos de carreira como m\u00fasico profissional, que se chamar\u00e1 \u201850 Anos de Vida Bandida\u2019. Por que esse nome? Simples. Como j\u00e1 dizia Rita Lee: \u2018Roqueiro brasileiro sempre teve cara (e fama) de bandido\u2019. E receio que, no meu caso, a minha hist\u00f3ria denuncia quase que gritando esses tra\u00e7os, tanto como sempre fui: rebelde, pol\u00eamico, maldito, odiado e amado por muitos. Na verdade, para se dedicar ao Rock no Brasil, voc\u00ea precisa necessariamente ter pelo menos, uns dois parafusos soltos nos miolos\u201d<\/em>.<\/span><\/p>\n<div data-hook=\"rcv-block11\"><\/div>\n<div id=\"viewer-mvygw14011\" class=\"xVISr Y9Dpf bCMSCT OZy-3 lnyWN yMZv8w bCMSCT public-DraftStyleDefault-block-depth0 fixed-tab-size public-DraftStyleDefault-text-ltr\"><span class=\"B2EFF public-DraftStyleDefault-ltr\">\u00a0<\/span><\/div>\n<div data-hook=\"rcv-block12\"><\/div>\n<p id=\"viewer-ynep714012\" class=\"xVISr Y9Dpf bCMSCT OZy-3 lnyWN yMZv8w bCMSCT public-DraftStyleDefault-block-depth0 fixed-tab-size public-DraftStyleDefault-text-ltr\"><span class=\"B2EFF public-DraftStyleDefault-ltr\">O artista segue explicando: <em>\u201cO Brasil sempre teve uma rela\u00e7\u00e3o de amor e medo (um certo recalque de vira-lata, talvez) com o Rock \u2019n\u2019 Roll. E isso torna nossa jornada bem mais excitante. Sim! Pois aprendi com a vida a nunca me fazer de v\u00edtima, a sempre sair mais forte de todos os obst\u00e1culos e dificuldades impostos pela vida. Portanto, n\u00e3o falo como um sobrevivente: Pois, apesar de j\u00e1 ter \u2018morrido\u2019 incont\u00e1veis vezes, falo como algu\u00e9m que cresceu, se aprimorou, aprendeu e se humanizou com todos os percal\u00e7os que me deparei. Sou muito grato e muito orgulhoso dessa trajet\u00f3ria\u201d<\/em>.<\/span><\/p>\n<div data-hook=\"rcv-block13\"><\/div>\n<div id=\"viewer-pkau414014\" class=\"xVISr Y9Dpf bCMSCT OZy-3 lnyWN yMZv8w bCMSCT public-DraftStyleDefault-block-depth0 fixed-tab-size public-DraftStyleDefault-text-ltr\"><span class=\"B2EFF public-DraftStyleDefault-ltr\">\u00a0<\/span><\/div>\n<div data-hook=\"rcv-block14\"><\/div>\n<p id=\"viewer-fcp9314015\" class=\"xVISr Y9Dpf bCMSCT OZy-3 lnyWN yMZv8w bCMSCT public-DraftStyleDefault-block-depth0 fixed-tab-size public-DraftStyleDefault-text-ltr\"><span class=\"B2EFF public-DraftStyleDefault-ltr\"><em>\u201cSendo assim, como n\u00e3o poderia deixar de ser, \u00e9 hora de celebrar a vida, a excel\u00eancia, o amor, a capacidade de reinven\u00e7\u00e3o, a criatividade, os amigos, os irm\u00e3os queridos que ganhei por essa estrada afora, e, tamb\u00e9m aos desafetos, aos haters, aos inimigos: Meu muito obrigado. Afinal, acabamos por aprender muito mais sobre n\u00f3s com esses t\u00e3o cabal\u00edsticos personagens. E, como diria nosso irm\u00e3o eterno, J\u00falio Barroso: \u2018A nossa onda de Amor, n\u00e3o h\u00e1 quem corte\u2019\u201d.<\/em><\/span><\/p>\n<div data-hook=\"rcv-block15\"><\/div>\n<div id=\"viewer-8q4yq14017\" class=\"xVISr Y9Dpf bCMSCT OZy-3 lnyWN yMZv8w bCMSCT public-DraftStyleDefault-block-depth0 fixed-tab-size public-DraftStyleDefault-text-ltr\"><span class=\"B2EFF public-DraftStyleDefault-ltr\">\u00a0<\/span><\/div>\n<div data-hook=\"rcv-block16\"><\/div>\n<p id=\"viewer-vn08e14018\" class=\"xVISr Y9Dpf bCMSCT OZy-3 lnyWN yMZv8w bCMSCT public-DraftStyleDefault-block-depth0 fixed-tab-size public-DraftStyleDefault-text-ltr\"><span class=\"B2EFF public-DraftStyleDefault-ltr\">Nesse clima, Lob\u00e3o e banda embarca nessa turn\u00ea brasileira em parceira com a Top Link Music, a fim de celebrar retrospectivamente a carreira em clima de festa, uni\u00e3o e a constata\u00e7\u00e3o inevit\u00e1vel de que o Rock \u00e9 uma for\u00e7a da natureza que n\u00e3o se pode subestimar: <em>\u201cO Rock acabou se incluindo no cancioneiro popular brasileiro como um penetra. Ainda tem muito que escrever sua hist\u00f3ria, muito a contribuir para a cultura &#8211; t\u00e3o raqu\u00edtica e viciada em h\u00e1bitos t\u00e3o pouco brilhantes &#8211; do nosso Brasil\u201d<\/em>.<\/span><\/p>\n<p><img loading=\"lazy\" decoding=\"async\" class=\"alignnone size-full wp-image-20226\" src=\"http:\/\/heavymetalonline.com.br\/wp-content\/uploads\/2024\/01\/IMG-20240118-WA0030.jpg\" alt=\"\" width=\"1280\" height=\"1600\" srcset=\"http:\/\/heavymetalonline.com.br\/wp-content\/uploads\/2024\/01\/IMG-20240118-WA0030.jpg 1280w, http:\/\/heavymetalonline.com.br\/wp-content\/uploads\/2024\/01\/IMG-20240118-WA0030-240x300.jpg 240w, http:\/\/heavymetalonline.com.br\/wp-content\/uploads\/2024\/01\/IMG-20240118-WA0030-768x960.jpg 768w, http:\/\/heavymetalonline.com.br\/wp-content\/uploads\/2024\/01\/IMG-20240118-WA0030-819x1024.jpg 819w\" sizes=\"auto, (max-width: 1280px) 100vw, 1280px\" \/><\/p>\n<p id=\"viewer-srp3a14021\" class=\"xVISr Y9Dpf bCMSCT OZy-3 lnyWN yMZv8w bCMSCT public-DraftStyleDefault-block-depth0 fixed-tab-size public-DraftStyleDefault-text-ltr\"><span class=\"B2EFF public-DraftStyleDefault-ltr\">Ser\u00e1 um mega show de forma\u00e7\u00e3o cl\u00e1ssica de Rock, um Power Trio com Lob\u00e3o (guitarra e voz), Guto Passos (baixo e vocal) e Armando Cardoso (bateria), com uma sonoridade absolutamente peculiar, caracter\u00edstica e contempor\u00e2nea para um repert\u00f3rio que vasculhar\u00e1 todos os per\u00edodos da carreira do artista, desde o V\u00edmana, Blitz e todos os discos da carreira solo.<\/span><\/p>\n<div data-hook=\"rcv-block21\"><\/div>\n<div id=\"viewer-iwzvw14023\" class=\"xVISr Y9Dpf bCMSCT OZy-3 lnyWN yMZv8w bCMSCT public-DraftStyleDefault-block-depth0 fixed-tab-size public-DraftStyleDefault-text-ltr\"><span class=\"B2EFF public-DraftStyleDefault-ltr\">\u00a0<\/span><\/div>\n<div data-hook=\"rcv-block22\"><\/div>\n<p id=\"viewer-qouax14024\" class=\"xVISr Y9Dpf bCMSCT OZy-3 lnyWN yMZv8w bCMSCT public-DraftStyleDefault-block-depth0 fixed-tab-size public-DraftStyleDefault-text-ltr\"><span class=\"B2EFF public-DraftStyleDefault-ltr\">O convite para os shows, cujas datas ser\u00e3o em breve anunciadas, \u00e9 o seguinte: <em>\u201cSer\u00e1 uma grande celebra\u00e7\u00e3o, uma grande uni\u00e3o do som no palco com o nosso p\u00fablico. Teremos um momento inesquec\u00edvel nesse ano: quem viver, ver\u00e1: \u201850 ANOS DE VIDA BANDIDA\u2019\u201d<\/em>, conclui Lob\u00e3o.<\/span><\/p>\n<div data-hook=\"rcv-block23\"><\/div>\n<div id=\"viewer-55j2e14026\" class=\"xVISr Y9Dpf bCMSCT OZy-3 lnyWN yMZv8w bCMSCT public-DraftStyleDefault-block-depth0 fixed-tab-size public-DraftStyleDefault-text-ltr\"><span class=\"B2EFF public-DraftStyleDefault-ltr\">\u00a0<\/span><\/div>\n<div data-hook=\"rcv-block24\"><\/div>\n<p id=\"viewer-7bgb014027\" class=\"xVISr Y9Dpf bCMSCT OZy-3 lnyWN yMZv8w bCMSCT public-DraftStyleDefault-block-depth0 fixed-tab-size public-DraftStyleDefault-text-ltr\"><span class=\"B2EFF public-DraftStyleDefault-ltr\">As datas da agenda de<strong> Lob\u00e3o<\/strong> ser\u00e3o anunciadas em breve pelo artista e pela <strong>Top Link Music<\/strong>.<\/span><\/p>\n<div data-hook=\"rcv-block25\"><\/div>\n<div id=\"viewer-pc7d114031\" class=\"xVISr Y9Dpf bCMSCT OZy-3 lnyWN yMZv8w bCMSCT public-DraftStyleDefault-block-depth0 fixed-tab-size public-DraftStyleDefault-text-ltr\"><span class=\"B2EFF public-DraftStyleDefault-ltr\">\u00a0<\/span><\/div>\n<div data-hook=\"rcv-block26\"><\/div>\n<p id=\"viewer-uq61614032\" class=\"xVISr Y9Dpf bCMSCT OZy-3 lnyWN yMZv8w bCMSCT public-DraftStyleDefault-block-depth0 fixed-tab-size public-DraftStyleDefault-text-ltr\"><span class=\"B2EFF public-DraftStyleDefault-ltr\"><strong>Fique por dentro nas redes sociais:<\/strong><\/span><\/p>\n<p id=\"viewer-3k5cf14035\" class=\"xVISr Y9Dpf bCMSCT OZy-3 lnyWN yMZv8w bCMSCT public-DraftStyleDefault-block-depth0 fixed-tab-size public-DraftStyleDefault-text-ltr\"><span class=\"B2EFF public-DraftStyleDefault-ltr\">Top Link Music: <a class=\"TWoY9 itht3\" href=\"https:\/\/www.instagram.com\/toplinkmusic\/\" target=\"_blank\" rel=\"noopener noreferrer noreferrer\" data-hook=\"linkViewer\"><u class=\"D-jZk\">@toplinkmusic<\/u><\/a><\/span><\/p>\n<p id=\"viewer-kunlx14038\" class=\"xVISr Y9Dpf bCMSCT OZy-3 lnyWN yMZv8w bCMSCT public-DraftStyleDefault-block-depth0 fixed-tab-size public-DraftStyleDefault-text-ltr\"><span class=\"B2EFF public-DraftStyleDefault-ltr\">Lob\u00e3o: <a class=\"TWoY9 itht3\" href=\"https:\/\/www.instagram.com\/lobaow\/\" target=\"_blank\" rel=\"noopener noreferrer noreferrer\" data-hook=\"linkViewer\"><u class=\"D-jZk\">@lobaow<\/u><\/a><\/span><\/p>\n<div data-hook=\"rcv-block29\"><\/div>\n<div id=\"viewer-5gdv214040\" class=\"xVISr Y9Dpf bCMSCT OZy-3 lnyWN yMZv8w bCMSCT public-DraftStyleDefault-block-depth0 fixed-tab-size public-DraftStyleDefault-text-ltr\"><span class=\"B2EFF public-DraftStyleDefault-ltr\">\u00a0<\/span><\/div>\n<div data-hook=\"rcv-block30\"><\/div>\n<p id=\"viewer-6t26d14046\" class=\"xVISr Y9Dpf bCMSCT OZy-3 lnyWN yMZv8w bCMSCT public-DraftStyleDefault-block-depth0 fixed-tab-size public-DraftStyleDefault-text-ltr\"><span class=\"B2EFF public-DraftStyleDefault-ltr\"><strong>Fonte: <\/strong>Top Link Music<\/span><\/p>\n","protected":false},"excerpt":{"rendered":"<p>Foto: Du Firmo Shows em formato power trio comtemplar\u00e3o todos os momentos das cinco d\u00e9cadas de Lob\u00e3o na m\u00fasica brasileira, desde V\u00edmana, Blitz at\u00e9 os seus incont\u00e1veis e s\u00f3lidos discos da carreira solo, repletos de cl\u00e1ssicos 50 anos de carreira no Brasil n\u00e3o \u00e9 para qualquer um. Lob\u00e3o chegou a essa marca com uma carreira [&hellip;]<\/p>\n","protected":false},"author":12,"featured_media":20225,"comment_status":"closed","ping_status":"open","sticky":false,"template":"","format":"standard","meta":{"footnotes":""},"categories":[4],"tags":[],"class_list":["post-20224","post","type-post","status-publish","format-standard","has-post-thumbnail","hentry","category-noticias"],"_links":{"self":[{"href":"http:\/\/heavymetalonline.com.br\/index.php?rest_route=\/wp\/v2\/posts\/20224","targetHints":{"allow":["GET"]}}],"collection":[{"href":"http:\/\/heavymetalonline.com.br\/index.php?rest_route=\/wp\/v2\/posts"}],"about":[{"href":"http:\/\/heavymetalonline.com.br\/index.php?rest_route=\/wp\/v2\/types\/post"}],"author":[{"embeddable":true,"href":"http:\/\/heavymetalonline.com.br\/index.php?rest_route=\/wp\/v2\/users\/12"}],"replies":[{"embeddable":true,"href":"http:\/\/heavymetalonline.com.br\/index.php?rest_route=%2Fwp%2Fv2%2Fcomments&post=20224"}],"version-history":[{"count":1,"href":"http:\/\/heavymetalonline.com.br\/index.php?rest_route=\/wp\/v2\/posts\/20224\/revisions"}],"predecessor-version":[{"id":20227,"href":"http:\/\/heavymetalonline.com.br\/index.php?rest_route=\/wp\/v2\/posts\/20224\/revisions\/20227"}],"wp:featuredmedia":[{"embeddable":true,"href":"http:\/\/heavymetalonline.com.br\/index.php?rest_route=\/wp\/v2\/media\/20225"}],"wp:attachment":[{"href":"http:\/\/heavymetalonline.com.br\/index.php?rest_route=%2Fwp%2Fv2%2Fmedia&parent=20224"}],"wp:term":[{"taxonomy":"category","embeddable":true,"href":"http:\/\/heavymetalonline.com.br\/index.php?rest_route=%2Fwp%2Fv2%2Fcategories&post=20224"},{"taxonomy":"post_tag","embeddable":true,"href":"http:\/\/heavymetalonline.com.br\/index.php?rest_route=%2Fwp%2Fv2%2Ftags&post=20224"}],"curies":[{"name":"wp","href":"https:\/\/api.w.org\/{rel}","templated":true}]}}