{"id":20391,"date":"2024-01-26T13:44:02","date_gmt":"2024-01-26T13:44:02","guid":{"rendered":"http:\/\/heavymetalonline.com.br\/?p=20391"},"modified":"2024-01-26T13:44:02","modified_gmt":"2024-01-26T13:44:02","slug":"abril-pro-rock-traz-conceito-de-recife-como-cidade-da-musica-underground-nos-dias-29-e-30-de-marco","status":"publish","type":"post","link":"http:\/\/heavymetalonline.com.br\/?p=20391","title":{"rendered":"Abril Pro Rock traz conceito de Recife como cidade da m\u00fasica underground, nos dias 29 e 30 de mar\u00e7o"},"content":{"rendered":"<div class=\"nLG8d5\" data-hook=\"post-description\">\n<article class=\"blog-post-page-font\">\n<div class=\"post-content__body stSKMK\">\n<div class=\"moHCnT\">\n<div class=\"moHCnT\">\n<div class=\"fTEXDR A2sIZ4 QEEfz0\" data-rce-version=\"9.16.14\">\n<div class=\"IFeoc\" dir=\"ltr\" data-id=\"content-viewer\">\n<div class=\"Eylt5\" data-query=\"container\">\n<div class=\"ceGfW\">\n<div data-breakout=\"normal\">\n<p><img loading=\"lazy\" decoding=\"async\" class=\"alignnone size-full wp-image-20392\" src=\"http:\/\/heavymetalonline.com.br\/wp-content\/uploads\/2024\/01\/APR.png\" alt=\"\" width=\"977\" height=\"656\" srcset=\"http:\/\/heavymetalonline.com.br\/wp-content\/uploads\/2024\/01\/APR.png 977w, http:\/\/heavymetalonline.com.br\/wp-content\/uploads\/2024\/01\/APR-300x201.png 300w, http:\/\/heavymetalonline.com.br\/wp-content\/uploads\/2024\/01\/APR-768x516.png 768w\" sizes=\"auto, (max-width: 977px) 100vw, 977px\" \/><\/p>\n<p id=\"viewer-5a2d937909\" class=\"mo65v tSsHr _6jDXP Q-cTE _523KJ\"><span class=\"O-KfW\">Se o Abril Pro Rock \u00e9 o carnaval do headbanger, Recife \u00e9 a cidade da m\u00fasica underground! O festival traz esse conceito para 2024, abrindo suas atividades no ano com o<strong> 31\u00ba APR<\/strong>, que est\u00e1 marcado para os dias 29 e 30 de mar\u00e7o (sexta e s\u00e1bado), em local in\u00e9dito, o Clube Internacional do Recife (rua Benfica, n\u00ba 505, bairro da Madalena, na Zona Norte da cidade). A programa\u00e7\u00e3o oficial vai ser divulgada em breve\u00a0(confira o perfil oficial &#8211;<a class=\"JCM97 kSBo4\" href=\"http:\/\/bit.ly\/3Oja99Z\" target=\"_blank\" rel=\"noopener noreferrer\"> bit.ly\/3Oja99Z<\/a>), assim como hor\u00e1rios, valores do ingresso, pontos de venda f\u00edsicos e op\u00e7\u00f5es de compra online.<\/span><\/p>\n<\/div>\n<div data-hook=\"rcv-block4\"><\/div>\n<div data-breakout=\"normal\">\n<div id=\"viewer-daarz31512\" class=\"mo65v tSsHr _6jDXP _523KJ\"><span class=\"O-KfW\">\u00a0<\/span><\/div>\n<\/div>\n<div data-hook=\"rcv-block5\"><\/div>\n<div data-breakout=\"normal\">\n<p id=\"viewer-hm5cw31513\" class=\"mo65v tSsHr _6jDXP Q-cTE _523KJ\"><span class=\"O-KfW\">A arte que ilustra o APR 2024 homenageia espa\u00e7os antigos e novos que agitaram e fomentam o rock na capital pernambucana. S\u00e3o eles: Soparia (antigo bar de Roger de Renor), Poco Loco (local desativado de shows em Olinda), Dokas Hall (era considerado o templo do metal no Recife Antigo), Burburinho (centro do Recife), Estelita (Zona Sul do Recife), Darkside Studio (centro do Recife) e Caixa d&#8217;\u00e1gua (Paulista &#8211; Maranguape).<\/span><\/p>\n<\/div>\n<div data-hook=\"rcv-block6\"><\/div>\n<div data-breakout=\"normal\">\n<div id=\"viewer-efpm631516\" class=\"mo65v tSsHr _6jDXP _523KJ\"><span class=\"O-KfW\">\u00a0<\/span><\/div>\n<\/div>\n<div data-hook=\"rcv-block7\"><\/div>\n<div data-breakout=\"normal\">\n<p id=\"viewer-ybhvy31517\" class=\"mo65v tSsHr _6jDXP Q-cTE _523KJ\"><span class=\"O-KfW\">O desenho foi produzido por Alcides Burn, que tamb\u00e9m atua na produ\u00e7\u00e3o e curadoria do festival. A atual edi\u00e7\u00e3o do Abril Pro Rock, criado pelo produtor cultural recifense Paulo Andr\u00e9, \u00e9 realizada pela Astronave Iniciativas Culturais. Para a celebra\u00e7\u00e3o de 2024, o APR mant\u00e9m a tradi\u00e7\u00e3o da sua feirinha, al\u00e9m da expectativa de uma movimenta\u00e7\u00e3o das \u00a0caravanas.<\/span><\/p>\n<\/div>\n<div data-hook=\"rcv-block8\"><\/div>\n<div data-breakout=\"normal\">\n<div id=\"viewer-fz97k31520\" class=\"mo65v tSsHr _6jDXP _523KJ\"><span class=\"O-KfW\">\u00a0<\/span><\/div>\n<\/div>\n<div data-hook=\"rcv-block9\"><\/div>\n<div data-breakout=\"normal\">\n<p id=\"viewer-gwes431521\" class=\"mo65v tSsHr _6jDXP Q-cTE _523KJ\"><span class=\"O-KfW\">Nascido no estado de Pernambuco em 1993, o APR faz parte da agenda dos festivais nacionais independentes mais longevos e expressivos, reunindo tradicionalmente o p\u00fablico do metal underground pernambucano, nordestino e brasileiro durante dois dias seguidos de programa\u00e7\u00e3o.<\/span><\/p>\n<\/div>\n<div data-hook=\"rcv-block10\"><\/div>\n<div data-breakout=\"normal\">\n<div id=\"viewer-ijbpp31524\" class=\"mo65v tSsHr _6jDXP _523KJ\"><span class=\"O-KfW\">\u00a0<\/span><\/div>\n<\/div>\n<div data-hook=\"rcv-block11\"><\/div>\n<div data-breakout=\"normal\">\n<p id=\"viewer-2ncg431525\" class=\"mo65v tSsHr _6jDXP Q-cTE _523KJ\"><span class=\"O-KfW\">No ano passado, o Abril Pro Rock realizou a sua 30\u00aa edi\u00e7\u00e3o, que aconteceu no Clube Portugu\u00eas do Recife, no m\u00eas de maio. Tamb\u00e9m em 2023, esteve na Torre Malakoff, no centro do Recife, com a exposi\u00e7\u00e3o (9\u00aa edi\u00e7\u00e3o) e o APR Club, em setembro e outubro, respectivamente.<\/span><\/p>\n<\/div>\n<div data-hook=\"rcv-block12\"><\/div>\n<div data-breakout=\"normal\">\n<div id=\"viewer-5cn6w31528\" class=\"mo65v tSsHr _6jDXP _523KJ\"><span class=\"O-KfW\">\u00a0<\/span><\/div>\n<\/div>\n<div data-hook=\"rcv-block13\"><\/div>\n<div data-breakout=\"normal\">\n<p id=\"viewer-o1aoo31529\" class=\"mo65v tSsHr _6jDXP Q-cTE _523KJ\"><strong><span class=\"O-KfW\">Edi\u00e7\u00e3o hist\u00f3rica<\/span><\/strong><\/p>\n<\/div>\n<div data-breakout=\"normal\">\n<p id=\"viewer-nm9uj31533\" class=\"mo65v tSsHr _6jDXP Q-cTE _523KJ\"><span class=\"O-KfW\">Em 2023, o Abril Pro Rock completou tr\u00eas d\u00e9cadas de hist\u00f3ria, tendo ao seu lado um p\u00fablico fiel do metal nacional e do underground. Com uma programa\u00e7\u00e3o para al\u00e9m dos shows, proporcionou lembran\u00e7as, encontros, reencontros, novas amizades e conhecimentos sobre a cena.<\/span><\/p>\n<\/div>\n<div data-hook=\"rcv-block15\"><\/div>\n<div data-breakout=\"normal\">\n<div id=\"viewer-s4cuk31536\" class=\"mo65v tSsHr _6jDXP _523KJ\"><span class=\"O-KfW\">\u00a0<\/span><\/div>\n<\/div>\n<div data-hook=\"rcv-block16\"><\/div>\n<div data-breakout=\"normal\">\n<p id=\"viewer-bynm431537\" class=\"mo65v tSsHr _6jDXP Q-cTE _523KJ\"><span class=\"O-KfW\">Com a proposta de inovar e se renovar a cada edi\u00e7\u00e3o, o APR alia desde os prim\u00f3rdios os conceitos de economia criativa. Do mix de m\u00fasicas \u00e0s artes visuais, design, literatura e audiovisual, o festival \u00e9 uma porta de entrada para tend\u00eancias e consumo no mercado cultural independente de Pernambuco, do Nordeste e do Brasil.<\/span><\/p>\n<\/div>\n<div data-hook=\"rcv-block17\"><\/div>\n<div data-breakout=\"normal\">\n<div id=\"viewer-nggc136575\" class=\"mo65v tSsHr _6jDXP _523KJ\"><span class=\"O-KfW\">\u00a0<\/span><\/div>\n<\/div>\n<div data-hook=\"rcv-block18\"><\/div>\n<div data-breakout=\"normal\">\n<p id=\"viewer-j4blm36675\" class=\"mo65v tSsHr _6jDXP Q-cTE _523KJ\"><span class=\"O-KfW\"><strong>Fonte:<\/strong> Fora de campo<\/span><\/p>\n<\/div>\n<div data-hook=\"rcv-block19\"><\/div>\n<\/div>\n<div data-hook=\"rcv-block-last\"><\/div>\n<\/div>\n<\/div>\n<\/div>\n<\/div>\n<\/div>\n<\/div>\n<\/article>\n<\/div>\n<div class=\"BL3dva\"><\/div>\n","protected":false},"excerpt":{"rendered":"<p>Se o Abril Pro Rock \u00e9 o carnaval do headbanger, Recife \u00e9 a cidade da m\u00fasica underground! O festival traz esse conceito para 2024, abrindo suas atividades no ano com o 31\u00ba APR, que est\u00e1 marcado para os dias 29 e 30 de mar\u00e7o (sexta e s\u00e1bado), em local in\u00e9dito, o Clube Internacional do Recife [&hellip;]<\/p>\n","protected":false},"author":12,"featured_media":20392,"comment_status":"closed","ping_status":"open","sticky":false,"template":"","format":"standard","meta":{"footnotes":""},"categories":[4],"tags":[],"class_list":["post-20391","post","type-post","status-publish","format-standard","has-post-thumbnail","hentry","category-noticias"],"_links":{"self":[{"href":"http:\/\/heavymetalonline.com.br\/index.php?rest_route=\/wp\/v2\/posts\/20391","targetHints":{"allow":["GET"]}}],"collection":[{"href":"http:\/\/heavymetalonline.com.br\/index.php?rest_route=\/wp\/v2\/posts"}],"about":[{"href":"http:\/\/heavymetalonline.com.br\/index.php?rest_route=\/wp\/v2\/types\/post"}],"author":[{"embeddable":true,"href":"http:\/\/heavymetalonline.com.br\/index.php?rest_route=\/wp\/v2\/users\/12"}],"replies":[{"embeddable":true,"href":"http:\/\/heavymetalonline.com.br\/index.php?rest_route=%2Fwp%2Fv2%2Fcomments&post=20391"}],"version-history":[{"count":1,"href":"http:\/\/heavymetalonline.com.br\/index.php?rest_route=\/wp\/v2\/posts\/20391\/revisions"}],"predecessor-version":[{"id":20393,"href":"http:\/\/heavymetalonline.com.br\/index.php?rest_route=\/wp\/v2\/posts\/20391\/revisions\/20393"}],"wp:featuredmedia":[{"embeddable":true,"href":"http:\/\/heavymetalonline.com.br\/index.php?rest_route=\/wp\/v2\/media\/20392"}],"wp:attachment":[{"href":"http:\/\/heavymetalonline.com.br\/index.php?rest_route=%2Fwp%2Fv2%2Fmedia&parent=20391"}],"wp:term":[{"taxonomy":"category","embeddable":true,"href":"http:\/\/heavymetalonline.com.br\/index.php?rest_route=%2Fwp%2Fv2%2Fcategories&post=20391"},{"taxonomy":"post_tag","embeddable":true,"href":"http:\/\/heavymetalonline.com.br\/index.php?rest_route=%2Fwp%2Fv2%2Ftags&post=20391"}],"curies":[{"name":"wp","href":"https:\/\/api.w.org\/{rel}","templated":true}]}}