{"id":20443,"date":"2024-01-28T17:32:09","date_gmt":"2024-01-28T17:32:09","guid":{"rendered":"http:\/\/heavymetalonline.com.br\/?p=20443"},"modified":"2024-01-28T17:32:09","modified_gmt":"2024-01-28T17:32:09","slug":"banda-uns-e-outros-esta-lancando-a-verdade-esta-voltando","status":"publish","type":"post","link":"http:\/\/heavymetalonline.com.br\/?p=20443","title":{"rendered":"Banda Uns e Outros  est\u00e1 lan\u00e7ando &#8220;A Verdade est\u00e1 Voltando&#8221;"},"content":{"rendered":"<p><img loading=\"lazy\" decoding=\"async\" class=\"alignnone size-full wp-image-20444\" src=\"http:\/\/heavymetalonline.com.br\/wp-content\/uploads\/2024\/01\/unnamed-23.jpg\" alt=\"\" width=\"300\" height=\"200\" \/><\/p>\n<div data-breakout=\"normal\">\n<p id=\"viewer-vzgl89368\" class=\"mo65v tSsHr _6jDXP Q-cTE _523KJ\"><span class=\"O-KfW\">\u00c0s v\u00e9speras de completar 38 anos de carreira, a banda de rock<strong> Uns e Outros<\/strong> lan\u00e7a seu novo single, A Verdade Est\u00e1 Voltando (Marcelo Hayena\/Darlan Castro). \u00c9 o terceiro trabalho j\u00e1 com a nova forma\u00e7\u00e3o: Marcelo Hayena (Vocais), Gueu Torres (Baixo), Bruno Baiano (Bateria) e Raul Dias (Guitarras e viol\u00f5es).<\/span><\/p>\n<\/div>\n<div data-hook=\"rcv-block4\"><\/div>\n<div data-breakout=\"normal\">\n<div id=\"viewer-wfhzs363\" class=\"mo65v tSsHr _6jDXP _523KJ\"><span class=\"O-KfW\">\u00a0<\/span><\/div>\n<\/div>\n<div data-hook=\"rcv-block5\"><\/div>\n<div data-breakout=\"normal\">\n<p id=\"viewer-7qow682\" class=\"mo65v tSsHr _6jDXP Q-cTE _523KJ\"><span class=\"O-KfW\">A m\u00fasica com clara influ\u00eancia de Enio Moricone, j\u00e1 diz a que veio nas primeiras notas. Um riff de guitarra poderoso embalado por uma envolvente levada de Baixo e Bateria, entregam o clima perfeito para tudo desaguar num refr\u00e3o matador. Na letra a banda prop\u00f5e uma reflex\u00e3o sobre um tema bem atual: Qual o lugar da verdade em tempos da p\u00f3s-verdade?\u00a0<\/span><\/p>\n<\/div>\n<div data-hook=\"rcv-block6\"><\/div>\n<div data-breakout=\"normal\">\n<div id=\"viewer-zjhms896\" class=\"mo65v tSsHr _6jDXP _523KJ\"><span class=\"O-KfW\">\u00a0<\/span><\/div>\n<\/div>\n<div data-hook=\"rcv-block7\"><\/div>\n<div data-breakout=\"normal\">\n<p id=\"viewer-9aavn84\" class=\"mo65v tSsHr _6jDXP Q-cTE _523KJ\"><span class=\"O-KfW\">O clipe que ser\u00e1 lan\u00e7ado nessa sexta-feira, dia 26 de janeiro, \u00e9 dirigido por Rafael Ramos (Okami Produ\u00e7\u00f5es) &#8211; que tamb\u00e9m havia trabalhado com a banda em outras produ\u00e7\u00f5es &#8211; com edi\u00e7\u00e3o de Paulo Gabriel (Space Horse Films) e conversa intimamente com o bel\u00edssimo design de Fernando Ramos, que assina a capa.<\/span><\/p>\n<\/div>\n<div data-hook=\"rcv-block8\"><\/div>\n<div data-breakout=\"normal\">\n<div id=\"viewer-uti5s729\" class=\"mo65v tSsHr _6jDXP _523KJ\"><span class=\"O-KfW\">\u00a0<\/span><\/div>\n<\/div>\n<div data-hook=\"rcv-block9\"><\/div>\n<div data-breakout=\"normal\">\n<p id=\"viewer-zutj786\" class=\"mo65v tSsHr _6jDXP Q-cTE _523KJ\"><span class=\"O-KfW\">Segundo Marcelo Hayena, &#8220;Com o acelerado desenvolvimento da Intelig\u00eancia Artificial, esse \u00e9 um dilema ao qual devemos nos debru\u00e7ar com muito cuidado&#8230;do contr\u00e1rio, pode ser tarde demais. A verdade n\u00e3o necessariamente poder\u00e1 ter correspond\u00eancia com a realidade e isso \u00e9 mais perigoso do que pensamos&#8221;.<\/span><\/p>\n<\/div>\n<div data-hook=\"rcv-block10\"><\/div>\n<div data-breakout=\"normal\">\n<div id=\"viewer-q87031606\" class=\"mo65v tSsHr _6jDXP _523KJ\"><span class=\"O-KfW\">\u00a0<\/span><\/div>\n<\/div>\n<div data-hook=\"rcv-block11\"><\/div>\n<div data-breakout=\"normal\">\n<p id=\"viewer-2tsju88\" class=\"mo65v tSsHr _6jDXP Q-cTE _523KJ\"><span class=\"O-KfW\">Com produ\u00e7\u00e3o do guitarrista Raul Dias, a Verdade \u00e9 que o Uns e Outros j\u00e1 mostra f\u00f4lego para o ano de 2024 com muito rock.<\/span><\/p>\n<\/div>\n<div data-hook=\"rcv-block12\"><\/div>\n<div data-breakout=\"normal\">\n<div id=\"viewer-nkibb10614\" class=\"mo65v tSsHr _6jDXP _523KJ\"><span class=\"O-KfW\">\u00a0<\/span><\/div>\n<\/div>\n<div data-hook=\"rcv-block13\"><\/div>\n<div data-breakout=\"normal\">\n<p id=\"viewer-zdt5u10840\" class=\"mo65v tSsHr _6jDXP Q-cTE _523KJ\"><span class=\"O-KfW\">O clipe pode ser conferido abaixo:<\/span><\/p>\n<p><iframe loading=\"lazy\" title=\"A Verdade Est\u00e1 Voltando | Uns e Outros\" width=\"640\" height=\"360\" src=\"https:\/\/www.youtube.com\/embed\/K9LDjs86s50?feature=oembed\" frameborder=\"0\" allow=\"accelerometer; autoplay; clipboard-write; encrypted-media; gyroscope; picture-in-picture; web-share\" referrerpolicy=\"strict-origin-when-cross-origin\" allowfullscreen><\/iframe><\/p>\n<div data-breakout=\"normal\">\n<p id=\"viewer-n7zn692\" class=\"mo65v tSsHr _6jDXP Q-cTE _523KJ\"><span class=\"O-KfW\">-&gt; Abaixo os links do single nas plataformas de streaming:<\/span><\/p>\n<\/div>\n<div data-breakout=\"normal\">\n<p id=\"viewer-mxza494\" class=\"mo65v tSsHr _6jDXP Q-cTE _523KJ\"><span class=\"O-KfW\">&#8211; Spotify: <a class=\"JCM97 kSBo4\" href=\"https:\/\/open.spotify.com\/intl-pt\/album\/0RQSOoNafjBf2LDXOaiYPP?si=c6cHNtMjQfK7IdFC0ygucA\" target=\"_blank\" rel=\"noopener noreferrer\">https:\/\/open.spotify.com\/intl-pt\/album\/0RQSOoNafjBf2LDXOaiYPP?si=c6cHNtMjQfK7IdFC0ygucA<\/a><\/span><\/p>\n<\/div>\n<div data-breakout=\"normal\">\n<p id=\"viewer-35utw97\" class=\"mo65v tSsHr _6jDXP Q-cTE _523KJ\"><span class=\"O-KfW\">&#8211; Deezer: <a class=\"JCM97 kSBo4\" href=\"https:\/\/deezer.page.link\/itqsQee4wTEurrpm9\" target=\"_blank\" rel=\"noopener noreferrer\">https:\/\/deezer.page.link\/itqsQee4wTEurrpm9<\/a><\/span><\/p>\n<\/div>\n<div data-breakout=\"normal\"><\/div>\n<div data-breakout=\"normal\">\n<p id=\"viewer-4oqec100\" class=\"mo65v tSsHr _6jDXP Q-cTE _523KJ\"><span class=\"O-KfW\">&#8211; Apple Music: <a class=\"JCM97 kSBo4\" href=\"https:\/\/music.apple.com\/br\/album\/a-verdade-est%C3%A1-voltando-single\/1722520761\" target=\"_blank\" rel=\"noopener noreferrer\">https:\/\/music.apple.com\/br\/album\/a-verdade-est%C3%A1-voltando-single\/1722520761<\/a><\/span><\/p>\n<\/div>\n<div data-hook=\"rcv-block22\"><\/div>\n<div data-breakout=\"normal\">\n<p id=\"viewer-13d7d103\" class=\"mo65v tSsHr _6jDXP _523KJ\"><span class=\"O-KfW\">\u00a0<\/span><\/p>\n<\/div>\n<div data-hook=\"rcv-block23\"><\/div>\n<div data-breakout=\"normal\">\n<p id=\"viewer-ww87v105\" class=\"mo65v tSsHr _6jDXP Q-cTE _523KJ\"><strong><span class=\"O-KfW\">BIOGRAFIA<\/span><\/strong><\/p>\n<\/div>\n<div data-breakout=\"normal\">\n<p id=\"viewer-zv12w107\" class=\"mo65v tSsHr _6jDXP Q-cTE _523KJ\"><span class=\"O-KfW\">Uns e Outros, banda de rock formada em 1983 no Rio de Janeiro, ficou nacionalmente conhecida pelos singles &#8220;Carta aos Mission\u00e1rios&#8221; e &#8220;Dias Vermelhos&#8221;, ambos de 1989, do seu segundo \u00e1lbum (relan\u00e7ado em 2009, pela SONY\/BMG).<\/span><\/p>\n<\/div>\n<div data-hook=\"rcv-block25\"><\/div>\n<div data-breakout=\"normal\">\n<div id=\"viewer-zjs7h3646\" class=\"mo65v tSsHr _6jDXP _523KJ\"><span class=\"O-KfW\">\u00a0<\/span><\/div>\n<\/div>\n<div data-hook=\"rcv-block26\"><\/div>\n<div data-breakout=\"normal\">\n<p id=\"viewer-a6hiq109\" class=\"mo65v tSsHr _6jDXP Q-cTE _523KJ\"><span class=\"O-KfW\">Depois de um tempo longe do mainstream, a banda carioca passou por mudan\u00e7as, e lan\u00e7ou o disco Can\u00e7\u00f5es de Amor e Morte, em 2007, que obteve destaque de cr\u00edtica, principalmente pelos singles &#8220;Um Dia De Cada Vez&#8221; e &#8220;Depois do Temporal&#8221;. O \u00e1lbum possui uma regrava\u00e7\u00e3o de &#8220;Dia Branco&#8221;, cl\u00e1ssico da m\u00fasica brasileira, de Geraldo Azevedo.<\/span><\/p>\n<\/div>\n<div data-hook=\"rcv-block27\"><\/div>\n<div data-breakout=\"normal\">\n<div id=\"viewer-kpk4i3844\" class=\"mo65v tSsHr _6jDXP _523KJ\"><span class=\"O-KfW\">\u00a0<\/span><\/div>\n<\/div>\n<div data-hook=\"rcv-block28\"><\/div>\n<div data-breakout=\"normal\">\n<p id=\"viewer-tqnng111\" class=\"mo65v tSsHr _6jDXP Q-cTE _523KJ\"><span class=\"O-KfW\">Em 2015, lan\u00e7aram seu primeiro CD ao vivo, &#8220;25 Anos Ao Vivo&#8221;, gravado no Rio de Janeiro, em novembro de 2010; com os hit&#8217;s\u00a0 &#8220;Carta aos Mission\u00e1rios&#8221;, &#8220;Dias vermelhos&#8221;, al\u00e9m de releituras e a in\u00e9dita &#8220;Pra Esquecer de Voc\u00ea&#8221;.<\/span><\/p>\n<\/div>\n<div data-hook=\"rcv-block29\"><\/div>\n<div data-breakout=\"normal\">\n<div id=\"viewer-gk4nq4048\" class=\"mo65v tSsHr _6jDXP _523KJ\"><span class=\"O-KfW\">\u00a0<\/span><\/div>\n<\/div>\n<div data-hook=\"rcv-block30\"><\/div>\n<div data-breakout=\"normal\">\n<p id=\"viewer-n0sp0113\" class=\"mo65v tSsHr _6jDXP Q-cTE _523KJ\"><span class=\"O-KfW\">Devido \u00e0s belas melodias e letras inteligentes de suas can\u00e7\u00f5es, a banda passou a ser refer\u00eancia de sucesso e qualidade no cen\u00e1rio nacional. Os discos &#8220;N\u00f3s Normais&#8221;, &#8220;Uns e Outros&#8221;, &#8220;A Terceira Onda&#8221; e &#8220;T\u00e3o Longe do Fim&#8221; marcaram fundo toda uma gera\u00e7\u00e3o de garotos.<\/span><\/p>\n<\/div>\n<div data-hook=\"rcv-block31\"><\/div>\n<div data-breakout=\"normal\">\n<div id=\"viewer-t9wth4258\" class=\"mo65v tSsHr _6jDXP _523KJ\"><span class=\"O-KfW\">\u00a0<\/span><\/div>\n<\/div>\n<div data-hook=\"rcv-block32\"><\/div>\n<div data-breakout=\"normal\">\n<p id=\"viewer-8k2hb115\" class=\"mo65v tSsHr _6jDXP Q-cTE _523KJ\"><span class=\"O-KfW\">Al\u00e9m de seus discos de carreira, o Uns e Outros participou ao lado de grandes artistas como Toni Plat\u00e3o, Leoni, Frejat, Branco Mello, Capital Inicial, Skank, Biqu\u00edni Cavad\u00e3o, Los Hermanos, Pato Fu, Z\u00e9lia Duncan, de grandes projetos musicais como: &#8220;Eles Cantam Rita Lee&#8221;, &#8220;Superfant\u00e1stico&#8221; e &#8220;Rockin` Days&#8221; .<\/span><\/p>\n<\/div>\n<div data-hook=\"rcv-block33\"><\/div>\n<div data-breakout=\"normal\">\n<div id=\"viewer-ih1si4474\" class=\"mo65v tSsHr _6jDXP _523KJ\"><span class=\"O-KfW\">\u00a0<\/span><\/div>\n<\/div>\n<div data-hook=\"rcv-block34\"><\/div>\n<div data-breakout=\"normal\">\n<p id=\"viewer-pda39117\" class=\"mo65v tSsHr _6jDXP Q-cTE _523KJ\"><span class=\"O-KfW\">Tamb\u00e9m se destacou em diversas participa\u00e7\u00f5es em importantes festivais e shows, como &#8220;Mix 80&#8221; e &#8220;Rock In Rio III&#8221; (participa\u00e7\u00e3o com a banda &#8220;Biqu\u00edni Cavad\u00e3o&#8221;).<\/span><\/p>\n<\/div>\n<div data-hook=\"rcv-block35\"><\/div>\n<div data-breakout=\"normal\">\n<div id=\"viewer-o1hnr4696\" class=\"mo65v tSsHr _6jDXP _523KJ\"><span class=\"O-KfW\">\u00a0<\/span><\/div>\n<\/div>\n<div data-hook=\"rcv-block36\"><\/div>\n<div data-breakout=\"normal\">\n<p id=\"viewer-9i5pe119\" class=\"mo65v tSsHr _6jDXP Q-cTE _523KJ\"><span class=\"O-KfW\">Em Julho, 2022, tamb\u00e9m em parceria com Darlan Castro, al\u00e9m de Bruno Gouveia (Biquini), a banda lan\u00e7ou o single in\u00e9dito, &#8220;A Balada da Reden\u00e7\u00e3o&#8221;e em novembro, 2023, foi lan\u00e7ado seu \u00faltimo single in\u00e9dito, \u00d6 Idiota&#8221;.<\/span><\/p>\n<\/div>\n<div data-hook=\"rcv-block37\"><\/div>\n<div data-breakout=\"normal\">\n<div id=\"viewer-919tf4924\" class=\"mo65v tSsHr _6jDXP _523KJ\"><span class=\"O-KfW\">\u00a0<\/span><\/div>\n<\/div>\n<div data-hook=\"rcv-block38\"><\/div>\n<div data-breakout=\"normal\">\n<p id=\"viewer-s3if25089\" class=\"mo65v tSsHr _6jDXP Q-cTE _523KJ\"><span class=\"O-KfW\"><strong>Por:<\/strong> Ana Paula Romeiro<\/span><\/p>\n<\/div>\n<\/div>\n","protected":false},"excerpt":{"rendered":"<p>\u00c0s v\u00e9speras de completar 38 anos de carreira, a banda de rock Uns e Outros lan\u00e7a seu novo single, A Verdade Est\u00e1 Voltando (Marcelo Hayena\/Darlan Castro). \u00c9 o terceiro trabalho j\u00e1 com a nova forma\u00e7\u00e3o: Marcelo Hayena (Vocais), Gueu Torres (Baixo), Bruno Baiano (Bateria) e Raul Dias (Guitarras e viol\u00f5es). \u00a0 A m\u00fasica com clara [&hellip;]<\/p>\n","protected":false},"author":12,"featured_media":20444,"comment_status":"closed","ping_status":"open","sticky":false,"template":"","format":"standard","meta":{"footnotes":""},"categories":[4],"tags":[],"class_list":["post-20443","post","type-post","status-publish","format-standard","has-post-thumbnail","hentry","category-noticias"],"_links":{"self":[{"href":"http:\/\/heavymetalonline.com.br\/index.php?rest_route=\/wp\/v2\/posts\/20443","targetHints":{"allow":["GET"]}}],"collection":[{"href":"http:\/\/heavymetalonline.com.br\/index.php?rest_route=\/wp\/v2\/posts"}],"about":[{"href":"http:\/\/heavymetalonline.com.br\/index.php?rest_route=\/wp\/v2\/types\/post"}],"author":[{"embeddable":true,"href":"http:\/\/heavymetalonline.com.br\/index.php?rest_route=\/wp\/v2\/users\/12"}],"replies":[{"embeddable":true,"href":"http:\/\/heavymetalonline.com.br\/index.php?rest_route=%2Fwp%2Fv2%2Fcomments&post=20443"}],"version-history":[{"count":1,"href":"http:\/\/heavymetalonline.com.br\/index.php?rest_route=\/wp\/v2\/posts\/20443\/revisions"}],"predecessor-version":[{"id":20445,"href":"http:\/\/heavymetalonline.com.br\/index.php?rest_route=\/wp\/v2\/posts\/20443\/revisions\/20445"}],"wp:featuredmedia":[{"embeddable":true,"href":"http:\/\/heavymetalonline.com.br\/index.php?rest_route=\/wp\/v2\/media\/20444"}],"wp:attachment":[{"href":"http:\/\/heavymetalonline.com.br\/index.php?rest_route=%2Fwp%2Fv2%2Fmedia&parent=20443"}],"wp:term":[{"taxonomy":"category","embeddable":true,"href":"http:\/\/heavymetalonline.com.br\/index.php?rest_route=%2Fwp%2Fv2%2Fcategories&post=20443"},{"taxonomy":"post_tag","embeddable":true,"href":"http:\/\/heavymetalonline.com.br\/index.php?rest_route=%2Fwp%2Fv2%2Ftags&post=20443"}],"curies":[{"name":"wp","href":"https:\/\/api.w.org\/{rel}","templated":true}]}}