{"id":20458,"date":"2024-01-29T14:53:21","date_gmt":"2024-01-29T14:53:21","guid":{"rendered":"http:\/\/heavymetalonline.com.br\/?p=20458"},"modified":"2024-01-29T14:53:21","modified_gmt":"2024-01-29T14:53:21","slug":"zumbis-do-espaco-e-tempo-de-horror-punk-no-la-iglesia","status":"publish","type":"post","link":"http:\/\/heavymetalonline.com.br\/?p=20458","title":{"rendered":"Zumbis do Espa\u00e7o: \u00e9 tempo de horror punk no La Iglesia"},"content":{"rendered":"<p><img loading=\"lazy\" decoding=\"async\" class=\"alignnone size-full wp-image-20460\" src=\"http:\/\/heavymetalonline.com.br\/wp-content\/uploads\/2024\/01\/zumbis-02.jpg\" alt=\"\" width=\"1920\" height=\"1080\" srcset=\"http:\/\/heavymetalonline.com.br\/wp-content\/uploads\/2024\/01\/zumbis-02.jpg 1920w, http:\/\/heavymetalonline.com.br\/wp-content\/uploads\/2024\/01\/zumbis-02-300x169.jpg 300w, http:\/\/heavymetalonline.com.br\/wp-content\/uploads\/2024\/01\/zumbis-02-768x432.jpg 768w, http:\/\/heavymetalonline.com.br\/wp-content\/uploads\/2024\/01\/zumbis-02-1024x576.jpg 1024w\" sizes=\"auto, (max-width: 1920px) 100vw, 1920px\" \/><\/p>\n<div data-breakout=\"normal\">\n<pre id=\"viewer-t1ju981730\" class=\"loT1Y kFkZ8 _6jDXP Q-cTE\"><span class=\"\">Foto Cr\u00e9dito: Yara Haag<\/span><\/pre>\n<p style=\"text-align: center;\"><em>Grupo apresentar\u00e1 a sua fus\u00e3o \u00fanica de metal, punk, country e rockabilly no dia 3 de fevereiro (s\u00e1bado)<\/em><\/p>\n<p id=\"viewer-fcu1c83643\" class=\"mo65v tSsHr _6jDXP Q-cTE _523KJ\"><span class=\"O-KfW\">Os amantes do punk rock e do horror punk t\u00eam um compromisso marcado para o dia 3 de fevereiro (s\u00e1bado), quando o Zumbis do Espa\u00e7o retornar\u00e1 ao palco do La Iglesia (SP) para apresentar a sua fus\u00e3o \u00fanica de metal, punk, country e rockabilly. Com letras que exploram o universo das hist\u00f3rias de terror e fic\u00e7\u00e3o, a banda conquistou uma base de f\u00e3s dedicados ao longo dos anos. Idealizada por Tor Tauil, Zumbilly e Gargoyle, entusiastas de filmes, quadrinhos e livros de terror e fic\u00e7\u00e3o cient\u00edfica, ela surgiu em 1996 na cidade de Taubat\u00e9 (SP).<\/span><\/p>\n<\/div>\n<div data-hook=\"rcv-block6\"><\/div>\n<div data-breakout=\"normal\">\n<div id=\"viewer-e9mu474125\" class=\"mo65v tSsHr _6jDXP _523KJ\"><span class=\"O-KfW\">\u00a0<\/span><\/div>\n<\/div>\n<div data-hook=\"rcv-block7\"><\/div>\n<div data-breakout=\"normal\">\n<p id=\"viewer-dn1m874126\" class=\"mo65v tSsHr _6jDXP Q-cTE _523KJ\"><span class=\"O-KfW\">Ao consolidar seu estilo \u00fanico, lan\u00e7ou uma s\u00e9rie de \u00e1lbuns marcantes, como &#8220;Invas\u00e3o&#8221; (1997), &#8220;Abomin\u00e1vel Mundo Monstro&#8221; (2000), &#8220;Aberra\u00e7\u00f5es que Somos&#8221; (2002), &#8220;Aqui Come\u00e7a o Inferno&#8221; (2005) e &#8220;N\u00f3s Viemos em Paz&#8221; (2012), &#8220;Monstros Dominantes&#8221; (2019), al\u00e9m de colet\u00e2neas e discos ao vivo, como &#8220;3 D\u00e9cadas Ao Vivo&#8221; (2023).<\/span><\/p>\n<\/div>\n<div data-hook=\"rcv-block8\"><\/div>\n<div data-breakout=\"normal\">\n<div id=\"viewer-erwbv74129\" class=\"mo65v tSsHr _6jDXP _523KJ\"><span class=\"O-KfW\">\u00a0<\/span><\/div>\n<\/div>\n<div data-hook=\"rcv-block9\"><\/div>\n<div data-breakout=\"normal\">\n<p id=\"viewer-9np1x74130\" class=\"mo65v tSsHr _6jDXP Q-cTE _523KJ\"><span class=\"O-KfW\">Apesar de enfrentar desafios ao longo do caminho, como mudan\u00e7as na forma\u00e7\u00e3o e trag\u00e9dias pessoais, o Zumbis do Espa\u00e7o continuou a inovar e a cativar seus f\u00e3s com sua m\u00fasica en\u00e9rgica e suas apresenta\u00e7\u00f5es intensas. Neste show, Tor Tauil (vocal), Rafael Romanelli (guitarra e backing vocals), Val Santos (baixo) e Guilherme Martin (bateria), apresentar\u00e3o sons que marcaram a trajet\u00f3ria da banda, como &#8220;Onde os Fracos N\u00e3o Tem Vez&#8221;, &#8220;O Chamado da Estrada&#8221;, &#8220;Eu Era Um Zumbi Adolescente&#8221; e muitos outros, incluindo o novo single, &#8220;Aos Vivos Fica a Maldi\u00e7\u00e3o&#8221;, que antecipa o novo \u00e1lbum, &#8220;A F\u00faria Selvagem&#8221;, que sair\u00e1 em breve.<\/span><\/p>\n<p><img loading=\"lazy\" decoding=\"async\" class=\"alignnone size-full wp-image-20459\" src=\"http:\/\/heavymetalonline.com.br\/wp-content\/uploads\/2024\/01\/Zumbis.jpg\" alt=\"\" width=\"880\" height=\"1100\" srcset=\"http:\/\/heavymetalonline.com.br\/wp-content\/uploads\/2024\/01\/Zumbis.jpg 880w, http:\/\/heavymetalonline.com.br\/wp-content\/uploads\/2024\/01\/Zumbis-240x300.jpg 240w, http:\/\/heavymetalonline.com.br\/wp-content\/uploads\/2024\/01\/Zumbis-768x960.jpg 768w, http:\/\/heavymetalonline.com.br\/wp-content\/uploads\/2024\/01\/Zumbis-819x1024.jpg 819w\" sizes=\"auto, (max-width: 880px) 100vw, 880px\" \/><\/p>\n<div data-breakout=\"normal\">\n<p id=\"viewer-dq6s374134\" class=\"mo65v tSsHr _6jDXP Q-cTE _523KJ\"><strong><span class=\"O-KfW\">Servi\u00e7o \u2013 Zumbis do Espa\u00e7o:<\/span><\/strong><\/p>\n<\/div>\n<div data-breakout=\"normal\">\n<p id=\"viewer-jfdff74137\" class=\"mo65v tSsHr _6jDXP Q-cTE _523KJ\"><span class=\"O-KfW\">Data: S\u00e1bado, 3 de fevereiro<\/span><\/p>\n<\/div>\n<div data-breakout=\"normal\">\n<p id=\"viewer-hc8yk74140\" class=\"mo65v tSsHr _6jDXP Q-cTE _523KJ\"><span class=\"O-KfW\">Hor\u00e1rio: Abertura 20h | In\u00edcio 21h<\/span><\/p>\n<\/div>\n<div data-breakout=\"normal\">\n<p id=\"viewer-21jy374143\" class=\"mo65v tSsHr _6jDXP Q-cTE _523KJ\"><span class=\"O-KfW\">Local: La Iglesia<\/span><\/p>\n<\/div>\n<div data-breakout=\"normal\">\n<p id=\"viewer-zx5na74146\" class=\"mo65v tSsHr _6jDXP Q-cTE _523KJ\"><span class=\"O-KfW\">Endere\u00e7o: Rua Jo\u00e3o Moura, 515 &#8211; Galp\u00e3o 6, Pinheiros \u2013 S\u00e3o Paulo\/SP<\/span><\/p>\n<\/div>\n<div data-breakout=\"normal\">\n<p id=\"viewer-e5wv374149\" class=\"mo65v tSsHr _6jDXP Q-cTE _523KJ\"><span class=\"O-KfW\">Classifica\u00e7\u00e3o et\u00e1ria: +18<\/span><\/p>\n<\/div>\n<div data-breakout=\"normal\">\n<p id=\"viewer-iiaz674152\" class=\"mo65v tSsHr _6jDXP Q-cTE _523KJ\"><span class=\"O-KfW\">Ingressos: <a class=\"JCM97 kSBo4\" href=\"https:\/\/www.clubedoingresso.com\/evento\/zumbisdoespaco-laiglesiaborratxeria\" target=\"_blank\" rel=\"noopener noreferrer\">https:\/\/www.clubedoingresso.com\/evento\/zumbisdoespaco-laiglesiaborratxeria<\/a><\/span><\/p>\n<\/div>\n<div data-hook=\"rcv-block20\"><\/div>\n<div data-breakout=\"normal\">\n<div id=\"viewer-bl6mh79490\" class=\"mo65v tSsHr _6jDXP _523KJ\"><span class=\"O-KfW\">\u00a0<\/span><\/div>\n<\/div>\n<div data-hook=\"rcv-block21\"><\/div>\n<div data-breakout=\"normal\">\n<p id=\"viewer-uulgd74157\" class=\"mo65v tSsHr _6jDXP Q-cTE _523KJ\"><strong><span class=\"O-KfW\">Instagram:<\/span><\/strong><\/p>\n<\/div>\n<div data-breakout=\"normal\">\n<p id=\"viewer-zfimu74160\" class=\"mo65v tSsHr _6jDXP Q-cTE _523KJ\"><span class=\"O-KfW\"><a class=\"JCM97 kSBo4\" href=\"https:\/\/www.instagram.com\/iglesia_borratxeria\" target=\"_blank\" rel=\"noopener noreferrer\">https:\/\/www.instagram.com\/iglesia_borratxeria<\/a><\/span><\/p>\n<\/div>\n<div data-breakout=\"normal\">\n<p id=\"viewer-uhwwo74163\" class=\"mo65v tSsHr _6jDXP Q-cTE _523KJ\"><span class=\"O-KfW\"><a class=\"JCM97 kSBo4\" href=\"https:\/\/www.instagram.com\/zumbisdoespaco\" target=\"_blank\" rel=\"noopener noreferrer\">https:\/\/www.instagram.com\/zumbisdoespaco<\/a><\/span><\/p>\n<\/div>\n<div data-hook=\"rcv-block24\"><\/div>\n<div data-breakout=\"normal\">\n<div id=\"viewer-ligar80331\" class=\"mo65v tSsHr _6jDXP _523KJ\"><span class=\"O-KfW\">\u00a0<\/span><\/div>\n<\/div>\n<div data-hook=\"rcv-block25\"><\/div>\n<div data-breakout=\"normal\">\n<p id=\"viewer-h6vds74165\" class=\"mo65v tSsHr _6jDXP Q-cTE _523KJ\"><span class=\"O-KfW\"><strong>Fonte:<\/strong> ASE Music Press<\/span><\/p>\n<\/div>\n<div data-hook=\"rcv-block26\"><\/div>\n<div data-breakout=\"normal\"><\/div>\n<\/div>\n","protected":false},"excerpt":{"rendered":"<p>Foto Cr\u00e9dito: Yara Haag Grupo apresentar\u00e1 a sua fus\u00e3o \u00fanica de metal, punk, country e rockabilly no dia 3 de fevereiro (s\u00e1bado) Os amantes do punk rock e do horror punk t\u00eam um compromisso marcado para o dia 3 de fevereiro (s\u00e1bado), quando o Zumbis do Espa\u00e7o retornar\u00e1 ao palco do La Iglesia (SP) para [&hellip;]<\/p>\n","protected":false},"author":12,"featured_media":20460,"comment_status":"closed","ping_status":"open","sticky":false,"template":"","format":"standard","meta":{"footnotes":""},"categories":[4],"tags":[],"class_list":["post-20458","post","type-post","status-publish","format-standard","has-post-thumbnail","hentry","category-noticias"],"_links":{"self":[{"href":"http:\/\/heavymetalonline.com.br\/index.php?rest_route=\/wp\/v2\/posts\/20458","targetHints":{"allow":["GET"]}}],"collection":[{"href":"http:\/\/heavymetalonline.com.br\/index.php?rest_route=\/wp\/v2\/posts"}],"about":[{"href":"http:\/\/heavymetalonline.com.br\/index.php?rest_route=\/wp\/v2\/types\/post"}],"author":[{"embeddable":true,"href":"http:\/\/heavymetalonline.com.br\/index.php?rest_route=\/wp\/v2\/users\/12"}],"replies":[{"embeddable":true,"href":"http:\/\/heavymetalonline.com.br\/index.php?rest_route=%2Fwp%2Fv2%2Fcomments&post=20458"}],"version-history":[{"count":1,"href":"http:\/\/heavymetalonline.com.br\/index.php?rest_route=\/wp\/v2\/posts\/20458\/revisions"}],"predecessor-version":[{"id":20461,"href":"http:\/\/heavymetalonline.com.br\/index.php?rest_route=\/wp\/v2\/posts\/20458\/revisions\/20461"}],"wp:featuredmedia":[{"embeddable":true,"href":"http:\/\/heavymetalonline.com.br\/index.php?rest_route=\/wp\/v2\/media\/20460"}],"wp:attachment":[{"href":"http:\/\/heavymetalonline.com.br\/index.php?rest_route=%2Fwp%2Fv2%2Fmedia&parent=20458"}],"wp:term":[{"taxonomy":"category","embeddable":true,"href":"http:\/\/heavymetalonline.com.br\/index.php?rest_route=%2Fwp%2Fv2%2Fcategories&post=20458"},{"taxonomy":"post_tag","embeddable":true,"href":"http:\/\/heavymetalonline.com.br\/index.php?rest_route=%2Fwp%2Fv2%2Ftags&post=20458"}],"curies":[{"name":"wp","href":"https:\/\/api.w.org\/{rel}","templated":true}]}}