{"id":20735,"date":"2024-02-18T16:51:39","date_gmt":"2024-02-18T16:51:39","guid":{"rendered":"http:\/\/heavymetalonline.com.br\/?p=20735"},"modified":"2024-02-18T16:51:39","modified_gmt":"2024-02-18T16:51:39","slug":"fresno-esteban-tavares-ananda-e-the-seer-entram-no-line-up-da-blast-party-com-the-calling-sleeper-signal-e-plutao-ja-foi-planeta-em-guarulhos-sp","status":"publish","type":"post","link":"http:\/\/heavymetalonline.com.br\/?p=20735","title":{"rendered":"Fresno, Esteban Tavares, Ananda e The Seer entram no line-up da \u201cBlast Party\u201d com The Calling, Sleeper Signal e Plut\u00e3o J\u00e1 foi Planeta em Guarulhos (SP)"},"content":{"rendered":"<p><img loading=\"lazy\" decoding=\"async\" class=\"alignnone size-full wp-image-20737\" src=\"http:\/\/heavymetalonline.com.br\/wp-content\/uploads\/2024\/02\/Blast-Party.png\" alt=\"\" width=\"916\" height=\"526\" srcset=\"http:\/\/heavymetalonline.com.br\/wp-content\/uploads\/2024\/02\/Blast-Party.png 916w, http:\/\/heavymetalonline.com.br\/wp-content\/uploads\/2024\/02\/Blast-Party-300x172.png 300w, http:\/\/heavymetalonline.com.br\/wp-content\/uploads\/2024\/02\/Blast-Party-768x441.png 768w\" sizes=\"auto, (max-width: 916px) 100vw, 916px\" \/><\/p>\n<p style=\"text-align: center;\"><em>Festival celebra 15 anos da Blast Stage Records, proporcionando momentos \u00fanicos, como Fresno e Esteban Tavares <\/em><\/p>\n<p style=\"text-align: center;\"><em>presentes no mesmo evento ap\u00f3s anos<\/em><\/p>\n<div data-breakout=\"normal\">\n<p id=\"viewer-x37ta67618\" class=\"qLu9J fi-3d xFXGd _6-rbz nL1m6\"><span class=\"tLgi0\">\u00c9 com grande entusiasmo que anunciamos o line-up final para a <strong>\u201cBlast Party\u201d<\/strong>, festival em comemora\u00e7\u00e3o aos 15 anos da gravadora Blast Stage Records. Este evento promete ser uma explos\u00e3o de hits, reunindo algumas das bandas mais ic\u00f4nicas e promissoras do cen\u00e1rio musical brasiileiro e mundial. As bandas confirmadas s\u00e3o The Calling, Plut\u00e3o J\u00e1 Foi Planeta, Sleeper Signal, Fresno, Esteban Tavares, Ananda e The Seer. Os ingressos para a \u201cBlast Party\u201d, que acontecer\u00e1 no dia 27 de abril no Espa\u00e7o Inter, uma das maiores casas de Guarulhos (SP), custam entre R$ 85 e R$ 110 e j\u00e1 est\u00e3o dispon\u00edveis no site da Q2 Ingressos em <a class=\"z-E-z _1i-uR\" href=\"https:\/\/quero2ingressos.com.br\/events\/the-calling-inter-garulhos\" target=\"_blank\" rel=\"noopener noreferrer\">https:\/\/quero2ingressos.com.br\/events\/the-calling-inter-garulhos.<\/a><\/span><\/p>\n<\/div>\n<div data-hook=\"rcv-block5\"><\/div>\n<div data-breakout=\"normal\">\n<div id=\"viewer-h6pn371\" class=\"qLu9J fi-3d xFXGd nL1m6\"><span class=\"tLgi0\">\u00a0<\/span><\/div>\n<\/div>\n<div data-hook=\"rcv-block6\"><\/div>\n<div data-breakout=\"normal\">\n<p id=\"viewer-jt9pf72\" class=\"qLu9J fi-3d xFXGd _6-rbz nL1m6\"><span class=\"tLgi0\">Em parceria com o Instituto Campe\u00e3o Brasileiro, a <strong>\u201cBlast Party\u201d<\/strong> ir\u00e1 receber doa\u00e7\u00f5es de alimentos n\u00e3o perec\u00edveis no dia do evento e no hor\u00e1rio comercial diretamente no instituto. Fundado em 12 de dezembro de 1986, o Instituto Brasileiro Campe\u00e3o dedica-se a apoiar organiza\u00e7\u00f5es sem fins lucrativos em todo o Brasil. Com foco no desenvolvimento dos direitos humanos, tornou-se uma refer\u00eancia na \u00e1rea, impactando comunidades e melhorando a qualidade de vida de milhares de pessoas. Atualmente, auxilia mais de 600 organiza\u00e7\u00f5es em diversas \u00e1reas, como educa\u00e7\u00e3o, sa\u00fade, cultura, esporte, meio ambiente e assist\u00eancia social. O Instituto Campe\u00e3o fornece suporte e recursos para fortalecer essas entidades, ajudando-as a alcan\u00e7ar seus objetivos.<\/span><\/p>\n<\/div>\n<div data-hook=\"rcv-block7\"><\/div>\n<div data-breakout=\"normal\">\n<div id=\"viewer-5le8075\" class=\"qLu9J fi-3d xFXGd nL1m6\"><span class=\"tLgi0\">\u00a0<\/span><\/div>\n<\/div>\n<div data-hook=\"rcv-block8\"><\/div>\n<div data-breakout=\"normal\">\n<p id=\"viewer-m29pd76\" class=\"qLu9J fi-3d xFXGd _6-rbz nL1m6\"><strong><span class=\"tLgi0\">Servi\u00e7o:<\/span><\/strong><\/p>\n<\/div>\n<div data-breakout=\"normal\">\n<p id=\"viewer-t24o480\" class=\"qLu9J fi-3d xFXGd _6-rbz nL1m6\"><span class=\"tLgi0\">Blast Party \u2013 15 anos da Blast Stage Records com The Calling, Plut\u00e3o J\u00e1 Foi Planeta e Sleeper Signal.<\/span><\/p>\n<\/div>\n<div data-hook=\"rcv-block10\"><span class=\"tLgi0\">Local: Espa\u00e7o Inter<\/span><\/div>\n<div data-breakout=\"normal\"><\/div>\n<div data-hook=\"rcv-block11\">Aber<span class=\"tLgi0\">ura dos Port\u00f5es: 17h<\/span><\/div>\n<div data-breakout=\"normal\"><\/div>\n<div data-breakout=\"normal\">\n<p id=\"viewer-pyc2g89\" class=\"qLu9J fi-3d xFXGd _6-rbz nL1m6\"><span class=\"tLgi0\">Quando: 27\/04\/2024<\/span><\/p>\n<\/div>\n<div data-breakout=\"normal\">\n<p id=\"viewer-iygvr92\" class=\"qLu9J fi-3d xFXGd _6-rbz nL1m6\"><span class=\"tLgi0\">Endere\u00e7o: Avenida Jo\u00e3o Cavalari, 83 \u2013 Vila Herm\u00ednia \u2013 Guarulhos (SP)<\/span><\/p>\n<\/div>\n<div data-breakout=\"normal\">\n<p id=\"viewer-0ebiy95\" class=\"qLu9J fi-3d xFXGd _6-rbz nL1m6\"><span class=\"tLgi0\">Ingressos: <a class=\"z-E-z _1i-uR\" href=\"https:\/\/quero2ingressos.com.br\/events\/the-calling-inter-garulhos\" target=\"_blank\" rel=\"noopener noreferrer\">https:\/\/quero2ingressos.com.br\/events\/the-calling-inter-garulhos<\/a><\/span><\/p>\n<p><img loading=\"lazy\" decoding=\"async\" class=\"alignnone size-full wp-image-20736\" src=\"http:\/\/heavymetalonline.com.br\/wp-content\/uploads\/2024\/02\/3LINEUP-BLAST-FD-1.jpg\" alt=\"\" width=\"1080\" height=\"1350\" srcset=\"http:\/\/heavymetalonline.com.br\/wp-content\/uploads\/2024\/02\/3LINEUP-BLAST-FD-1.jpg 1080w, http:\/\/heavymetalonline.com.br\/wp-content\/uploads\/2024\/02\/3LINEUP-BLAST-FD-1-240x300.jpg 240w, http:\/\/heavymetalonline.com.br\/wp-content\/uploads\/2024\/02\/3LINEUP-BLAST-FD-1-768x960.jpg 768w, http:\/\/heavymetalonline.com.br\/wp-content\/uploads\/2024\/02\/3LINEUP-BLAST-FD-1-819x1024.jpg 819w\" sizes=\"auto, (max-width: 1080px) 100vw, 1080px\" \/><\/p>\n<div class=\"nLG8d5\" data-hook=\"post-description\">\n<article class=\"blog-post-page-font\">\n<div class=\"post-content__body stSKMK\">\n<div class=\"moHCnT\">\n<div class=\"moHCnT\">\n<div class=\"fTEXDR A2sIZ4 QEEfz0\" data-rce-version=\"9.17.4\">\n<div class=\"TXaFU\" dir=\"ltr\" data-id=\"content-viewer\">\n<div class=\"CSs0t\" data-query=\"container\">\n<div class=\"-shVC\">\n<div data-breakout=\"normal\">\n<p id=\"viewer-vsfpz100\" class=\"qLu9J fi-3d xFXGd _6-rbz nL1m6\"><strong><span class=\"tLgi0\">Sobre os artistas confirmados na Blast Party:<\/span><\/strong><\/p>\n<\/div>\n<div data-breakout=\"normal\">\n<p id=\"viewer-zsqyc104\" class=\"qLu9J fi-3d xFXGd _6-rbz nL1m6\"><strong><span class=\"tLgi0\">The Calling<\/span><\/strong><\/p>\n<\/div>\n<div data-breakout=\"normal\">\n<p id=\"viewer-l4tmk108\" class=\"qLu9J fi-3d xFXGd _6-rbz nL1m6\"><span class=\"tLgi0\">O The Calling trar\u00e1 em seu repert\u00f3rio os sucessos que marcaram a gera\u00e7\u00e3o dos anos 2000 com in\u00fameras reprodu\u00e7\u00f5es de seus hits nas r\u00e1dios do mundo e clipes que dominavam a programa\u00e7\u00e3o da saudosa MTV Brasil. Liderada por Alex Band, a banda que j\u00e1 vendeu mais de 20 milh\u00f5es de discos em todo o mundo, alcan\u00e7ou o estrelato com os mega hits \u201cWherever You Will Go\u201d, \u201cAdrienne\u201d, \u201cThings Don\u2019t Always Turn Out That Way\u201d, entre outros.<\/span><\/p>\n<\/div>\n<div data-hook=\"rcv-block21\"><\/div>\n<div data-breakout=\"normal\">\n<div id=\"viewer-86tdg111\" class=\"qLu9J fi-3d xFXGd nL1m6\"><span class=\"tLgi0\">\u00a0<\/span><\/div>\n<\/div>\n<div data-hook=\"rcv-block22\"><\/div>\n<div data-breakout=\"normal\">\n<p id=\"viewer-mdnxh112\" class=\"qLu9J fi-3d xFXGd _6-rbz nL1m6\"><span class=\"tLgi0\">Para mais informa\u00e7\u00f5es: Instagram <a class=\"z-E-z _1i-uR\" href=\"https:\/\/www.instagram.com\/thecallingmusic\/?hl=pt-br\" target=\"_blank\" rel=\"noopener noreferrer\">@thecallingmusic<\/a> e <a class=\"z-E-z _1i-uR\" href=\"https:\/\/www.thecallingmusic.com\/\" target=\"_blank\" rel=\"noopener noreferrer\">https:\/\/www.thecallingmusic.com\/<\/a><\/span><\/p>\n<\/div>\n<div data-hook=\"rcv-block23\"><\/div>\n<div data-breakout=\"normal\">\n<div id=\"viewer-scvok116\" class=\"qLu9J fi-3d xFXGd nL1m6\"><span class=\"tLgi0\">\u00a0<\/span><\/div>\n<\/div>\n<div data-hook=\"rcv-block24\"><\/div>\n<div data-breakout=\"normal\">\n<p id=\"viewer-383tf117\" class=\"qLu9J fi-3d xFXGd _6-rbz nL1m6\"><strong><span class=\"tLgi0\">Fresno<\/span><\/strong><\/p>\n<\/div>\n<div data-breakout=\"normal\">\n<p id=\"viewer-i32a6121\" class=\"qLu9J fi-3d xFXGd _6-rbz nL1m6\"><span class=\"tLgi0\">Formada em 1999, em Porto Alegre (RS), a Fresno tem uma carreira \u00fanica no rock brasileiro. Desde sua independ\u00eancia de grandes gravadoras, a banda produz seus pr\u00f3prios \u00e1lbuns, explorando novas refer\u00eancias a cada lan\u00e7amento e ampliando sua paisagem sonora. De \u00e1lbuns quase progressivos como \u201cInfinito\u201d at\u00e9 trabalhos sinf\u00f4nicos como \u201cSinfonia de Tudo que H\u00e1\u201d, a Fresno foge do convencional, surpreendendo seu p\u00fablico. Seu \u00faltimo \u00e1lbum, \u201cSua Alegria Foi Cancelada\u201d (2019), trouxe uma nova abordagem sonora, com sintetizadores distorcidos e guitarras vers\u00e1teis, sublinhando letras sinceras de Lucas Silveira. Em 2021, a banda apresentou o projeto INVent\u00e1rio, lan\u00e7ando 21 faixas ao longo de 45 dias, explorando novos formatos. No dia 5 de novembro de 2021, lan\u00e7aram o nono disco, \u201cVou Ter Que Me Virar\u201d, com participa\u00e7\u00e3o de Lu lu Santos, estreado no Lollapalooza Brasil 2022. Desde ent\u00e3o, a turn\u00ea VTQMV vem lotando casas de shows em todo o pa\u00eds.<\/span><\/p>\n<\/div>\n<div data-hook=\"rcv-block26\"><\/div>\n<div data-breakout=\"normal\">\n<div id=\"viewer-9whw2124\" class=\"qLu9J fi-3d xFXGd nL1m6\"><span class=\"tLgi0\">\u00a0<\/span><\/div>\n<\/div>\n<div data-hook=\"rcv-block27\"><\/div>\n<div data-breakout=\"normal\">\n<p id=\"viewer-gx25a125\" class=\"qLu9J fi-3d xFXGd _6-rbz nL1m6\"><span class=\"tLgi0\">Para mais informa\u00e7\u00f5es: Instagram<a class=\"z-E-z _1i-uR\" href=\"https:\/\/www.instagram.com\/fresnorock\/?hl=pt-br\" target=\"_blank\" rel=\"noopener noreferrer\"> @fresnorock<\/a> e <a class=\"z-E-z _1i-uR\" href=\"https:\/\/fresno.lnk.to\/VTQMVtour\" target=\"_blank\" rel=\"noopener noreferrer\">https:\/\/fresno.lnk.to\/VTQMVtour<\/a><\/span><\/p>\n<\/div>\n<div data-hook=\"rcv-block28\"><\/div>\n<div data-breakout=\"normal\">\n<div id=\"viewer-m1sob129\" class=\"qLu9J fi-3d xFXGd nL1m6\"><span class=\"tLgi0\">\u00a0<\/span><\/div>\n<\/div>\n<div data-hook=\"rcv-block29\"><\/div>\n<div data-breakout=\"normal\">\n<p id=\"viewer-73su3130\" class=\"qLu9J fi-3d xFXGd _6-rbz nL1m6\"><strong><span class=\"tLgi0\">Sleeper Signal<\/span><\/strong><\/p>\n<\/div>\n<div data-hook=\"rcv-block30\"><span class=\"tLgi0\">Sleeper Signal \u00e9 formada por quatro amigos de diferentes pa\u00edses que se conheceram em Nashville (EUA) e passaram a compartilhar suas paix\u00f5es por diversas vertentes do rock como o punk, psicod\u00e9lico, requintados com suas guitarras. Muitas guitarras. Banda formada em 2019 pelo cantor William James, o baterista Darnit Dusty, com Leo Roriz no baixo e o guitarrista Erik Zbikowski que est\u00e1 em plena ascens\u00e3o na cena norte-americana e iniciando uma nova turn\u00ea pelo pa\u00eds para mostrar ao p\u00fablico sua nova proposta no rock.<\/span><\/div>\n<div data-breakout=\"normal\"><\/div>\n<div data-hook=\"rcv-block31\"><\/div>\n<div data-breakout=\"normal\">\n<div id=\"viewer-tq1ok137\" class=\"qLu9J fi-3d xFXGd nL1m6\"><span class=\"tLgi0\">\u00a0<\/span><\/div>\n<\/div>\n<div data-hook=\"rcv-block32\"><\/div>\n<div data-breakout=\"normal\">\n<p id=\"viewer-m81sq138\" class=\"qLu9J fi-3d xFXGd _6-rbz nL1m6\"><span class=\"tLgi0\">Para mais informa\u00e7\u00f5es: Instagram <a class=\"z-E-z _1i-uR\" href=\"https:\/\/www.instagram.com\/sleepersignal\/?hl=pt-br\" target=\"_blank\" rel=\"noopener noreferrer\">@sleepersignal <\/a>e <a class=\"z-E-z _1i-uR\" href=\"https:\/\/www.sleepersignalband.com\/\" target=\"_blank\" rel=\"noopener noreferrer\">https:\/\/www.sleepersignalband.com\/<\/a><\/span><\/p>\n<\/div>\n<div data-hook=\"rcv-block33\"><\/div>\n<div data-breakout=\"normal\">\n<div id=\"viewer-41dul142\" class=\"qLu9J fi-3d xFXGd nL1m6\"><span class=\"tLgi0\">\u00a0<\/span><\/div>\n<\/div>\n<div data-hook=\"rcv-block34\"><\/div>\n<div data-breakout=\"normal\">\n<p id=\"viewer-e9nxn143\" class=\"qLu9J fi-3d xFXGd _6-rbz nL1m6\"><strong><span class=\"tLgi0\">Esteban Tavares<\/span><\/strong><\/p>\n<\/div>\n<div data-breakout=\"normal\">\n<p id=\"viewer-y22rp147\" class=\"qLu9J fi-3d xFXGd _6-rbz nL1m6\"><span class=\"tLgi0\">Esteban Tavares \u00e9 um renomado m\u00fasico brasileiro que ganhou destaque principalmente como vocalista e guitarrista da banda Fresno. Nascido em Porto Alegre, Rio Grande do Sul, Tavares iniciou sua carreira musical na adolesc\u00eancia e logo se destacou como um talento promissor. Al\u00e9m de seu trabalho com a Fresno, Esteban Tavares tamb\u00e9m desenvolveu uma carreira solo bem-sucedida. Seu estilo musical como artista solo \u00e9 mais intimista e ac\u00fastico, explorando temas pessoais e emocionais em suas letras. Ele lan\u00e7ou v\u00e1rios \u00e1lbuns solo aclamados pela cr\u00edtica e pelo p\u00fablico, demonstrando sua versatilidade e talento como m\u00fasico. Esteban Tavares se estabeleceu como uma figura importante no cen\u00e1rio musical brasileiro, ganhando reconhecimento por sua autenticidade, paix\u00e3o pela m\u00fasica e habilidade art\u00edstica. Sua influ\u00eancia continua a ressoar entre os f\u00e3s de todas as idades, con solidando seu lugar como um dos artistas mais queridos e respeitados do pa\u00eds.<\/span><\/p>\n<\/div>\n<div data-hook=\"rcv-block36\"><\/div>\n<div data-breakout=\"normal\">\n<div id=\"viewer-5hohj150\" class=\"qLu9J fi-3d xFXGd nL1m6\"><span class=\"tLgi0\">\u00a0<\/span><\/div>\n<\/div>\n<div data-hook=\"rcv-block37\"><\/div>\n<div data-breakout=\"normal\">\n<p id=\"viewer-8o0gl151\" class=\"qLu9J fi-3d xFXGd _6-rbz nL1m6\"><span class=\"tLgi0\">Para mais informa\u00e7\u00f5es: Instagram <a class=\"z-E-z _1i-uR\" href=\"https:\/\/www.instagram.com\/estebantavares\/?hl=pt-br\" target=\"_blank\" rel=\"noopener noreferrer\">@estebantavares<\/a><\/span><\/p>\n<\/div>\n<div data-hook=\"rcv-block38\"><\/div>\n<div data-breakout=\"normal\">\n<div id=\"viewer-n96rm154\" class=\"qLu9J fi-3d xFXGd nL1m6\"><span class=\"tLgi0\">\u00a0<\/span><\/div>\n<\/div>\n<div data-hook=\"rcv-block39\"><\/div>\n<div data-breakout=\"normal\">\n<p id=\"viewer-d0nh2155\" class=\"qLu9J fi-3d xFXGd _6-rbz nL1m6\"><strong><span class=\"tLgi0\">Ananda<\/span><\/strong><\/p>\n<\/div>\n<div data-breakout=\"normal\">\n<p id=\"viewer-f50ar159\" class=\"qLu9J fi-3d xFXGd _6-rbz nL1m6\"><span class=\"tLgi0\">Ananda vem de uma fam\u00edlia de m\u00fasicos renomados, incluindo seu av\u00f4 do Novos Baianos e seu pai percussionista. Iniciou sua jornada musical aos 12 anos, fazendo covers no <a class=\"z-E-z _1i-uR\" href=\"http:\/\/musical.ly\/\" target=\"_blank\" rel=\"noopener noreferrer\">Musical.ly<\/a> (atual TikTok), alcan\u00e7ando grande destaque e migrando para outras redes sociais. Desde sua estreia como cantora em 2019, Ananda j\u00e1 lan\u00e7ou mais de 22 m\u00fasicas, incluindo colabora\u00e7\u00f5es com artistas como Kawe, Donatto, Carol e Vit\u00f3ria, e Hotelo, explorando diversos estilos musicais, desde bossa nova at\u00e9 rock. Reconhecida por sua capacidade de transitar entre diferentes estilos musicais com uma voz suave e profunda, Ananda tamb\u00e9m se destaca como influenciadora digital, acumulando mais de 20 milh\u00f5es de seguidores em suas redes sociais. Vencedora de diversos pr\u00eamios, ela lan\u00e7ou seu EP \u201cTodas pra voc\u00ea que me fez sofrer\u201d em mar\u00e7o de 2023, e seu pr\u00f3ximo lan\u00e7amento est\u00e1 age ndado para 16 de fevereiro de 2024, em colabora\u00e7\u00e3o com a banda Supercombo.<\/span><\/p>\n<\/div>\n<div data-hook=\"rcv-block41\"><\/div>\n<div data-breakout=\"normal\">\n<div id=\"viewer-27h77164\" class=\"qLu9J fi-3d xFXGd nL1m6\"><span class=\"tLgi0\">\u00a0<\/span><\/div>\n<\/div>\n<div data-hook=\"rcv-block42\"><\/div>\n<div data-breakout=\"normal\">\n<p id=\"viewer-vlehk165\" class=\"qLu9J fi-3d xFXGd _6-rbz nL1m6\"><span class=\"tLgi0\">Para mais informa\u00e7\u00f5es: Instagram <a class=\"z-E-z _1i-uR\" href=\"https:\/\/www.instagram.com\/ananda\/?hl=pt-br\" target=\"_blank\" rel=\"noopener noreferrer\">@ananda<\/a><\/span><\/p>\n<\/div>\n<div data-hook=\"rcv-block43\"><\/div>\n<div data-breakout=\"normal\">\n<div id=\"viewer-7dv8y168\" class=\"qLu9J fi-3d xFXGd nL1m6\"><span class=\"tLgi0\">\u00a0<\/span><\/div>\n<\/div>\n<div data-hook=\"rcv-block44\"><\/div>\n<div data-breakout=\"normal\">\n<p id=\"viewer-rif5a169\" class=\"qLu9J fi-3d xFXGd _6-rbz nL1m6\"><strong><span class=\"tLgi0\">Plut\u00e3o J\u00e1 foi Planeta<\/span><\/strong><\/p>\n<\/div>\n<div data-breakout=\"normal\">\n<p id=\"viewer-ylyyq173\" class=\"qLu9J fi-3d xFXGd _6-rbz nL1m6\"><span class=\"tLgi0\">Plut\u00e3o J\u00e1 Foi Planeta, uma banda potiguar formada em 2013 em Natal (RN), celebra uma d\u00e9cada de carreira com sua forma\u00e7\u00e3o reduzida a um trio composto por Cyz Mendes (voz), Gustavo Arruda (guitarra) e Sapulha Campos (guitarra). Para marcar esse marco, o grupo lan\u00e7ou seu terceiro \u00e1lbum de est\u00fadio em 18 de agosto de 2023. Intitulado Plut\u00e3o J\u00e1 Foi Planeta, o \u00e1lbum sucede A \u00daltima Palavra Feche a Porta (2017). O disco promete uma energia mais vibrante e rock\u2019n\u2019roll, conforme anunciado no comunicado que precede o lan\u00e7amento do single em 28 de julho, o qual cont\u00e9m duas m\u00fasicas do \u00e1lbum: o indie rock \u201cEm Todo Canto\u201d e a balada \u201cTremeu Minha Solid\u00e3o\u201d.<\/span><\/p>\n<\/div>\n<div data-hook=\"rcv-block46\"><\/div>\n<div data-breakout=\"normal\">\n<div id=\"viewer-0rjss176\" class=\"qLu9J fi-3d xFXGd nL1m6\"><span class=\"tLgi0\">\u00a0<\/span><\/div>\n<\/div>\n<div data-hook=\"rcv-block47\"><\/div>\n<div data-breakout=\"normal\">\n<p id=\"viewer-ymwy9177\" class=\"qLu9J fi-3d xFXGd _6-rbz nL1m6\"><span class=\"tLgi0\">Para mais informa\u00e7\u00f5es: Instagram <a class=\"z-E-z _1i-uR\" href=\"https:\/\/www.instagram.com\/plutaojafoiplanetaoficial\/?hl=pt-br\" target=\"_blank\" rel=\"noopener noreferrer\">@plutaojafoiplanetaoficial<\/a><\/span><\/p>\n<\/div>\n<div data-hook=\"rcv-block48\"><\/div>\n<div data-breakout=\"normal\">\n<div id=\"viewer-e8obl180\" class=\"qLu9J fi-3d xFXGd nL1m6\"><span class=\"tLgi0\">\u00a0<\/span><\/div>\n<\/div>\n<div data-hook=\"rcv-block49\"><\/div>\n<div data-breakout=\"normal\">\n<p id=\"viewer-z29ey181\" class=\"qLu9J fi-3d xFXGd _6-rbz nL1m6\"><strong><span class=\"tLgi0\">The Seer<\/span><\/strong><\/p>\n<\/div>\n<div data-breakout=\"normal\">\n<p id=\"viewer-zw3b8185\" class=\"qLu9J fi-3d xFXGd _6-rbz nL1m6\"><span class=\"tLgi0\">A banda paulista de Prog Metal, The Seer, formada em 2020, lan\u00e7ou seu \u00e1lbum de estreia intitulado \u201cThe Answer\u201d. O \u00e1lbum encerra um ciclo iniciado em abril de 2020 com o single \u201cMother\u201d. Com produ\u00e7\u00e3o de Rafael Savone, Lucas Em\u00eddio e Gustavo Pacheco, o \u00e1lbum apresenta can\u00e7\u00f5es previamente lan\u00e7adas pela banda, como \u201cMother\u201d, \u201cNothing\u201d e \u201cAlone\u201d, al\u00e9m de duas m\u00fasicas in\u00e9ditas, \u201cThe Answer\u201d e \u201cEgo\u201d.<\/span><\/p>\n<\/div>\n<div data-hook=\"rcv-block51\"><\/div>\n<div data-breakout=\"normal\">\n<div id=\"viewer-rkrg8188\" class=\"qLu9J fi-3d xFXGd nL1m6\"><span class=\"tLgi0\">\u00a0<\/span><\/div>\n<\/div>\n<div data-hook=\"rcv-block52\"><\/div>\n<div data-breakout=\"normal\">\n<p id=\"viewer-zjej2189\" class=\"qLu9J fi-3d xFXGd _6-rbz nL1m6\"><span class=\"tLgi0\">Para mais informa\u00e7\u00f5es: Instagram <a class=\"z-E-z _1i-uR\" href=\"https:\/\/www.instagram.com\/theseer.official\/?hl=pt-br\" target=\"_blank\" rel=\"noopener noreferrer\">@theseer.official<\/a><\/span><\/p>\n<\/div>\n<div data-hook=\"rcv-block53\"><\/div>\n<div data-breakout=\"normal\">\n<div id=\"viewer-qf1oe192\" class=\"qLu9J fi-3d xFXGd nL1m6\"><span class=\"tLgi0\">\u00a0<\/span><\/div>\n<\/div>\n<div data-hook=\"rcv-block54\"><\/div>\n<div data-breakout=\"normal\">\n<p id=\"viewer-ztw2j193\" class=\"qLu9J fi-3d xFXGd _6-rbz nL1m6\"><strong><span class=\"tLgi0\">A trajet\u00f3ria da Blast Stage Records<\/span><\/strong><\/p>\n<\/div>\n<div data-breakout=\"normal\">\n<p id=\"viewer-r56em197\" class=\"qLu9J fi-3d xFXGd _6-rbz nL1m6\"><span class=\"tLgi0\">A Blast Stage Records surgiu em 2008 sob a dire\u00e7\u00e3o art\u00edstica do renomado produtor musical Andr\u00e9 Kostta (@andrekostta), que em sua trajet\u00f3ria profissional esteve a frente por 10 anos da Peermusic, o que pavimentou o caminho para que ele criasse um selo totalmente independente, abrindo o caminho para novos artistas sem ter que seguir tend\u00eancias.<\/span><\/p>\n<\/div>\n<div data-hook=\"rcv-block56\"><\/div>\n<div data-breakout=\"normal\">\n<div id=\"viewer-q6kb1200\" class=\"qLu9J fi-3d xFXGd nL1m6\"><span class=\"tLgi0\">\u00a0<\/span><\/div>\n<\/div>\n<div data-hook=\"rcv-block57\"><\/div>\n<div data-breakout=\"normal\">\n<p id=\"viewer-tq9u0201\" class=\"qLu9J fi-3d xFXGd _6-rbz nL1m6\"><span class=\"tLgi0\">A empresa discogr\u00e1fica j\u00e1 foi casa de grandes nomes nacionais e internacionais como The Mission, V.Spy V.Spy, Japinha Conde, Sleeper Signal, Kiko Zambianchi, Fake Number, Kiara Rocks, Aliados, entre v\u00e1rios outros. Al\u00e9m da gravadora, a Blast tamb\u00e9m lan\u00e7ou no mercado a Blast Channel TV, que chega como um plus de intera\u00e7\u00e3o no engajamento entre os f\u00e3s.<\/span><\/p>\n<\/div>\n<div data-hook=\"rcv-block58\"><\/div>\n<div data-breakout=\"normal\">\n<div id=\"viewer-l4eot204\" class=\"qLu9J fi-3d xFXGd nL1m6\"><span class=\"tLgi0\">\u00a0<\/span><\/div>\n<\/div>\n<div data-hook=\"rcv-block59\"><\/div>\n<div data-breakout=\"normal\">\n<p id=\"viewer-0fte2205\" class=\"qLu9J fi-3d xFXGd _6-rbz nL1m6\"><span class=\"tLgi0\"><strong>Para mais informa\u00e7\u00f5es sobre a gravadora e o festiv<\/strong>al:<\/span><\/p>\n<\/div>\n<div data-breakout=\"normal\">\n<p id=\"viewer-z93lx208\" class=\"qLu9J fi-3d xFXGd _6-rbz nL1m6\"><span class=\"tLgi0\">Instagram: <a class=\"z-E-z _1i-uR\" href=\"https:\/\/www.instagram.com\/blastrecords\/?hl=pt-br\" target=\"_blank\" rel=\"noopener noreferrer\">@blastrecords<\/a><\/span><\/p>\n<\/div>\n<div data-hook=\"rcv-block61\"><\/div>\n<div data-breakout=\"normal\">\n<div id=\"viewer-whyfq61190\" class=\"qLu9J fi-3d xFXGd nL1m6\"><span class=\"tLgi0\">\u00a0<\/span><\/div>\n<\/div>\n<div data-hook=\"rcv-block62\"><\/div>\n<div data-breakout=\"normal\">\n<p id=\"viewer-syoow61536\" class=\"qLu9J fi-3d xFXGd _6-rbz nL1m6\"><span class=\"tLgi0\"><strong>Fonte:<\/strong> TRM Press<\/span><\/p>\n<\/div>\n<div data-hook=\"rcv-block63\"><\/div>\n<\/div>\n<div data-hook=\"rcv-block-last\"><\/div>\n<\/div>\n<\/div>\n<\/div>\n<\/div>\n<\/div>\n<\/div>\n<\/article>\n<\/div>\n<div class=\"BL3dva\"><\/div>\n<\/div>\n","protected":false},"excerpt":{"rendered":"<p>Festival celebra 15 anos da Blast Stage Records, proporcionando momentos \u00fanicos, como Fresno e Esteban Tavares presentes no mesmo evento ap\u00f3s anos \u00c9 com grande entusiasmo que anunciamos o line-up final para a \u201cBlast Party\u201d, festival em comemora\u00e7\u00e3o aos 15 anos da gravadora Blast Stage Records. Este evento promete ser uma explos\u00e3o de hits, reunindo [&hellip;]<\/p>\n","protected":false},"author":12,"featured_media":20737,"comment_status":"closed","ping_status":"open","sticky":false,"template":"","format":"standard","meta":{"footnotes":""},"categories":[4],"tags":[],"class_list":["post-20735","post","type-post","status-publish","format-standard","has-post-thumbnail","hentry","category-noticias"],"_links":{"self":[{"href":"http:\/\/heavymetalonline.com.br\/index.php?rest_route=\/wp\/v2\/posts\/20735","targetHints":{"allow":["GET"]}}],"collection":[{"href":"http:\/\/heavymetalonline.com.br\/index.php?rest_route=\/wp\/v2\/posts"}],"about":[{"href":"http:\/\/heavymetalonline.com.br\/index.php?rest_route=\/wp\/v2\/types\/post"}],"author":[{"embeddable":true,"href":"http:\/\/heavymetalonline.com.br\/index.php?rest_route=\/wp\/v2\/users\/12"}],"replies":[{"embeddable":true,"href":"http:\/\/heavymetalonline.com.br\/index.php?rest_route=%2Fwp%2Fv2%2Fcomments&post=20735"}],"version-history":[{"count":1,"href":"http:\/\/heavymetalonline.com.br\/index.php?rest_route=\/wp\/v2\/posts\/20735\/revisions"}],"predecessor-version":[{"id":20738,"href":"http:\/\/heavymetalonline.com.br\/index.php?rest_route=\/wp\/v2\/posts\/20735\/revisions\/20738"}],"wp:featuredmedia":[{"embeddable":true,"href":"http:\/\/heavymetalonline.com.br\/index.php?rest_route=\/wp\/v2\/media\/20737"}],"wp:attachment":[{"href":"http:\/\/heavymetalonline.com.br\/index.php?rest_route=%2Fwp%2Fv2%2Fmedia&parent=20735"}],"wp:term":[{"taxonomy":"category","embeddable":true,"href":"http:\/\/heavymetalonline.com.br\/index.php?rest_route=%2Fwp%2Fv2%2Fcategories&post=20735"},{"taxonomy":"post_tag","embeddable":true,"href":"http:\/\/heavymetalonline.com.br\/index.php?rest_route=%2Fwp%2Fv2%2Ftags&post=20735"}],"curies":[{"name":"wp","href":"https:\/\/api.w.org\/{rel}","templated":true}]}}