{"id":20739,"date":"2024-02-18T17:22:45","date_gmt":"2024-02-18T17:22:45","guid":{"rendered":"http:\/\/heavymetalonline.com.br\/?p=20739"},"modified":"2024-02-18T17:22:45","modified_gmt":"2024-02-18T17:22:45","slug":"fin-del-mundo-sensacao-do-rock-argentino-confirma-shows-no-brasil","status":"publish","type":"post","link":"http:\/\/heavymetalonline.com.br\/?p=20739","title":{"rendered":"Fin del Mundo, sensa\u00e7\u00e3o do rock argentino, confirma shows no Brasil"},"content":{"rendered":"<p><img loading=\"lazy\" decoding=\"async\" class=\"alignnone size-full wp-image-20742\" src=\"http:\/\/heavymetalonline.com.br\/wp-content\/uploads\/2024\/02\/Fin-del-Mundo.jpg\" alt=\"\" width=\"1180\" height=\"786\" srcset=\"http:\/\/heavymetalonline.com.br\/wp-content\/uploads\/2024\/02\/Fin-del-Mundo.jpg 1180w, http:\/\/heavymetalonline.com.br\/wp-content\/uploads\/2024\/02\/Fin-del-Mundo-300x200.jpg 300w, http:\/\/heavymetalonline.com.br\/wp-content\/uploads\/2024\/02\/Fin-del-Mundo-768x512.jpg 768w, http:\/\/heavymetalonline.com.br\/wp-content\/uploads\/2024\/02\/Fin-del-Mundo-1024x682.jpg 1024w\" sizes=\"auto, (max-width: 1180px) 100vw, 1180px\" \/><\/p>\n<div data-breakout=\"normal\">\n<pre id=\"viewer-feuzm74990\" class=\"_1vXeK R4W5y xFXGd _6-rbz\"><span class=\"\">Cr\u00e9dito: Flor Petra<\/span><\/pre>\n<p style=\"text-align: center;\"><em>Quarteto feminino se apresenta dia 1\u00b0 de mar\u00e7o em S\u00e3o Paulo, no Sesc Avenida Paulista, e dia 8\/03 <\/em><\/p>\n<p style=\"text-align: center;\"><em>no Sesc S\u00e3o Jos\u00e9 dos Campos<\/em><\/p>\n<p id=\"viewer-bvlrt94814\" class=\"qLu9J fi-3d xFXGd _6-rbz nL1m6\"><span class=\"tLgi0\">Fen\u00f4meno da cena alternativa argentina, o quarteto feminino argentino <strong>Fin del Mundo<\/strong><\/span><span class=\"tLgi0\">\u00a0<\/span>desembarca pela primeira vez no Brasil, no pr\u00f3ximo m\u00eas de mar\u00e7o, para apresentar seu cativante e sens\u00edvel indie shoegaze post rock. Duas datas j\u00e1 est\u00e3o confirmadas: 1\u00b0 de mar\u00e7o em S\u00e3o Paulo, no Sesc Avenida Paulista, e dia 8\/03 no Sesc S\u00e3o Jos\u00e9 dos Campos, em S\u00e3o Jos\u00e9 dos Campos (SP).<\/p>\n<\/div>\n<div data-hook=\"rcv-block5\"><\/div>\n<div data-breakout=\"normal\">\n<div id=\"viewer-fntue75436\" class=\"qLu9J fi-3d xFXGd nL1m6\"><span class=\"tLgi0\">\u00a0<\/span><\/div>\n<\/div>\n<div data-hook=\"rcv-block6\"><\/div>\n<div data-breakout=\"normal\">\n<p id=\"viewer-wayjq74512\" class=\"qLu9J fi-3d xFXGd _6-rbz nL1m6\"><span class=\"tLgi0\">Os ingressos para o show no Sesc Avenida Paulista come\u00e7am a ser vendidos online, dia 20\/02, pelo site<a class=\"z-E-z _1i-uR\" href=\"http:\/\/www.sescsp.org.br\/unidades\/avenida-paulista\" target=\"_blank\" rel=\"noopener noreferrer\"> www.sescsp.org.br\/unidades\/avenida-paulista<\/a>, e dia 21\/02 de forma presencial, em qualquer unidade do Sesc em S\u00e3o Paulo.<\/span><\/p>\n<\/div>\n<div data-hook=\"rcv-block7\"><\/div>\n<div data-breakout=\"normal\">\n<div id=\"viewer-um9a975547\" class=\"qLu9J fi-3d xFXGd nL1m6\"><span class=\"tLgi0\">\u00a0<\/span><\/div>\n<\/div>\n<div data-hook=\"rcv-block8\"><\/div>\n<div data-breakout=\"normal\">\n<p id=\"viewer-9qumu74516\" class=\"qLu9J fi-3d xFXGd _6-rbz nL1m6\"><span class=\"tLgi0\">Mais informa\u00e7\u00f5es sobre o show em S\u00e3o Jos\u00e9 dos Campos em breve.<\/span><\/p>\n<\/div>\n<div data-hook=\"rcv-block9\"><\/div>\n<div data-breakout=\"normal\">\n<div id=\"viewer-djcdu75662\" class=\"qLu9J fi-3d xFXGd nL1m6\"><span class=\"tLgi0\">\u00a0<\/span><\/div>\n<\/div>\n<div data-hook=\"rcv-block10\"><\/div>\n<div data-breakout=\"normal\">\n<p id=\"viewer-1yf3e74518\" class=\"qLu9J fi-3d xFXGd _6-rbz nL1m6\"><span class=\"tLgi0\">A in\u00e9dita vinda do<strong> Fin del Mundo<\/strong> ao Brasil \u00e9 uma realiza\u00e7\u00e3o da <strong>Brain Productions Booking<\/strong>, que entre outubro e novembro de 2023 levou as meninas a uma elogiada turn\u00ea europeia, com seis sold outs e participa\u00e7\u00e3o em programa da RTVE, a maior televis\u00e3o da Espanha <a class=\"z-E-z _1i-uR\" href=\"https:\/\/www.rtve.es\/play\/videos\/los-conciertos-de-radio-3-en-la-2\/fin-del-mundo\/7028236\/\" target=\"_blank\" rel=\"noopener noreferrer\">ASSISTA AQUI<\/a><\/span><\/p>\n<\/div>\n<div data-hook=\"rcv-block11\"><\/div>\n<div data-breakout=\"normal\">\n<div id=\"viewer-mxocq76792\" class=\"qLu9J fi-3d xFXGd nL1m6\"><span class=\"tLgi0\">\u00a0<\/span><\/div>\n<\/div>\n<div data-hook=\"rcv-block12\"><\/div>\n<div data-breakout=\"normal\">\n<p id=\"viewer-e8co074526\" class=\"qLu9J fi-3d xFXGd _6-rbz nL1m6\"><span class=\"tLgi0\"><strong>Fin del Mundo<\/strong> foi formada em 2019 em Buenos Aires (Argentina), com ra\u00edzes na Terra do Fogo e Chubut, no sul da Patag\u00f4nia. Sua mistura requintada de post-rock emocional, shoegaze, dream pop e indie rock permitiu que elas se posicionassem como uma das bandas mais interessantes da cena musical independente latino-americana em muito pouco tempo.<\/span><\/p>\n<\/div>\n<div data-hook=\"rcv-block13\"><\/div>\n<div data-breakout=\"normal\">\n<div id=\"viewer-jjfdp77018\" class=\"qLu9J fi-3d xFXGd nL1m6\"><span class=\"tLgi0\">\u00a0<\/span><\/div>\n<\/div>\n<div data-hook=\"rcv-block14\"><\/div>\n<div data-breakout=\"normal\">\n<p id=\"viewer-18i2w74529\" class=\"qLu9J fi-3d xFXGd _6-rbz nL1m6\"><span class=\"tLgi0\">A banda, formada por Julieta Limia (Tita), na bateria, Julieta Heredia, na guitarra, Yanina Silva, no baixo, e Luc\u00eda Masnatta, na guitarra e voz principal, vem com a turn\u00ea do disco &#8216;Todo va hacia el mar&#8217;, lan\u00e7ado pela <strong>Spina Records<\/strong> que compila pela primeira vez em formato digital e f\u00edsico, seu EP autointitulado (2020) e o EP &#8216;La ciudad que dejamos&#8217; (2022).<\/span><\/p>\n<\/div>\n<div data-breakout=\"normal\">\n<p id=\"viewer-fpmvb74533\" class=\"qLu9J fi-3d xFXGd _6-rbz nL1m6\"><span class=\"tLgi0\">Luc\u00eda fala do novo \u00e1lbum. <em>&#8220;\u00c9 um \u00e1lbum que compila todo o nosso material de estudo at\u00e9 agora, muitos ouvintes nos pediram, principalmente o formato vinil, embora tamb\u00e9m haja CDs e cassetes. Conhecemos a sensa\u00e7\u00e3o linda de poder ter um \u00e1lbum f\u00edsico e ouvi-lo at\u00e9 enjoar, esperamos que gostem muito dessas edi\u00e7\u00f5es!&#8221;<\/em><\/span><\/p>\n<\/div>\n<div data-hook=\"rcv-block16\">\u00a0<img loading=\"lazy\" decoding=\"async\" class=\"alignnone size-full wp-image-20741\" src=\"http:\/\/heavymetalonline.com.br\/wp-content\/uploads\/2024\/02\/Fin-del-Mundo-flyer.jpg\" alt=\"\" width=\"1080\" height=\"1080\" srcset=\"http:\/\/heavymetalonline.com.br\/wp-content\/uploads\/2024\/02\/Fin-del-Mundo-flyer.jpg 1080w, http:\/\/heavymetalonline.com.br\/wp-content\/uploads\/2024\/02\/Fin-del-Mundo-flyer-500x500.jpg 500w, http:\/\/heavymetalonline.com.br\/wp-content\/uploads\/2024\/02\/Fin-del-Mundo-flyer-300x300.jpg 300w, http:\/\/heavymetalonline.com.br\/wp-content\/uploads\/2024\/02\/Fin-del-Mundo-flyer-768x768.jpg 768w, http:\/\/heavymetalonline.com.br\/wp-content\/uploads\/2024\/02\/Fin-del-Mundo-flyer-1024x1024.jpg 1024w\" sizes=\"auto, (max-width: 1080px) 100vw, 1080px\" \/><\/div>\n<div data-hook=\"rcv-block16\">\n<div data-breakout=\"normal\">\n<p id=\"viewer-6hozg74535\" class=\"qLu9J fi-3d xFXGd _6-rbz nL1m6\"><span class=\"tLgi0\">Vale destacar que o <strong>Fin del Mundo<\/strong> foi sucesso imediato na r\u00e1dio norte-americana KEXP: sua sess\u00e3o ao vivo ultrapassou a marca de +1 milh\u00e3o de visualiza\u00e7\u00f5es em pouco menos de 9 meses..<\/span><\/p>\n<\/div>\n<div data-hook=\"rcv-block20\"><\/div>\n<div data-breakout=\"normal\">\n<div id=\"viewer-8pb9d96385\" class=\"qLu9J fi-3d xFXGd nL1m6\"><span class=\"tLgi0\">\u00a0<\/span><\/div>\n<\/div>\n<div data-hook=\"rcv-block21\"><\/div>\n<div data-breakout=\"normal\">\n<p id=\"viewer-2v0zl81025\" class=\"qLu9J fi-3d xFXGd _6-rbz nL1m6\"><strong><span class=\"tLgi0\">Confira aqui:<\/span><\/strong><\/p>\n<p><a href=\"https:\/\/www.youtube.com\/watch?v=EpXIt_7uso8&amp;t=1792s\">https:\/\/www.youtube.com\/watch?v=EpXIt_7uso8&amp;t=1792s<\/a><\/p>\n<p>&nbsp;<\/p>\n<\/div>\n<div data-breakout=\"normal\">\n<p id=\"viewer-ypa7y74541\" class=\"qLu9J fi-3d xFXGd _6-rbz nL1m6\"><span class=\"tLgi0\">Saiba mais sobre a banda: <a class=\"z-E-z _1i-uR\" href=\"https:\/\/www.instagram.com\/lasfindelmundo\/\" target=\"_blank\" rel=\"noopener noreferrer\">@lasfindelmund<\/a>o<\/span><\/p>\n<\/div>\n<div data-hook=\"rcv-block26\"><\/div>\n<div data-breakout=\"normal\">\n<div id=\"viewer-g5ane90440\" class=\"qLu9J fi-3d xFXGd nL1m6\"><span class=\"tLgi0\">\u00a0<\/span><\/div>\n<\/div>\n<div data-hook=\"rcv-block27\"><\/div>\n<div data-breakout=\"normal\">\n<p id=\"viewer-yytwf85722\" class=\"qLu9J fi-3d xFXGd _6-rbz nL1m6\"><span class=\"tLgi0\"><strong>Fonte:<\/strong> Tedesco Comunica\u00e7\u00e3o &amp; M\u00eddia<\/span><\/p>\n<\/div>\n<div data-breakout=\"normal\">\n<p>&nbsp;<\/p>\n<\/div>\n<\/div>\n<div data-breakout=\"normal\"><\/div>\n","protected":false},"excerpt":{"rendered":"<p>Cr\u00e9dito: Flor Petra Quarteto feminino se apresenta dia 1\u00b0 de mar\u00e7o em S\u00e3o Paulo, no Sesc Avenida Paulista, e dia 8\/03 no Sesc S\u00e3o Jos\u00e9 dos Campos Fen\u00f4meno da cena alternativa argentina, o quarteto feminino argentino Fin del Mundo\u00a0desembarca pela primeira vez no Brasil, no pr\u00f3ximo m\u00eas de mar\u00e7o, para apresentar seu cativante e sens\u00edvel [&hellip;]<\/p>\n","protected":false},"author":12,"featured_media":20742,"comment_status":"closed","ping_status":"open","sticky":false,"template":"","format":"standard","meta":{"footnotes":""},"categories":[4],"tags":[],"class_list":["post-20739","post","type-post","status-publish","format-standard","has-post-thumbnail","hentry","category-noticias"],"_links":{"self":[{"href":"http:\/\/heavymetalonline.com.br\/index.php?rest_route=\/wp\/v2\/posts\/20739","targetHints":{"allow":["GET"]}}],"collection":[{"href":"http:\/\/heavymetalonline.com.br\/index.php?rest_route=\/wp\/v2\/posts"}],"about":[{"href":"http:\/\/heavymetalonline.com.br\/index.php?rest_route=\/wp\/v2\/types\/post"}],"author":[{"embeddable":true,"href":"http:\/\/heavymetalonline.com.br\/index.php?rest_route=\/wp\/v2\/users\/12"}],"replies":[{"embeddable":true,"href":"http:\/\/heavymetalonline.com.br\/index.php?rest_route=%2Fwp%2Fv2%2Fcomments&post=20739"}],"version-history":[{"count":1,"href":"http:\/\/heavymetalonline.com.br\/index.php?rest_route=\/wp\/v2\/posts\/20739\/revisions"}],"predecessor-version":[{"id":20743,"href":"http:\/\/heavymetalonline.com.br\/index.php?rest_route=\/wp\/v2\/posts\/20739\/revisions\/20743"}],"wp:featuredmedia":[{"embeddable":true,"href":"http:\/\/heavymetalonline.com.br\/index.php?rest_route=\/wp\/v2\/media\/20742"}],"wp:attachment":[{"href":"http:\/\/heavymetalonline.com.br\/index.php?rest_route=%2Fwp%2Fv2%2Fmedia&parent=20739"}],"wp:term":[{"taxonomy":"category","embeddable":true,"href":"http:\/\/heavymetalonline.com.br\/index.php?rest_route=%2Fwp%2Fv2%2Fcategories&post=20739"},{"taxonomy":"post_tag","embeddable":true,"href":"http:\/\/heavymetalonline.com.br\/index.php?rest_route=%2Fwp%2Fv2%2Ftags&post=20739"}],"curies":[{"name":"wp","href":"https:\/\/api.w.org\/{rel}","templated":true}]}}