{"id":20817,"date":"2024-02-22T23:20:45","date_gmt":"2024-02-22T23:20:45","guid":{"rendered":"http:\/\/heavymetalonline.com.br\/?p=20817"},"modified":"2024-02-22T23:20:45","modified_gmt":"2024-02-22T23:20:45","slug":"conception-remarca-show-em-sao-paulo-para-junho","status":"publish","type":"post","link":"http:\/\/heavymetalonline.com.br\/?p=20817","title":{"rendered":"Conception remarca show em S\u00e3o Paulo para junho"},"content":{"rendered":"<p><img loading=\"lazy\" decoding=\"async\" class=\"alignnone size-full wp-image-19793\" src=\"http:\/\/heavymetalonline.com.br\/wp-content\/uploads\/2023\/12\/ConceptionNewPressShot2.jpg\" alt=\"\" width=\"1180\" height=\"1770\" srcset=\"http:\/\/heavymetalonline.com.br\/wp-content\/uploads\/2023\/12\/ConceptionNewPressShot2.jpg 1180w, http:\/\/heavymetalonline.com.br\/wp-content\/uploads\/2023\/12\/ConceptionNewPressShot2-200x300.jpg 200w, http:\/\/heavymetalonline.com.br\/wp-content\/uploads\/2023\/12\/ConceptionNewPressShot2-768x1152.jpg 768w, http:\/\/heavymetalonline.com.br\/wp-content\/uploads\/2023\/12\/ConceptionNewPressShot2-683x1024.jpg 683w\" sizes=\"auto, (max-width: 1180px) 100vw, 1180px\" \/><\/p>\n<div data-breakout=\"normal\">\n<p id=\"viewer-yejyj129790\" class=\"qLu9J fi-3d xFXGd _6-rbz nL1m6\"><span class=\"tLgi0\">O quarteto prog\/heavy metal <strong>Conception<\/strong>, da Noruega, que \u00e9 a banda original do mundialmente consagrado vocalista Roy Khan (ex-Kamelot) e do guitarrista Tore \u00d8stby (Ark, Avantasia), remarcou a in\u00e9dita turn\u00ea latino-americana de mar\u00e7o para junho deste ano.<\/span><\/p>\n<\/div>\n<div data-hook=\"rcv-block5\"><\/div>\n<div data-breakout=\"normal\">\n<p id=\"viewer-439z5102257\" class=\"qLu9J fi-3d xFXGd _6-rbz nL1m6\"><span class=\"tLgi0\">Com a mudan\u00e7a, a apresenta\u00e7\u00e3o em S\u00e3o Paulo agora ser\u00e1 no dia 9\/06, no Carioca Club. Os ingressos j\u00e1 comprados continuam v\u00e1lidos para a nova data.<\/span><\/p>\n<\/div>\n<div data-hook=\"rcv-block6\"><\/div>\n<div data-breakout=\"normal\">\n<div id=\"viewer-8s5sv103684\" class=\"qLu9J fi-3d xFXGd nL1m6\"><span class=\"tLgi0\">\u00a0<\/span><\/div>\n<\/div>\n<div data-hook=\"rcv-block7\"><\/div>\n<div data-breakout=\"normal\">\n<p id=\"viewer-anf0x102263\" class=\"qLu9J fi-3d xFXGd _6-rbz nL1m6\"><span class=\"tLgi0\">Ser\u00e1 o \u00fanico show do <strong>Conception<\/strong> no Brasil. A data em Curitiba foi cancelada. Para reembolso, \u00e9 preciso entrar em contato com a Bilheto: <a class=\"z-E-z _1i-uR\" href=\"mailto:ajuda@bilheto.com.br\" target=\"_blank\" rel=\"noopener noreferrer\">ajuda@bilheto.com.br<\/a>.<\/span><\/p>\n<\/div>\n<div data-hook=\"rcv-block8\"><\/div>\n<div data-breakout=\"normal\">\n<div id=\"viewer-jh9g2105107\" class=\"qLu9J fi-3d xFXGd nL1m6\"><span class=\"tLgi0\">\u00a0<\/span><\/div>\n<\/div>\n<div data-hook=\"rcv-block9\"><\/div>\n<div data-breakout=\"normal\">\n<p id=\"viewer-wfrat102267\" class=\"qLu9J fi-3d xFXGd _6-rbz nL1m6\"><span class=\"tLgi0\">Os demais shows fora do Brasil tamb\u00e9m foram remarcados: 5\/06 na Cidade do M\u00e9xico (M\u00e9xico) e dia 7\/06 em Santiago (Chile).<\/span><\/p>\n<\/div>\n<div data-hook=\"rcv-block10\"><\/div>\n<div data-breakout=\"normal\">\n<div id=\"viewer-dlave103893\" class=\"qLu9J fi-3d xFXGd nL1m6\"><span class=\"tLgi0\">\u00a0<\/span><\/div>\n<\/div>\n<div data-hook=\"rcv-block11\"><\/div>\n<div data-breakout=\"normal\">\n<p id=\"viewer-tw8kq102269\" class=\"qLu9J fi-3d xFXGd _6-rbz nL1m6\"><span class=\"tLgi0\">Conception, que surgiu na d\u00e9cada de 1990 e foi exaltado por p\u00fablico e imprensa de todo o globo, at\u00e9 os dias atuais \u00e9 reconhecida como uma das forma\u00e7\u00e3o mais originais da m\u00fasica pesada.<\/span><\/p>\n<\/div>\n<div data-hook=\"rcv-block12\"><\/div>\n<div data-breakout=\"normal\">\n<div id=\"viewer-mwzht105303\" class=\"qLu9J fi-3d xFXGd nL1m6\"><span class=\"tLgi0\">\u00a0<\/span><\/div>\n<\/div>\n<div data-hook=\"rcv-block13\"><\/div>\n<div data-breakout=\"normal\">\n<p id=\"viewer-nsz3d102271\" class=\"qLu9J fi-3d xFXGd _6-rbz nL1m6\"><span class=\"tLgi0\">Tamb\u00e9m da forma\u00e7\u00e3o original, Ingar Amlien (baixo) e Arve Heimdal (bateria) completam a banda que vir\u00e3o ao Brasil, M\u00e9xico e Chile no pr\u00f3ximo m\u00eas de junho.<\/span><\/p>\n<\/div>\n<div data-hook=\"rcv-block14\"><\/div>\n<div data-breakout=\"normal\">\n<div id=\"viewer-z187j105504\" class=\"qLu9J fi-3d xFXGd nL1m6\"><span class=\"tLgi0\">\u00a0<\/span><\/div>\n<\/div>\n<div data-hook=\"rcv-block15\"><\/div>\n<div data-breakout=\"normal\">\n<p id=\"viewer-fm2wo102273\" class=\"qLu9J fi-3d xFXGd _6-rbz nL1m6\"><span class=\"tLgi0\">O Conception nasceu em 1989 no vilarejo de Raufoss, na Noruega, e tem cinco discos lan\u00e7ados. Quatro deles na d\u00e9cada de 1990: The Last Sunset (1991), Parallel Minds (1993), In Your Multitude (1995) e Flow (1997), todos eles com resenhas positivas ao redor do globo e que elevou a banda como uma das mais geniais do famoso selo alem\u00e3o Noise Records.<\/span><\/p>\n<\/div>\n<div data-hook=\"rcv-block16\"><\/div>\n<div data-breakout=\"normal\">\n<div id=\"viewer-5rtb6105711\" class=\"qLu9J fi-3d xFXGd nL1m6\"><span class=\"tLgi0\">\u00a0<\/span><\/div>\n<\/div>\n<div data-hook=\"rcv-block17\"><\/div>\n<div data-breakout=\"normal\">\n<p id=\"viewer-nac4z102275\" class=\"qLu9J fi-3d xFXGd _6-rbz nL1m6\"><span class=\"tLgi0\">Ap\u00f3s o retorno, em 2018, o Conception manteve a mistura \u00fanica e cativante entre o power metal e elementos da m\u00fasica progressiva no EP My Dark Symphony (2918) e no quinto \u00e1lbum, State of Deception (2020).<\/span><\/p>\n<\/div>\n<div data-hook=\"rcv-block18\"><\/div>\n<div data-breakout=\"normal\">\n<div id=\"viewer-46k5r105924\" class=\"qLu9J fi-3d xFXGd nL1m6\"><span class=\"tLgi0\">\u00a0<\/span><\/div>\n<\/div>\n<div data-hook=\"rcv-block19\"><\/div>\n<div data-breakout=\"normal\">\n<p id=\"viewer-jpwrw102277\" class=\"qLu9J fi-3d xFXGd _6-rbz nL1m6\"><span class=\"tLgi0\">A banda est\u00e1 animada por finalmente poder tocar nessa parte do mundo e confia que ser\u00e1 fant\u00e1stico, como destaca Roy Khan:<\/span><\/p>\n<\/div>\n<div data-hook=\"rcv-block20\"><\/div>\n<div data-breakout=\"normal\">\n<div id=\"viewer-2r17d106143\" class=\"qLu9J fi-3d xFXGd nL1m6\"><span class=\"tLgi0\">\u00a0<\/span><\/div>\n<\/div>\n<div data-hook=\"rcv-block21\"><\/div>\n<div data-breakout=\"normal\">\n<p id=\"viewer-dq5v6102279\" class=\"qLu9J fi-3d xFXGd _6-rbz nL1m6\"><em><span class=\"tLgi0\">\u201cMal posso esperar para revisitar a Am\u00e9rica Latina com o Conception e tocar para os possivelmente melhores f\u00e3s do mundo! Esta ser\u00e1 realmente uma grande experi\u00eancia para todos n\u00f3s! At\u00e9 l\u00e1!\u201d<\/span><\/em><\/p>\n<\/div>\n<div data-hook=\"rcv-block22\"><\/div>\n<div data-breakout=\"normal\">\n<div id=\"viewer-zhkkx106368\" class=\"qLu9J fi-3d xFXGd nL1m6\"><span class=\"tLgi0\">\u00a0<\/span><\/div>\n<\/div>\n<div data-hook=\"rcv-block23\"><\/div>\n<div data-breakout=\"normal\">\n<p id=\"viewer-7ofvs102281\" class=\"qLu9J fi-3d xFXGd _6-rbz nL1m6\"><span class=\"tLgi0\">Depois de anos de feedback positivo dos f\u00e3s nesta regi\u00e3o, o guitarrista Tore \u00d8stby diz que ficaram emocionados quando a <strong>Far Music Entertainment<\/strong> entrou em contato:<\/span><\/p>\n<\/div>\n<div data-hook=\"rcv-block24\"><\/div>\n<div data-breakout=\"normal\">\n<div id=\"viewer-3d7wa107739\" class=\"qLu9J fi-3d xFXGd nL1m6\"><span class=\"tLgi0\">\u00a0<\/span><\/div>\n<\/div>\n<div data-hook=\"rcv-block25\"><\/div>\n<div data-breakout=\"normal\">\n<p id=\"viewer-yscin102283\" class=\"qLu9J fi-3d xFXGd _6-rbz nL1m6\"><em><span class=\"tLgi0\">\u201cEstou ansioso para encontrar nossos f\u00e3s, sentir a energia e buscar inspira\u00e7\u00e3o na cultura fant\u00e1stica e rica do Brasil, Chile e M\u00e9xico!\u201c<\/span><\/em><\/p>\n<\/div>\n<div data-hook=\"rcv-block26\"><\/div>\n<div data-breakout=\"normal\">\n<div id=\"viewer-ryqv8107077\" class=\"qLu9J fi-3d xFXGd nL1m6\"><span class=\"tLgi0\">\u00a0<\/span><\/div>\n<\/div>\n<div data-hook=\"rcv-block27\"><\/div>\n<div data-breakout=\"normal\">\n<p id=\"viewer-ed2fi102285\" class=\"qLu9J fi-3d xFXGd _6-rbz nL1m6\"><span class=\"tLgi0\">A realiza\u00e7\u00e3o desta in\u00e9dita e aguardada turn\u00ea do Conception, \u00e9 da produtora brasileira Far Rock Music, com vasta experi\u00eancia em produ\u00e7\u00f5es no universo da m\u00fasica asi\u00e1tica e que agora inicia trabalhos no rock.<\/span><\/p>\n<p><img loading=\"lazy\" decoding=\"async\" class=\"alignnone size-full wp-image-20818\" src=\"http:\/\/heavymetalonline.com.br\/wp-content\/uploads\/2024\/02\/unnamed-3.png\" alt=\"\" width=\"1180\" height=\"1475\" srcset=\"http:\/\/heavymetalonline.com.br\/wp-content\/uploads\/2024\/02\/unnamed-3.png 1180w, http:\/\/heavymetalonline.com.br\/wp-content\/uploads\/2024\/02\/unnamed-3-240x300.png 240w, http:\/\/heavymetalonline.com.br\/wp-content\/uploads\/2024\/02\/unnamed-3-768x960.png 768w, http:\/\/heavymetalonline.com.br\/wp-content\/uploads\/2024\/02\/unnamed-3-819x1024.png 819w\" sizes=\"auto, (max-width: 1180px) 100vw, 1180px\" \/><\/p>\n<div data-breakout=\"normal\">\n<p id=\"viewer-hksy8102289\" class=\"qLu9J fi-3d xFXGd _6-rbz nL1m6\"><strong><span class=\"tLgi0\">SERVI\u00c7O<\/span><\/strong><\/p>\n<\/div>\n<div data-breakout=\"normal\">\n<p id=\"viewer-gv0a5102291\" class=\"qLu9J fi-3d xFXGd _6-rbz nL1m6\"><span class=\"tLgi0\">Conception em S\u00e3o Paulo<\/span><\/p>\n<\/div>\n<div data-breakout=\"normal\">\n<p id=\"viewer-2jhh0109115\" class=\"qLu9J fi-3d xFXGd _6-rbz nL1m6\"><span class=\"tLgi0\">Data: Domingo, 9 de Junho de 2024<\/span><\/p>\n<\/div>\n<div data-breakout=\"normal\">\n<p id=\"viewer-3ds84109407\" class=\"qLu9J fi-3d xFXGd _6-rbz nL1m6\"><span class=\"tLgi0\">Hor\u00e1rio: 19h (portas) | 21h (in\u00edcio)<\/span><\/p>\n<\/div>\n<div data-breakout=\"normal\">\n<p id=\"viewer-nmf0l109671\" class=\"qLu9J fi-3d xFXGd _6-rbz nL1m6\"><span class=\"tLgi0\">Local: Carioca Club<\/span><\/p>\n<\/div>\n<div data-breakout=\"normal\">\n<p id=\"viewer-hqt6v109942\" class=\"qLu9J fi-3d xFXGd _6-rbz nL1m6\"><span class=\"tLgi0\">Endere\u00e7o: Rua Cardeal Arcoverde, 2899 &#8211; Pinheiros &#8211; S\u00e3o Paulo, SP<\/span><\/p>\n<\/div>\n<div data-breakout=\"normal\">\n<p id=\"viewer-a6l8w110373\" class=\"qLu9J fi-3d xFXGd _6-rbz nL1m6\"><span class=\"tLgi0\">Vendas: <a class=\"z-E-z _1i-uR\" href=\"https:\/\/www.clubedoingresso.com\/evento\/conception-sp\" target=\"_blank\" rel=\"noopener noreferrer\">https:\/\/www.clubedoingresso.com\/evento\/conception-sp<\/a><\/span><\/p>\n<\/div>\n<div data-hook=\"rcv-block38\"><\/div>\n<div data-breakout=\"normal\">\n<div id=\"viewer-98hiy110933\" class=\"qLu9J fi-3d xFXGd nL1m6\"><span class=\"tLgi0\">\u00a0<\/span><\/div>\n<\/div>\n<div data-hook=\"rcv-block39\"><\/div>\n<div data-breakout=\"normal\">\n<p id=\"viewer-2vj7z111184\" class=\"qLu9J fi-3d xFXGd _6-rbz nL1m6\"><strong><span class=\"tLgi0\">Ingresso:<\/span><\/strong><\/p>\n<\/div>\n<div data-breakout=\"normal\">\n<p id=\"viewer-k51a1111870\" class=\"qLu9J fi-3d xFXGd _6-rbz nL1m6\"><span class=\"tLgi0\">R$ 130,00; (1\u00ba Lote, Pista &#8211; Meia-entrada)<\/span><\/p>\n<\/div>\n<div data-breakout=\"normal\">\n<p id=\"viewer-30m2q113084\" class=\"qLu9J fi-3d xFXGd _6-rbz nL1m6\"><span class=\"tLgi0\">R$ 260,00 ( 1\u00ba Lote Pista &#8211; Inteira)<\/span><\/p>\n<\/div>\n<div data-breakout=\"normal\">\n<p id=\"viewer-l2dw4113439\" class=\"qLu9J fi-3d xFXGd _6-rbz nL1m6\"><span class=\"tLgi0\">R$ 165,00 (1\u00ba Lote, Camarote &#8211; Meia-entrada)<\/span><\/p>\n<\/div>\n<div data-breakout=\"normal\">\n<p id=\"viewer-c89hf113758\" class=\"qLu9J fi-3d xFXGd _6-rbz nL1m6\"><span class=\"tLgi0\">R$ 330,00 (1\u00ba Lote, Camarote &#8211; Inteira)<\/span><\/p>\n<\/div>\n<div data-hook=\"rcv-block44\"><\/div>\n<div data-breakout=\"normal\">\n<div id=\"viewer-vn5xp114084\" class=\"qLu9J fi-3d xFXGd nL1m6\"><span class=\"tLgi0\">\u00a0<\/span><\/div>\n<\/div>\n<div data-hook=\"rcv-block45\"><\/div>\n<div data-breakout=\"normal\">\n<p id=\"viewer-qrkze102296\" class=\"qLu9J fi-3d xFXGd _6-rbz nL1m6\"><strong><span class=\"tLgi0\">Conception em Santiago (Chile)<\/span><\/strong><\/p>\n<\/div>\n<div data-breakout=\"normal\">\n<p id=\"viewer-61tlk114416\" class=\"qLu9J fi-3d xFXGd _6-rbz nL1m6\"><span class=\"tLgi0\"><a class=\"z-E-z _1i-uR\" href=\"https:\/\/www.eventrid.cl\/eventos\/atenea\/conception-en-chile\" target=\"_blank\" rel=\"noopener noreferrer\">https:\/\/www.eventrid.cl\/eventos\/atenea\/conception-en-chile<\/a><\/span><\/p>\n<\/div>\n<div data-hook=\"rcv-block47\"><\/div>\n<div data-breakout=\"normal\">\n<div id=\"viewer-m53z0118065\" class=\"qLu9J fi-3d xFXGd nL1m6\"><span class=\"tLgi0\">\u00a0<\/span><\/div>\n<\/div>\n<div data-hook=\"rcv-block48\"><\/div>\n<div data-breakout=\"normal\">\n<p id=\"viewer-bp390114943\" class=\"qLu9J fi-3d xFXGd _6-rbz nL1m6\"><strong><span class=\"tLgi0\">Conception na Cidade do M\u00e9xico (M\u00e9xico)<\/span><\/strong><\/p>\n<\/div>\n<div data-breakout=\"normal\">\n<p id=\"viewer-hhlt4118407\" class=\"qLu9J fi-3d xFXGd _6-rbz nL1m6\"><span class=\"tLgi0\"><a class=\"z-E-z _1i-uR\" href=\"https:\/\/conception.bandzoogle.com\/home\" target=\"_blank\" rel=\"noopener noreferrer\">https:\/\/conception.bandzoogle.com\/home<\/a><\/span><\/p>\n<\/div>\n<div data-hook=\"rcv-block50\"><\/div>\n<div data-breakout=\"normal\">\n<div id=\"viewer-49gnh102543\" class=\"qLu9J fi-3d xFXGd nL1m6\"><span class=\"tLgi0\">\u00a0<\/span><\/div>\n<\/div>\n<div data-hook=\"rcv-block51\"><\/div>\n<div data-breakout=\"normal\">\n<p id=\"viewer-0ykxd102783\" class=\"qLu9J fi-3d xFXGd _6-rbz nL1m6\"><strong><span class=\"tLgi0\">Para mais informa\u00e7\u00f5es sobre a turn\u00ea<\/span><\/strong><\/p>\n<\/div>\n<div data-breakout=\"normal\">\n<p id=\"viewer-sh1sw102785\" class=\"qLu9J fi-3d xFXGd _6-rbz nL1m6\"><span class=\"tLgi0\">Produtora: <a class=\"z-E-z _1i-uR\" href=\"http:\/\/www.instagram.com\/farmusicent\" target=\"_blank\" rel=\"noopener noreferrer\">www.instagram.com\/farmusicent<\/a><\/span><\/p>\n<\/div>\n<div data-breakout=\"normal\">\n<p id=\"viewer-rrw8j102788\" class=\"qLu9J fi-3d xFXGd _6-rbz nL1m6\"><span class=\"tLgi0\">Banda: <a class=\"z-E-z _1i-uR\" href=\"http:\/\/www.instagram.com\/conceptionmusic\" target=\"_blank\" rel=\"noopener noreferrer\">www.instagram.com\/conceptionmusic<\/a><\/span><\/p>\n<\/div>\n<div data-hook=\"rcv-block54\"><\/div>\n<div data-breakout=\"normal\">\n<p id=\"viewer-pw3w5102791\" class=\"qLu9J fi-3d xFXGd _6-rbz nL1m6\"><span class=\"tLgi0\">Assessoria de imprensa: <a class=\"z-E-z _1i-uR\" href=\"http:\/\/www.instagram.com\/tedesco.com.midia\" target=\"_blank\" rel=\"noopener noreferrer\">www.instagram.com\/tedesco.com.midia<\/a><\/span><\/p>\n<\/div>\n<\/div>\n","protected":false},"excerpt":{"rendered":"<p>O quarteto prog\/heavy metal Conception, da Noruega, que \u00e9 a banda original do mundialmente consagrado vocalista Roy Khan (ex-Kamelot) e do guitarrista Tore \u00d8stby (Ark, Avantasia), remarcou a in\u00e9dita turn\u00ea latino-americana de mar\u00e7o para junho deste ano. Com a mudan\u00e7a, a apresenta\u00e7\u00e3o em S\u00e3o Paulo agora ser\u00e1 no dia 9\/06, no Carioca Club. Os ingressos [&hellip;]<\/p>\n","protected":false},"author":12,"featured_media":19793,"comment_status":"closed","ping_status":"open","sticky":false,"template":"","format":"standard","meta":{"footnotes":""},"categories":[4],"tags":[],"class_list":["post-20817","post","type-post","status-publish","format-standard","has-post-thumbnail","hentry","category-noticias"],"_links":{"self":[{"href":"http:\/\/heavymetalonline.com.br\/index.php?rest_route=\/wp\/v2\/posts\/20817","targetHints":{"allow":["GET"]}}],"collection":[{"href":"http:\/\/heavymetalonline.com.br\/index.php?rest_route=\/wp\/v2\/posts"}],"about":[{"href":"http:\/\/heavymetalonline.com.br\/index.php?rest_route=\/wp\/v2\/types\/post"}],"author":[{"embeddable":true,"href":"http:\/\/heavymetalonline.com.br\/index.php?rest_route=\/wp\/v2\/users\/12"}],"replies":[{"embeddable":true,"href":"http:\/\/heavymetalonline.com.br\/index.php?rest_route=%2Fwp%2Fv2%2Fcomments&post=20817"}],"version-history":[{"count":1,"href":"http:\/\/heavymetalonline.com.br\/index.php?rest_route=\/wp\/v2\/posts\/20817\/revisions"}],"predecessor-version":[{"id":20819,"href":"http:\/\/heavymetalonline.com.br\/index.php?rest_route=\/wp\/v2\/posts\/20817\/revisions\/20819"}],"wp:featuredmedia":[{"embeddable":true,"href":"http:\/\/heavymetalonline.com.br\/index.php?rest_route=\/wp\/v2\/media\/19793"}],"wp:attachment":[{"href":"http:\/\/heavymetalonline.com.br\/index.php?rest_route=%2Fwp%2Fv2%2Fmedia&parent=20817"}],"wp:term":[{"taxonomy":"category","embeddable":true,"href":"http:\/\/heavymetalonline.com.br\/index.php?rest_route=%2Fwp%2Fv2%2Fcategories&post=20817"},{"taxonomy":"post_tag","embeddable":true,"href":"http:\/\/heavymetalonline.com.br\/index.php?rest_route=%2Fwp%2Fv2%2Ftags&post=20817"}],"curies":[{"name":"wp","href":"https:\/\/api.w.org\/{rel}","templated":true}]}}