{"id":20943,"date":"2024-02-27T14:33:46","date_gmt":"2024-02-27T14:33:46","guid":{"rendered":"http:\/\/heavymetalonline.com.br\/?p=20943"},"modified":"2024-02-27T14:33:46","modified_gmt":"2024-02-27T14:33:46","slug":"angra-confirma-apresentacao-acustica-historica-no-espaco-unimed-em-sao-paulo","status":"publish","type":"post","link":"http:\/\/heavymetalonline.com.br\/?p=20943","title":{"rendered":"Angra confirma apresenta\u00e7\u00e3o ac\u00fastica hist\u00f3rica no Espa\u00e7o Unimed em S\u00e3o Paulo"},"content":{"rendered":"<p><img loading=\"lazy\" decoding=\"async\" class=\"alignnone size-full wp-image-20037\" src=\"http:\/\/heavymetalonline.com.br\/wp-content\/uploads\/2024\/01\/angra-2023-foto-marcos-hermes1.jpg\" alt=\"\" width=\"1024\" height=\"683\" srcset=\"http:\/\/heavymetalonline.com.br\/wp-content\/uploads\/2024\/01\/angra-2023-foto-marcos-hermes1.jpg 1024w, http:\/\/heavymetalonline.com.br\/wp-content\/uploads\/2024\/01\/angra-2023-foto-marcos-hermes1-300x200.jpg 300w, http:\/\/heavymetalonline.com.br\/wp-content\/uploads\/2024\/01\/angra-2023-foto-marcos-hermes1-768x512.jpg 768w\" sizes=\"auto, (max-width: 1024px) 100vw, 1024px\" \/><\/p>\n<div data-breakout=\"normal\">\n<pre id=\"viewer-sqcgj5653\" class=\"_1vXeK R4W5y xFXGd _6-rbz\"><span class=\"\">Foto: Marcos Hermes <\/span><\/pre>\n<p id=\"viewer-3ps6h5154\" class=\"qLu9J fi-3d xFXGd _6-rbz nL1m6\"><span class=\"tLgi0\">Um dos maiores nomes da m\u00fasica brasileira em \u00e2mbito mundial, o<strong> Angra<\/strong> leva seu show ac\u00fastico para o palco de uma das maiores e conceituadas casas de shows do Brasil, o<strong> Espa\u00e7o Unimed<\/strong>, em S\u00e3o Paulo, no dia 17 de agosto. A apresenta\u00e7\u00e3o trar\u00e1 a mesma estrutura majestosa apresentada pela banda em Curitiba, em 2023, que foi gravada e ser\u00e1 lan\u00e7ada ainda este ano.<\/span><\/p>\n<\/div>\n<div data-hook=\"rcv-block4\"><\/div>\n<div data-breakout=\"normal\">\n<div id=\"viewer-46tm0210\" class=\"qLu9J fi-3d xFXGd nL1m6\"><span class=\"tLgi0\">\u00a0<\/span><\/div>\n<\/div>\n<div data-hook=\"rcv-block5\"><\/div>\n<div data-breakout=\"normal\">\n<p id=\"viewer-uizr673\" class=\"qLu9J fi-3d xFXGd _6-rbz nL1m6\"><span class=\"tLgi0\">A ic\u00f4nica apresenta\u00e7\u00e3o de um dos baluartes da m\u00fasica brasileira trar\u00e1, al\u00e9m dos cinco integrantes interpretando cl\u00e1ssicos em roupagem desplugada, uma orquestra e m\u00fasicos convidados especiais, que em breve ser\u00e3o divulgados.<\/span><\/p>\n<\/div>\n<p>&nbsp;<\/p>\n<div data-hook=\"rcv-block6\">\u00a0O an\u00fancio foi feito pelas redes sociais da produtora<strong> Top Link Music<\/strong> e do <strong>Angra<\/strong>:<\/div>\n<div data-breakout=\"normal\">\n<div id=\"viewer-1cmj6852\" class=\"qLu9J fi-3d xFXGd nL1m6\"><span class=\"tLgi0\">\u00a0<\/span><\/div>\n<\/div>\n<div data-hook=\"rcv-block7\"><\/div>\n<div data-breakout=\"normal\"><\/div>\n<blockquote class=\"instagram-media\" style=\"background: #FFF; border: 0; border-radius: 3px; box-shadow: 0 0 1px 0 rgba(0,0,0,0.5),0 1px 10px 0 rgba(0,0,0,0.15); margin: 1px; max-width: 540px; min-width: 326px; padding: 0; width: calc(100% - 2px);\" data-instgrm-captioned=\"\" data-instgrm-permalink=\"https:\/\/www.instagram.com\/p\/C32TScAAiyp\/?utm_source=ig_embed&amp;utm_campaign=loading\" data-instgrm-version=\"14\">\n<div style=\"padding: 16px;\">\n<p>&nbsp;<\/p>\n<div style=\"display: flex; flex-direction: row; align-items: center;\"><\/div>\n<div style=\"padding: 19% 0;\"><\/div>\n<div style=\"display: block; height: 50px; margin: 0 auto 12px; width: 50px;\"><\/div>\n<div style=\"padding-top: 8px;\">\n<div style=\"color: #3897f0; font-family: Arial,sans-serif; font-size: 14px; font-style: normal; font-weight: 550; line-height: 18px;\">Ver essa foto no Instagram<\/div>\n<\/div>\n<div style=\"padding: 12.5% 0;\"><\/div>\n<div style=\"display: flex; flex-direction: row; margin-bottom: 14px; align-items: center;\"><\/div>\n<div style=\"display: flex; flex-direction: column; flex-grow: 1; justify-content: center; margin-bottom: 24px;\"><\/div>\n<p>&nbsp;<\/p>\n<p style=\"color: #c9c8cd; font-family: Arial,sans-serif; font-size: 14px; line-height: 17px; margin-bottom: 0; margin-top: 8px; overflow: hidden; padding: 8px 0 7px; text-align: center; text-overflow: ellipsis; white-space: nowrap;\"><a style=\"color: #c9c8cd; font-family: Arial,sans-serif; font-size: 14px; font-style: normal; font-weight: normal; line-height: 17px; text-decoration: none;\" href=\"https:\/\/www.instagram.com\/p\/C32TScAAiyp\/?utm_source=ig_embed&amp;utm_campaign=loading\" target=\"_blank\" rel=\"noopener\">Uma publica\u00e7\u00e3o compartilhada por Angra (@angraofficial)<\/a><\/p>\n<\/div>\n<\/blockquote>\n<p>&nbsp;<\/p>\n<p><script async src=\"\/\/www.instagram.com\/embed.js\"><\/script><\/p>\n<div data-breakout=\"normal\">\n<p id=\"viewer-8ods076\" class=\"qLu9J fi-3d xFXGd _6-rbz nL1m6\"><span class=\"tLgi0\">Explorar a m\u00fasica em todos os seus caminhos nunca foi uma novidade para o Angra. Em mais de 30 anos de carreira, o grupo sempre flertou com diversos estilos musicais e com o ac\u00fastico, que resultaram em registros hist\u00f3ricos, como a apresenta\u00e7\u00e3o realizada na FNAC francesa nos anos 1990, cujas algumas faixas foram lan\u00e7adas oficialmente como b\u00f4nus no cl\u00e1ssico EP Freedom Call, sem contar faixas espec\u00edficas no decorrer da discografia de est\u00fadio do grupo.<\/span><\/p>\n<\/div>\n<div data-hook=\"rcv-block13\"><\/div>\n<div data-breakout=\"normal\">\n<div id=\"viewer-qu6uj3460\" class=\"qLu9J fi-3d xFXGd nL1m6\"><span class=\"tLgi0\">\u00a0<\/span><\/div>\n<\/div>\n<div data-hook=\"rcv-block14\"><\/div>\n<div data-breakout=\"normal\">\n<p id=\"viewer-is97578\" class=\"qLu9J fi-3d xFXGd _6-rbz nL1m6\"><span class=\"tLgi0\">O guitarrista e fundador do quinteto, Rafael Bittencourt, comenta: <em>\u201cNossa ideia \u00e9 mostrar as m\u00fasicas em sua ess\u00eancia, despidas dos estere\u00f3tipos do heavy metal, bumbos r\u00e1pidos, solos de guitarra e agudos incr\u00edveis. Mesmo sem esses elementos, que s\u00e3o marcantes em nosso estilo, as m\u00fasicas permanecem boas, ricas com suas harmonias, melodias e letras. N\u00e3o exclusivamente com instrumentos ac\u00fasticos, mas vers\u00f5es suaves e elegantes das m\u00fasicas do Angra\u201d<\/em>.<\/span><\/p>\n<\/div>\n<div data-hook=\"rcv-block15\"><\/div>\n<div data-breakout=\"normal\">\n<div id=\"viewer-u88h93644\" class=\"qLu9J fi-3d xFXGd nL1m6\"><span class=\"tLgi0\">\u00a0<\/span><\/div>\n<\/div>\n<div data-hook=\"rcv-block16\"><\/div>\n<div data-breakout=\"normal\">\n<p id=\"viewer-cecnn80\" class=\"qLu9J fi-3d xFXGd _6-rbz nL1m6\"><span class=\"tLgi0\">A venda de ingressos come\u00e7a na quinta-feira, 29 de fevereiro, \u00e0s 12 horas, pela plataforma Ticket 360.<\/span><\/p>\n<p><img loading=\"lazy\" decoding=\"async\" class=\"alignnone size-full wp-image-20944\" src=\"http:\/\/heavymetalonline.com.br\/wp-content\/uploads\/2024\/02\/Angra-Unpluged-flyer.jpeg\" alt=\"\" width=\"849\" height=\"1061\" srcset=\"http:\/\/heavymetalonline.com.br\/wp-content\/uploads\/2024\/02\/Angra-Unpluged-flyer.jpeg 849w, http:\/\/heavymetalonline.com.br\/wp-content\/uploads\/2024\/02\/Angra-Unpluged-flyer-240x300.jpeg 240w, http:\/\/heavymetalonline.com.br\/wp-content\/uploads\/2024\/02\/Angra-Unpluged-flyer-768x960.jpeg 768w, http:\/\/heavymetalonline.com.br\/wp-content\/uploads\/2024\/02\/Angra-Unpluged-flyer-819x1024.jpeg 819w\" sizes=\"auto, (max-width: 849px) 100vw, 849px\" \/><\/p>\n<div data-breakout=\"normal\">\n<p id=\"viewer-fi00b82\" class=\"qLu9J fi-3d xFXGd _6-rbz nL1m6\"><strong><span class=\"tLgi0\">Servi\u00e7o<\/span><\/strong><\/p>\n<\/div>\n<div data-breakout=\"normal\">\n<p id=\"viewer-6818y84\" class=\"qLu9J fi-3d xFXGd _6-rbz nL1m6\"><span class=\"tLgi0\">Ac\u00fastico do Angra em S\u00e3o Paulo<\/span><\/p>\n<\/div>\n<div data-breakout=\"normal\">\n<p id=\"viewer-ajqwy86\" class=\"qLu9J fi-3d xFXGd _6-rbz nL1m6\"><span class=\"tLgi0\">Data: 17 de agosto de 2024 (s\u00e1bado)<\/span><\/p>\n<\/div>\n<div data-breakout=\"normal\">\n<p id=\"viewer-537jy88\" class=\"qLu9J fi-3d xFXGd _6-rbz nL1m6\"><span class=\"tLgi0\">Local: Espa\u00e7o Unimed<\/span><\/p>\n<\/div>\n<div data-breakout=\"normal\">\n<p id=\"viewer-xd2xv90\" class=\"qLu9J fi-3d xFXGd _6-rbz nL1m6\"><span class=\"tLgi0\">Endere\u00e7o: R. Tagipuru, 795 &#8211; Barra Funda<\/span><\/p>\n<\/div>\n<div data-breakout=\"normal\">\n<p id=\"viewer-ure0692\" class=\"qLu9J fi-3d xFXGd _6-rbz nL1m6\"><span class=\"tLgi0\">Ingressos: a partir de R$ 80<\/span><\/p>\n<\/div>\n<div data-breakout=\"normal\">\n<p id=\"viewer-tg97994\" class=\"qLu9J fi-3d xFXGd _6-rbz nL1m6\"><span class=\"tLgi0\">Venda online\/Informa\u00e7\u00f5es: <a class=\"z-E-z _1i-uR\" href=\"https:\/\/www.ticket360.com.br\/\" target=\"_blank\" rel=\"noopener noreferrer\">https:\/\/www.ticket360.com.br\/<\/a><\/span><\/p>\n<\/div>\n<div data-hook=\"rcv-block27\"><\/div>\n<div data-breakout=\"normal\">\n<div id=\"viewer-a4kpo97\" class=\"qLu9J fi-3d xFXGd nL1m6\"><span class=\"tLgi0\">\u00a0<\/span><\/div>\n<\/div>\n<div data-hook=\"rcv-block28\"><\/div>\n<div data-breakout=\"normal\">\n<p id=\"viewer-waglp99\" class=\"qLu9J fi-3d xFXGd _6-rbz nL1m6\"><strong><span class=\"tLgi0\">Assessoria: Top Link Music<\/span><\/strong><\/p>\n<\/div>\n<div data-breakout=\"normal\">\n<p id=\"viewer-tvkqg101\" class=\"qLu9J fi-3d xFXGd _6-rbz nL1m6\"><span class=\"tLgi0\">Isabele Miranda\/ Cl\u00f3vis Roman<\/span><\/p>\n<\/div>\n<\/div>\n","protected":false},"excerpt":{"rendered":"<p>Foto: Marcos Hermes Um dos maiores nomes da m\u00fasica brasileira em \u00e2mbito mundial, o Angra leva seu show ac\u00fastico para o palco de uma das maiores e conceituadas casas de shows do Brasil, o Espa\u00e7o Unimed, em S\u00e3o Paulo, no dia 17 de agosto. A apresenta\u00e7\u00e3o trar\u00e1 a mesma estrutura majestosa apresentada pela banda em [&hellip;]<\/p>\n","protected":false},"author":12,"featured_media":20037,"comment_status":"closed","ping_status":"open","sticky":false,"template":"","format":"standard","meta":{"footnotes":""},"categories":[4],"tags":[],"class_list":["post-20943","post","type-post","status-publish","format-standard","has-post-thumbnail","hentry","category-noticias"],"_links":{"self":[{"href":"http:\/\/heavymetalonline.com.br\/index.php?rest_route=\/wp\/v2\/posts\/20943","targetHints":{"allow":["GET"]}}],"collection":[{"href":"http:\/\/heavymetalonline.com.br\/index.php?rest_route=\/wp\/v2\/posts"}],"about":[{"href":"http:\/\/heavymetalonline.com.br\/index.php?rest_route=\/wp\/v2\/types\/post"}],"author":[{"embeddable":true,"href":"http:\/\/heavymetalonline.com.br\/index.php?rest_route=\/wp\/v2\/users\/12"}],"replies":[{"embeddable":true,"href":"http:\/\/heavymetalonline.com.br\/index.php?rest_route=%2Fwp%2Fv2%2Fcomments&post=20943"}],"version-history":[{"count":1,"href":"http:\/\/heavymetalonline.com.br\/index.php?rest_route=\/wp\/v2\/posts\/20943\/revisions"}],"predecessor-version":[{"id":20945,"href":"http:\/\/heavymetalonline.com.br\/index.php?rest_route=\/wp\/v2\/posts\/20943\/revisions\/20945"}],"wp:featuredmedia":[{"embeddable":true,"href":"http:\/\/heavymetalonline.com.br\/index.php?rest_route=\/wp\/v2\/media\/20037"}],"wp:attachment":[{"href":"http:\/\/heavymetalonline.com.br\/index.php?rest_route=%2Fwp%2Fv2%2Fmedia&parent=20943"}],"wp:term":[{"taxonomy":"category","embeddable":true,"href":"http:\/\/heavymetalonline.com.br\/index.php?rest_route=%2Fwp%2Fv2%2Fcategories&post=20943"},{"taxonomy":"post_tag","embeddable":true,"href":"http:\/\/heavymetalonline.com.br\/index.php?rest_route=%2Fwp%2Fv2%2Ftags&post=20943"}],"curies":[{"name":"wp","href":"https:\/\/api.w.org\/{rel}","templated":true}]}}