{"id":20946,"date":"2024-02-27T17:49:38","date_gmt":"2024-02-27T17:49:38","guid":{"rendered":"http:\/\/heavymetalonline.com.br\/?p=20946"},"modified":"2024-02-27T17:53:06","modified_gmt":"2024-02-27T17:53:06","slug":"eloy-casagrande-sai-do-sepultura-as-vesperas-da-celebrating-life-through-death","status":"publish","type":"post","link":"http:\/\/heavymetalonline.com.br\/?p=20946","title":{"rendered":"Eloy Casagrande sai do Sepultura \u00e0s v\u00e9speras da &#8220;Celebrating life through death&#8221;"},"content":{"rendered":"<p><img loading=\"lazy\" decoding=\"async\" class=\"alignnone size-full wp-image-20949\" src=\"http:\/\/heavymetalonline.com.br\/wp-content\/uploads\/2024\/02\/WhatsApp-Image-2024-02-27-at-13.12.15.jpeg\" alt=\"\" width=\"1600\" height=\"1279\" srcset=\"http:\/\/heavymetalonline.com.br\/wp-content\/uploads\/2024\/02\/WhatsApp-Image-2024-02-27-at-13.12.15.jpeg 1600w, http:\/\/heavymetalonline.com.br\/wp-content\/uploads\/2024\/02\/WhatsApp-Image-2024-02-27-at-13.12.15-300x240.jpeg 300w, http:\/\/heavymetalonline.com.br\/wp-content\/uploads\/2024\/02\/WhatsApp-Image-2024-02-27-at-13.12.15-768x614.jpeg 768w, http:\/\/heavymetalonline.com.br\/wp-content\/uploads\/2024\/02\/WhatsApp-Image-2024-02-27-at-13.12.15-1024x819.jpeg 1024w\" sizes=\"auto, (max-width: 1600px) 100vw, 1600px\" \/><\/p>\n<div data-breakout=\"normal\">\n<pre id=\"viewer-1hze6163292\" class=\"_1vXeK R4W5y xFXGd _6-rbz\"><span class=\"\">Cr\u00e9dito da foto: Anderson Hildebrando\/Metal no Papel<\/span><\/pre>\n<p style=\"text-align: center;\"><em>O baterista Greyson Nekrutman \u00e9 anunciado para honrar o legado da banda na turn\u00ea de despedida &#8220;Celebrating Life through Death<\/em><\/p>\n<p id=\"viewer-k01sh194697\" class=\"qLu9J fi-3d xFXGd _6-rbz nL1m6\"><span class=\"tLgi0\">O<strong> Sepultura<\/strong> tem um compromisso com os seus f\u00e3s de entregar uma turn\u00ea \u2013 ao longo dos pr\u00f3ximos 18 meses \u2013 que vai celebrar os 40 anos da banda e tamb\u00e9m a sua despedida dos palcos. Intitulada<strong> &#8220;Celebrating life through death&#8221;<\/strong>, a tour, como bem definiu o grupo no momento do an\u00fancio, \u00e9 uma &#8220;morte consciente e planejada&#8221;. Por mais que soe po\u00e9tica, essa foi tamb\u00e9m a maneira de dizer ao p\u00fablico que muitas conversas aconteceram para essa tomada de decis\u00e3o. Uma turn\u00ea dessa magnitude s\u00f3 sai do papel diante do comprometimento, da \u00e9tica e da lealdade dos integrantes com os seus f\u00e3s, al\u00e9m do respeito com a hist\u00f3ria da banda \u2013 algo que Andreas Kisser, Derrick Green e Paulo Xisto t\u00eam como prioridade. Dito isso, o Sepultura anuncia um novo baterista para honrar a trajet\u00f3ria e o legado do grupo, o americano Greyson Nekrutman, que assume as baquetas no lugar de Eloy Casagrande. <\/span><\/p>\n<\/div>\n<div data-hook=\"rcv-block5\"><\/div>\n<div data-breakout=\"normal\">\n<div id=\"viewer-2urhm129510\" class=\"qLu9J fi-3d xFXGd nL1m6\"><span class=\"tLgi0\">\u00a0<\/span><\/div>\n<\/div>\n<div data-hook=\"rcv-block6\"><\/div>\n<div data-breakout=\"normal\">\n<p id=\"viewer-x0ho4130484\" class=\"qLu9J fi-3d xFXGd _6-rbz nL1m6\"><span class=\"tLgi0\">Confira comunicado a seguir:<\/span><\/p>\n<\/div>\n<div data-breakout=\"normal\">\n<p id=\"viewer-yvkk377\" class=\"qLu9J fi-3d xFXGd _6-rbz nL1m6\"><em><span class=\"tLgi0\">&#8220;Depois de 2 anos de concep\u00e7\u00e3o e muito trabalho, que envolve a banda, os empres\u00e1rios, a equipe de roadies, gravadoras, advogados, promotores locais e agentes de viagem\u2026<\/span><\/em><\/p>\n<\/div>\n<div data-hook=\"rcv-block8\"><em>\u00a0<\/em><\/div>\n<div data-breakout=\"normal\">\n<p id=\"viewer-y1hwh79\" class=\"qLu9J fi-3d xFXGd _6-rbz nL1m6\"><em><span class=\"tLgi0\">Depois de firmar um acordo com a 30e no Brasil e a Cobra Agency no resto do mundo para anunciar uma tour de despedida, an\u00fancio feito no dia 8 de Dezembro de 2023, para celebrar 40 anos de hist\u00f3ria intitulada \u201cCelebrating Life through Death\u201d&#8230;<\/span><\/em><\/p>\n<\/div>\n<div data-hook=\"rcv-block9\"><em>\u00a0<\/em><\/div>\n<div data-breakout=\"normal\">\n<p id=\"viewer-qnipz81\" class=\"qLu9J fi-3d xFXGd _6-rbz nL1m6\"><em><span class=\"tLgi0\">Depois de abrir as vendas dos ingressos e de ter tido uma resposta maravilhosa dos nossos f\u00e3s, esgotando v\u00e1rias pra\u00e7as pelo mundo, abrindo novas datas e criando uma expectativa m\u00e1gica e muito positiva\u2026<\/span><\/em><\/p>\n<\/div>\n<div data-hook=\"rcv-block10\"><em>\u00a0<\/em><\/div>\n<div data-breakout=\"normal\">\n<p id=\"viewer-o1z4n83\" class=\"qLu9J fi-3d xFXGd _6-rbz nL1m6\"><em><span class=\"tLgi0\">Depois dos ensaios marcados e confirmados, de toda a estrutura pronta para encarar os pr\u00f3ximos 18 meses de shows e celebra\u00e7\u00f5es\u2026<\/span><\/em><\/p>\n<\/div>\n<div data-hook=\"rcv-block11\"><em>\u00a0<\/em><\/div>\n<div data-breakout=\"normal\">\n<p id=\"viewer-lu14185\" class=\"qLu9J fi-3d xFXGd _6-rbz nL1m6\"><em><span class=\"tLgi0\">No \u00faltimo dia 6 de Fevereiro, em uma reuni\u00e3o extraordin\u00e1ria, o baterista Eloy Casagrande comunicou \u00e0 banda e aos empres\u00e1rios que est\u00e1 se desligando do Sepultura pra seguir carreira em outro projeto.\u00a0<\/span><\/em><\/p>\n<\/div>\n<div data-hook=\"rcv-block12\"><em>\u00a0<\/em><\/div>\n<div data-breakout=\"normal\">\n<p id=\"viewer-zyp3l87\" class=\"qLu9J fi-3d xFXGd _6-rbz nL1m6\"><em><span class=\"tLgi0\">Fomos pegos de surpresa, sem aviso pr\u00e9vio ou qualquer tipo de debate sobre como fazer a transi\u00e7\u00e3o. A comunica\u00e7\u00e3o foi feita e ele se desligou imediatamente da banda, abandonando tudo relacionado ao Sepultura.\u00a0<\/span><\/em><\/p>\n<\/div>\n<div data-hook=\"rcv-block13\"><em>\u00a0<\/em><\/div>\n<div data-breakout=\"normal\">\n<p id=\"viewer-iwm3e89\" class=\"qLu9J fi-3d xFXGd _6-rbz nL1m6\"><em><span class=\"tLgi0\">A nossa hist\u00f3ria \u00e9 feita de desafios e s\u00e3o eles que alimentam nossa criatividade e determina\u00e7\u00e3o. N\u00e3o seria agora, depois de tudo que passamos nesses 40 anos, que iriamos desistir, pelo contr\u00e1rio!<\/span><\/em><\/p>\n<\/div>\n<div data-hook=\"rcv-block14\"><em>\u00a0<\/em><\/div>\n<div data-breakout=\"normal\">\n<p id=\"viewer-c40gj91\" class=\"qLu9J fi-3d xFXGd _6-rbz nL1m6\"><em><span class=\"tLgi0\">Sendo assim, estamos muito felizes em anunciar o espetacular baterista Greyson Nekrutman, que ser\u00e1 o nosso parceiro nas baquetas para honrar o compromisso que temos com a Sepulnation e com todos que fazem parte desta celebra\u00e7\u00e3o!<\/span><\/em><\/p>\n<\/div>\n<div data-hook=\"rcv-block15\"><em>\u00a0<\/em><\/div>\n<div data-breakout=\"normal\">\n<p id=\"viewer-jb1u193\" class=\"qLu9J fi-3d xFXGd _6-rbz nL1m6\"><em><span class=\"tLgi0\">Sempre fortes e unidos na energia positiva de respeito e gratid\u00e3o.\u00a0<\/span><\/em><\/p>\n<\/div>\n<div data-hook=\"rcv-block16\"><em>\u00a0<\/em><\/div>\n<div data-breakout=\"normal\">\n<p id=\"viewer-sbifj95\" class=\"qLu9J fi-3d xFXGd _6-rbz nL1m6\"><span class=\"tLgi0\"><em>Nos vemos na estrada! Vamos celebrar,<\/em>\u00a0<strong>Andreas Kisser, Derrick Green e Paulo Xisto<\/strong><\/span><\/p>\n<p><img loading=\"lazy\" decoding=\"async\" class=\"alignnone size-full wp-image-20950\" src=\"http:\/\/heavymetalonline.com.br\/wp-content\/uploads\/2024\/02\/unnamed-22.jpg\" alt=\"\" width=\"384\" height=\"576\" srcset=\"http:\/\/heavymetalonline.com.br\/wp-content\/uploads\/2024\/02\/unnamed-22.jpg 384w, http:\/\/heavymetalonline.com.br\/wp-content\/uploads\/2024\/02\/unnamed-22-200x300.jpg 200w\" sizes=\"auto, (max-width: 384px) 100vw, 384px\" \/><\/p>\n<div data-breakout=\"normal\">\n<pre id=\"viewer-jhxjn217876\" class=\"_1vXeK R4W5y xFXGd _6-rbz\"><span class=\"\">Cr\u00e9ditos: Divulga\u00e7\u00e3o\/30e<\/span><\/pre>\n<p id=\"viewer-58jv599\" class=\"qLu9J fi-3d xFXGd _6-rbz nL1m6\"><span class=\"tLgi0\">O baterista Greyson Nekrutman complementa:<\/span><\/p>\n<\/div>\n<div data-breakout=\"normal\">\n<p id=\"viewer-16ug0105\" class=\"qLu9J fi-3d xFXGd _6-rbz nL1m6\"><em><span class=\"tLgi0\">\u201cHoje expresso minha sincera gratid\u00e3o pela incr\u00edvel oportunidade de me juntar aos lend\u00e1rios integrantes do Sepultura em sua turn\u00ea de despedida. Contribuir para esse legado \u00e9 um privil\u00e9gio que me enche de honra e entusiasmo. A abordagem destemida do Sepultura para explorar novos territ\u00f3rios na esfera do metal \u00e9 algo que eu sempre admirei e usei como inspira\u00e7\u00e3o em minhas pr\u00f3prias empreitadas musicais. Estou ansioso para somar \u00e0 arte da banda, para me conectar com os f\u00e3s que sempre apoiaram o Sepultura durante sua evolu\u00e7\u00e3o e tamb\u00e9m para criar novas experi\u00eancias eletrizantes no palco. Um brinde aos novos cap\u00edtulos que escreveremos, aos palcos que conquistaremos e \u00e0 poderosa m\u00fasica que vamos apresentar em todo planeta\u201d.<\/span><\/em><\/p>\n<\/div>\n<div data-hook=\"rcv-block22\"><\/div>\n<div data-breakout=\"normal\">\n<div id=\"viewer-rzvmx4273\" class=\"qLu9J fi-3d xFXGd nL1m6\"><span class=\"tLgi0\">\u00a0<\/span><\/div>\n<\/div>\n<div data-hook=\"rcv-block23\"><\/div>\n<div data-breakout=\"normal\">\n<p id=\"viewer-otyx0107\" class=\"qLu9J fi-3d xFXGd _6-rbz nL1m6\"><span class=\"tLgi0\">No Brasil, a turn\u00ea <strong>&#8220;Celebrating life through death&#8221;<\/strong> ter\u00e1 realiza\u00e7\u00e3o da 30e e tem estreia marcada para 1 de mar\u00e7o, com ingressos esgotados, em Belo Horizonte. Confira as datas da turn\u00ea:<\/span><\/p>\n<\/div>\n<div data-hook=\"rcv-block24\"><\/div>\n<div data-breakout=\"normal\">\n<div id=\"viewer-86p084671\" class=\"qLu9J fi-3d xFXGd nL1m6\"><span class=\"tLgi0\">\u00a0<\/span><\/div>\n<\/div>\n<div data-hook=\"rcv-block25\"><\/div>\n<div data-breakout=\"normal\">\n<p id=\"viewer-h5gpg109\" class=\"qLu9J fi-3d xFXGd _6-rbz nL1m6\"><strong><span class=\"tLgi0\">SEPULTURA<\/span><\/strong><\/p>\n<\/div>\n<div data-breakout=\"normal\">\n<p id=\"viewer-4h3gf5342\" class=\"qLu9J fi-3d xFXGd _6-rbz nL1m6\"><strong><span class=\"tLgi0\">Turn\u00ea de despedida &#8211; Celebrating life through death<\/span><\/strong><\/p>\n<\/div>\n<div data-breakout=\"normal\">\n<p id=\"viewer-tke0w5792\" class=\"qLu9J fi-3d xFXGd _6-rbz nL1m6\"><strong><span class=\"tLgi0\">Produ\u00e7\u00e3o: 30e<\/span><\/strong><\/p>\n<p><img loading=\"lazy\" decoding=\"async\" class=\"alignnone size-full wp-image-20947\" src=\"http:\/\/heavymetalonline.com.br\/wp-content\/uploads\/2024\/02\/WhatsApp-Image-2024-02-27-at-13.37.14.jpeg\" alt=\"\" width=\"600\" height=\"600\" srcset=\"http:\/\/heavymetalonline.com.br\/wp-content\/uploads\/2024\/02\/WhatsApp-Image-2024-02-27-at-13.37.14.jpeg 600w, http:\/\/heavymetalonline.com.br\/wp-content\/uploads\/2024\/02\/WhatsApp-Image-2024-02-27-at-13.37.14-500x500.jpeg 500w, http:\/\/heavymetalonline.com.br\/wp-content\/uploads\/2024\/02\/WhatsApp-Image-2024-02-27-at-13.37.14-300x300.jpeg 300w\" sizes=\"auto, (max-width: 600px) 100vw, 600px\" \/><\/p>\n<div class=\"nLG8d5\" data-hook=\"post-description\">\n<article class=\"blog-post-page-font\">\n<div class=\"post-content__body stSKMK\">\n<div class=\"moHCnT\">\n<div class=\"moHCnT\">\n<div class=\"fTEXDR A2sIZ4 QEEfz0\" data-rce-version=\"9.17.4\">\n<div class=\"TXaFU\" dir=\"ltr\" data-id=\"content-viewer\">\n<div class=\"CSs0t\" data-query=\"container\">\n<div class=\"-shVC\">\n<div data-breakout=\"normal\">\n<p id=\"viewer-x0lcg111\" class=\"qLu9J fi-3d xFXGd _6-rbz nL1m6\"><span class=\"tLgi0\">BELO HORIZONTE<\/span><\/p>\n<\/div>\n<div data-breakout=\"normal\">\n<p id=\"viewer-mmz8i6634\" class=\"qLu9J fi-3d xFXGd _6-rbz nL1m6\"><span class=\"tLgi0\">Data: 1 de mar\u00e7o<\/span><\/p>\n<\/div>\n<div data-breakout=\"normal\">\n<p id=\"viewer-s8mzn7234\" class=\"qLu9J fi-3d xFXGd _6-rbz nL1m6\"><span class=\"tLgi0\">Local: Arena Hall<\/span><\/p>\n<\/div>\n<div data-breakout=\"normal\">\n<p id=\"viewer-08w457759\" class=\"qLu9J fi-3d xFXGd _6-rbz nL1m6\"><span class=\"tLgi0\">Hor\u00e1rio de Abertura da casa: 19h<\/span><\/p>\n<\/div>\n<div data-breakout=\"normal\">\n<p id=\"viewer-1ipng8203\" class=\"qLu9J fi-3d xFXGd _6-rbz nL1m6\"><span class=\"tLgi0\">Classifica\u00e7\u00e3o Et\u00e1ria: Entrada e perman\u00eancia de crian\u00e7as\/adolescentes de 05 a 15 anos de idade, acompanhados dos pais ou respons\u00e1veis, e de 16 a 17 anos, desacompanhados dos pais ou respons\u00e1veis legais.<\/span><\/p>\n<\/div>\n<div data-breakout=\"normal\">\n<div id=\"viewer-9yjrj8878\" class=\"qLu9J fi-3d xFXGd nL1m6\"><span class=\"tLgi0\">\u00a0<\/span><\/div>\n<\/div>\n<div data-breakout=\"normal\">\n<p id=\"viewer-qx8pf120\" class=\"qLu9J fi-3d xFXGd _6-rbz nL1m6\"><span class=\"tLgi0\">Ingressos:<\/span><\/p>\n<\/div>\n<div data-breakout=\"normal\">\n<p id=\"viewer-ptfx39610\" class=\"qLu9J fi-3d xFXGd _6-rbz nL1m6\"><span class=\"tLgi0\">In\u00edcio das vendas: 11 de dezembro, 12h<\/span><\/p>\n<\/div>\n<div data-breakout=\"normal\">\n<p id=\"viewer-24ssm10120\" class=\"qLu9J fi-3d xFXGd _6-rbz nL1m6\"><span class=\"tLgi0\">Vendas online em: <a class=\"z-E-z _1i-uR\" href=\"http:\/\/eventim.com.br\/\" target=\"_blank\" rel=\"noopener noreferrer\">eventim.com.br<\/a><\/span><\/p>\n<\/div>\n<div data-breakout=\"normal\">\n<p id=\"viewer-kyyex10830\" class=\"qLu9J fi-3d xFXGd _6-rbz nL1m6\"><span class=\"tLgi0\">Bilheteria oficial: Loja Eventim &#8211; Shopping 5\u00aa Avenida (a partir de 11\/12)\u00a0 R. Alagoas, 1314 &#8211; Belo Horizonte<\/span><\/p>\n<\/div>\n<div data-breakout=\"normal\">\n<div id=\"viewer-g524s11599\" class=\"qLu9J fi-3d xFXGd nL1m6\"><span class=\"tLgi0\">\u00a0<\/span><\/div>\n<\/div>\n<div data-breakout=\"normal\">\n<p id=\"viewer-5d85x128\" class=\"qLu9J fi-3d xFXGd _6-rbz nL1m6\"><span class=\"tLgi0\">Ingressos:<\/span><\/p>\n<\/div>\n<div data-breakout=\"normal\">\n<p id=\"viewer-hy7g813016\" class=\"qLu9J fi-3d xFXGd _6-rbz nL1m6\"><span class=\"tLgi0\">Arquibancada &#8211; R$ 75,00 (meia-entrada legal) | R$ 90,00 (entrada social) | R$ 150,00 (inteira)<\/span><\/p>\n<\/div>\n<div data-breakout=\"normal\">\n<p id=\"viewer-uytnp13991\" class=\"qLu9J fi-3d xFXGd _6-rbz nL1m6\"><span class=\"tLgi0\">Pista Premium &#8211; R$ 100,00 (meia-entrada legal) | R$ 120,00 (entrada social) | R$ 200,00 (inteira)<\/span><\/p>\n<\/div>\n<div data-breakout=\"normal\">\n<p id=\"viewer-o48tq14981\" class=\"qLu9J fi-3d xFXGd _6-rbz nL1m6\"><span class=\"tLgi0\">Sepulnation Soundcheck &#8211; R$ 500,00 (meia-entrada legal) | R$ 520,00 (entrada social) | R$ 600,00 (inteira)<\/span><\/p>\n<\/div>\n<div data-breakout=\"normal\">\n<p id=\"viewer-z0yuf14483\" class=\"qLu9J fi-3d xFXGd _6-rbz nL1m6\"><span class=\"tLgi0\">Sepulnation Meet&amp;Greet &#8211; R$ 1100,00 (meia-entrada legal) | R$ 1120,00 (entrada social) | R$ 1200,00 (inteira)<\/span><\/p>\n<\/div>\n<div data-breakout=\"normal\">\n<div id=\"viewer-eawn415759\" class=\"qLu9J fi-3d xFXGd nL1m6\"><span class=\"tLgi0\">\u00a0<\/span><\/div>\n<\/div>\n<div data-breakout=\"normal\">\n<p id=\"viewer-mh4gw131\" class=\"qLu9J fi-3d xFXGd _6-rbz nL1m6\"><span class=\"tLgi0\">JUIZ DE FORA<\/span><\/p>\n<\/div>\n<div data-breakout=\"normal\">\n<p id=\"viewer-jx1mn16326\" class=\"qLu9J fi-3d xFXGd _6-rbz nL1m6\"><span class=\"tLgi0\">Data: 2 de mar\u00e7o<\/span><\/p>\n<\/div>\n<div data-breakout=\"normal\">\n<p id=\"viewer-6iiu516846\" class=\"qLu9J fi-3d xFXGd _6-rbz nL1m6\"><span class=\"tLgi0\">Local: Estacionamento Cultural<\/span><\/p>\n<\/div>\n<div data-breakout=\"normal\">\n<p id=\"viewer-7hboc17902\" class=\"qLu9J fi-3d xFXGd _6-rbz nL1m6\"><span class=\"tLgi0\">Hor\u00e1rio de Abertura da casa: 19h<\/span><\/p>\n<\/div>\n<div data-breakout=\"normal\">\n<p id=\"viewer-f5pm218440\" class=\"qLu9J fi-3d xFXGd _6-rbz nL1m6\"><span class=\"tLgi0\">Classifica\u00e7\u00e3o Et\u00e1ria: Entrada e perman\u00eancia de crian\u00e7as\/adolescentes de 05 a 15 anos de idade, acompanhados dos pais ou respons\u00e1veis, e de 16 a 17 anos, desacompanhados dos pais ou respons\u00e1veis legais.<\/span><\/p>\n<\/div>\n<div data-breakout=\"normal\">\n<div id=\"viewer-8xu8b20204\" class=\"qLu9J fi-3d xFXGd nL1m6\"><span class=\"tLgi0\">\u00a0<\/span><\/div>\n<\/div>\n<div data-breakout=\"normal\">\n<p id=\"viewer-jsi4018984\" class=\"qLu9J fi-3d xFXGd _6-rbz nL1m6\"><span class=\"tLgi0\">In\u00edcio das vendas: 11 de dezembro, 12h<\/span><\/p>\n<\/div>\n<div data-breakout=\"normal\">\n<p id=\"viewer-4x9j717378\" class=\"qLu9J fi-3d xFXGd _6-rbz nL1m6\"><span class=\"tLgi0\">Vendas online em: <a class=\"z-E-z _1i-uR\" href=\"http:\/\/eventim.com.br\/\" target=\"_blank\" rel=\"noopener noreferrer\">eventim.com.br<\/a><\/span><\/p>\n<\/div>\n<div data-breakout=\"normal\">\n<p id=\"viewer-vsf8820825\" class=\"qLu9J fi-3d xFXGd _6-rbz nL1m6\"><span class=\"tLgi0\">Bilheteria oficial: Zine Cultural (a partir de 11\/12) Pra\u00e7a Menelick de Carvalho, n\u00ba 150 &#8211; Juiz de Fora<\/span><\/p>\n<\/div>\n<div data-breakout=\"normal\">\n<div id=\"viewer-buo3p21386\" class=\"qLu9J fi-3d xFXGd nL1m6\"><span class=\"tLgi0\">\u00a0<\/span><\/div>\n<\/div>\n<div data-breakout=\"normal\">\n<p id=\"viewer-seesi148\" class=\"qLu9J fi-3d xFXGd _6-rbz nL1m6\"><span class=\"tLgi0\">Ingressos:<\/span><\/p>\n<\/div>\n<div data-breakout=\"normal\">\n<p id=\"viewer-kesby21952\" class=\"qLu9J fi-3d xFXGd _6-rbz nL1m6\"><span class=\"tLgi0\">Pista Premium &#8211; R$ 100,00 (meia-entrada legal) | R$ 120,00 (entrada social) | R$ 200,00 (inteira)<\/span><\/p>\n<\/div>\n<div data-breakout=\"normal\">\n<p id=\"viewer-i0jv125094\" class=\"qLu9J fi-3d xFXGd _6-rbz nL1m6\"><span class=\"tLgi0\">Sepulnation Soundcheck &#8211; R$ 500,00 (meia-entrada legal) | R$ 520,00 (entrada social) | R$ 600,00 (inteira)<\/span><\/p>\n<\/div>\n<div data-breakout=\"normal\">\n<p id=\"viewer-7qbxm25686\" class=\"qLu9J fi-3d xFXGd _6-rbz nL1m6\"><span class=\"tLgi0\">Sepulnation Meet&amp;Greet &#8211; R$ 1100,00 (meia-entrada legal) | R$ 1120,00 (entrada social) | R$ 1200,00 (inteira)<\/span><\/p>\n<\/div>\n<div data-breakout=\"normal\">\n<div id=\"viewer-r607w23801\" class=\"qLu9J fi-3d xFXGd nL1m6\"><span class=\"tLgi0\">\u00a0<\/span><\/div>\n<\/div>\n<div data-breakout=\"normal\">\n<p id=\"viewer-jqa95151\" class=\"qLu9J fi-3d xFXGd _6-rbz nL1m6\"><span class=\"tLgi0\">BRAS\u00cdLIA<\/span><\/p>\n<\/div>\n<div data-breakout=\"normal\">\n<p id=\"viewer-w20s824511\" class=\"qLu9J fi-3d xFXGd _6-rbz nL1m6\"><span class=\"tLgi0\">Data: 9 de mar\u00e7o<\/span><\/p>\n<\/div>\n<div data-breakout=\"normal\">\n<p id=\"viewer-u1an726288\" class=\"qLu9J fi-3d xFXGd _6-rbz nL1m6\"><span class=\"tLgi0\">Local: Arena Lounge<\/span><\/p>\n<\/div>\n<div data-breakout=\"normal\">\n<p id=\"viewer-iwdlz26894\" class=\"qLu9J fi-3d xFXGd _6-rbz nL1m6\"><span class=\"tLgi0\">Hor\u00e1rio de Abertura da casa: 19h<\/span><\/p>\n<\/div>\n<\/div>\n<div class=\"-shVC\">\n<div data-breakout=\"normal\">\n<p id=\"viewer-nc2kt27506\" class=\"qLu9J fi-3d xFXGd _6-rbz nL1m6\"><span class=\"tLgi0\">Classifica\u00e7\u00e3o Et\u00e1ria: Entrada e perman\u00eancia de crian\u00e7as\/adolescentes de 05 a 15 anos de idade, acompanhados dos pais ou respons\u00e1veis, e de 16 a 17 anos, desacompanhados dos pais ou respons\u00e1veis legais.<\/span><\/p>\n<\/div>\n<div data-breakout=\"normal\">\n<div id=\"viewer-zg0k829112\" class=\"qLu9J fi-3d xFXGd nL1m6\"><span class=\"tLgi0\">\u00a0<\/span><\/div>\n<\/div>\n<div data-breakout=\"normal\">\n<p id=\"viewer-bhbss28124\" class=\"qLu9J fi-3d xFXGd _6-rbz nL1m6\"><span class=\"tLgi0\">In\u00edcio das vendas: 11 de dezembro, 12h<\/span><\/p>\n<p class=\"qLu9J fi-3d xFXGd _6-rbz nL1m6\"><span class=\"tLgi0\">Vendas online em: <a class=\"z-E-z _1i-uR\" href=\"http:\/\/eventim.com\/\" target=\"_blank\" rel=\"noopener noreferrer\">eventim.com<\/a><a class=\"z-E-z _1i-uR\" href=\"http:\/\/eventim.com.br\/\" target=\"_blank\" rel=\"noopener noreferrer\">.br<\/a><\/span><\/p>\n<p class=\"qLu9J fi-3d xFXGd _6-rbz nL1m6\"><span class=\"tLgi0\">Bilheteria oficial: Loja Eventim Bras\u00edlia Shopping (a partir de 11\/12) &#8211; SCN QD 05 Bloco A Subsolo 2 &#8211; Loja Q054<\/span><\/p>\n<\/div>\n<div data-breakout=\"normal\">\n<p id=\"viewer-qb06p168\" class=\"qLu9J fi-3d xFXGd _6-rbz nL1m6\"><strong><span class=\"tLgi0\">Ingressos:<\/span><\/strong><\/p>\n<p class=\"qLu9J fi-3d xFXGd _6-rbz nL1m6\"><span class=\"tLgi0\">Pista &#8211; R$ 75,00 (meia-entrada legal) | R$ 90,00 (entrada social) | R$ 150,00<\/span><\/p>\n<p class=\"qLu9J fi-3d xFXGd _6-rbz nL1m6\"><span class=\"tLgi0\">Pista Premium &#8211; R$ 100,00 (meia-entrada legal) | R$ 120,00 (entrada social) | R$ 200,00 (inteira)<\/span><\/p>\n<p class=\"qLu9J fi-3d xFXGd _6-rbz nL1m6\"><span class=\"tLgi0\">Sepulnation Soundcheck &#8211; R$ 500,00 (meia-entrada legal) | R$ 520,00 (entrada social) | R$ 600,00 (inteira)<\/span><\/p>\n<p class=\"qLu9J fi-3d xFXGd _6-rbz nL1m6\"><span class=\"tLgi0\">Sepulnation Meet&amp;Greet &#8211; R$ 1100,00 (meia-entrada legal) | R$ 1120,00 (entrada social) | R$ 1200,00 (inteira)<\/span><\/p>\n<\/div>\n<div data-breakout=\"normal\">\n<div id=\"viewer-5xaan29824\" class=\"qLu9J fi-3d xFXGd nL1m6\"><span class=\"tLgi0\">\u00a0<\/span><\/div>\n<\/div>\n<div data-breakout=\"normal\">\n<p id=\"viewer-4j8dh171\" class=\"qLu9J fi-3d xFXGd _6-rbz nL1m6\"><strong><span class=\"tLgi0\">UBERL\u00c2NDIA<\/span><\/strong><\/p>\n<\/div>\n<div data-breakout=\"normal\">\n<p id=\"viewer-56d0p30459\" class=\"qLu9J fi-3d xFXGd _6-rbz nL1m6\"><span class=\"tLgi0\">Data: 15 de mar\u00e7o<\/span><\/p>\n<\/div>\n<div data-breakout=\"normal\">\n<p id=\"viewer-nhfix36460\" class=\"qLu9J fi-3d xFXGd _6-rbz nL1m6\"><span class=\"tLgi0\">Local: Castelli<\/span><\/p>\n<\/div>\n<div data-breakout=\"normal\">\n<p id=\"viewer-az2zb35769\" class=\"qLu9J fi-3d xFXGd _6-rbz nL1m6\"><span class=\"tLgi0\">Hor\u00e1rio de Abertura da casa: 19h<\/span><\/p>\n<\/div>\n<div data-breakout=\"normal\">\n<p id=\"viewer-a198d37163\" class=\"qLu9J fi-3d xFXGd _6-rbz nL1m6\"><span class=\"tLgi0\">Classifica\u00e7\u00e3o Et\u00e1ria: Entrada e perman\u00eancia de crian\u00e7as\/adolescentes de 05 a 15 anos de idade, acompanhados dos pais ou respons\u00e1veis, e de 16 a 17 anos, desacompanhados dos pais ou respons\u00e1veis legais.<\/span><\/p>\n<\/div>\n<div data-breakout=\"normal\">\n<div id=\"viewer-hliqa39298\" class=\"qLu9J fi-3d xFXGd nL1m6\"><span class=\"tLgi0\">\u00a0<\/span><\/div>\n<\/div>\n<div data-breakout=\"normal\">\n<p id=\"viewer-vxoo637870\" class=\"qLu9J fi-3d xFXGd _6-rbz nL1m6\"><span class=\"tLgi0\">In\u00edcio das vendas: 11 de dezembro, 12h<\/span><\/p>\n<\/div>\n<div data-breakout=\"normal\">\n<p id=\"viewer-qqo3538583\" class=\"qLu9J fi-3d xFXGd _6-rbz nL1m6\"><span class=\"tLgi0\">Vendas online em: <a class=\"z-E-z _1i-uR\" href=\"http:\/\/eventim.com.br\/\" target=\"_blank\" rel=\"noopener noreferrer\">eventim.com.br<\/a><\/span><\/p>\n<\/div>\n<div data-breakout=\"normal\">\n<p id=\"viewer-p8p1140026\" class=\"qLu9J fi-3d xFXGd _6-rbz nL1m6\"><span class=\"tLgi0\">Bilheteria oficial: Espa\u00e7o Laser (a partir de 11\/12) &#8211; Av. Paulo Gracindo, 15 &#8211; Loja 70 &#8211; Morada da Colina, 38411-145<\/span><\/p>\n<\/div>\n<div data-breakout=\"normal\">\n<div id=\"viewer-tu9n031763\" class=\"qLu9J fi-3d xFXGd nL1m6\"><span class=\"tLgi0\">\u00a0<\/span><\/div>\n<\/div>\n<div data-breakout=\"normal\">\n<p id=\"viewer-nb3b6188\" class=\"qLu9J fi-3d xFXGd _6-rbz nL1m6\"><strong><span class=\"tLgi0\">Ingressos:<\/span><\/strong><\/p>\n<\/div>\n<div data-breakout=\"normal\">\n<p id=\"viewer-i8a4s32417\" class=\"qLu9J fi-3d xFXGd _6-rbz nL1m6\"><span class=\"tLgi0\">Pista &#8211; R$ 75,00 (meia-entrada legal) | R$ 90,00 (entrada social) | R$ 150,00 (inteira)<\/span><\/p>\n<\/div>\n<div data-breakout=\"normal\">\n<p id=\"viewer-cuu9833743\" class=\"qLu9J fi-3d xFXGd _6-rbz nL1m6\"><span class=\"tLgi0\">Pista Premium &#8211; R$ 100,00 (meia-entrada legal) | R$ 120,00 (entrada social) | R$ 200,00 (inteira)<\/span><\/p>\n<\/div>\n<div data-breakout=\"normal\">\n<p id=\"viewer-flr8z34417\" class=\"qLu9J fi-3d xFXGd _6-rbz nL1m6\"><span class=\"tLgi0\">Sepulnation Soundcheck &#8211; R$ 500,00 (meia-entrada legal) | R$ 520,00 (entrada social) | R$ 600,00 (inteira)<\/span><\/p>\n<\/div>\n<div data-breakout=\"normal\">\n<p id=\"viewer-wjd6o35098\" class=\"qLu9J fi-3d xFXGd _6-rbz nL1m6\"><span class=\"tLgi0\">Sepulnation Meet&amp;Greet &#8211; R$ 1100,00 (meia-entrada legal) | R$ 1120,00 (entrada social) | R$ 1200,00 (inteira)<\/span><\/p>\n<\/div>\n<div data-breakout=\"normal\">\n<div id=\"viewer-uvn4x31118\" class=\"qLu9J fi-3d xFXGd nL1m6\"><span class=\"tLgi0\">\u00a0<\/span><\/div>\n<\/div>\n<div data-breakout=\"normal\">\n<p id=\"viewer-s1w1t191\" class=\"qLu9J fi-3d xFXGd _6-rbz nL1m6\"><strong><span class=\"tLgi0\">PORTO ALEGRE<\/span><\/strong><\/p>\n<\/div>\n<div data-breakout=\"normal\">\n<p id=\"viewer-jtuvr33078\" class=\"qLu9J fi-3d xFXGd _6-rbz nL1m6\"><span class=\"tLgi0\">Data: 21 de mar\u00e7o<\/span><\/p>\n<\/div>\n<div data-breakout=\"normal\">\n<p id=\"viewer-0siex40764\" class=\"qLu9J fi-3d xFXGd _6-rbz nL1m6\"><span class=\"tLgi0\">Local: Ara\u00fajo Vianna<\/span><\/p>\n<\/div>\n<div data-breakout=\"normal\">\n<p id=\"viewer-42h9b45072\" class=\"qLu9J fi-3d xFXGd _6-rbz nL1m6\"><span class=\"tLgi0\">Hor\u00e1rio de Abertura da casa: 19h<\/span><\/p>\n<\/div>\n<div data-breakout=\"normal\">\n<p id=\"viewer-vzbah44310\" class=\"qLu9J fi-3d xFXGd _6-rbz nL1m6\"><span class=\"tLgi0\">Classifica\u00e7\u00e3o Et\u00e1ria: Entrada e perman\u00eancia de crian\u00e7as\/adolescentes de 05 a 15 anos de idade, acompanhados dos pais ou respons\u00e1veis, e de 16 a 17 anos, desacompanhados dos pais ou respons\u00e1veis legais.<\/span><\/p>\n<\/div>\n<div data-breakout=\"normal\">\n<div id=\"viewer-21a4042990\" class=\"qLu9J fi-3d xFXGd nL1m6\"><span class=\"tLgi0\">\u00a0<\/span><\/div>\n<\/div>\n<div data-breakout=\"normal\">\n<p id=\"viewer-j0p7z43554\" class=\"qLu9J fi-3d xFXGd _6-rbz nL1m6\"><span class=\"tLgi0\">In\u00edcio das vendas: 11 de dezembro, 12h<\/span><\/p>\n<\/div>\n<div data-breakout=\"normal\">\n<p id=\"viewer-j2fsk42246\" class=\"qLu9J fi-3d xFXGd _6-rbz nL1m6\"><span class=\"tLgi0\">Vendas online em: <a class=\"z-E-z _1i-uR\" href=\"http:\/\/eventim.com.br\/\" target=\"_blank\" rel=\"noopener noreferrer\">eventim.com.br<\/a><\/span><\/p>\n<\/div>\n<div data-breakout=\"normal\">\n<p id=\"viewer-he2ou45851\" class=\"qLu9J fi-3d xFXGd _6-rbz nL1m6\"><span class=\"tLgi0\">Bilheteria oficial: Arena do Gr\u00eamio (a partir de 11\/12) Port\u00e3o 2 &#8211; Av. Padre Leopoldo Brentano, 110 &#8211; Humait\u00e1 &#8211; Porto Alegre<\/span><\/p>\n<\/div>\n<div data-breakout=\"normal\">\n<div id=\"viewer-i1pce41512\" class=\"qLu9J fi-3d xFXGd nL1m6\"><span class=\"tLgi0\">\u00a0<\/span><\/div>\n<\/div>\n<div data-breakout=\"normal\">\n<p id=\"viewer-ojahs208\" class=\"qLu9J fi-3d xFXGd _6-rbz nL1m6\"><strong><span class=\"tLgi0\">Ingressos:<\/span><\/strong><\/p>\n<\/div>\n<div data-breakout=\"normal\">\n<p id=\"viewer-19fhw47410\" class=\"qLu9J fi-3d xFXGd _6-rbz nL1m6\"><span class=\"tLgi0\">Plateia Alta Lateral &#8211; R$ 62,50 (meia-entrada legal) | R$ 75,00 (entrada social) | R$ 125,00 (inteira)<\/span><\/p>\n<\/div>\n<div data-breakout=\"normal\">\n<p id=\"viewer-vf9uy48992\" class=\"qLu9J fi-3d xFXGd _6-rbz nL1m6\"><span class=\"tLgi0\">Plateia Alta Central &#8211; R$ 75,00 (meia-entrada legal) | R$ 90,00 (entrada social) | R$ 150,00 (inteira)<\/span><\/p>\n<\/div>\n<div data-breakout=\"normal\">\n<p id=\"viewer-5y33f51417\" class=\"qLu9J fi-3d xFXGd _6-rbz nL1m6\"><span class=\"tLgi0\">Plateia Gold &#8211; R$ 125,00 (meia-entrada legal) | R$ 150,00 (entrada social) | R$ 250,00 (inteira)<\/span><\/p>\n<\/div>\n<div data-breakout=\"normal\">\n<p id=\"viewer-d0mak49794\" class=\"qLu9J fi-3d xFXGd _6-rbz nL1m6\"><span class=\"tLgi0\">Plateia Baixa Central &#8211; R$ 112,50 (meia-entrada legal) | R$ 135,00 (entrada social) | R$ 225,00 (inteira)<\/span><\/p>\n<\/div>\n<div data-breakout=\"normal\">\n<p id=\"viewer-ee8kb50603\" class=\"qLu9J fi-3d xFXGd _6-rbz nL1m6\"><span class=\"tLgi0\">Plateia Baixa Lateral &#8211; R$ 100,00 (meia-entrada legal) | R$ 120,00 (entrada social) | R$ 200,00 (inteira)<\/span><\/p>\n<\/div>\n<div data-breakout=\"normal\">\n<p id=\"viewer-1q5tw55377\" class=\"qLu9J fi-3d xFXGd _6-rbz nL1m6\"><span class=\"tLgi0\">Sepulnation Soundcheck &#8211; R$ 500,00 (meia-entrada legal) | R$ 520,00 (entrada social) | R$ 600,00 (inteira)<\/span><\/p>\n<\/div>\n<div data-breakout=\"normal\">\n<p id=\"viewer-4n8uy53072\" class=\"qLu9J fi-3d xFXGd _6-rbz nL1m6\"><span class=\"tLgi0\">Sepulnation Meet&amp;Greet &#8211; R$ 1100,00 (meia-entrada legal) | R$ 1120,00 (entrada social) | R$ 1200,00 (inteira)<\/span><\/p>\n<\/div>\n<div data-breakout=\"normal\">\n<div id=\"viewer-t7d4v46630\" class=\"qLu9J fi-3d xFXGd nL1m6\"><span class=\"tLgi0\">\u00a0<\/span><\/div>\n<\/div>\n<div data-breakout=\"normal\">\n<p id=\"viewer-nmcxb211\" class=\"qLu9J fi-3d xFXGd _6-rbz nL1m6\"><strong><span class=\"tLgi0\">CURITIBA<\/span><\/strong><\/p>\n<\/div>\n<div data-breakout=\"normal\">\n<p id=\"viewer-r6d1e48199\" class=\"qLu9J fi-3d xFXGd _6-rbz nL1m6\"><span class=\"tLgi0\">Data: 22 de mar\u00e7o<\/span><\/p>\n<\/div>\n<div data-breakout=\"normal\">\n<p id=\"viewer-3ah0056218\" class=\"qLu9J fi-3d xFXGd _6-rbz nL1m6\"><span class=\"tLgi0\">Local: Live<\/span><\/p>\n<\/div>\n<div data-breakout=\"normal\">\n<p id=\"viewer-bcch360899\" class=\"qLu9J fi-3d xFXGd _6-rbz nL1m6\"><span class=\"tLgi0\">Hor\u00e1rio de Abertura da casa: 19h<\/span><\/p>\n<p class=\"qLu9J fi-3d xFXGd _6-rbz nL1m6\"><span class=\"tLgi0\">Classifica\u00e7\u00e3o Et\u00e1ria: Entrada e perman\u00eancia de crian\u00e7as\/adolescentes de 05 a 15 anos de idade, acompanhados dos pais ou respons\u00e1veis, e de 16 a 17 anos, desacompanhados dos pais ou respons\u00e1veis legais.<\/span><\/p>\n<\/div>\n<div data-breakout=\"normal\">\n<div id=\"viewer-blbv262642\" class=\"qLu9J fi-3d xFXGd nL1m6\"><span class=\"tLgi0\">\u00a0<\/span><\/div>\n<\/div>\n<div data-breakout=\"normal\">\n<p id=\"viewer-9qsrf63292\" class=\"qLu9J fi-3d xFXGd _6-rbz nL1m6\"><span class=\"tLgi0\">In\u00edcio das vendas: 11 de dezembro, 12h<\/span><\/p>\n<\/div>\n<div data-breakout=\"normal\">\n<p id=\"viewer-xy2sz60044\" class=\"qLu9J fi-3d xFXGd _6-rbz nL1m6\"><span class=\"tLgi0\">Vendas online em: <a class=\"z-E-z _1i-uR\" href=\"http:\/\/eventim.com.br\/\" target=\"_blank\" rel=\"noopener noreferrer\">eventim.com.br<\/a><\/span><\/p>\n<\/div>\n<div data-breakout=\"normal\">\n<p id=\"viewer-jpgt661775\" class=\"qLu9J fi-3d xFXGd _6-rbz nL1m6\"><span class=\"tLgi0\">Bilheteria oficial: Est\u00e1dio Major Ant\u00f4nio Couto Pereira (a partir de 11\/12)\u00a0 Bilheteria 2 do Est\u00e1dio &#8211; Ao lado da entrada da administra\u00e7\u00e3o &#8211; Rua Am\u00e2ncio Moro S\/N &#8211; Alto da Gl\u00f3ria &#8211; Curitiba<\/span><\/p>\n<\/div>\n<div data-breakout=\"normal\">\n<div id=\"viewer-sepul57074\" class=\"qLu9J fi-3d xFXGd nL1m6\"><span class=\"tLgi0\">\u00a0<\/span><\/div>\n<\/div>\n<div data-breakout=\"normal\">\n<p id=\"viewer-brgva228\" class=\"qLu9J fi-3d xFXGd _6-rbz nL1m6\"><strong><span class=\"tLgi0\">Ingressos:\u00a0<\/span><\/strong><\/p>\n<\/div>\n<div data-breakout=\"normal\">\n<p id=\"viewer-bcpvv58559\" class=\"qLu9J fi-3d xFXGd _6-rbz nL1m6\"><span class=\"tLgi0\">Mezanino &#8211; R$ 75,00 (meia-entrada legal) | R$ 90,00 (entrada social) | R$ 150,00 (inteira)<\/span><\/p>\n<\/div>\n<div data-breakout=\"normal\">\n<p id=\"viewer-xmj5e65076\" class=\"qLu9J fi-3d xFXGd _6-rbz nL1m6\"><span class=\"tLgi0\">Pista &#8211; R$ 100,00 (meia-entrada legal) | R$ 120,00 (entrada social) | R$ 200,00 (inteira)<\/span><\/p>\n<\/div>\n<div data-breakout=\"normal\">\n<p id=\"viewer-k7z0v65974\" class=\"qLu9J fi-3d xFXGd _6-rbz nL1m6\"><span class=\"tLgi0\">Pista Premium &#8211; R$ 100,00 (meia-entrada legal) | R$ 120,00 (entrada social) | R$ 200,00 (inteira)<\/span><\/p>\n<\/div>\n<div data-breakout=\"normal\">\n<p id=\"viewer-w5q3366879\" class=\"qLu9J fi-3d xFXGd _6-rbz nL1m6\"><span class=\"tLgi0\">Sepulnation Soundcheck &#8211; R$ 500,00 (meia-entrada legal) | R$ 520,00 (entrada social) | R$ 600,00 (inteira)<\/span><\/p>\n<\/div>\n<div data-breakout=\"normal\">\n<p id=\"viewer-wurji67791\" class=\"qLu9J fi-3d xFXGd _6-rbz nL1m6\"><span class=\"tLgi0\">Sepulnation Meet&amp;Greet &#8211; R$ 1100,00 (meia-entrada legal) | R$ 1120,00 (entrada social) | R$ 1200,00 (inteira)<\/span><\/p>\n<\/div>\n<div data-breakout=\"normal\">\n<div id=\"viewer-aposf64186\" class=\"qLu9J fi-3d xFXGd nL1m6\"><span class=\"tLgi0\">\u00a0<\/span><\/div>\n<\/div>\n<div data-breakout=\"normal\">\n<p id=\"viewer-kyxk2231\" class=\"qLu9J fi-3d xFXGd _6-rbz nL1m6\"><strong><span class=\"tLgi0\">FLORIAN\u00d3POLIS<\/span><\/strong><\/p>\n<\/div>\n<div data-breakout=\"normal\">\n<p id=\"viewer-cziea69191\" class=\"qLu9J fi-3d xFXGd _6-rbz nL1m6\"><span class=\"tLgi0\">Data: 23 de mar\u00e7o<\/span><\/p>\n<\/div>\n<div data-breakout=\"normal\">\n<p id=\"viewer-b378w73873\" class=\"qLu9J fi-3d xFXGd _6-rbz nL1m6\"><span class=\"tLgi0\">Local: Arena Opus<\/span><\/p>\n<\/div>\n<div data-breakout=\"normal\">\n<p id=\"viewer-drr3n77729\" class=\"qLu9J fi-3d xFXGd _6-rbz nL1m6\"><span class=\"tLgi0\">Hor\u00e1rio de Abertura da casa: 19h<\/span><\/p>\n<\/div>\n<div data-breakout=\"normal\">\n<p id=\"viewer-coed676759\" class=\"qLu9J fi-3d xFXGd _6-rbz nL1m6\"><span class=\"tLgi0\">Classifica\u00e7\u00e3o Et\u00e1ria: Entrada e perman\u00eancia de crian\u00e7as\/adolescentes de 05 a 15 anos de idade, acompanhados dos pais ou respons\u00e1veis, e de 16 a 17 anos, desacompanhados dos pais ou respons\u00e1veis legais.<\/span><\/p>\n<\/div>\n<div data-breakout=\"normal\">\n<div id=\"viewer-gjyas72235\" class=\"qLu9J fi-3d xFXGd nL1m6\"><span class=\"tLgi0\">\u00a0<\/span><\/div>\n<\/div>\n<div data-breakout=\"normal\">\n<p id=\"viewer-l7q2972930\" class=\"qLu9J fi-3d xFXGd _6-rbz nL1m6\"><span class=\"tLgi0\">In\u00edcio das vendas: 11 de dezembro, 12h<\/span><\/p>\n<\/div>\n<div data-breakout=\"normal\">\n<p id=\"viewer-sp3eq74836\" class=\"qLu9J fi-3d xFXGd _6-rbz nL1m6\"><span class=\"tLgi0\">Vendas online em: <a class=\"z-E-z _1i-uR\" href=\"http:\/\/eventim.com.br\/\" target=\"_blank\" rel=\"noopener noreferrer\">eventim.com.br<\/a><\/span><\/p>\n<\/div>\n<div data-breakout=\"normal\">\n<p id=\"viewer-0qjen75799\" class=\"qLu9J fi-3d xFXGd _6-rbz nL1m6\"><span class=\"tLgi0\">Bilheteria oficial: Arena Opus (a partir de 11\/12) SC-281, 4000 &#8211; Sert\u00e3o do Maruim, S\u00e3o Jos\u00e9 &#8211; SC<\/span><\/p>\n<\/div>\n<div data-breakout=\"normal\">\n<div id=\"viewer-l0hp470374\" class=\"qLu9J fi-3d xFXGd nL1m6\"><span class=\"tLgi0\">\u00a0<\/span><\/div>\n<\/div>\n<div data-breakout=\"normal\">\n<p id=\"viewer-zhpqn247\" class=\"qLu9J fi-3d xFXGd _6-rbz nL1m6\"><strong><span class=\"tLgi0\">Ingressos:<\/span><\/strong><\/p>\n<\/div>\n<div data-breakout=\"normal\">\n<p id=\"viewer-omho871306\" class=\"qLu9J fi-3d xFXGd _6-rbz nL1m6\"><span class=\"tLgi0\">Pista &#8211; R$ 100,00 (meia-entrada legal) | R$ 120,00 (entrada social) | R$ 200,00 (inteira)<\/span><\/p>\n<\/div>\n<div data-breakout=\"normal\">\n<p id=\"viewer-99unk79962\" class=\"qLu9J fi-3d xFXGd _6-rbz nL1m6\"><span class=\"tLgi0\">Sepulnation Soundcheck &#8211; R$ 500,00 (meia-entrada legal) | R$ 520,00 (entrada social) | R$ 600,00 (inteira)<\/span><\/p>\n<\/div>\n<div data-breakout=\"normal\">\n<p id=\"viewer-k2uj679370\" class=\"qLu9J fi-3d xFXGd _6-rbz nL1m6\"><span class=\"tLgi0\">Sepulnation Meet&amp;Greet &#8211; R$ 1100,00 (meia-entrada legal) | R$ 1120,00 (entrada social) | R$ 1200,00 (inteira)<\/span><\/p>\n<\/div>\n<div data-breakout=\"normal\">\n<div id=\"viewer-dvh0981617\" class=\"qLu9J fi-3d xFXGd nL1m6\"><span class=\"tLgi0\">\u00a0<\/span><\/div>\n<\/div>\n<div data-breakout=\"normal\">\n<p id=\"viewer-3rgxu250\" class=\"qLu9J fi-3d xFXGd _6-rbz nL1m6\"><strong><span class=\"tLgi0\">S\u00c3O PAULO<\/span><\/strong><\/p>\n<\/div>\n<div data-breakout=\"normal\">\n<p id=\"viewer-5iagj91758\" class=\"qLu9J fi-3d xFXGd _6-rbz nL1m6\"><strong><span class=\"tLgi0\">Data: 6 e 7 de setembro (ESGOTADOS) |<\/span><\/strong><\/p>\n<\/div>\n<div data-breakout=\"normal\">\n<p id=\"viewer-c8h8b90713\" class=\"qLu9J fi-3d xFXGd _6-rbz nL1m6\"><span class=\"tLgi0\">Data extra: 8 de setembro<\/span><\/p>\n<\/div>\n<div data-breakout=\"normal\">\n<p id=\"viewer-j8h4f92815\" class=\"qLu9J fi-3d xFXGd _6-rbz nL1m6\"><span class=\"tLgi0\">Local: Espa\u00e7o Unimed<\/span><\/p>\n<\/div>\n<div data-breakout=\"normal\">\n<p id=\"viewer-9nbjt93876\" class=\"qLu9J fi-3d xFXGd _6-rbz nL1m6\"><span class=\"tLgi0\">Hor\u00e1rio de Abertura da casa: 19h<\/span><\/p>\n<\/div>\n<div data-breakout=\"normal\">\n<p id=\"viewer-erryr89679\" class=\"qLu9J fi-3d xFXGd _6-rbz nL1m6\"><span class=\"tLgi0\">Classifica\u00e7\u00e3o Et\u00e1ria: Entrada e perman\u00eancia de crian\u00e7as\/adolescentes de 05 a 15 anos de idade, acompanhados dos pais ou respons\u00e1veis, e de 16 a 17 anos, desacompanhados dos pais ou respons\u00e1veis legais.<\/span><\/p>\n<\/div>\n<div data-breakout=\"normal\">\n<div id=\"viewer-ljxvb85580\" class=\"qLu9J fi-3d xFXGd nL1m6\"><span class=\"tLgi0\">\u00a0<\/span><\/div>\n<\/div>\n<div data-breakout=\"normal\">\n<p id=\"viewer-v4p5r261\" class=\"qLu9J fi-3d xFXGd _6-rbz nL1m6\"><strong><span class=\"tLgi0\">Ingressos:<\/span><\/strong><\/p>\n<\/div>\n<div data-breakout=\"normal\">\n<p id=\"viewer-j20zy84299\" class=\"qLu9J fi-3d xFXGd _6-rbz nL1m6\"><span class=\"tLgi0\">In\u00edcio das vendas: 11 de dezembro, 12h<\/span><\/p>\n<\/div>\n<div data-breakout=\"normal\">\n<p id=\"viewer-5z6hz82760\" class=\"qLu9J fi-3d xFXGd _6-rbz nL1m6\"><span class=\"tLgi0\">Vendas online em: <a class=\"z-E-z _1i-uR\" href=\"http:\/\/eventim.com.br\/\" target=\"_blank\" rel=\"noopener noreferrer\">eventim.com.br<\/a><\/span><\/p>\n<\/div>\n<div data-breakout=\"normal\">\n<p id=\"viewer-vkzyj86603\" class=\"qLu9J fi-3d xFXGd _6-rbz nL1m6\"><span class=\"tLgi0\">Bilheteria oficial: Espa\u00e7o Unimed (a partir de 11\/12) R. Tagipuru, 795 &#8211; Barra Funda, S\u00e3o Paulo &#8211; SP, 01156-000<\/span><\/p>\n<\/div>\n<div data-breakout=\"normal\">\n<div id=\"viewer-b61iy88655\" class=\"qLu9J fi-3d xFXGd nL1m6\"><span class=\"tLgi0\">\u00a0<\/span><\/div>\n<\/div>\n<div data-breakout=\"normal\">\n<p id=\"viewer-xh91b270\" class=\"qLu9J fi-3d xFXGd _6-rbz nL1m6\"><strong><span class=\"tLgi0\">Ingressos:<\/span><\/strong><\/p>\n<\/div>\n<div data-breakout=\"normal\">\n<p id=\"viewer-6837d87628\" class=\"qLu9J fi-3d xFXGd _6-rbz nL1m6\"><span class=\"tLgi0\">Pista &#8211; R$ 75,00 (meia-entrada legal) | R$ 90,00 (entrada social) | R$ 150,00 (inteira)<\/span><\/p>\n<\/div>\n<div data-breakout=\"normal\">\n<p id=\"viewer-s9xpn95676\" class=\"qLu9J fi-3d xFXGd _6-rbz nL1m6\"><span class=\"tLgi0\">Pista Premium &#8211; R$ 125,00 (meia-entrada legal) | R$ 150,00 (entrada social) | R$ 250,00 (inteira)<\/span><\/p>\n<\/div>\n<div data-breakout=\"normal\">\n<p id=\"viewer-sihcd101607\" class=\"qLu9J fi-3d xFXGd _6-rbz nL1m6\"><span class=\"tLgi0\">Camarotes &#8211; R$ 175,00 (meia-entrada legal) | R$ 210,00 (entrada social) | R$ 350,00 (inteira)<\/span><\/p>\n<\/div>\n<div data-breakout=\"normal\">\n<p id=\"viewer-dt50p100367\" class=\"qLu9J fi-3d xFXGd _6-rbz nL1m6\"><span class=\"tLgi0\">Mezanino &#8211; R$ 150,00 (meia-entrada legal) | R$ 180,00 (entrada social) | R$ 300,00 (inteira)<\/span><\/p>\n<\/div>\n<div data-breakout=\"normal\">\n<p id=\"viewer-0577h103812\" class=\"qLu9J fi-3d xFXGd _6-rbz nL1m6\"><span class=\"tLgi0\">Sepulnation Soundcheck &#8211; R$ 500,00 (meia-entrada legal) | R$ 520,00 (entrada social) | R$ 600,00 (inteira)<\/span><\/p>\n<\/div>\n<div data-breakout=\"normal\">\n<p id=\"viewer-dn5y6102707\" class=\"qLu9J fi-3d xFXGd _6-rbz nL1m6\"><span class=\"tLgi0\">Sepulnation Meet&amp;Greet &#8211; R$ 1100,00 (meia-entrada legal) | R$ 1120,00 (entrada social) | R$ 1200,00 (inteira)<\/span><\/p>\n<\/div>\n<div data-breakout=\"normal\">\n<div id=\"viewer-ljrsh99136\" class=\"qLu9J fi-3d xFXGd nL1m6\"><span class=\"tLgi0\">\u00a0<\/span><\/div>\n<\/div>\n<div data-breakout=\"normal\">\n<p id=\"viewer-8x77f273\" class=\"qLu9J fi-3d xFXGd _6-rbz nL1m6\"><strong><span class=\"tLgi0\">Sobre a 30e:<\/span><\/strong><\/p>\n<\/div>\n<div data-breakout=\"normal\">\n<p id=\"viewer-7yjzi158675\" class=\"qLu9J fi-3d xFXGd _6-rbz nL1m6\"><span class=\"tLgi0\">A 30e representa a nova gera\u00e7\u00e3o do entretenimento ao vivo e vem desenvolvendo o posicionamento &#8220;Delivering Happiness&#8221;, que traduz uma atua\u00e7\u00e3o que valoriza a experi\u00eancia do p\u00fablico e das marcas. Criar momentos de felicidade para as pessoas \u00e9 o que guia cada uma das etapas dos seus eventos. Estes foram alguns nomes que a 30e trouxe para o Brasil:\u00a0 Paul McCartney, Lana Del Rey, Twenty One Pilots, Florence and the Machine, Kendrick Lamar, Slipknot, Gorillaz, The Killers, Roger Waters e Bring Me The Horizon. A promotora revolucionou o formato de turn\u00eas nacionais ao trazer novas tecnologias e possibilidades para artistas brasileiros. Tit\u00e3s Encontro, NX Zero, J\u00c3O e Ivete Sangalo s\u00e3o apenas algumas das turn\u00eas que est\u00e3o sob os cuidados da 30e. Na frente de festivais, por sua vez, a produtora tem em sua cartela o MITA, o Knotfest Brasil e o GPWeek.<\/span><\/p>\n<\/div>\n<div data-breakout=\"normal\">\n<div id=\"viewer-kdp2l106941\" class=\"qLu9J fi-3d xFXGd nL1m6\"><span class=\"tLgi0\">\u00a0<\/span><\/div>\n<\/div>\n<div data-breakout=\"normal\">\n<p id=\"viewer-6izy0107751\" class=\"qLu9J fi-3d xFXGd _6-rbz nL1m6\"><span class=\"tLgi0\"><strong>Fonte:<\/strong> Trovoa Comunica\u00e7\u00e3o<\/span><\/p>\n<\/div>\n<\/div>\n<div data-hook=\"rcv-block-last\"><\/div>\n<\/div>\n<\/div>\n<\/div>\n<\/div>\n<\/div>\n<\/div>\n<\/article>\n<\/div>\n<div class=\"BL3dva\"><\/div>\n<\/div>\n<\/div>\n","protected":false},"excerpt":{"rendered":"<p>Cr\u00e9dito da foto: Anderson Hildebrando\/Metal no Papel O baterista Greyson Nekrutman \u00e9 anunciado para honrar o legado da banda na turn\u00ea de despedida &#8220;Celebrating Life through Death O Sepultura tem um compromisso com os seus f\u00e3s de entregar uma turn\u00ea \u2013 ao longo dos pr\u00f3ximos 18 meses \u2013 que vai celebrar os 40 anos da [&hellip;]<\/p>\n","protected":false},"author":12,"featured_media":20949,"comment_status":"closed","ping_status":"open","sticky":false,"template":"","format":"standard","meta":{"footnotes":""},"categories":[538,4,1807],"tags":[],"class_list":["post-20946","post","type-post","status-publish","format-standard","has-post-thumbnail","hentry","category-destaques","category-noticias","category-sem-categoria-pt"],"_links":{"self":[{"href":"http:\/\/heavymetalonline.com.br\/index.php?rest_route=\/wp\/v2\/posts\/20946","targetHints":{"allow":["GET"]}}],"collection":[{"href":"http:\/\/heavymetalonline.com.br\/index.php?rest_route=\/wp\/v2\/posts"}],"about":[{"href":"http:\/\/heavymetalonline.com.br\/index.php?rest_route=\/wp\/v2\/types\/post"}],"author":[{"embeddable":true,"href":"http:\/\/heavymetalonline.com.br\/index.php?rest_route=\/wp\/v2\/users\/12"}],"replies":[{"embeddable":true,"href":"http:\/\/heavymetalonline.com.br\/index.php?rest_route=%2Fwp%2Fv2%2Fcomments&post=20946"}],"version-history":[{"count":3,"href":"http:\/\/heavymetalonline.com.br\/index.php?rest_route=\/wp\/v2\/posts\/20946\/revisions"}],"predecessor-version":[{"id":20953,"href":"http:\/\/heavymetalonline.com.br\/index.php?rest_route=\/wp\/v2\/posts\/20946\/revisions\/20953"}],"wp:featuredmedia":[{"embeddable":true,"href":"http:\/\/heavymetalonline.com.br\/index.php?rest_route=\/wp\/v2\/media\/20949"}],"wp:attachment":[{"href":"http:\/\/heavymetalonline.com.br\/index.php?rest_route=%2Fwp%2Fv2%2Fmedia&parent=20946"}],"wp:term":[{"taxonomy":"category","embeddable":true,"href":"http:\/\/heavymetalonline.com.br\/index.php?rest_route=%2Fwp%2Fv2%2Fcategories&post=20946"},{"taxonomy":"post_tag","embeddable":true,"href":"http:\/\/heavymetalonline.com.br\/index.php?rest_route=%2Fwp%2Fv2%2Ftags&post=20946"}],"curies":[{"name":"wp","href":"https:\/\/api.w.org\/{rel}","templated":true}]}}