{"id":20962,"date":"2024-02-29T15:38:54","date_gmt":"2024-02-29T15:38:54","guid":{"rendered":"http:\/\/heavymetalonline.com.br\/?p=20962"},"modified":"2024-02-29T15:38:54","modified_gmt":"2024-02-29T15:38:54","slug":"volta-da-jurema-alem-da-ironia-piaui-e-a-desigualdade-social-em-verso-hardcore","status":"publish","type":"post","link":"http:\/\/heavymetalonline.com.br\/?p=20962","title":{"rendered":"Volta da Jurema al\u00e9m da ironia: Piau\u00ed e a desigualdade social em verso Hardcore"},"content":{"rendered":"<p><img loading=\"lazy\" decoding=\"async\" class=\"alignnone size-full wp-image-20963\" src=\"http:\/\/heavymetalonline.com.br\/wp-content\/uploads\/2024\/02\/unnamed-4-3.jpg\" alt=\"\" width=\"1024\" height=\"683\" srcset=\"http:\/\/heavymetalonline.com.br\/wp-content\/uploads\/2024\/02\/unnamed-4-3.jpg 1024w, http:\/\/heavymetalonline.com.br\/wp-content\/uploads\/2024\/02\/unnamed-4-3-300x200.jpg 300w, http:\/\/heavymetalonline.com.br\/wp-content\/uploads\/2024\/02\/unnamed-4-3-768x512.jpg 768w\" sizes=\"auto, (max-width: 1024px) 100vw, 1024px\" \/><\/p>\n<div data-breakout=\"normal\">\n<pre id=\"viewer-1c7zz268753\" class=\"PtAFG vXogX KNByY iPC6I\"><span class=\"\">Cr\u00e9ditos: Fotos por \u00cdcaro Ferreira<\/span><\/pre>\n<p style=\"text-align: center;\"><em>Banda lan\u00e7a single de estreia &#8220;Melhor Que Paris&#8221; satirizando fala de pol\u00edtico <\/em><\/p>\n<p id=\"viewer-1da9u270099\" class=\"_9-O5y h4vUg KNByY iPC6I TI-xX\"><span class=\"_1N6tE\">\u00c9 ponto pac\u00edfico que o nordeste brasileiro sempre nos surpreende em termos de qualidade musical. Nas \u00faltimas d\u00e9cadas, o n\u00famero de bandas e artistas de extremo bom gosto, tanto dentro quanto fora do cen\u00e1rio Rock\/Metal, tem crescido exponencialmente, para a alegria dos f\u00e3s de boa m\u00fasica em todos os quatro cantos do Brasil.<\/span><\/p>\n<\/div>\n<div data-hook=\"rcv-block5\"><\/div>\n<div data-breakout=\"normal\">\n<div id=\"viewer-9u0df265203\" class=\"_9-O5y h4vUg KNByY TI-xX\"><span class=\"_1N6tE\">\u00a0<\/span><\/div>\n<\/div>\n<div data-hook=\"rcv-block6\"><\/div>\n<div data-breakout=\"normal\">\n<p id=\"viewer-j3oqg265455\" class=\"_9-O5y h4vUg KNByY iPC6I TI-xX\"><span class=\"_1N6tE\">Vinda diretamente de Parna\u00edba, no Piau\u00ed, a banda Volta da Jurema traz um som autoral e atitude para pisar em qualquer palco, seja ele de Metal, Punk rock, ou qualquer outro.<\/span><\/p>\n<\/div>\n<div data-hook=\"rcv-block7\"><\/div>\n<div data-breakout=\"normal\">\n<div id=\"viewer-l25ez254900\" class=\"_9-O5y h4vUg KNByY TI-xX\"><span class=\"_1N6tE\">\u00a0<\/span><\/div>\n<\/div>\n<div data-hook=\"rcv-block8\"><\/div>\n<div data-breakout=\"normal\">\n<p id=\"viewer-hh4c2254914\" class=\"_9-O5y h4vUg KNByY iPC6I TI-xX\"><span class=\"_1N6tE\">Atualmente formada por Felipe Barbosa (vocal, ex-Phunkbuda, ex-Cabesativa), Artur Fontenelle (baixo, ex-Oligarquia (SP), ex-Morbid Whisper, ex-Cambones (SP), ex-Phunkbuda, Heresia666), Murilo&#8217; War&#8217; (guitarra, Morbid Whisper, ex-Profano) e F\u00e1bio Nasc (bateria, Morbid Whisper, ex-Scud), podem ser considerados a primeira banda do Piau\u00ed a desenvolver um tipo de Hardcore mais mel\u00f3dico.<\/span><\/p>\n<\/div>\n<div data-hook=\"rcv-block9\"><\/div>\n<div data-breakout=\"normal\">\n<div id=\"viewer-32xy8254985\" class=\"_9-O5y h4vUg KNByY TI-xX\"><span class=\"_1N6tE\">\u00a0<\/span><\/div>\n<\/div>\n<div data-hook=\"rcv-block10\"><\/div>\n<div data-breakout=\"normal\">\n<p id=\"viewer-ctd74254939\" class=\"_9-O5y h4vUg KNByY iPC6I TI-xX\"><span class=\"_1N6tE\">Composta por m\u00fasicos experientes da cena piauiense e paulista, \u00e9 mais um excelente exemplo de como criar um som estruturado e inspirado por bandas que transitam entre o Hardcore americano e o Punk Rock dos anos 90, como o NOFX, Descendents, Bad Religion e o Pennywise, al\u00e9m das brasileiras Lobotomia, Ratos de Por\u00e3o, Garage Fuzz, Dead Fish, Grinders, dentre outras.<\/span><\/p>\n<\/div>\n<div data-hook=\"rcv-block11\"><\/div>\n<div data-breakout=\"normal\">\n<div id=\"viewer-axb61255630\" class=\"_9-O5y h4vUg KNByY TI-xX\"><span class=\"_1N6tE\">\u00a0<\/span><\/div>\n<\/div>\n<div data-hook=\"rcv-block12\"><\/div>\n<div data-breakout=\"normal\">\n<p id=\"viewer-o8ccp255498\" class=\"_9-O5y h4vUg KNByY iPC6I TI-xX\"><span class=\"_1N6tE\">Seu single de estreia, &#8220;Melhor Que Paris&#8221; , foi lan\u00e7ado hoje em todas as plataformas digitais e conta tamb\u00e9m com um videoclipe lan\u00e7ado com exclusividade atrav\u00e9s do conceituado canal no YouTube do Geleia Total:<\/span><\/p>\n<p><iframe loading=\"lazy\" title=\"ACCEPT - Humanoid (Official Video) | Napalm Records\" width=\"640\" height=\"360\" src=\"https:\/\/www.youtube.com\/embed\/LYPFFZFBBYY?feature=oembed\" frameborder=\"0\" allow=\"accelerometer; autoplay; clipboard-write; encrypted-media; gyroscope; picture-in-picture; web-share\" referrerpolicy=\"strict-origin-when-cross-origin\" allowfullscreen><\/iframe><\/p>\n<div data-breakout=\"normal\">\n<p id=\"viewer-4bb34255055\" class=\"_9-O5y h4vUg KNByY iPC6I TI-xX\"><span class=\"_1N6tE\">Ou\u00e7a &#8220;Melhor Que Paris&#8221; nos streamings em <a class=\"_37YHL hO7NK\" href=\"https:\/\/onerpm.link\/792859570198\" target=\"_blank\" rel=\"noopener\" data-hook=\"WebLink\">https:\/\/onerpm.link\/792859570198<\/a><\/span><\/p>\n<\/div>\n<div data-hook=\"rcv-block18\"><\/div>\n<div data-breakout=\"normal\">\n<p id=\"viewer-ipsd7256765\" class=\"_9-O5y h4vUg KNByY iPC6I TI-xX\"><span class=\"_1N6tE\">Gravado em Parna\u00edba, Piau\u00ed entre outubro de 2023 e janeiro de 2024.<\/span><\/p>\n<\/div>\n<div data-breakout=\"normal\">\n<p id=\"viewer-torug256849\" class=\"_9-O5y h4vUg KNByY iPC6I TI-xX\"><span class=\"_1N6tE\">Letra: Artur Fontenelle e Felipe Barbosa<\/span><\/p>\n<\/div>\n<div data-breakout=\"normal\">\n<p id=\"viewer-phx91256855\" class=\"_9-O5y h4vUg KNByY iPC6I TI-xX\"><span class=\"_1N6tE\">Composi\u00e7\u00e3o: Volta da Jurema<\/span><\/p>\n<\/div>\n<div data-breakout=\"normal\">\n<p id=\"viewer-50wir256859\" class=\"_9-O5y h4vUg KNByY iPC6I TI-xX\"><span class=\"_1N6tE\">Capta\u00e7\u00e3o e mixagem: Murilo &#8216;War&#8217;<\/span><\/p>\n<\/div>\n<div data-breakout=\"normal\">\n<p id=\"viewer-r1k90256863\" class=\"_9-O5y h4vUg KNByY iPC6I TI-xX\"><span class=\"_1N6tE\">Masteriza\u00e7\u00e3o: Rafael Bombeck<\/span><\/p>\n<\/div>\n<div data-breakout=\"normal\">\n<p id=\"viewer-v06ei256867\" class=\"_9-O5y h4vUg KNByY iPC6I TI-xX\"><span class=\"_1N6tE\">Capa: Artu Fontenelle (Dead Mouse Design) (@deadmousedesign)<\/span><\/p>\n<\/div>\n<div data-breakout=\"normal\">\n<p id=\"viewer-rsinx256873\" class=\"_9-O5y h4vUg KNByY iPC6I TI-xX\"><span class=\"_1N6tE\">Selo: Solar 6 Voltz<\/span><\/p>\n<\/div>\n<div data-hook=\"rcv-block25\"><\/div>\n<div data-breakout=\"normal\">\n<div id=\"viewer-w58v9258256\" class=\"_9-O5y h4vUg KNByY TI-xX\"><span class=\"_1N6tE\">\u00a0<\/span><\/div>\n<\/div>\n<div data-hook=\"rcv-block26\"><\/div>\n<div data-breakout=\"normal\">\n<p id=\"viewer-wnu3r258405\" class=\"_9-O5y h4vUg KNByY iPC6I TI-xX\"><span class=\"_1N6tE\">Felipe Barbosa comentou: <em>&#8220;Atrav\u00e9s de nosso som direto e r\u00e1pido, nosso intuito \u00e9 espalhar nossas mensagens como retratos do cen\u00e1rio social de forma que inspiram as pessoas para que se identifiquem em busca de dias melhores&#8221;.<\/em><\/span><\/p>\n<\/div>\n<div data-hook=\"rcv-block27\"><\/div>\n<div data-breakout=\"normal\">\n<div id=\"viewer-xcm1m258788\" class=\"_9-O5y h4vUg KNByY TI-xX\"><span class=\"_1N6tE\">\u00a0<\/span><\/div>\n<\/div>\n<div data-hook=\"rcv-block28\"><\/div>\n<div data-breakout=\"normal\">\n<p id=\"viewer-od00p258950\" class=\"_9-O5y h4vUg KNByY iPC6I TI-xX\"><span class=\"_1N6tE\">Artur Fontenelle acrescentou:<em> &#8220;\u00c9 um projeto que vai al\u00e9m do som e das letras, com a banda buscando identifica\u00e7\u00e3o atrav\u00e9s da parte visual de suas capas e videoclipes criados pela pr\u00f3pria banda.&#8221;<\/em><\/span><\/p>\n<\/div>\n<div data-hook=\"rcv-block29\"><\/div>\n<div data-breakout=\"normal\">\n<div id=\"viewer-8n0ay259269\" class=\"_9-O5y h4vUg KNByY TI-xX\"><span class=\"_1N6tE\">\u00a0<\/span><\/div>\n<\/div>\n<div data-hook=\"rcv-block30\"><\/div>\n<div data-breakout=\"normal\">\n<p id=\"viewer-6yi27259446\" class=\"_9-O5y h4vUg KNByY iPC6I TI-xX\"><span class=\"_1N6tE\">Artur tamb\u00e9m \u00e9 conhecido por seus trabalhos gr\u00e1ficos como Dead Mouse Design e j\u00e1 fez artes para bandas renomadas como Andralls, Uganga, Sinaya, W-yo, Mad Monkees, RxUxA, Insane Hell, entre outros.<\/span><\/p>\n<\/div>\n<div data-hook=\"rcv-block31\"><\/div>\n<div data-breakout=\"normal\">\n<div id=\"viewer-7ax4k259830\" class=\"_9-O5y h4vUg KNByY TI-xX\"><span class=\"_1N6tE\">\u00a0<\/span><\/div>\n<\/div>\n<div data-hook=\"rcv-block32\"><\/div>\n<div data-breakout=\"normal\">\n<p id=\"viewer-bsjgj259602\" class=\"_9-O5y h4vUg KNByY iPC6I TI-xX\"><span class=\"_1N6tE\">O termo &#8220;melhor que Paris&#8221; tornou-se uma express\u00e3o conhecida entre o povo piauiense quando o prefeito M\u00e3o Santa, ao ser questionado sobre a situa\u00e7\u00e3o da cidade de Parna\u00edba, afirmou: &#8220;Parna\u00edba vai melhor que Paris!&#8221;<\/span><\/p>\n<\/div>\n<div data-hook=\"rcv-block33\"><\/div>\n<div data-breakout=\"normal\">\n<div id=\"viewer-5mcf1260064\" class=\"_9-O5y h4vUg KNByY TI-xX\"><span class=\"_1N6tE\">\u00a0<\/span><\/div>\n<\/div>\n<div data-hook=\"rcv-block34\"><\/div>\n<div data-breakout=\"normal\">\n<p id=\"viewer-wffkb259604\" class=\"_9-O5y h4vUg KNByY iPC6I TI-xX\"><span class=\"_1N6tE\">At\u00e9 hoje n\u00e3o sabemos se foi ironia, s\u00e1tira, sarcasmo ou se ele realmente acreditou nisso (risos)&#8221; , finalizou Artur .<\/span><\/p>\n<\/div>\n<div data-hook=\"rcv-block35\"><\/div>\n<div data-breakout=\"normal\">\n<div id=\"viewer-q3mfy261355\" class=\"_9-O5y h4vUg KNByY TI-xX\"><span class=\"_1N6tE\">\u00a0<\/span><\/div>\n<\/div>\n<div data-hook=\"rcv-block36\"><\/div>\n<div data-breakout=\"normal\">\n<p id=\"viewer-aqsk0261569\" class=\"_9-O5y h4vUg KNByY iPC6I TI-xX\"><span class=\"_1N6tE\">O fato \u00e9 que o Brasil \u00e9 um pa\u00eds marcado por extrema desigualdade, e o Piau\u00ed enfrenta uma s\u00e9rie de problemas sociais persistentes. Nesse contexto, a Volta da Jurema questiona o termo por meio de uma letra sarc\u00e1stica, refor\u00e7ada no mais puro Hardcore. No videoclipe, a banda retrata de forma impactante a realidade de um dos pontos mais conhecidos da regi\u00e3o, a Praia da Pedra do Sal. A pergunta persiste: ser\u00e1 mesmo que Parna\u00edba, ou qualquer cidade do Nordeste, ou talvez do Brasil, \u00e9 melhor que Paris?<\/span><\/p>\n<\/div>\n<div data-hook=\"rcv-block37\"><\/div>\n<div data-breakout=\"normal\">\n<div id=\"viewer-bk5hf261975\" class=\"_9-O5y h4vUg KNByY TI-xX\"><span class=\"_1N6tE\">\u00a0<\/span><\/div>\n<\/div>\n<div data-hook=\"rcv-block38\"><\/div>\n<div data-breakout=\"normal\">\n<p id=\"viewer-1r3fw262200\" class=\"_9-O5y h4vUg KNByY iPC6I TI-xX\"><strong><span class=\"_1N6tE\">Volta da Jurema nas redes:<\/span><\/strong><\/p>\n<\/div>\n<div data-breakout=\"normal\">\n<p id=\"viewer-rq1ke262256\" class=\"_9-O5y h4vUg KNByY iPC6I TI-xX\"><span class=\"_1N6tE\">Facebook: <a class=\"_37YHL hO7NK\" href=\"https:\/\/www.facebook.com\/voltadajurema\" target=\"_blank\" rel=\"noopener noreferrer\" data-hook=\"WebLink\">@voltadajurema<\/a><\/span><\/p>\n<\/div>\n<div data-breakout=\"normal\">\n<p id=\"viewer-zinv9262534\" class=\"_9-O5y h4vUg KNByY iPC6I TI-xX\"><span class=\"_1N6tE\">Instagram: <a class=\"_37YHL hO7NK\" href=\"https:\/\/www.instagram.com\/voltadajurema\/\" target=\"_blank\" rel=\"noopener noreferrer\" data-hook=\"WebLink\">@voltadajurema<\/a><\/span><\/p>\n<\/div>\n<div data-hook=\"rcv-block41\"><\/div>\n<div data-breakout=\"normal\">\n<div id=\"viewer-frsym273537\" class=\"_9-O5y h4vUg KNByY TI-xX\"><span class=\"_1N6tE\">\u00a0<\/span><\/div>\n<\/div>\n<div data-hook=\"rcv-block42\"><\/div>\n<div data-breakout=\"normal\">\n<p id=\"viewer-p4bae273932\" class=\"_9-O5y h4vUg KNByY iPC6I TI-xX\"><span class=\"_1N6tE\"><strong>Fonte:<\/strong> JZ Press<\/span><\/p>\n<\/div>\n<\/div>\n","protected":false},"excerpt":{"rendered":"<p>Cr\u00e9ditos: Fotos por \u00cdcaro Ferreira Banda lan\u00e7a single de estreia &#8220;Melhor Que Paris&#8221; satirizando fala de pol\u00edtico \u00c9 ponto pac\u00edfico que o nordeste brasileiro sempre nos surpreende em termos de qualidade musical. Nas \u00faltimas d\u00e9cadas, o n\u00famero de bandas e artistas de extremo bom gosto, tanto dentro quanto fora do cen\u00e1rio Rock\/Metal, tem crescido exponencialmente, [&hellip;]<\/p>\n","protected":false},"author":12,"featured_media":20963,"comment_status":"closed","ping_status":"open","sticky":false,"template":"","format":"standard","meta":{"footnotes":""},"categories":[4],"tags":[],"class_list":["post-20962","post","type-post","status-publish","format-standard","has-post-thumbnail","hentry","category-noticias"],"_links":{"self":[{"href":"http:\/\/heavymetalonline.com.br\/index.php?rest_route=\/wp\/v2\/posts\/20962","targetHints":{"allow":["GET"]}}],"collection":[{"href":"http:\/\/heavymetalonline.com.br\/index.php?rest_route=\/wp\/v2\/posts"}],"about":[{"href":"http:\/\/heavymetalonline.com.br\/index.php?rest_route=\/wp\/v2\/types\/post"}],"author":[{"embeddable":true,"href":"http:\/\/heavymetalonline.com.br\/index.php?rest_route=\/wp\/v2\/users\/12"}],"replies":[{"embeddable":true,"href":"http:\/\/heavymetalonline.com.br\/index.php?rest_route=%2Fwp%2Fv2%2Fcomments&post=20962"}],"version-history":[{"count":1,"href":"http:\/\/heavymetalonline.com.br\/index.php?rest_route=\/wp\/v2\/posts\/20962\/revisions"}],"predecessor-version":[{"id":20964,"href":"http:\/\/heavymetalonline.com.br\/index.php?rest_route=\/wp\/v2\/posts\/20962\/revisions\/20964"}],"wp:featuredmedia":[{"embeddable":true,"href":"http:\/\/heavymetalonline.com.br\/index.php?rest_route=\/wp\/v2\/media\/20963"}],"wp:attachment":[{"href":"http:\/\/heavymetalonline.com.br\/index.php?rest_route=%2Fwp%2Fv2%2Fmedia&parent=20962"}],"wp:term":[{"taxonomy":"category","embeddable":true,"href":"http:\/\/heavymetalonline.com.br\/index.php?rest_route=%2Fwp%2Fv2%2Fcategories&post=20962"},{"taxonomy":"post_tag","embeddable":true,"href":"http:\/\/heavymetalonline.com.br\/index.php?rest_route=%2Fwp%2Fv2%2Ftags&post=20962"}],"curies":[{"name":"wp","href":"https:\/\/api.w.org\/{rel}","templated":true}]}}