{"id":21321,"date":"2024-03-17T19:51:51","date_gmt":"2024-03-17T19:51:51","guid":{"rendered":"http:\/\/heavymetalonline.com.br\/?p=21321"},"modified":"2024-03-17T19:51:51","modified_gmt":"2024-03-17T19:51:51","slug":"marenna-fara-shows-na-alemanha-holanda-belgica-suica-e-franca-em-maio","status":"publish","type":"post","link":"http:\/\/heavymetalonline.com.br\/?p=21321","title":{"rendered":"Marenna far\u00e1 shows na Alemanha, Holanda, B\u00e9lgica, Su\u00ed\u00e7a e Fran\u00e7a em Maio"},"content":{"rendered":"<p><img loading=\"lazy\" decoding=\"async\" class=\"alignnone size-full wp-image-21323\" src=\"http:\/\/heavymetalonline.com.br\/wp-content\/uploads\/2024\/03\/Marenna-Show-Livre-2023-1.jpg\" alt=\"\" width=\"1054\" height=\"703\" srcset=\"http:\/\/heavymetalonline.com.br\/wp-content\/uploads\/2024\/03\/Marenna-Show-Livre-2023-1.jpg 1054w, http:\/\/heavymetalonline.com.br\/wp-content\/uploads\/2024\/03\/Marenna-Show-Livre-2023-1-300x200.jpg 300w, http:\/\/heavymetalonline.com.br\/wp-content\/uploads\/2024\/03\/Marenna-Show-Livre-2023-1-768x512.jpg 768w, http:\/\/heavymetalonline.com.br\/wp-content\/uploads\/2024\/03\/Marenna-Show-Livre-2023-1-1024x683.jpg 1024w, http:\/\/heavymetalonline.com.br\/wp-content\/uploads\/2024\/03\/Marenna-Show-Livre-2023-1-270x180.jpg 270w\" sizes=\"auto, (max-width: 1054px) 100vw, 1054px\" \/><\/p>\n<div data-breakout=\"normal\">\n<pre id=\"viewer-fb7q1104021\" class=\"Re-C7 F4eHr _5TXqj t077n\"><span class=\"\">Cr\u00e9dito Foto: Isabelle Andrade (Show Livre)<\/span><\/pre>\n<p style=\"text-align: center;\"><em>Batizada de &#8220;Ten Years After Tour&#8221;, essa ser\u00e1 a primeira turn\u00ea europeia do grupo e celebra os dez anos de estrada da <\/em><\/p>\n<p style=\"text-align: center;\"><em>banda ga\u00facha de Hard Rock\/AOR<\/em><\/p>\n<p id=\"viewer-n1jo1106345\" class=\"H0BMW qw9d2 _5TXqj t077n _39sR0\"><span class=\"GkipB\">A carreira art\u00edstica do vocalista ga\u00facho Rod Marenna soma mais de 30 anos, dos quais quase dez t\u00eam sido \u00e0 frente do <strong>Marenna<\/strong>.<\/span><\/p>\n<\/div>\n<div data-hook=\"rcv-block5\"><\/div>\n<div data-breakout=\"normal\">\n<div id=\"viewer-ludbi46232\" class=\"H0BMW qw9d2 _5TXqj _39sR0\"><span class=\"GkipB\">\u00a0<\/span><\/div>\n<\/div>\n<div data-hook=\"rcv-block6\"><\/div>\n<div data-breakout=\"normal\">\n<p id=\"viewer-1ji7d46233\" class=\"H0BMW qw9d2 _5TXqj t077n _39sR0\"><span class=\"GkipB\">At\u00e9 aqui, o grupo lan\u00e7ou dois EPs, um disco ao vivo pela Sony Music, e dois \u00e1lbuns de est\u00fadio, sendo o mais recente \u201cVoyager\u201d, de 2022, atrav\u00e9s do selo dinamarqu\u00eas Lions Pride Music com quem a banda tem contrato desde 2015, mesmo ano que o Marenna foi finalista do Sweden Rock Festival Competition, um dos mais prestigiados do hard e classic rock mundial.<\/span><\/p>\n<\/div>\n<div data-hook=\"rcv-block7\"><\/div>\n<div data-breakout=\"normal\">\n<div id=\"viewer-s2h3k46236\" class=\"H0BMW qw9d2 _5TXqj _39sR0\"><span class=\"GkipB\">\u00a0<\/span><\/div>\n<\/div>\n<div data-hook=\"rcv-block8\"><\/div>\n<div data-breakout=\"normal\">\n<p id=\"viewer-tg3m646237\" class=\"H0BMW qw9d2 _5TXqj t077n _39sR0\"><span class=\"GkipB\">Em termos de shows, o Marenna j\u00e1 visitou v\u00e1rias regi\u00f5es do Brasil, tocou em algumas das mais importantes casas de espet\u00e1culos e apresentou-se ao lado de grandes nomes do rock mundial, dos quais, entre os mais recentes, destacam-se os shows com Eric Martin do Mr Big no Teatro Unisinos em Porto Alegre, com Geoff Tate, ex-Queensr\u00ffche, no Tokio Marine Hall em S\u00e3o Paulo e o fenomenal show de abertura para o Scorpions no est\u00e1dio Gigantinho na capital ga\u00facha.<\/span><\/p>\n<\/div>\n<div data-hook=\"rcv-block9\"><\/div>\n<div data-breakout=\"normal\">\n<div id=\"viewer-nao6246240\" class=\"H0BMW qw9d2 _5TXqj _39sR0\"><span class=\"GkipB\">\u00a0<\/span><\/div>\n<\/div>\n<div data-hook=\"rcv-block10\"><\/div>\n<div data-breakout=\"normal\">\n<p id=\"viewer-bck4i46241\" class=\"H0BMW qw9d2 _5TXqj t077n _39sR0\"><span class=\"GkipB\">Dez anos depois de sua forma\u00e7\u00e3o, eis que o Marenna est\u00e1 pronto para o maior desafio de sua carreira at\u00e9 aqui: a primeira turn\u00ea europeia da banda!<\/span><\/p>\n<\/div>\n<div data-hook=\"rcv-block11\"><\/div>\n<div data-breakout=\"normal\">\n<div id=\"viewer-7utle46243\" class=\"H0BMW qw9d2 _5TXqj _39sR0\"><span class=\"GkipB\">\u00a0<\/span><\/div>\n<\/div>\n<div data-hook=\"rcv-block12\"><\/div>\n<div data-breakout=\"normal\">\n<p id=\"viewer-417us46244\" class=\"H0BMW qw9d2 _5TXqj t077n _39sR0\"><span class=\"GkipB\">A <strong>&#8220;Ten Years After Tour&#8221;<\/strong> acontece em Maio para comemorar os 10 anos da banda e j\u00e1 tem cinco shows confirmados em cinco pa\u00edses diferentes. As datas s\u00e3o:<\/span><\/p>\n<\/div>\n<div data-hook=\"rcv-block13\"><\/div>\n<div data-breakout=\"normal\">\n<div id=\"viewer-k5eiq46246\" class=\"H0BMW qw9d2 _5TXqj _39sR0\"><span class=\"GkipB\">\u00a0<\/span><\/div>\n<\/div>\n<div data-hook=\"rcv-block14\"><\/div>\n<div data-breakout=\"normal\">\n<p id=\"viewer-t8lns46247\" class=\"H0BMW qw9d2 _5TXqj t077n _39sR0\"><span class=\"GkipB\">10\/05 &#8211; Amsterdam (Holanda) @ The Cave<\/span><\/p>\n<\/div>\n<div data-hook=\"rcv-block15\">\u00a0<span class=\"GkipB\">11\/05 Bree (B\u00e9lgica) @ Ragnarok<\/span><\/div>\n<div data-breakout=\"normal\"><\/div>\n<div data-breakout=\"normal\">\n<p id=\"viewer-if0lk46253\" class=\"H0BMW qw9d2 _5TXqj t077n _39sR0\"><span class=\"GkipB\">12\/05 Datteln (Alemanha) @ Jam<\/span><\/p>\n<\/div>\n<div data-breakout=\"normal\">\n<p id=\"viewer-e1wa546256\" class=\"H0BMW qw9d2 _5TXqj t077n _39sR0\"><span class=\"GkipB\">17\/05 &#8211; Lenzburg (Su\u00ed\u00e7a) @ Met Bar<\/span><\/p>\n<\/div>\n<div data-breakout=\"normal\">\n<p id=\"viewer-10p1k46259\" class=\"H0BMW qw9d2 _5TXqj t077n _39sR0\"><span class=\"GkipB\">19\/05 \u2013 Saint Herblain (Fran\u00e7a) @ AK Shelter<\/span><\/p>\n<p><img loading=\"lazy\" decoding=\"async\" class=\"alignnone size-full wp-image-21324\" src=\"http:\/\/heavymetalonline.com.br\/wp-content\/uploads\/2024\/03\/Marenna-European-Tour-2024_Update-Mar-2024.jpg\" alt=\"\" width=\"1600\" height=\"1600\" srcset=\"http:\/\/heavymetalonline.com.br\/wp-content\/uploads\/2024\/03\/Marenna-European-Tour-2024_Update-Mar-2024.jpg 1600w, http:\/\/heavymetalonline.com.br\/wp-content\/uploads\/2024\/03\/Marenna-European-Tour-2024_Update-Mar-2024-500x500.jpg 500w, http:\/\/heavymetalonline.com.br\/wp-content\/uploads\/2024\/03\/Marenna-European-Tour-2024_Update-Mar-2024-300x300.jpg 300w, http:\/\/heavymetalonline.com.br\/wp-content\/uploads\/2024\/03\/Marenna-European-Tour-2024_Update-Mar-2024-768x768.jpg 768w, http:\/\/heavymetalonline.com.br\/wp-content\/uploads\/2024\/03\/Marenna-European-Tour-2024_Update-Mar-2024-1024x1024.jpg 1024w\" sizes=\"auto, (max-width: 1600px) 100vw, 1600px\" \/><\/p>\n<div data-breakout=\"normal\">\n<p id=\"viewer-0okyl46263\" class=\"H0BMW qw9d2 _5TXqj t077n _39sR0\"><span class=\"GkipB\">Empolgados com o momento, o Marenna tem lan\u00e7ado uma s\u00e9rie de v\u00eddeos ao vivo. O mais recente \u00e9 de \u201cOut Of Line\u201d, uma das faixas do mais recente \u00e1lbum, \u201cVoyager\u201d<\/span><\/p>\n<\/div>\n<div data-hook=\"rcv-block23\"><\/div>\n<div data-breakout=\"normal\">\n<div id=\"viewer-zns1y46265\" class=\"H0BMW qw9d2 _5TXqj _39sR0\"><span class=\"GkipB\">\u00a0<\/span><\/div>\n<\/div>\n<div data-hook=\"rcv-block24\"><\/div>\n<div data-breakout=\"normal\">\n<p id=\"viewer-qhox646266\" class=\"H0BMW qw9d2 _5TXqj t077n _39sR0\"><span class=\"GkipB\"><strong>\u201cOut Of Line\u201d<\/strong> foi registrada durante o show que o Marenna fez no Tokio Marine Hall em S\u00e3o Paulo em janeiro de 2023. Rod Marenna comentou um pouco mais sobre o lan\u00e7amento.<\/span><\/p>\n<\/div>\n<div data-hook=\"rcv-block25\"><\/div>\n<div data-breakout=\"normal\">\n<div id=\"viewer-j2ayk46268\" class=\"H0BMW qw9d2 _5TXqj _39sR0\"><span class=\"GkipB\">\u00a0<\/span><\/div>\n<\/div>\n<div data-hook=\"rcv-block26\"><\/div>\n<div data-breakout=\"normal\">\n<p id=\"viewer-yczto46269\" class=\"H0BMW qw9d2 _5TXqj t077n _39sR0\"><em><span class=\"GkipB\">&#8220;Out Of Line traz uma atmosfera mais bluesy e esse v\u00eddeo conseguiu capturar toda a energia da banda ao vivo! Estamos com uma forma\u00e7\u00e3o s\u00f3lida e totalmente focada no som e no espet\u00e1culo da banda, e essa vers\u00e3o e v\u00eddeo representam bem isso&#8221;.<\/span><\/em><\/p>\n<\/div>\n<div data-hook=\"rcv-block27\"><\/div>\n<div data-breakout=\"normal\">\n<div id=\"viewer-wovdo46272\" class=\"H0BMW qw9d2 _5TXqj _39sR0\"><span class=\"GkipB\">\u00a0<\/span><\/div>\n<\/div>\n<div data-hook=\"rcv-block28\"><\/div>\n<div data-breakout=\"normal\">\n<p id=\"viewer-ma3ep46273\" class=\"H0BMW qw9d2 _5TXqj t077n _39sR0\"><strong><span class=\"GkipB\">Assista o v\u00eddeo de \u201cOut Of Line\u201d:<\/span><\/strong><\/p>\n<p><iframe loading=\"lazy\" title=\"MARENNA - Out Of Line [Official Live Video]\" width=\"640\" height=\"360\" src=\"https:\/\/www.youtube.com\/embed\/FBKuQQINYz4?feature=oembed\" frameborder=\"0\" allow=\"accelerometer; autoplay; clipboard-write; encrypted-media; gyroscope; picture-in-picture; web-share\" referrerpolicy=\"strict-origin-when-cross-origin\" allowfullscreen><\/iframe><\/p>\n<div data-breakout=\"normal\">\n<p id=\"viewer-qfp1i46277\" class=\"H0BMW qw9d2 _5TXqj t077n _39sR0\"><strong><span class=\"GkipB\">Ou\u00e7a tamb\u00e9m nas plataformas digitais:<\/span><\/strong><\/p>\n<\/div>\n<div data-hook=\"rcv-block33\"><\/div>\n<div data-breakout=\"normal\">\n<div id=\"viewer-cd96646279\" class=\"H0BMW qw9d2 _5TXqj _39sR0\"><span class=\"GkipB\">\u00a0<\/span><\/div>\n<\/div>\n<div data-hook=\"rcv-block34\"><\/div>\n<div data-breakout=\"normal\">\n<p id=\"viewer-0tatf46280\" class=\"H0BMW qw9d2 _5TXqj t077n _39sR0\"><span class=\"GkipB\">Spotify: <a class=\"DAP0T CATC8\" href=\"https:\/\/abre.ai\/iZ6R\" target=\"_blank\" rel=\"noopener noreferrer\" data-hook=\"WebLink\">https:\/\/abre.ai\/iZ6R<\/a><\/span><\/p>\n<\/div>\n<div data-hook=\"rcv-block35\"><\/div>\n<div data-breakout=\"normal\">\n<div id=\"viewer-ero1r46283\" class=\"H0BMW qw9d2 _5TXqj _39sR0\"><span class=\"GkipB\">\u00a0<\/span><\/div>\n<\/div>\n<div data-hook=\"rcv-block36\"><\/div>\n<div data-breakout=\"normal\">\n<p id=\"viewer-vcp5w46284\" class=\"H0BMW qw9d2 _5TXqj t077n _39sR0\"><span class=\"GkipB\">Deezer:<\/span><a class=\"DAP0T CATC8\" href=\"https:\/\/abre.ai\/iZ6X\" target=\"_blank\" rel=\"noopener\" data-hook=\"WebLink\">https:\/\/abre.ai\/iZ6X<\/a><\/p>\n<\/div>\n<div data-hook=\"rcv-block38\"><\/div>\n<div data-breakout=\"normal\">\n<div id=\"viewer-65ikf46298\" class=\"H0BMW qw9d2 _5TXqj _39sR0\"><span class=\"GkipB\">\u00a0<\/span><\/div>\n<\/div>\n<div data-hook=\"rcv-block39\"><\/div>\n<div data-breakout=\"normal\">\n<p id=\"viewer-b98oe46300\" class=\"H0BMW qw9d2 _5TXqj t077n _39sR0\"><span class=\"GkipB\">Al\u00e9m de Rod Marenna, o Marenna tamb\u00e9m conta com Edu Lersch na guitarra, Bife no baixo, Arthur Schavinski na bateria e Luks Diesel nos teclados.<\/span><\/p>\n<\/div>\n<div data-hook=\"rcv-block40\"><\/div>\n<div data-breakout=\"normal\">\n<div id=\"viewer-iyc7u46303\" class=\"H0BMW qw9d2 _5TXqj _39sR0\"><span class=\"GkipB\">\u00a0<\/span><\/div>\n<\/div>\n<div data-hook=\"rcv-block41\"><\/div>\n<div data-breakout=\"normal\">\n<p id=\"viewer-md0xn46304\" class=\"H0BMW qw9d2 _5TXqj t077n _39sR0\"><strong><span class=\"GkipB\">Ou\u00e7a \u201cVoyager\u201d:<\/span><\/strong><\/p>\n<p><iframe title=\"Spotify Embed: Voyager\" style=\"border-radius: 12px\" width=\"100%\" height=\"352\" frameborder=\"0\" allowfullscreen allow=\"autoplay; clipboard-write; encrypted-media; fullscreen; picture-in-picture\" loading=\"lazy\" src=\"https:\/\/open.spotify.com\/embed\/album\/5QeeswjQRtOOLY8bmPbhKw?si=_rLVYvqUSw-mhq7Dbm5QjA&#038;nd=1&#038;dlsi=9add6db48af044dc&#038;utm_source=oembed\"><\/iframe><\/p>\n<div data-breakout=\"normal\">\n<p id=\"viewer-lgez546328\" class=\"H0BMW qw9d2 _5TXqj t077n _39sR0\"><span class=\"GkipB\">A edi\u00e7\u00e3o f\u00edsica em CD de \u201cVoyager\u201d tamb\u00e9m foi lan\u00e7ada no Brasil numa parceria entre os selos Heavy Metal Rock e Classic Metal.<\/span><\/p>\n<\/div>\n<div data-hook=\"rcv-block46\"><\/div>\n<div data-breakout=\"normal\">\n<div id=\"viewer-n31ha46330\" class=\"H0BMW qw9d2 _5TXqj _39sR0\"><span class=\"GkipB\">\u00a0<\/span><\/div>\n<\/div>\n<div data-hook=\"rcv-block47\"><\/div>\n<div data-breakout=\"normal\">\n<p id=\"viewer-5nwko46331\" class=\"H0BMW qw9d2 _5TXqj t077n _39sR0\"><span class=\"GkipB\">Para adquirir o CD al\u00e9m de outros itens do merchandise oficial da banda, acesse: <a class=\"DAP0T CATC8\" href=\"https:\/\/pt.marennaonline.com\/merchandise\" target=\"_blank\" rel=\"noopener noreferrer\" data-hook=\"WebLink\">https:\/\/pt.marennaonline.com\/merchandise<\/a><\/span><\/p>\n<\/div>\n<div data-hook=\"rcv-block48\"><\/div>\n<div data-breakout=\"normal\">\n<div id=\"viewer-jn66146335\" class=\"H0BMW qw9d2 _5TXqj _39sR0\"><span class=\"GkipB\">\u00a0<\/span><\/div>\n<\/div>\n<div data-hook=\"rcv-block49\"><\/div>\n<div data-breakout=\"normal\">\n<p id=\"viewer-t64a346336\" class=\"H0BMW qw9d2 _5TXqj t077n _39sR0\"><strong><span class=\"GkipB\">Mais Informa\u00e7\u00f5es:\u00a0\u00a0<\/span><\/strong><\/p>\n<\/div>\n<div data-breakout=\"normal\">\n<p id=\"viewer-tzyvc46340\" class=\"H0BMW qw9d2 _5TXqj t077n _39sR0\"><span class=\"GkipB\"><a class=\"DAP0T CATC8\" href=\"https:\/\/pt.marennaonline.com\/\" target=\"_blank\" rel=\"noopener\" data-hook=\"WebLink\">https:\/\/pt.marennaonline.com\/<\/a><\/span><\/p>\n<\/div>\n<div data-breakout=\"normal\">\n<p id=\"viewer-5z18w46343\" class=\"H0BMW qw9d2 _5TXqj t077n _39sR0\"><span class=\"GkipB\"><a class=\"DAP0T CATC8\" href=\"http:\/\/www.facebook.com\/marennaofficial\" target=\"_blank\" rel=\"noopener\" data-hook=\"WebLink\">www.facebook.com\/marennaofficial<\/a><\/span><\/p>\n<\/div>\n<div data-breakout=\"normal\">\n<p id=\"viewer-hwgpx46346\" class=\"H0BMW qw9d2 _5TXqj t077n _39sR0\"><span class=\"GkipB\"><a class=\"DAP0T CATC8\" href=\"http:\/\/www.instagram.com\/marennaofficial\" target=\"_blank\" rel=\"noopener\" data-hook=\"WebLink\">www.instagram.com\/marennaofficial<\/a><\/span><\/p>\n<\/div>\n<div data-breakout=\"normal\">\n<p id=\"viewer-8rrwk49995\" class=\"H0BMW qw9d2 _5TXqj _39sR0\"><span class=\"GkipB\">\u00a0<a class=\"DAP0T CATC8\" href=\"http:\/\/www.youtube.com\/marennaofficial\" target=\"_blank\" rel=\"noopener\" data-hook=\"WebLink\">www.youtube.com\/marennaofficial<\/a><\/span><\/p>\n<\/div>\n<div data-hook=\"rcv-block54\"><\/div>\n<div data-breakout=\"normal\">\n<div id=\"viewer-ztrgw51048\" class=\"H0BMW qw9d2 _5TXqj _39sR0\"><span class=\"GkipB\">\u00a0<\/span><\/div>\n<\/div>\n<div data-hook=\"rcv-block55\"><\/div>\n<div data-breakout=\"normal\">\n<p id=\"viewer-x9ohb51422\" class=\"H0BMW qw9d2 _5TXqj t077n _39sR0\"><span class=\"GkipB\"><strong>Fonte:<\/strong> Som do Darma \u00a0<\/span><\/p>\n<\/div>\n<\/div>\n<\/div>\n<p>&nbsp;<\/p>\n<\/div>\n","protected":false},"excerpt":{"rendered":"<p>Cr\u00e9dito Foto: Isabelle Andrade (Show Livre) Batizada de &#8220;Ten Years After Tour&#8221;, essa ser\u00e1 a primeira turn\u00ea europeia do grupo e celebra os dez anos de estrada da banda ga\u00facha de Hard Rock\/AOR A carreira art\u00edstica do vocalista ga\u00facho Rod Marenna soma mais de 30 anos, dos quais quase dez t\u00eam sido \u00e0 frente do [&hellip;]<\/p>\n","protected":false},"author":12,"featured_media":21323,"comment_status":"closed","ping_status":"open","sticky":false,"template":"","format":"standard","meta":{"footnotes":""},"categories":[4],"tags":[],"class_list":["post-21321","post","type-post","status-publish","format-standard","has-post-thumbnail","hentry","category-noticias"],"_links":{"self":[{"href":"http:\/\/heavymetalonline.com.br\/index.php?rest_route=\/wp\/v2\/posts\/21321","targetHints":{"allow":["GET"]}}],"collection":[{"href":"http:\/\/heavymetalonline.com.br\/index.php?rest_route=\/wp\/v2\/posts"}],"about":[{"href":"http:\/\/heavymetalonline.com.br\/index.php?rest_route=\/wp\/v2\/types\/post"}],"author":[{"embeddable":true,"href":"http:\/\/heavymetalonline.com.br\/index.php?rest_route=\/wp\/v2\/users\/12"}],"replies":[{"embeddable":true,"href":"http:\/\/heavymetalonline.com.br\/index.php?rest_route=%2Fwp%2Fv2%2Fcomments&post=21321"}],"version-history":[{"count":1,"href":"http:\/\/heavymetalonline.com.br\/index.php?rest_route=\/wp\/v2\/posts\/21321\/revisions"}],"predecessor-version":[{"id":21325,"href":"http:\/\/heavymetalonline.com.br\/index.php?rest_route=\/wp\/v2\/posts\/21321\/revisions\/21325"}],"wp:featuredmedia":[{"embeddable":true,"href":"http:\/\/heavymetalonline.com.br\/index.php?rest_route=\/wp\/v2\/media\/21323"}],"wp:attachment":[{"href":"http:\/\/heavymetalonline.com.br\/index.php?rest_route=%2Fwp%2Fv2%2Fmedia&parent=21321"}],"wp:term":[{"taxonomy":"category","embeddable":true,"href":"http:\/\/heavymetalonline.com.br\/index.php?rest_route=%2Fwp%2Fv2%2Fcategories&post=21321"},{"taxonomy":"post_tag","embeddable":true,"href":"http:\/\/heavymetalonline.com.br\/index.php?rest_route=%2Fwp%2Fv2%2Ftags&post=21321"}],"curies":[{"name":"wp","href":"https:\/\/api.w.org\/{rel}","templated":true}]}}