{"id":21326,"date":"2024-03-17T20:21:11","date_gmt":"2024-03-17T20:21:11","guid":{"rendered":"http:\/\/heavymetalonline.com.br\/?p=21326"},"modified":"2024-03-17T20:21:11","modified_gmt":"2024-03-17T20:21:11","slug":"furial-lanca-novo-single-e-videoclipe-memento-nao-lembra-de-mim-com-participacao-de-eutha","status":"publish","type":"post","link":"http:\/\/heavymetalonline.com.br\/?p=21326","title":{"rendered":"Furial lan\u00e7a novo single e videoclipe &#8220;Memento (N\u00e3o Lembra de Mim?)&#8221; com participa\u00e7\u00e3o de Eutha"},"content":{"rendered":"<p><img loading=\"lazy\" decoding=\"async\" class=\"alignnone size-full wp-image-21327\" src=\"http:\/\/heavymetalonline.com.br\/wp-content\/uploads\/2024\/03\/unnamed-8-1.jpg\" alt=\"\" width=\"686\" height=\"457\" srcset=\"http:\/\/heavymetalonline.com.br\/wp-content\/uploads\/2024\/03\/unnamed-8-1.jpg 686w, http:\/\/heavymetalonline.com.br\/wp-content\/uploads\/2024\/03\/unnamed-8-1-300x200.jpg 300w, http:\/\/heavymetalonline.com.br\/wp-content\/uploads\/2024\/03\/unnamed-8-1-270x180.jpg 270w\" sizes=\"auto, (max-width: 686px) 100vw, 686px\" \/><\/p>\n<div data-breakout=\"normal\">\n<p id=\"viewer-b8mdv117267\" class=\"H0BMW qw9d2 _5TXqj t077n _39sR0\"><span class=\"GkipB\">A banda de Florian\u00f3polis\/Santa Catarina, <strong>Furial<\/strong>, lan\u00e7a novo single e videoclipe <strong>&#8220;Memento (N\u00e3o Lembra de Mim?)&#8221;<\/strong> com participa\u00e7\u00e3o de Eutha. O nome foi escolhido em refer\u00eancia ao filme Memento (Amn\u00e9sia, 2001, Christopher Nolan), especialmente em raz\u00e3o de um dos trechos que mais inspirou a m\u00fasica: &#8221; Como posso me curar, se n\u00e3o sinto o tempo passar? Se n\u00e3o podemos formar mem\u00f3rias, n\u00e3o podemos nos curar&#8221;. <\/span><\/p>\n<\/div>\n<div data-hook=\"rcv-block4\"><\/div>\n<div data-breakout=\"normal\">\n<div id=\"viewer-cd1w6112128\" class=\"H0BMW qw9d2 _5TXqj _39sR0\"><span class=\"GkipB\">\u00a0<\/span><\/div>\n<\/div>\n<div data-hook=\"rcv-block5\"><\/div>\n<div data-breakout=\"normal\">\n<p id=\"viewer-hrfva112154\" class=\"H0BMW qw9d2 _5TXqj t077n _39sR0\"><span class=\"GkipB\">A m\u00fasica funde uma variedade de influ\u00eancias &#8211; metal alternativo, hip-hop, dub e post-punk evocando bandas como P.O.D., Rage Against the Machine e Helmet. A abordagem \u00e9 intencionalmente repleta de simbolismo e reflex\u00e3o, visando transmitir uma mensagem otimista e empoderadora sem se perder em clich\u00eas do nu-metal. A m\u00fasica oferece, ao inv\u00e9s de cantar sobre dor e tristeza, busca-se oferecer uma perspectiva mais otimista e empoderadora, sem perder a introspec\u00e7\u00e3o (can\u00e7\u00f5es que inspiram a celebrar a vida, e n\u00e3o a desprez\u00e1-la).<\/span><\/p>\n<\/div>\n<div data-hook=\"rcv-block6\"><\/div>\n<div data-breakout=\"normal\">\n<div id=\"viewer-zod5h112033\" class=\"H0BMW qw9d2 _5TXqj _39sR0\"><span class=\"GkipB\">\u00a0<\/span><\/div>\n<\/div>\n<div data-hook=\"rcv-block7\"><\/div>\n<div data-breakout=\"normal\">\n<p id=\"viewer-sva62112052\" class=\"H0BMW qw9d2 _5TXqj t077n _39sR0\"><strong><span class=\"GkipB\">Assista ao clipe Memento (N\u00e3o Lembra de Mim?):<\/span><\/strong><\/p>\n<p><iframe loading=\"lazy\" title=\"Furial part. Eutha - Memento (Clipe)\" width=\"640\" height=\"360\" src=\"https:\/\/www.youtube.com\/embed\/iFV8aw59NJM?feature=oembed\" frameborder=\"0\" allow=\"accelerometer; autoplay; clipboard-write; encrypted-media; gyroscope; picture-in-picture; web-share\" referrerpolicy=\"strict-origin-when-cross-origin\" allowfullscreen><\/iframe><\/p>\n<div data-breakout=\"normal\">\n<p id=\"viewer-hwsbk111957\" class=\"H0BMW qw9d2 _5TXqj t077n _39sR0\"><span class=\"GkipB\">Um convite para pensarmos sobre como as mem\u00f3rias e as experi\u00eancias moldam quem somos numa era em que as incertezas inc\u00f4modas da condi\u00e7\u00e3o p\u00f3s-moderna, em que a hist\u00f3ria n\u00e3o vai al\u00e9m das not\u00edcias de ontem, e o conhecimento \u00e9 suplantado pela \u201cinforma\u00e7\u00e3o\u201d de um tumulto de narradores n\u00e3o confi\u00e1veis e controlados. Ela encoraja os ouvintes a encontrar for\u00e7a e inspira\u00e7\u00e3o nas suas pr\u00f3prias hist\u00f3rias de vida, mesmo quando estas s\u00e3o marcadas por adversidades.<\/span><\/p>\n<\/div>\n<div data-hook=\"rcv-block12\"><\/div>\n<div data-breakout=\"normal\">\n<div id=\"viewer-pbnon113100\" class=\"H0BMW qw9d2 _5TXqj _39sR0\"><span class=\"GkipB\">\u00a0<\/span><\/div>\n<\/div>\n<div data-hook=\"rcv-block13\"><\/div>\n<div data-breakout=\"normal\">\n<p id=\"viewer-zdg64113028\" class=\"H0BMW qw9d2 _5TXqj t077n _39sR0\"><span class=\"GkipB\">A letra, assinada por Popini (Furial) e Mancha (Eutha) aborda a constru\u00e7\u00e3o da mem\u00f3ria, da identidade pessoal, e a influ\u00eancia dos eventos da vida na forma\u00e7\u00e3o do eu. O refr\u00e3o &#8220;N\u00e3o lembra de mim? Eu sou de onde vim e para onde voo&#8221; refor\u00e7a a ideia de identidade como uma jornada, n\u00e3o apenas definida pela origem, mas tamb\u00e9m pelo destino e pelas escolhas feitas ao longo do caminho. A men\u00e7\u00e3o ao massacre de Saudades traz uma dimens\u00e3o tr\u00e1gica, ressaltando como eventos dolorosos podem marcar profundamente a mem\u00f3ria coletiva e individual, afetando a forma como as pessoas se veem e se relacionam com o mundo.<\/span><\/p>\n<\/div>\n<div data-hook=\"rcv-block14\"><\/div>\n<div data-breakout=\"normal\">\n<div id=\"viewer-05jrk113235\" class=\"H0BMW qw9d2 _5TXqj _39sR0\"><span class=\"GkipB\">\u00a0<\/span><\/div>\n<\/div>\n<div data-hook=\"rcv-block15\"><\/div>\n<div data-breakout=\"normal\">\n<p id=\"viewer-kjupd113307\" class=\"H0BMW qw9d2 _5TXqj t077n _39sR0\"><span class=\"GkipB\">A parte da m\u00fasica que diz &#8220;Estou caindo, at\u00e9 aqui t\u00e1 tudo bem&#8230; O importante \u00e9 a aterrissagem&#8221; sugere uma aceita\u00e7\u00e3o da inevitabilidade dos desafios e das &#8220;quedas&#8221; na vida, mas com um foco na resili\u00eancia e na capacidade de se recuperar e aprender com essas experi\u00eancias. Resumidamente, \u00e9 um convite \u00e0 introspec\u00e7\u00e3o e \u00e0 celebra\u00e7\u00e3o da jornada humana, com todas as suas quedas e triunfos, suas mem\u00f3rias perdidas e encontradas.<\/span><\/p>\n<\/div>\n<div data-hook=\"rcv-block16\"><\/div>\n<div data-breakout=\"normal\">\n<div id=\"viewer-h43rv114443\" class=\"H0BMW qw9d2 _5TXqj _39sR0\"><span class=\"GkipB\">\u00a0<\/span><\/div>\n<\/div>\n<div data-hook=\"rcv-block17\"><\/div>\n<div data-breakout=\"normal\">\n<p id=\"viewer-0nete113372\" class=\"H0BMW qw9d2 _5TXqj t077n _39sR0\"><span class=\"GkipB\">A produ\u00e7\u00e3o de &#8220;Memento (N\u00e3o Lembra de Mim?)&#8221; \u00e9 uma parceria entre a Furial e a Eutha (banda de S\u00e3o Jos\u00e9\/SC). Link da Eutha no Spotify: <\/span><\/p>\n<p><iframe title=\"Spotify Embed: Eutha\" style=\"border-radius: 12px\" width=\"100%\" height=\"352\" frameborder=\"0\" allowfullscreen allow=\"autoplay; clipboard-write; encrypted-media; fullscreen; picture-in-picture\" loading=\"lazy\" src=\"https:\/\/open.spotify.com\/embed\/artist\/0GG8QICnJ0HfxIt0IPOFDn?utm_source=oembed\"><\/iframe><\/p>\n<div data-breakout=\"normal\">\n<p id=\"viewer-hjs47114797\" class=\"H0BMW qw9d2 _5TXqj t077n _39sR0\"><span class=\"GkipB\">A Furial \u00e9 uma banda de Florian\u00f3polis, Santa Catarina, com uma fus\u00e3o energ\u00e9tica de rock, metal e hardcore. Formada por Ginho Bernardes na bateria, Eduardo Zarur no baixo, Marcelo Lazzaris na guitarra e Rafael Popini nos vocais, a banda teve seu in\u00edcio em 2002. A Furial \u00e9 uma express\u00e3o aut\u00eantica do esp\u00edrito rebelde e experimental, caracter\u00edsticas da mistura de g\u00eaneros explorados, do punk ao hardcore, do metal e ao rap. A banda n\u00e3o se limita apenas \u00e0 m\u00fasica, mas tamb\u00e9m constr\u00f3i uma identidade com letras provocativas e clipes marcantes.<\/span><\/p>\n<\/div>\n<div data-hook=\"rcv-block22\"><\/div>\n<div data-breakout=\"normal\">\n<div id=\"viewer-kxweq114927\" class=\"H0BMW qw9d2 _5TXqj _39sR0\"><span class=\"GkipB\">\u00a0<\/span><\/div>\n<\/div>\n<div data-hook=\"rcv-block23\"><\/div>\n<div data-breakout=\"normal\">\n<p id=\"viewer-pb1s2115022\" class=\"H0BMW qw9d2 _5TXqj t077n _39sR0\"><span class=\"GkipB\"><strong>Fonte:<\/strong> Collapse Agency<\/span><\/p>\n<\/div>\n<\/div>\n<\/div>\n","protected":false},"excerpt":{"rendered":"<p>A banda de Florian\u00f3polis\/Santa Catarina, Furial, lan\u00e7a novo single e videoclipe &#8220;Memento (N\u00e3o Lembra de Mim?)&#8221; com participa\u00e7\u00e3o de Eutha. O nome foi escolhido em refer\u00eancia ao filme Memento (Amn\u00e9sia, 2001, Christopher Nolan), especialmente em raz\u00e3o de um dos trechos que mais inspirou a m\u00fasica: &#8221; Como posso me curar, se n\u00e3o sinto o tempo [&hellip;]<\/p>\n","protected":false},"author":12,"featured_media":21327,"comment_status":"closed","ping_status":"open","sticky":false,"template":"","format":"standard","meta":{"footnotes":""},"categories":[4],"tags":[],"class_list":["post-21326","post","type-post","status-publish","format-standard","has-post-thumbnail","hentry","category-noticias"],"_links":{"self":[{"href":"http:\/\/heavymetalonline.com.br\/index.php?rest_route=\/wp\/v2\/posts\/21326","targetHints":{"allow":["GET"]}}],"collection":[{"href":"http:\/\/heavymetalonline.com.br\/index.php?rest_route=\/wp\/v2\/posts"}],"about":[{"href":"http:\/\/heavymetalonline.com.br\/index.php?rest_route=\/wp\/v2\/types\/post"}],"author":[{"embeddable":true,"href":"http:\/\/heavymetalonline.com.br\/index.php?rest_route=\/wp\/v2\/users\/12"}],"replies":[{"embeddable":true,"href":"http:\/\/heavymetalonline.com.br\/index.php?rest_route=%2Fwp%2Fv2%2Fcomments&post=21326"}],"version-history":[{"count":1,"href":"http:\/\/heavymetalonline.com.br\/index.php?rest_route=\/wp\/v2\/posts\/21326\/revisions"}],"predecessor-version":[{"id":21328,"href":"http:\/\/heavymetalonline.com.br\/index.php?rest_route=\/wp\/v2\/posts\/21326\/revisions\/21328"}],"wp:featuredmedia":[{"embeddable":true,"href":"http:\/\/heavymetalonline.com.br\/index.php?rest_route=\/wp\/v2\/media\/21327"}],"wp:attachment":[{"href":"http:\/\/heavymetalonline.com.br\/index.php?rest_route=%2Fwp%2Fv2%2Fmedia&parent=21326"}],"wp:term":[{"taxonomy":"category","embeddable":true,"href":"http:\/\/heavymetalonline.com.br\/index.php?rest_route=%2Fwp%2Fv2%2Fcategories&post=21326"},{"taxonomy":"post_tag","embeddable":true,"href":"http:\/\/heavymetalonline.com.br\/index.php?rest_route=%2Fwp%2Fv2%2Ftags&post=21326"}],"curies":[{"name":"wp","href":"https:\/\/api.w.org\/{rel}","templated":true}]}}