{"id":21424,"date":"2024-03-18T18:44:01","date_gmt":"2024-03-18T18:44:01","guid":{"rendered":"http:\/\/heavymetalonline.com.br\/?p=21424"},"modified":"2024-03-18T18:44:01","modified_gmt":"2024-03-18T18:44:01","slug":"matakabra-lanca-videoclipe-banalidade-do-mal-discutindo-racismo-e-violencia-e-anuncia-show-com-black-pantera-e-eskrota","status":"publish","type":"post","link":"http:\/\/heavymetalonline.com.br\/?p=21424","title":{"rendered":"Matakabra lan\u00e7a videoclipe &#8220;Banalidade do Mal&#8221; discutindo racismo e viol\u00eancia e anuncia show com Black Pantera e Eskr\u00f6ta"},"content":{"rendered":"<p><img loading=\"lazy\" decoding=\"async\" class=\"alignnone size-full wp-image-21427\" src=\"http:\/\/heavymetalonline.com.br\/wp-content\/uploads\/2024\/03\/Matakabra-.png\" alt=\"\" width=\"737\" height=\"734\" srcset=\"http:\/\/heavymetalonline.com.br\/wp-content\/uploads\/2024\/03\/Matakabra-.png 737w, http:\/\/heavymetalonline.com.br\/wp-content\/uploads\/2024\/03\/Matakabra--300x300.png 300w\" sizes=\"auto, (max-width: 737px) 100vw, 737px\" \/><\/p>\n<div data-breakout=\"normal\">\n<p id=\"viewer-29cb341230\" class=\"H0BMW qw9d2 _5TXqj t077n _39sR0\"><span class=\"GkipB\">A banda pernambucana de Metal Extremo, Matakabra, amplamente conhecida pela alcunha de Metal Bruto de Recife, lan\u00e7ou o single &#8220;Banalidade do Mal&#8221;, utilizando o conceito da fil\u00f3sofa Hannah Arendt como met\u00e1fora para refletir sobre como a viol\u00eancia pode se tornar trivial e separada do indiv\u00edduo que a comete quando ele est\u00e1 &#8220;apenas fazendo o seu trabalho&#8221;.<\/span><\/p>\n<\/div>\n<div data-hook=\"rcv-block4\"><\/div>\n<div data-breakout=\"normal\">\n<div id=\"viewer-9yno09940\" class=\"H0BMW qw9d2 _5TXqj _39sR0\"><span class=\"GkipB\">\u00a0<\/span><\/div>\n<\/div>\n<div data-hook=\"rcv-block5\"><\/div>\n<div data-breakout=\"normal\">\n<p id=\"viewer-e645c9941\" class=\"H0BMW qw9d2 _5TXqj t077n _39sR0\"><span class=\"GkipB\"><em>&#8220;No caso do Brasil, a popula\u00e7\u00e3o preta e pobre \u00e9 quem sofre de uma viol\u00eancia &#8220;justificada&#8221; em puro preconceito racial e de classe&#8221;<\/em>, destaca a banda.<\/span><\/p>\n<\/div>\n<div data-hook=\"rcv-block6\"><\/div>\n<div data-breakout=\"normal\">\n<div id=\"viewer-n1wnl9944\" class=\"H0BMW qw9d2 _5TXqj _39sR0\"><span class=\"GkipB\">\u00a0<\/span><\/div>\n<\/div>\n<div data-hook=\"rcv-block7\"><\/div>\n<div data-breakout=\"normal\">\n<p id=\"viewer-1c4hg9945\" class=\"H0BMW qw9d2 _5TXqj t077n _39sR0\"><span class=\"GkipB\">O lan\u00e7amento vem acompanhado de um videoclipe com imagens registradas ao longo das apresenta\u00e7\u00f5es ao vivo mais recentes da banda, gravadas durante o ano de 2023.<\/span><\/p>\n<\/div>\n<div data-hook=\"rcv-block8\"><\/div>\n<div data-breakout=\"normal\">\n<div id=\"viewer-0ttml11314\" class=\"H0BMW qw9d2 _5TXqj _39sR0\"><span class=\"GkipB\">\u00a0<\/span><\/div>\n<\/div>\n<div data-hook=\"rcv-block9\"><\/div>\n<div data-breakout=\"normal\">\n<p id=\"viewer-ye0r311600\" class=\"H0BMW qw9d2 _5TXqj t077n _39sR0\"><span class=\"GkipB\">O an\u00fancio do lan\u00e7amento antecipa a apresenta\u00e7\u00e3o da banda no festival Alternativa Preta, ao lado de Black Pantera, Eskr\u00f6ta, Hell Valley e Manja, no dia 03 de Maio, em Recife-PE. Maiores informa\u00e7\u00f5es podem ser obtidas atrav\u00e9s da produtora do evento, @<a class=\"DAP0T CATC8\" href=\"http:\/\/alternativapreta.prod\/\" target=\"_blank\" rel=\"noopener\" data-hook=\"WebLink\">alternativapreta.prod<\/a>\u00a0no Instagram.<\/span><\/p>\n<\/div>\n<div data-hook=\"rcv-block10\"><\/div>\n<div data-breakout=\"normal\">\n<div id=\"viewer-tdvvl9948\" class=\"H0BMW qw9d2 _5TXqj _39sR0\"><span class=\"GkipB\">\u00a0<\/span><\/div>\n<\/div>\n<div data-hook=\"rcv-block11\"><\/div>\n<div data-breakout=\"normal\">\n<p id=\"viewer-znwkb9949\" class=\"H0BMW qw9d2 _5TXqj t077n _39sR0\"><strong><span class=\"GkipB\">Assista ao videoclipe abaixo:<\/span><\/strong><\/p>\n<p><iframe loading=\"lazy\" title=\"MATAKABRA  - BANALIDADE DO MAL\" width=\"640\" height=\"360\" src=\"https:\/\/www.youtube.com\/embed\/bXqRj-YxOeo?feature=oembed\" frameborder=\"0\" allow=\"accelerometer; autoplay; clipboard-write; encrypted-media; gyroscope; picture-in-picture; web-share\" referrerpolicy=\"strict-origin-when-cross-origin\" allowfullscreen><\/iframe><\/p>\n<p><strong>Ou\u00e7a tamb\u00e9m o single &#8220;Banalidade do Mal&#8221;:<\/strong><\/p>\n<p><iframe title=\"Spotify Embed: Banalidade do Mal\" style=\"border-radius: 12px\" width=\"100%\" height=\"152\" frameborder=\"0\" allowfullscreen allow=\"autoplay; clipboard-write; encrypted-media; fullscreen; picture-in-picture\" loading=\"lazy\" src=\"https:\/\/open.spotify.com\/embed\/track\/6vkws4aBn1wpePSamxklV5?si=9ddab769afbf4b8f&#038;utm_source=oembed\"><\/iframe><\/p>\n<div data-breakout=\"normal\">\n<p id=\"viewer-q4rwu9965\" class=\"H0BMW qw9d2 _5TXqj t077n _39sR0\"><span class=\"GkipB\">O an\u00fancio do lan\u00e7amento antecipa a apresenta\u00e7\u00e3o da banda no festival Alternativa Preta, ao lado de Black Pantera, Eskr\u00f6ta, Hell Valley e Manja, no dia 03 de Maio, em Recife-PE. Maiores informa\u00e7\u00f5es podem ser obtidas atrav\u00e9s da produtora do evento, <a class=\"DAP0T CATC8\" href=\"http:\/\/alternativapreta.prod\/\" target=\"_blank\" rel=\"noopener noreferrer\" data-hook=\"WebLink\">@alternativapreta.prod <\/a>no Instagram.<\/span><\/p>\n<\/div>\n<div data-hook=\"rcv-block19\"><\/div>\n<div data-breakout=\"normal\">\n<div id=\"viewer-fbzmf9970\" class=\"H0BMW qw9d2 _5TXqj _39sR0\"><span class=\"GkipB\">\u00a0<\/span><\/div>\n<\/div>\n<div data-hook=\"rcv-block20\"><strong>\u00a0<\/strong><\/div>\n<div data-breakout=\"normal\">\n<p id=\"viewer-woztw9971\" class=\"H0BMW qw9d2 _5TXqj t077n _39sR0\"><strong><span class=\"GkipB\">Sobre &#8220;Banalidade do Mal&#8221;, o vocalista Rodrigo Costa comentou:<\/span><\/strong><\/p>\n<\/div>\n<div data-breakout=\"normal\">\n<p id=\"viewer-x9le39975\" class=\"H0BMW qw9d2 _5TXqj t077n _39sR0\"><em><span class=\"GkipB\">&#8220;Esse novo single \u00e9 a primeira m\u00fasica de alguns trabalhos que lan\u00e7aremos agora no in\u00edcio de 2024, e eu sinto que \u00e9 uma m\u00fasica que imprime e condiz com o que temos feito em todos esses 9 anos de banda. \u00c9 uma m\u00fasica com cr\u00edticas sociais importantes, fatos da vida real como sempre buscamos abordar. \u00c9 uma linha de som que j\u00e1 \u00e9 uma assinatura nossa, e estamos bem empolgados para continuar com os novos lan\u00e7amentos. Vai vir novos grooves e temas que nunca imaginar\u00edamos que daria t\u00e3o certo em nosso som. Fiquem ligados!&#8221;<\/span><\/em><\/p>\n<\/div>\n<div data-hook=\"rcv-block22\"><\/div>\n<div data-breakout=\"normal\">\n<div id=\"viewer-d57ya9978\" class=\"H0BMW qw9d2 _5TXqj _39sR0\"><span class=\"GkipB\">\u00a0<\/span><\/div>\n<\/div>\n<div data-hook=\"rcv-block23\"><\/div>\n<div data-breakout=\"normal\">\n<p id=\"viewer-1ezxz9979\" class=\"H0BMW qw9d2 _5TXqj t077n _39sR0\"><span class=\"GkipB\"><em>&#8220;Banalidade do Mal \u00e9 uma m\u00fasica que est\u00e1 entre as mais pesadas da banda. O processo de cria\u00e7\u00e3o teve como refer\u00eancia melodia direta e pesada, bateria extrema e riffs vers\u00e1teis. Vamos lan\u00e7ar a m\u00fasica e a expectativa \u00e9 grande para o show que anunciamos com Black Pantera e Eskr\u00f6ta<\/em>&#8220;, acrescentou o guitarrista Fernando Marques.<\/span><\/p>\n<\/div>\n<div data-hook=\"rcv-block24\"><\/div>\n<div data-breakout=\"normal\">\n<div id=\"viewer-adrfp9982\" class=\"H0BMW qw9d2 _5TXqj _39sR0\"><span class=\"GkipB\">\u00a0<\/span><\/div>\n<\/div>\n<div data-hook=\"rcv-block25\"><\/div>\n<div data-breakout=\"normal\">\n<p id=\"viewer-9py429983\" class=\"H0BMW qw9d2 _5TXqj t077n _39sR0\"><span class=\"GkipB\"><em>&#8220;Banalidade do Mal mostra um momento musical mais maduro e t\u00e9cnico da banda. Compus um baixo cheio de tappings e acompanhado por um solo, \u00e9 de longe uma das linhas que mais gosto. Mas o ponto alto da m\u00fasica \u00e9 o nosso di\u00e1logo e cr\u00edtica ao conceito da Hannah Arendt, quando o utilizamos para sinalizar o racismo e preconceito de classe do aparato do Estado, sem deixar de evocar a dimens\u00e3o do gozo pessoal em jogo na viol\u00eancia policial. Isso tudo, em paralelo, reconhecendo na mesma aliena\u00e7\u00e3o perversa que faz o sujeito agir com viol\u00eancia, a causa de riscos que o afasta daquilo que ama&#8221;<\/em>, completou o baixista Rafael Coutinho.<\/span><\/p>\n<\/div>\n<div data-hook=\"rcv-block26\"><\/div>\n<div data-breakout=\"normal\">\n<div id=\"viewer-jfvo09986\" class=\"H0BMW qw9d2 _5TXqj _39sR0\"><span class=\"GkipB\">\u00a0<\/span><\/div>\n<\/div>\n<div data-hook=\"rcv-block27\"><\/div>\n<div data-breakout=\"normal\">\n<p id=\"viewer-tbm9u9987\" class=\"H0BMW qw9d2 _5TXqj t077n _39sR0\"><span class=\"GkipB\"><em>&#8220;Banalidade do Mal \u00e9 sem d\u00favidas nossa aposta para o retorno aos palcos em 2024, na bateria depositei todo meu sentimento para passar o peso que essa m\u00fasica \u00e9. Com ela tamb\u00e9m conseguimos criar uma atmosfera \u00fanica com os teclados, noises e sintetizadores do Bruno Saraiva. Fechamos uma identidade&#8221;<\/em>, finalizou o baterista Theo Espindola.<\/span><\/p>\n<\/div>\n<div data-hook=\"rcv-block28\"><\/div>\n<div data-breakout=\"normal\">\n<div id=\"viewer-tqrjk9990\" class=\"H0BMW qw9d2 _5TXqj _39sR0\"><span class=\"GkipB\">\u00a0<\/span><\/div>\n<\/div>\n<div data-hook=\"rcv-block29\"><\/div>\n<div data-breakout=\"normal\">\n<p id=\"viewer-c4v7l9991\" class=\"H0BMW qw9d2 _5TXqj t077n _39sR0\"><span class=\"GkipB\">A m\u00fasica \u00e9 uma composi\u00e7\u00e3o de Fernando Marques, com letra de Rodrigo Costa e Rafael Coutinho, grava\u00e7\u00e3o, mixagem e masteriza\u00e7\u00e3o por Joel Lima, capta\u00e7\u00e3o no JA Studio, em Camaragibe-PE, com produ\u00e7\u00e3o musical de Rafael Coutinho e Rodrigo Costa e participa\u00e7\u00e3o de Bruno Saraiva nos teclados e sintetizadores. A arte da capa foi criada por Hell Yeah Music Company, baseada em fotografia de Bruno Cavalcanti, tamb\u00e9m respons\u00e1vel pelas fotografias promocionais. O videoclipe de &#8220;Banalidade do Mal&#8221; tem capta\u00e7\u00e3o por Bruno Cavalcanti e Henrique Costa e edi\u00e7\u00e3o e finaliza\u00e7\u00e3o por Marcelo Silva.<\/span><\/p>\n<\/div>\n<div data-hook=\"rcv-block30\"><\/div>\n<div data-breakout=\"normal\">\n<div id=\"viewer-y66149994\" class=\"H0BMW qw9d2 _5TXqj _39sR0\"><span class=\"GkipB\">\u00a0<\/span><\/div>\n<\/div>\n<div data-hook=\"rcv-block31\"><\/div>\n<div data-breakout=\"normal\">\n<p id=\"viewer-0s97q9995\" class=\"H0BMW qw9d2 _5TXqj t077n _39sR0\"><span class=\"GkipB\">O Matakabra surgiu em 2015 e em uma s\u00edntese do processo hist\u00f3rico da Cena Pesada de Pernambuco, a banda possui em sua sonoridade influ\u00eancias contundentes da M\u00fasica Extrema, sem deixar de soar a sua origem pernambucana. Assim, articulando um som percussivo ao que h\u00e1 de mais moderno e contempor\u00e2neo dentro do Metal, forjam o que denominam como Metal Bruto de Recife, cen\u00e1rio perfeito para que a agressividade contida nas suas tem\u00e1ticas possa se manifestar. Em suas letras, o Matakabra procura retratar com clareza a brutalidade e a viol\u00eancia do cotidiano da vida em sociedade. Qualquer um, mesmo sem os ouvidos atentos, pode entender a mensagem passada com essa atmosfera.<\/span><\/p>\n<\/div>\n<div data-hook=\"rcv-block32\"><\/div>\n<div data-breakout=\"normal\">\n<div id=\"viewer-fxgsp9998\" class=\"H0BMW qw9d2 _5TXqj _39sR0\"><span class=\"GkipB\">\u00a0<\/span><\/div>\n<\/div>\n<div data-hook=\"rcv-block33\"><\/div>\n<div data-breakout=\"normal\">\n<p id=\"viewer-2r5m89999\" class=\"H0BMW qw9d2 _5TXqj t077n _39sR0\"><span class=\"GkipB\">Em sua respeitada trajet\u00f3ria de quase uma d\u00e9cada, o Matakabra realizou circuitos pela regi\u00e3o Nordeste, onde \u00e9 bastante reconhecida pelo p\u00fablico fiel das cidades que passou, al\u00e9m de em seu percurso possuir apresenta\u00e7\u00f5es em festivais como o Grito Rock Jo\u00e3o Pessoa (2018), Abril Pro Rock (2018), Garage Sounds (2018\/19) e Forcaos (2020), com shows ao lado de bandas como Project46, Ratos de Por\u00e3o, Black Pantera, Krisiun e Dead Fish.<\/span><\/p>\n<\/div>\n<div data-hook=\"rcv-block34\"><\/div>\n<div data-breakout=\"normal\">\n<div id=\"viewer-7250e10002\" class=\"H0BMW qw9d2 _5TXqj _39sR0\"><span class=\"GkipB\">\u00a0<\/span><\/div>\n<\/div>\n<div data-hook=\"rcv-block35\"><\/div>\n<div data-breakout=\"normal\">\n<p id=\"viewer-bqv2l10003\" class=\"H0BMW qw9d2 _5TXqj t077n _39sR0\"><span class=\"GkipB\">A banda conta em sua atual forma\u00e7\u00e3o com o vocalista Rodrigo Costa, o baixista Rafael Coutinho, o guitarrista Fernando Marques e o baterista Theo Espindola.<\/span><\/p>\n<\/div>\n<div data-hook=\"rcv-block36\"><\/div>\n<div data-breakout=\"normal\">\n<div id=\"viewer-2fy5p10006\" class=\"H0BMW qw9d2 _5TXqj _39sR0\"><span class=\"GkipB\">\u00a0<\/span><\/div>\n<\/div>\n<div data-hook=\"rcv-block37\"><\/div>\n<div data-breakout=\"normal\">\n<p id=\"viewer-hu45z10007\" class=\"H0BMW qw9d2 _5TXqj t077n _39sR0\"><span class=\"GkipB\">Saiba mais sobre o Matakabra, seus lan\u00e7amentos e sua agenda de shows atrav\u00e9s do <a class=\"DAP0T CATC8\" href=\"https:\/\/www.instagram.com\/matakabra\/\" target=\"_blank\" rel=\"noopener noreferrer\" data-hook=\"WebLink\">@matakabra<\/a> no Instagram ou por meio da assessoria Hell Yeah Music Company.<\/span><\/p>\n<\/div>\n<div data-hook=\"rcv-block38\"><\/div>\n<div data-breakout=\"normal\">\n<div id=\"viewer-h1f5436638\" class=\"H0BMW qw9d2 _5TXqj _39sR0\"><span class=\"GkipB\">\u00a0<\/span><\/div>\n<\/div>\n<div data-hook=\"rcv-block39\"><\/div>\n<div data-breakout=\"normal\">\n<p id=\"viewer-7do3036860\" class=\"H0BMW qw9d2 _5TXqj t077n _39sR0\"><span class=\"GkipB\"><strong>Fonte:<\/strong> Hell Yeah Music Company<\/span><\/p>\n<\/div>\n<\/div>\n","protected":false},"excerpt":{"rendered":"<p>A banda pernambucana de Metal Extremo, Matakabra, amplamente conhecida pela alcunha de Metal Bruto de Recife, lan\u00e7ou o single &#8220;Banalidade do Mal&#8221;, utilizando o conceito da fil\u00f3sofa Hannah Arendt como met\u00e1fora para refletir sobre como a viol\u00eancia pode se tornar trivial e separada do indiv\u00edduo que a comete quando ele est\u00e1 &#8220;apenas fazendo o seu [&hellip;]<\/p>\n","protected":false},"author":12,"featured_media":21427,"comment_status":"closed","ping_status":"open","sticky":false,"template":"","format":"standard","meta":{"footnotes":""},"categories":[4],"tags":[],"class_list":["post-21424","post","type-post","status-publish","format-standard","has-post-thumbnail","hentry","category-noticias"],"_links":{"self":[{"href":"http:\/\/heavymetalonline.com.br\/index.php?rest_route=\/wp\/v2\/posts\/21424","targetHints":{"allow":["GET"]}}],"collection":[{"href":"http:\/\/heavymetalonline.com.br\/index.php?rest_route=\/wp\/v2\/posts"}],"about":[{"href":"http:\/\/heavymetalonline.com.br\/index.php?rest_route=\/wp\/v2\/types\/post"}],"author":[{"embeddable":true,"href":"http:\/\/heavymetalonline.com.br\/index.php?rest_route=\/wp\/v2\/users\/12"}],"replies":[{"embeddable":true,"href":"http:\/\/heavymetalonline.com.br\/index.php?rest_route=%2Fwp%2Fv2%2Fcomments&post=21424"}],"version-history":[{"count":1,"href":"http:\/\/heavymetalonline.com.br\/index.php?rest_route=\/wp\/v2\/posts\/21424\/revisions"}],"predecessor-version":[{"id":21428,"href":"http:\/\/heavymetalonline.com.br\/index.php?rest_route=\/wp\/v2\/posts\/21424\/revisions\/21428"}],"wp:featuredmedia":[{"embeddable":true,"href":"http:\/\/heavymetalonline.com.br\/index.php?rest_route=\/wp\/v2\/media\/21427"}],"wp:attachment":[{"href":"http:\/\/heavymetalonline.com.br\/index.php?rest_route=%2Fwp%2Fv2%2Fmedia&parent=21424"}],"wp:term":[{"taxonomy":"category","embeddable":true,"href":"http:\/\/heavymetalonline.com.br\/index.php?rest_route=%2Fwp%2Fv2%2Fcategories&post=21424"},{"taxonomy":"post_tag","embeddable":true,"href":"http:\/\/heavymetalonline.com.br\/index.php?rest_route=%2Fwp%2Fv2%2Ftags&post=21424"}],"curies":[{"name":"wp","href":"https:\/\/api.w.org\/{rel}","templated":true}]}}