{"id":21488,"date":"2024-03-20T07:00:16","date_gmt":"2024-03-20T07:00:16","guid":{"rendered":"http:\/\/heavymetalonline.com.br\/?p=21488"},"modified":"2024-03-20T02:06:59","modified_gmt":"2024-03-20T02:06:59","slug":"edicao-de-40-anos-do-rock-in-rio-esta-ainda-mais-especial-e-recebe-a-icone-global-mariah-carey-como-headliner-do-palco-sunset-no-dia-22-de-setembro","status":"publish","type":"post","link":"http:\/\/heavymetalonline.com.br\/?p=21488","title":{"rendered":"Edi\u00e7\u00e3o de 40 anos do Rock in Rio est\u00e1 ainda mais especial e recebe a \u00edcone global Mariah Carey como headliner do Palco Sunset no dia 22 de setembro"},"content":{"rendered":"<p><img loading=\"lazy\" decoding=\"async\" class=\"alignnone size-full wp-image-21295\" src=\"http:\/\/heavymetalonline.com.br\/wp-content\/uploads\/2024\/03\/unnamed-6-1.jpg\" alt=\"\" width=\"924\" height=\"423\" srcset=\"http:\/\/heavymetalonline.com.br\/wp-content\/uploads\/2024\/03\/unnamed-6-1.jpg 924w, http:\/\/heavymetalonline.com.br\/wp-content\/uploads\/2024\/03\/unnamed-6-1-300x137.jpg 300w, http:\/\/heavymetalonline.com.br\/wp-content\/uploads\/2024\/03\/unnamed-6-1-768x352.jpg 768w\" sizes=\"auto, (max-width: 924px) 100vw, 924px\" \/><\/p>\n<div data-breakout=\"normal\">\n<p>&nbsp;<\/p>\n<div data-breakout=\"normal\">\n<p id=\"viewer-aqac311463\" class=\"H0BMW qw9d2 Cn4W9 t077n _39sR0\" style=\"text-align: center;\"><em><span class=\"GkipB\">Sunset ganha ainda mais protagonismo e refor\u00e7a sua pot\u00eancia com uma boca de cena maior \u2014 organiza\u00e7\u00e3o divulga 3D do novo palco. No &#8220;Dia Delas&#8221;, 20 de setembro, a cantora sul-africana Tyla performa no local<\/span><\/em><\/p>\n<\/div>\n<div data-hook=\"rcv-block4\"><\/div>\n<div style=\"text-align: right;\" data-hook=\"rcv-block4\"><em>\u201cGirls Just Want To Have Fun\u201d na Cidade do Rock! Ainda no \u201cDia Delas\u201d Cyndi Lauper, uma das maiores lendas femininas da m\u00fasica, se apresenta no Palco Mundo, enquanto Alison Wonderland \u00e9 a primeira headliner anunciada no New Dance Order<\/em><\/div>\n<div data-breakout=\"normal\"><\/div>\n<p id=\"viewer-471bj18293\" class=\"H0BMW qw9d2 _5TXqj t077n _39sR0\"><span class=\"GkipB\">40 anos de hist\u00f3ria e cada vez mais potente. O Rock in Rio anuncia novas atra\u00e7\u00f5es de peso, in\u00e9ditas na longa trajet\u00f3ria do festival, elevando ainda mais a expectativa dos f\u00e3s para setembro. Pela primeira vez na Cidade do Rock e 14 anos depois de seu \u00faltimo show no pa\u00eds, Mariah Carey, um dos maiores \u00edcones da m\u00fasica global, ser\u00e1 a atra\u00e7\u00e3o principal do Palco Sunset no dia 22 de setembro, \u00faltimo dia de festival. Carey apresentar\u00e1 seu lend\u00e1rio cat\u00e1logo de sucessos, incluindo \u201cI Wanna Know What Love Is\u201d, que passou 27 semanas consecutivas em primeiro lugar nas paradas de airplay no Brasil, a m\u00fasica n\u00famero <a class=\"qqmWa\" href=\"https:\/\/www.metalnopapel.com\/blog\/hashtags\/1\" target=\"__blank\">#1<\/a> por mais tempo no pa\u00eds. Ela se apresenta no palco que, para esta edi\u00e7\u00e3o, ganha ainda mais protagonismo e uma boca de cena maior, refor\u00e7ando toda a sua pot\u00eancia.\u00a0<\/span><\/p>\n<\/div>\n<div data-hook=\"rcv-block8\"><\/div>\n<div data-breakout=\"normal\">\n<div id=\"viewer-1dto2504\" class=\"H0BMW qw9d2 _5TXqj _39sR0\"><span class=\"GkipB\">\u00a0<\/span><\/div>\n<\/div>\n<div data-hook=\"rcv-block9\"><\/div>\n<div data-breakout=\"normal\">\n<p id=\"viewer-pbv9h75\" class=\"H0BMW qw9d2 _5TXqj t077n _39sR0\"><span class=\"GkipB\">Dois dias antes, no \u201cDia Delas\u201d, 20 de setembro, Cyndi Lauper, artista que marcou &#8211; e continua a marcar &#8211; gera\u00e7\u00f5es, vai dominar o tema de todas as conversas ao se apresentar no Palco Mundo. Ela colocar\u00e1 toda a plateia da Cidade do Rock para cantar e vibrar ao som de \u201cGirls Just Want to Have Fun\u201d;\u00a0<\/span><\/p>\n<\/div>\n<div data-hook=\"rcv-block10\"><\/div>\n<div data-breakout=\"normal\">\n<div id=\"viewer-yvp2y734\" class=\"H0BMW qw9d2 _5TXqj _39sR0\"><span class=\"GkipB\">\u00a0<\/span><\/div>\n<\/div>\n<div data-hook=\"rcv-block11\"><\/div>\n<div data-breakout=\"normal\">\n<p id=\"viewer-3zyun79\" class=\"H0BMW qw9d2 _5TXqj t077n _39sR0\"><span class=\"GkipB\">Neste mesmo dia, que contar\u00e1 com um line-up 100% feminino em todos os palcos, a cantora sul-africana Tyla, ganhadora do primeiro Grammy dedicado \u00e0 melhor performance de m\u00fasica africana, completa o line-up do Palco Sunset. Ainda no dia 20, a DJ, produtora, compositora e um dos destaques da cena eletr\u00f4nica atual, Alison Wonderland \u00e9 a primeira headliner confirmada para o palco de dance music, New Dance Order.<\/span><\/p>\n<\/div>\n<div data-hook=\"rcv-block12\"><\/div>\n<div data-breakout=\"normal\">\n<div id=\"viewer-5dj6r947\" class=\"H0BMW qw9d2 _5TXqj _39sR0\"><span class=\"GkipB\">\u00a0<\/span><\/div>\n<\/div>\n<div data-hook=\"rcv-block13\"><\/div>\n<div data-breakout=\"normal\">\n<p id=\"viewer-kwlq887\" class=\"H0BMW qw9d2 _5TXqj t077n _39sR0\"><strong><span class=\"GkipB\">Palco Sunset chega ainda mais potente na Cidade do Rock nesta edi\u00e7\u00e3o e apresenta a \u00edcone Mariah Carey<\/span><\/strong><\/p>\n<\/div>\n<div data-breakout=\"normal\">\n<p id=\"viewer-jvlax89\" class=\"H0BMW qw9d2 _5TXqj t077n _39sR0\"><span class=\"GkipB\">No ano da celebra\u00e7\u00e3o dos 40 anos do Rock in Rio, quem tamb\u00e9m vir\u00e1 em maior tamanho ser\u00e1 o Palco Sunset. Pela primeira vez na hist\u00f3ria do festival, o palco dos grandes encontros, queridinho do p\u00fablico e da cr\u00edtica, ganha novas dimens\u00f5es, com boca de cena do mesmo tamanho do gigante Palco Mundo, refor\u00e7ando toda a sua pot\u00eancia e igualdade e permitindo um line-up ainda mais poderoso.\u00a0<\/span><\/p>\n<\/div>\n<div data-hook=\"rcv-block15\"><\/div>\n<div data-breakout=\"normal\">\n<div id=\"viewer-56etp1161\" class=\"H0BMW qw9d2 _5TXqj _39sR0\"><span class=\"GkipB\">\u00a0<\/span><\/div>\n<\/div>\n<div data-hook=\"rcv-block16\"><\/div>\n<div data-breakout=\"normal\">\n<p id=\"viewer-l530391\" class=\"H0BMW qw9d2 _5TXqj t077n _39sR0\"><span class=\"GkipB\">Encerrando o Palco Sunset no \u00faltimo dia do festival, 22 de setembro, est\u00e1 a \u00edcone global Mariah Carey, cujo impacto cultural transcendeu a ind\u00fastria musical para deixar uma marca longeva no mundo em geral. A voz inconfund\u00edvel de cl\u00e1ssicos da m\u00fasica pop como \u201cWe Belong Together\u201d, \u201cObsessed\u201d, \u201cFantasy\u201d, entre diversos outros, prepara uma apresenta\u00e7\u00e3o repleta de hits, como \u201cI Wanna Know What Love Is\u201d. Mariah \u00e9, al\u00e9m de artista e compositora premiada, autora, empreendedora, filantropa e produtora. Ela \u00e9 a artista feminina mais vendida de todos os tempos, com mais de 200 milh\u00f5es de \u00e1lbuns vendidos at\u00e9 o momento e 19 singles <a class=\"qqmWa\" href=\"https:\/\/www.metalnopapel.com\/blog\/hashtags\/1\" target=\"__blank\">#1<\/a> na Billboard Hot 100 (18 dos quais s\u00e3o de autoria pr\u00f3pria) \u2014 mais do que qualquer artista solo na hist\u00f3ria. Com seu distinto alcance vocal de cinco oitavas, composi\u00e7\u00f5es prol\u00edficas e talento de produ\u00e7\u00e3o, Carey \u00e9 verdadeiramente o \u201crole model\u201d da cena pop contempor\u00e2nea. Mariah tamb\u00e9m foi indicada ao Songwriters Hall of Fame e reconhecida com v\u00e1rios pr\u00eamios Grammy, diversos American Music Awards, tr\u00eas t\u00edtulos do Guinness World Record, ambos os pr\u00eamios \u201cArtista da D\u00e9cada\u201d e \u201c\u00cdcone\u201d da Billboard, o World Music Award para \u201cArtista Feminina Mais Vendida do Mil\u00eanio no Mundo\u201d, o Pr\u00eamio Ivor Novello para \u201cPr\u00eamio Internacional Especial PRS de M\u00fasica\u201d e o \u201cPr\u00eamio \u00cdcone\u201d da BMI por suas excelentes realiza\u00e7\u00f5es em composi\u00e7\u00e3o, entre outros feitos marcantes.<\/span><\/p>\n<\/div>\n<div data-hook=\"rcv-block17\"><\/div>\n<div data-breakout=\"normal\">\n<div id=\"viewer-yh2951531\" class=\"H0BMW qw9d2 _5TXqj _39sR0\"><span class=\"GkipB\">\u00a0<\/span><\/div>\n<\/div>\n<div data-hook=\"rcv-block18\"><\/div>\n<div data-breakout=\"normal\">\n<p id=\"viewer-zxsic93\" class=\"H0BMW qw9d2 _5TXqj t077n _39sR0\"><strong><span class=\"GkipB\">No Dia Delas, 20 de setembro, Rock in Rio confirma atra\u00e7\u00f5es in\u00e9ditas<\/span><\/strong><\/p>\n<\/div>\n<div data-breakout=\"normal\">\n<p id=\"viewer-rp98595\" class=\"H0BMW qw9d2 _5TXqj t077n _39sR0\"><span class=\"GkipB\">Se juntando a Katy Perry e Ivete Sangalo no Palco Mundo, o Rock in Rio anuncia a cantora norte-americana que ficou conhecida por sua atitude transgressora e visual ic\u00f4nico Cyndi Lauper. Com suas m\u00fasicas potentes, postura feminista e cabelos coloridos, a int\u00e9rprete de um dos maiores hinos feministas do mundo, \u201cGirls Just Want To Have Fun\u201d, lan\u00e7ado em 1983, retorna ao Brasil ap\u00f3s 13 anos. Considerada uma lenda feminina do Rock\u2019n\u2019Roll, Cyndi fez hist\u00f3ria no cen\u00e1rio musical, com suas can\u00e7\u00f5es que at\u00e9 hoje s\u00e3o t\u00e3o ouvidas e aclamadas pelo p\u00fablico quanto lan\u00e7amentos populares de artistas contempor\u00e2neos. O primeiro \u00e1lbum da cantora, &#8220;She&#8217;s So Unusual&#8221; (1983), fez hist\u00f3ria ao colocar quatro m\u00fasicas no <a class=\"qqmWa\" href=\"https:\/\/www.metalnopapel.com\/blog\/hashtags\/5\" target=\"__blank\">#5<\/a> lugar da Billboard Hot 100 \u2014 pela primeira vez na hist\u00f3ria em um \u00e1lbum de estreia feminina. O \u00e1lbum incluiu alguns de seus maiores sucessos e estabeleceu Lauper como uma das principais artistas da \u00e9poca. Ao longo de sua carreira, a cantora acumulou diversos pr\u00eamios, incluindo Grammy de Melhor Artista de Desenvolvimento e Melhor Performance Feminina por &#8220;Girls Just Want to Have Fun&#8221; e &#8220;Time After Time&#8221;. Al\u00e9m dos primeiros sucessos, a cantora continuou lan\u00e7ando \u00e1lbuns nas d\u00e9cadas seguintes, explorando diversos estilos musicais. Sua versatilidade e capacidade de se reinventar mantiveram sua relev\u00e2ncia na ind\u00fastria musical.<\/span><\/p>\n<\/div>\n<div data-hook=\"rcv-block20\"><\/div>\n<div data-breakout=\"normal\">\n<div id=\"viewer-e224k1944\" class=\"H0BMW qw9d2 _5TXqj _39sR0\"><span class=\"GkipB\">\u00a0<\/span><\/div>\n<\/div>\n<div data-hook=\"rcv-block21\"><\/div>\n<div data-breakout=\"normal\">\n<p id=\"viewer-nttza97\" class=\"H0BMW qw9d2 _5TXqj t077n _39sR0\"><span class=\"GkipB\">No mesmo dia, o festival anuncia a cantora sul-africana Tyla para completar o line-up do Palco Sunset, se juntando \u00e0s j\u00e1 anunciadas Iza, Gloria Gaynor e Luedji Luna convida T\u00e1ssia Reis e X\u00eania Fran\u00e7a. Tyla, de apenas 22 anos, \u00e9 cantora e compositora que ganhou destaque internacional com seu single \u201cWater\u201d, de 2023, ao entrar diretamente para as paradas de 17 pa\u00edses, inclusive alcan\u00e7ando o <a class=\"qqmWa\" href=\"https:\/\/www.metalnopapel.com\/blog\/hashtags\/10\" target=\"__blank\">#10<\/a> do UK Singles Chart. Isso tamb\u00e9m fez dela a primeira solista sul-africana a entrar na Billboard Hot 100 dos Estados Unidos nos \u00faltimos 55 anos. Recentemente a cantora conquistou o seu primeiro Grammy, dedicado \u00e0 melhor performance de m\u00fasica africana, com a m\u00fasica \u201cWater\u201d. Ela foi a \u00fanica concorrente de fora da Nig\u00e9ria da categoria. Com apenas tr\u00eas anos de carreira, Tyla j\u00e1 foi indicada a dois South African Music Awards. Atualmente, a jovem tem 28,9 milh\u00f5es de ouvintes mensais no Spotify, e &#8220;Water&#8221; j\u00e1 tem mais de 380 milh\u00f5es de streams. A m\u00fasica de Tyla ultrapassa limites. Infundidas com sua personalidade vibrante, suas m\u00fasicas oferecem uma abordagem inovadora do pop e do R&amp;B, brilhando com a euforia do amapiano sul-africano e uma abordagem de produ\u00e7\u00e3o sobrenatural que faz com que cada faixa pare\u00e7a algo totalmente novo.\u00a0<\/span><\/p>\n<\/div>\n<div data-hook=\"rcv-block22\"><\/div>\n<div data-breakout=\"normal\">\n<div id=\"viewer-fbjg82368\" class=\"H0BMW qw9d2 _5TXqj _39sR0\"><span class=\"GkipB\">\u00a0<\/span><\/div>\n<\/div>\n<div data-hook=\"rcv-block23\"><\/div>\n<div data-breakout=\"normal\">\n<p id=\"viewer-sktxd99\" class=\"H0BMW qw9d2 _5TXqj t077n _39sR0\"><span class=\"GkipB\">Ainda no \u201cDia Delas\u201d, a cantora, produtora e DJ australiana Alison Wonderland, nome refer\u00eancia da cena eletr\u00f4nica atual que j\u00e1 esgotou arenas pelo mundo, \u00e9 a primeira headliner confirmada para o New Dance Order. Alison se destaca como uma das figuras mais proeminentes da m\u00fasica eletr\u00f4nica desde seu surgimento, em 2009. Com dois \u00e1lbuns que alcan\u00e7aram o <a class=\"qqmWa\" href=\"https:\/\/www.metalnopapel.com\/blog\/hashtags\/1\" target=\"__blank\">#1<\/a> nas paradas da Billboard, a artista australiana acumulou uma legi\u00e3o de f\u00e3s ao redor do mundo. Seu mais recente lan\u00e7amento, &#8220;Loner&#8221;, em maio de 2022, promete consolidar ainda mais sua posi\u00e7\u00e3o como uma das principais representantes do g\u00eanero. O \u00e1lbum, t\u00e3o brilhante quanto ousado, surpreende com suas composi\u00e7\u00f5es, mais n\u00edtidas do que nunca, genu\u00ednas e inteligentes. Para a DJ, este \u00e1lbum se tornou seu renascimento, transformando a escurid\u00e3o em luz e a desordem, em ordem.\u00a0 A DJ se apresentou em arenas esgotadas ao redor do mundo e acumulou mais de 500 milh\u00f5es de streams. Em 2019, entre os espa\u00e7os principais em festivais ao redor do mundo, Alison tamb\u00e9m realizou seus pr\u00f3prios concertos \u2014 incluindo dois shows aclamados no Red Rocks Amphitheatre, no Colorado.<\/span><\/p>\n<\/div>\n<div data-hook=\"rcv-block24\"><\/div>\n<div data-breakout=\"normal\">\n<div id=\"viewer-ts5302804\" class=\"H0BMW qw9d2 _5TXqj _39sR0\"><span class=\"GkipB\">\u00a0<\/span><\/div>\n<\/div>\n<div data-hook=\"rcv-block25\"><\/div>\n<div data-breakout=\"normal\">\n<p id=\"viewer-a8nli101\" class=\"H0BMW qw9d2 _5TXqj t077n _39sR0\"><span class=\"GkipB\">O Rock in Rio vai acontecer nos dias 13, 14, 15, 19, 20, 21 e 22 de setembro de 2024, com 700 mil pessoas na Cidade do Rock. Ser\u00e1 a celebra\u00e7\u00e3o de 40 anos do festival que colocou o Brasil na rota da cena musical do mundo, e que, em 2022, recebeu o t\u00edtulo de Patrim\u00f4nio Cultural Imaterial pela Cidade e Estado do Rio de Janeiro. J\u00e1 s\u00e3o 22 edi\u00e7\u00f5es realizadas, mais de 3.800 artistas escalados, mais de 11.2 milh\u00f5es na plateia e mais de 130 dias de magia desde 1985. E, para 2024, os f\u00e3s podem aguardar uma festa especial, com novas experi\u00eancias e viv\u00eancias dentro da Cidade do Rock.\u00a0<\/span><\/p>\n<\/div>\n<div data-hook=\"rcv-block26\"><\/div>\n<div data-breakout=\"normal\">\n<div id=\"viewer-qa7ul3081\" class=\"H0BMW qw9d2 _5TXqj _39sR0\"><span class=\"GkipB\">\u00a0<\/span><\/div>\n<\/div>\n<div data-hook=\"rcv-block27\"><\/div>\n<div data-breakout=\"normal\">\n<p id=\"viewer-f6dpp103\" class=\"H0BMW qw9d2 _5TXqj t077n _39sR0\"><span class=\"GkipB\">Na programa\u00e7\u00e3o do primeiro fim de semana, Travis Scott \u00e9 o headliner do Palco Mundo no dia 13 de setembro, mesmo dia em que o mesmo palco recebe o show in\u00e9dito de Matu\u00ea com participa\u00e7\u00e3o de TETO e WIU. J\u00e1 no dia 14 de setembro \u00e9 a vez dos Imagine Dragons comandarem o festival, com o Palco Mundo recebendo tamb\u00e9m OneRepublic, Zara Larsson e Lulu Santos.<\/span><\/p>\n<\/div>\n<div data-hook=\"rcv-block28\"><\/div>\n<div data-breakout=\"normal\">\n<div id=\"viewer-u021y3330\" class=\"H0BMW qw9d2 _5TXqj _39sR0\"><span class=\"GkipB\">\u00a0<\/span><\/div>\n<\/div>\n<div data-hook=\"rcv-block29\"><\/div>\n<div data-breakout=\"normal\">\n<p id=\"viewer-cn6rz105\" class=\"H0BMW qw9d2 _5TXqj t077n _39sR0\"><span class=\"GkipB\">No fim de semana seguinte, Ed Sheeran \u00e9 o headliner do dia 19 e no Palco Mundo tamb\u00e9m se apresentam Charlie Puth, Joss Stone e J\u00e3o. Nesse mesmo dia, Gloria Groove sobe ao palco Sunset. No dia 20, o \u201cDia Delas\u201d, \u00e9 a vez de Katy Perry brilhar como headliner, com Cyndi Lauper e Ivete Sangalo se apresentando tamb\u00e9m no Palco Mundo, enquanto IZA, Gloria Gaynor, Tyla e Luedji Luna convida X\u00eania Fran\u00e7a e Tassia Reis no Palco Sunset. No NDO, Alison Wonderland \u00e9 a primeira headliner confirmada para este dia, em que o line-up de todos os palcos ser\u00e1 100% feminino, enquanto no palco da Global Village, Angelique Kidjo faz show nos dias 20 e 21. Fechando o Rock in Rio, no dia 22 de setembro, Shawn Mendes \u00e9 o headliner e NE-YO tamb\u00e9m subir\u00e1 ao Palco Mundo, enquanto o Sunset receber\u00e1 a apresenta\u00e7\u00e3o inesquec\u00edvel de Mariah Carey.<\/span><\/p>\n<\/div>\n<div data-hook=\"rcv-block30\"><\/div>\n<div data-breakout=\"normal\">\n<p id=\"viewer-7kgns107\" class=\"H0BMW qw9d2 _5TXqj _39sR0\"><span class=\"GkipB\">\u00a0<\/span><\/p>\n<\/div>\n<div data-hook=\"rcv-block31\"><\/div>\n<div data-breakout=\"normal\">\n<p id=\"viewer-w4pni109\" class=\"H0BMW qw9d2 _5TXqj t077n _39sR0\"><strong><span class=\"GkipB\">S\u00e3o 40 anos de Rock in Rio em uma edi\u00e7\u00e3o com muitas novidades, dentro e fora da Cidade do Rock<\/span><\/strong><\/p>\n<\/div>\n<div data-breakout=\"normal\">\n<p id=\"viewer-s9jhj111\" class=\"H0BMW qw9d2 _5TXqj t077n _39sR0\"><span class=\"GkipB\">Este ano, o Rock in Rio vai celebrar quatro d\u00e9cadas de grandes encontros: entre artistas, a Cidade do Rock e seus f\u00e3s, entre amigos, fam\u00edlias, ritmos e g\u00eaneros musicais. O p\u00fablico j\u00e1 pode come\u00e7ar sua contagem regressiva n\u00e3o apenas para a Cidade do Rock, mas para dias de festa ao longo do ano.\u00a0<\/span><\/p>\n<\/div>\n<div data-hook=\"rcv-block33\"><\/div>\n<div data-breakout=\"normal\">\n<div id=\"viewer-rmnkt3769\" class=\"H0BMW qw9d2 _5TXqj _39sR0\"><span class=\"GkipB\">\u00a0<\/span><\/div>\n<\/div>\n<div data-hook=\"rcv-block34\"><\/div>\n<div data-breakout=\"normal\">\n<p id=\"viewer-hj6o0113\" class=\"H0BMW qw9d2 _5TXqj t077n _39sR0\"><span class=\"GkipB\">Pela primeira vez, o Palco Sunset ter\u00e1 a mesma estrutura de palco e boca de cena que o Palco Mundo, que por sua vez receber\u00e1 novidades na cenografia, oferecendo oportunidades de selfies e uma experi\u00eancia visual din\u00e2mica. Al\u00e9m disso, a Cidade do Rock ter\u00e1 uma nova \u00e1rea, o Global Village, destacando o compromisso do festival com a paz e diversidade cultural. Esta \u00e1rea imersiva contar\u00e1 com uma cenografia inspirada em \u00edcones arquitet\u00f4nicos mundiais, proporcionando uma experi\u00eancia \u00fanica aos visitantes.<\/span><\/p>\n<\/div>\n<div data-hook=\"rcv-block35\"><\/div>\n<div data-breakout=\"normal\">\n<div id=\"viewer-jc22y4141\" class=\"H0BMW qw9d2 _5TXqj _39sR0\"><span class=\"GkipB\">\u00a0<\/span><\/div>\n<\/div>\n<div data-hook=\"rcv-block36\"><\/div>\n<div data-breakout=\"normal\">\n<p id=\"viewer-1awkc115\" class=\"H0BMW qw9d2 _5TXqj t077n _39sR0\"><span class=\"GkipB\">O Rock in Rio tamb\u00e9m celebrar\u00e1 seus 40 anos com uma exposi\u00e7\u00e3o interativa, um table book e um novo musical, que contar\u00e1 a hist\u00f3ria do festival e do Rio de Janeiro. O projeto, chamado Rock in Rio Originals, envolve a cria\u00e7\u00e3o de Roberto Medina, dire\u00e7\u00e3o musical de Z\u00e9 Ricardo e dire\u00e7\u00e3o art\u00edstica de Charles M\u00f6eller.<\/span><\/p>\n<\/div>\n<div data-hook=\"rcv-block37\"><\/div>\n<div data-breakout=\"normal\">\n<div id=\"viewer-oulu74561\" class=\"H0BMW qw9d2 _5TXqj _39sR0\"><span class=\"GkipB\">\u00a0<\/span><\/div>\n<\/div>\n<div data-hook=\"rcv-block38\"><\/div>\n<div data-breakout=\"normal\">\n<p id=\"viewer-c4ltf117\" class=\"H0BMW qw9d2 _5TXqj t077n _39sR0\"><span class=\"GkipB\">O Rock in Rio j\u00e1 est\u00e1 se preparando para este momento e vendo a cidade abra\u00e7ar a grande festa que acontece em setembro. No in\u00edcio do ano, o festival recebeu uma homenagem da Prefeitura do Rio no R\u00e9veillon da Praia de Copacabana, com uma apresenta\u00e7\u00e3o da Nova Orquestra e do coral CarioCanto, e a Yup Star, a Roda-Gigante do Rio, tamb\u00e9m fez proje\u00e7\u00f5es referentes ao megaevento. O festival tamb\u00e9m contou com uma grande instala\u00e7\u00e3o art\u00edstica de led, localizada na Lagoa Rodrigo de Freitas, que trouxe conte\u00fados sobre o festival e que homenageou e abrilhantou a Cidade Maravilhosa.\u00a0<\/span><\/p>\n<\/div>\n<div data-hook=\"rcv-block39\"><\/div>\n<div data-breakout=\"normal\">\n<div id=\"viewer-rd6la4912\" class=\"H0BMW qw9d2 _5TXqj _39sR0\"><span class=\"GkipB\">\u00a0<\/span><\/div>\n<\/div>\n<div data-hook=\"rcv-block40\"><\/div>\n<div data-breakout=\"normal\">\n<p id=\"viewer-sm0xj119\" class=\"H0BMW qw9d2 _5TXqj t077n _39sR0\"><span class=\"GkipB\">No anivers\u00e1rio do festival, 11 de janeiro, foi a vez do Cristo Redentor abra\u00e7ar esta edi\u00e7\u00e3o que ser\u00e1 hist\u00f3rica. O monumento foi iluminado com as cores azul, branco e vermelho, que remetem ao festival. A ic\u00f4nica guitarra, elemento marcante do festival, foi projetada logo ao centro do Cristo Redentor trazendo mensagens de paz, amor, alegria, uni\u00e3o e esperan\u00e7a para o Rio de Janeiro.\u00a0<\/span><\/p>\n<\/div>\n<div data-hook=\"rcv-block41\"><\/div>\n<div data-breakout=\"normal\">\n<p id=\"viewer-no68d121\" class=\"H0BMW qw9d2 _5TXqj _39sR0\"><span class=\"GkipB\">\u00a0<\/span><\/p>\n<\/div>\n<div data-hook=\"rcv-block42\"><\/div>\n<div data-breakout=\"normal\">\n<p id=\"viewer-y47k6123\" class=\"H0BMW qw9d2 _5TXqj t077n _39sR0\"><strong><span class=\"GkipB\">Sobre o Rock in Rio\u00a0\u00a0<\/span><\/strong><\/p>\n<\/div>\n<div data-breakout=\"normal\">\n<p id=\"viewer-bdq52126\" class=\"H0BMW qw9d2 _5TXqj t077n _39sR0\"><span class=\"GkipB\">1984 marca o in\u00edcio das prepara\u00e7\u00f5es para a primeira edi\u00e7\u00e3o do evento idealizado por Roberto Medina e que hoje, 40 anos depois, \u00e9 considerado o maior festival de m\u00fasica e entretenimento do mundo \u2013 o Rock in Rio. A hist\u00f3ria do evento se entrela\u00e7a com a do entretenimento no Brasil, sendo respons\u00e1vel por colocar o pa\u00eds na rota dos eventos internacionais, j\u00e1 que pela primeira vez, um pa\u00eds da Am\u00e9rica do Sul sediou um evento musical dessa magnitude. Em uma \u00e1rea de 250 mil m2, em Jacarepagu\u00e1, durante dez dias, 1 milh\u00e3o e 380 mil pessoas foram iluminadas pela primeira vez e come\u00e7aram a fazer parte do grande espet\u00e1culo. No palco \u2014 o maior do mundo na \u00e9poca, com 80m de boca de cena \u2014 15 atra\u00e7\u00f5es nacionais e 16 internacionais. Originalmente organizado no Rio de Janeiro, o festival ganhou o mundo chegando a Lisboa (Portugal), onde \u00e9 realizado at\u00e9 hoje, passando por Madrid (Espanha) e Las Vegas (USA).\u00a0<\/span><\/p>\n<\/div>\n<div data-hook=\"rcv-block44\"><\/div>\n<div data-breakout=\"normal\">\n<div id=\"viewer-8nufz5195\" class=\"H0BMW qw9d2 _5TXqj _39sR0\"><span class=\"GkipB\">\u00a0<\/span><\/div>\n<\/div>\n<div data-hook=\"rcv-block45\"><\/div>\n<div data-breakout=\"normal\">\n<p id=\"viewer-s3o8g128\" class=\"H0BMW qw9d2 _5TXqj t077n _39sR0\"><span class=\"GkipB\">Desde a primeira edi\u00e7\u00e3o, j\u00e1 gerou 265 mil empregos diretos e indiretos e, apenas na \u00faltima, em 2022, um impacto econ\u00f4mico de mais de 2 bilh\u00f5es na cidade do Rio de Janeiro. Tamb\u00e9m no ano passado, o Rock in Rio foi considerado patrim\u00f4nio cultural imaterial do estado do Rio de Janeiro. Pelas Cidades do Rock, desde 1985, j\u00e1 passaram mais de 11.2 milh\u00f5es de visitantes, que assistiram a 3.816 artistas em 130 dias de magia. Dentre os n\u00fameros gigantes do festival, mais de 64 milh\u00f5es de pessoas alcan\u00e7adas nas redes sociais apenas em 2022 e mais de 12 milh\u00f5es de f\u00e3s online.\u00a0\u00a0<\/span><\/p>\n<\/div>\n<div data-hook=\"rcv-block46\"><\/div>\n<div data-breakout=\"normal\">\n<div id=\"viewer-1jiw05480\" class=\"H0BMW qw9d2 _5TXqj _39sR0\"><span class=\"GkipB\">\u00a0<\/span><\/div>\n<\/div>\n<div data-hook=\"rcv-block47\"><\/div>\n<div data-breakout=\"normal\">\n<p id=\"viewer-12510130\" class=\"H0BMW qw9d2 _5TXqj t077n _39sR0\"><span class=\"GkipB\">Gerando impactos positivos nos pa\u00edses onde \u00e9 realizado e consciente do poder disseminador da marca, o Rock in Rio pauta-se por ser um evento com o prop\u00f3sito de construir um mundo melhor para pessoas mais felizes, confiantes e emp\u00e1ticas num planeta mais saud\u00e1vel. <\/span><\/p>\n<\/div>\n<div data-hook=\"rcv-block48\"><\/div>\n<div data-breakout=\"normal\">\n<div id=\"viewer-7vcdt10714\" class=\"H0BMW qw9d2 _5TXqj _39sR0\"><span class=\"GkipB\">\u00a0<\/span><\/div>\n<\/div>\n<div data-hook=\"rcv-block49\"><\/div>\n<div data-breakout=\"normal\">\n<p id=\"viewer-qxbsy10939\" class=\"H0BMW qw9d2 _5TXqj t077n _39sR0\"><span class=\"GkipB\">Adotando e incentivando pr\u00e1ticas que apoiam o coletivo, se une a empresas que possuem este mesmo olhar e diretriz. O festival investiu, junto com seus parceiros, mais de R\uff04 110 milh\u00f5es em diferentes projetos, passando por temas como sustentabilidade, educa\u00e7\u00e3o, m\u00fasica, florestas, entre outros.\u202fApenas na Amaz\u00f4nia, 73 milh\u00f5es de \u00e1rvores foram plantadas. A marca foi pioneira em ter a certifica\u00e7\u00e3o ISO 20121 \u2014 Eventos Sustent\u00e1veis e, em 2022, come\u00e7ou a trabalhar ambiciosas metas para 2030, alinhadas com os Objetivos de Desenvolvimento Sustent\u00e1vel (ODS).\u00a0\u00a0<\/span><\/p>\n<\/div>\n<div data-hook=\"rcv-block50\"><\/div>\n<div data-breakout=\"normal\">\n<div id=\"viewer-06eep5771\" class=\"H0BMW qw9d2 _5TXqj _39sR0\"><span class=\"GkipB\">\u00a0<\/span><\/div>\n<\/div>\n<div data-hook=\"rcv-block51\"><\/div>\n<div data-breakout=\"normal\">\n<p id=\"viewer-ulicm132\" class=\"H0BMW qw9d2 _5TXqj t077n _39sR0\"><span class=\"GkipB\">O ano de 2024 ser\u00e1 de muitas comemora\u00e7\u00f5es para o Rock in Rio. O ano em que tudo come\u00e7ou, 40 anos depois, d\u00e1 in\u00edcio \u00e0s celebra\u00e7\u00f5es. E a festa brasileira j\u00e1 est\u00e1 marcada: 13, 14, 15, 19, 20, 21 e 22 de setembro de 2024, no Parque Ol\u00edmpico, Rio de Janeiro; e a lisboeta tamb\u00e9m: 15, 16, 22 e 23 de junho de 2024, no Parque Tejo. Das 22 edi\u00e7\u00f5es anteriores, nove ocorreram no Brasil (1985, 1991, 2001, 2011, 2013, 2015, 2017, 2019 e 2022), nove em Portugal (2004, 2006, 2008, 2010, 2012, 2014, 2016, 2018 e 2022), tr\u00eas na Espanha (2008, 2010 e 2012) e uma nos Estados Unidos (2015).\u00a0<\/span><\/p>\n<\/div>\n<div data-hook=\"rcv-block52\"><\/div>\n<div data-breakout=\"normal\">\n<div id=\"viewer-c6q2p6068\" class=\"H0BMW qw9d2 _5TXqj _39sR0\"><span class=\"GkipB\">\u00a0<\/span><\/div>\n<\/div>\n<div data-hook=\"rcv-block53\"><\/div>\n<div data-breakout=\"normal\">\n<p id=\"viewer-tst7z6282\" class=\"H0BMW qw9d2 _5TXqj t077n _39sR0\"><span class=\"GkipB\"><strong>Fonte:<\/strong> Approach Comunica\u00e7\u00e3o<\/span><\/p>\n<\/div>\n","protected":false},"excerpt":{"rendered":"<p>&nbsp; Sunset ganha ainda mais protagonismo e refor\u00e7a sua pot\u00eancia com uma boca de cena maior \u2014 organiza\u00e7\u00e3o divulga 3D do novo palco. No &#8220;Dia Delas&#8221;, 20 de setembro, a cantora sul-africana Tyla performa no local \u201cGirls Just Want To Have Fun\u201d na Cidade do Rock! Ainda no \u201cDia Delas\u201d Cyndi Lauper, uma das maiores [&hellip;]<\/p>\n","protected":false},"author":12,"featured_media":21295,"comment_status":"closed","ping_status":"open","sticky":false,"template":"","format":"standard","meta":{"footnotes":""},"categories":[4],"tags":[],"class_list":["post-21488","post","type-post","status-publish","format-standard","has-post-thumbnail","hentry","category-noticias"],"_links":{"self":[{"href":"http:\/\/heavymetalonline.com.br\/index.php?rest_route=\/wp\/v2\/posts\/21488","targetHints":{"allow":["GET"]}}],"collection":[{"href":"http:\/\/heavymetalonline.com.br\/index.php?rest_route=\/wp\/v2\/posts"}],"about":[{"href":"http:\/\/heavymetalonline.com.br\/index.php?rest_route=\/wp\/v2\/types\/post"}],"author":[{"embeddable":true,"href":"http:\/\/heavymetalonline.com.br\/index.php?rest_route=\/wp\/v2\/users\/12"}],"replies":[{"embeddable":true,"href":"http:\/\/heavymetalonline.com.br\/index.php?rest_route=%2Fwp%2Fv2%2Fcomments&post=21488"}],"version-history":[{"count":1,"href":"http:\/\/heavymetalonline.com.br\/index.php?rest_route=\/wp\/v2\/posts\/21488\/revisions"}],"predecessor-version":[{"id":21489,"href":"http:\/\/heavymetalonline.com.br\/index.php?rest_route=\/wp\/v2\/posts\/21488\/revisions\/21489"}],"wp:featuredmedia":[{"embeddable":true,"href":"http:\/\/heavymetalonline.com.br\/index.php?rest_route=\/wp\/v2\/media\/21295"}],"wp:attachment":[{"href":"http:\/\/heavymetalonline.com.br\/index.php?rest_route=%2Fwp%2Fv2%2Fmedia&parent=21488"}],"wp:term":[{"taxonomy":"category","embeddable":true,"href":"http:\/\/heavymetalonline.com.br\/index.php?rest_route=%2Fwp%2Fv2%2Fcategories&post=21488"},{"taxonomy":"post_tag","embeddable":true,"href":"http:\/\/heavymetalonline.com.br\/index.php?rest_route=%2Fwp%2Fv2%2Ftags&post=21488"}],"curies":[{"name":"wp","href":"https:\/\/api.w.org\/{rel}","templated":true}]}}