{"id":21810,"date":"2024-04-03T13:42:08","date_gmt":"2024-04-03T13:42:08","guid":{"rendered":"http:\/\/heavymetalonline.com.br\/?p=21810"},"modified":"2024-04-03T13:42:08","modified_gmt":"2024-04-03T13:42:08","slug":"sesc-belenzinho-recebe-terra-celta-nesta-sexta-0504","status":"publish","type":"post","link":"http:\/\/heavymetalonline.com.br\/?p=21810","title":{"rendered":"Sesc Belenzinho recebe Terra Celta nesta sexta (05\/04)"},"content":{"rendered":"<div data-breakout=\"normal\">\n<p><img loading=\"lazy\" decoding=\"async\" class=\"alignnone size-full wp-image-21811\" src=\"http:\/\/heavymetalonline.com.br\/wp-content\/uploads\/2024\/04\/Terra-Celta.png\" alt=\"\" width=\"651\" height=\"658\" srcset=\"http:\/\/heavymetalonline.com.br\/wp-content\/uploads\/2024\/04\/Terra-Celta.png 651w, http:\/\/heavymetalonline.com.br\/wp-content\/uploads\/2024\/04\/Terra-Celta-297x300.png 297w\" sizes=\"auto, (max-width: 651px) 100vw, 651px\" \/><\/p>\n<pre id=\"viewer-khxe11543\" class=\"cjuT5 Jpi-r LRhRI HbWqo\"><span class=\"\">Cr\u00e9dito: Divulga\u00e7\u00e3o<\/span><\/pre>\n<p id=\"viewer-vtlpt1422\" class=\"KjCpW _2iBaw LRhRI HbWqo MIiJ6\"><span class=\"dkiuR\">No dia 5 de abril de 2024, a banda de folk rock <strong>Terra Celta<\/strong>, fundada em 2005 na cidade de Londrina Paran\u00e1 se apresenta na comedoria do <strong>Sesc Belenzinho<\/strong> em S\u00e3o Paulo.<\/span><\/p>\n<\/div>\n<div data-hook=\"rcv-block4\"><\/div>\n<div data-breakout=\"normal\">\n<div id=\"viewer-g7aqa717\" class=\"KjCpW _2iBaw LRhRI MIiJ6\"><span class=\"dkiuR\">\u00a0<\/span><\/div>\n<\/div>\n<div data-hook=\"rcv-block5\"><\/div>\n<div data-breakout=\"normal\">\n<p id=\"viewer-1vsnv723\" class=\"KjCpW _2iBaw LRhRI HbWqo MIiJ6\"><span class=\"dkiuR\">Precursor do folk rock no Brasil e h\u00e1 1 ano de completar 25 anos de carreira, a banda <strong>Terra Celta<\/strong> apresenta show com repert\u00f3rio autoral. Suas composi\u00e7\u00f5es abordam temas universais, comportamento humano, quest\u00f5es sociais e ambientais de maneira sutil e bem-humorada. Vers\u00f5es de m\u00fasicas de pop rock e m\u00fasicas folcl\u00f3ricas de diferentes lugares do mundo tamb\u00e9m est\u00e3o no setlist.<\/span><\/p>\n<\/div>\n<div data-hook=\"rcv-block6\"><\/div>\n<div data-breakout=\"normal\">\n<div id=\"viewer-t6nry735\" class=\"KjCpW _2iBaw LRhRI MIiJ6\"><span class=\"dkiuR\">\u00a0<\/span><\/div>\n<\/div>\n<div data-hook=\"rcv-block7\"><\/div>\n<div data-breakout=\"normal\">\n<p id=\"viewer-mgp5y3248\" class=\"KjCpW _2iBaw LRhRI HbWqo MIiJ6\"><span class=\"dkiuR\">Formado por Arrigo (acord\u00e3o), Bruno Guimar\u00e3es (baixo), Eduardo Brancali\u00f3n (guitarra e viol\u00e3o), \u00c9lcio Oliveira Filho (vocais, violino, gaita de fole, tinwhistle e nyckelharpa) e Leonardo Cacione (bateria), o grupo Terra Celta, do Paran\u00e1 consolidou-se por meio de sua originalidade, sendo uns dos precursores do folk rock no Brasil, e carregando um estilo fortemente irland\u00eas e escoc\u00eas misturados ao bom humor brasileiro.<\/span><\/p>\n<\/div>\n<div data-hook=\"rcv-block8\"><\/div>\n<div data-breakout=\"normal\">\n<div id=\"viewer-7x6gv3327\" class=\"KjCpW _2iBaw LRhRI MIiJ6\"><span class=\"dkiuR\">\u00a0<\/span><\/div>\n<\/div>\n<div data-hook=\"rcv-block9\"><\/div>\n<div data-breakout=\"normal\">\n<p id=\"viewer-scz77741\" class=\"KjCpW _2iBaw LRhRI HbWqo MIiJ6\"><strong><span class=\"dkiuR\">TERRA CELTA<\/span><\/strong><\/p>\n<\/div>\n<div data-breakout=\"normal\">\n<p id=\"viewer-f2xbq2830\" class=\"KjCpW _2iBaw LRhRI HbWqo MIiJ6\"><span class=\"dkiuR\">Dia 5 de abril de 2024. sexta, 20h30\u00a0<\/span><\/p>\n<\/div>\n<div data-breakout=\"normal\">\n<p id=\"viewer-l6o7s2832\" class=\"KjCpW _2iBaw LRhRI HbWqo MIiJ6\"><span class=\"dkiuR\">Local: Comedoria (500 lugares)<\/span><\/p>\n<\/div>\n<div data-breakout=\"normal\">\n<p id=\"viewer-zwunz2834\" class=\"KjCpW _2iBaw LRhRI HbWqo MIiJ6\"><span class=\"dkiuR\">Valores: R$ 50 (inteira); R$ 25 (Meia entrada), R$ 15 (Credencial Sesc)<\/span><\/p>\n<\/div>\n<div data-breakout=\"normal\">\n<p id=\"viewer-oguxj2836\" class=\"KjCpW _2iBaw LRhRI HbWqo MIiJ6\"><span class=\"dkiuR\">Ingressos \u00e0 venda no portal <a class=\"-uelp I783W\" href=\"http:\/\/sescsp.org.br\/\" target=\"_blank\" rel=\"noopener\" data-hook=\"WebLink\">sescsp.org.br<\/a>\u00a0e nas bilheterias das unidades Sesc<\/span><\/p>\n<\/div>\n<div data-breakout=\"normal\">\n<p id=\"viewer-2q71q2840\" class=\"KjCpW _2iBaw LRhRI HbWqo MIiJ6\"><span class=\"dkiuR\">Classifica\u00e7\u00e3o: 14 anos<\/span><\/p>\n<\/div>\n<div data-breakout=\"normal\">\n<p id=\"viewer-8d6rm1159\" class=\"KjCpW _2iBaw LRhRI HbWqo MIiJ6\"><span class=\"dkiuR\">Dura\u00e7\u00e3o: 90 minutos<\/span><\/p>\n<\/div>\n<div data-hook=\"rcv-block16\"><\/div>\n<div data-breakout=\"normal\">\n<div id=\"viewer-2rx15755\" class=\"KjCpW _2iBaw LRhRI MIiJ6\"><span class=\"dkiuR\">\u00a0<\/span><\/div>\n<\/div>\n<div data-hook=\"rcv-block17\"><\/div>\n<div data-breakout=\"normal\">\n<p id=\"viewer-ytgw22843\" class=\"KjCpW _2iBaw LRhRI HbWqo MIiJ6\"><strong><span class=\"dkiuR\">SESC BELENZINHO\u00a0\u00a0<\/span><\/strong><\/p>\n<\/div>\n<div data-breakout=\"normal\">\n<p id=\"viewer-v7rtq2846\" class=\"KjCpW _2iBaw LRhRI HbWqo MIiJ6\"><span class=\"dkiuR\">Endere\u00e7o: Rua Padre Adelino, 1000.<\/span><\/p>\n<\/div>\n<div data-breakout=\"normal\">\n<p id=\"viewer-m3ij12848\" class=\"KjCpW _2iBaw LRhRI HbWqo MIiJ6\"><span class=\"dkiuR\">Belenzinho \u2013 S\u00e3o Paulo (SP)<\/span><\/p>\n<\/div>\n<div data-breakout=\"normal\">\n<p id=\"viewer-vqe6n2850\" class=\"KjCpW _2iBaw LRhRI HbWqo MIiJ6\"><span class=\"dkiuR\">Telefone: (11) 2076-9700<\/span><\/p>\n<\/div>\n<div data-breakout=\"normal\">\n<p id=\"viewer-tow7f2852\" class=\"KjCpW _2iBaw LRhRI HbWqo MIiJ6\"><span class=\"dkiuR\"><a class=\"-uelp I783W\" href=\"http:\/\/sescsp.org.br\/Belenzinho\" target=\"_blank\" rel=\"noopener\" data-hook=\"WebLink\">sescsp.org.br\/Belenzinho<\/a><\/span><\/p>\n<\/div>\n<div data-hook=\"rcv-block22\"><\/div>\n<div data-breakout=\"normal\">\n<div id=\"viewer-21c98762\" class=\"KjCpW _2iBaw LRhRI MIiJ6\"><span class=\"dkiuR\">\u00a0<\/span><\/div>\n<\/div>\n<div data-hook=\"rcv-block23\"><\/div>\n<div data-breakout=\"normal\">\n<p id=\"viewer-3opip2854\" class=\"KjCpW _2iBaw LRhRI HbWqo MIiJ6\"><strong><span class=\"dkiuR\">Estacionamento\u00a0<\/span><\/strong><\/p>\n<\/div>\n<div data-breakout=\"normal\">\n<p id=\"viewer-l7o0k2857\" class=\"KjCpW _2iBaw LRhRI HbWqo MIiJ6\"><span class=\"dkiuR\">De ter\u00e7a a s\u00e1bado, das 9h \u00e0s 21h. Domingos e feriados, das 9h \u00e0s 18h.<\/span><\/p>\n<\/div>\n<div data-breakout=\"normal\">\n<p id=\"viewer-3uyz82859\" class=\"KjCpW _2iBaw LRhRI HbWqo MIiJ6\"><span class=\"dkiuR\">Valores: Credenciados plenos do Sesc: R$ 5,50 a primeira hora e R$ 2,00 por hora adicional. N\u00e3o credenciados no Sesc: R$ 12,00 a primeira hora e R$ 3,00 por hora adicional.<\/span><\/p>\n<\/div>\n<div data-hook=\"rcv-block26\"><\/div>\n<div data-breakout=\"normal\">\n<div id=\"viewer-2h9m8767\" class=\"KjCpW _2iBaw LRhRI MIiJ6\"><span class=\"dkiuR\">\u00a0<\/span><\/div>\n<\/div>\n<div data-hook=\"rcv-block27\"><\/div>\n<div data-breakout=\"normal\">\n<p id=\"viewer-br61d2861\" class=\"KjCpW _2iBaw LRhRI HbWqo MIiJ6\"><strong><span class=\"dkiuR\">Transporte P\u00fablico\u00a0<\/span><\/strong><\/p>\n<\/div>\n<div data-breakout=\"normal\">\n<p id=\"viewer-w06oy2864\" class=\"KjCpW _2iBaw LRhRI HbWqo MIiJ6\"><span class=\"dkiuR\">Metro Bel\u00e9m (550m) | Esta\u00e7\u00e3o Tatuap\u00e9 (1400m)<\/span><\/p>\n<\/div>\n<div data-hook=\"rcv-block29\"><\/div>\n<div data-breakout=\"normal\">\n<div id=\"viewer-hnn0n771\" class=\"KjCpW _2iBaw LRhRI MIiJ6\"><span class=\"dkiuR\">\u00a0<\/span><\/div>\n<\/div>\n<div data-hook=\"rcv-block30\"><\/div>\n<div data-breakout=\"normal\">\n<p id=\"viewer-4fk0o2866\" class=\"KjCpW _2iBaw LRhRI HbWqo MIiJ6\"><strong><span class=\"dkiuR\">Sesc Belenzinho nas redes\u00a0<\/span><\/strong><\/p>\n<\/div>\n<div data-breakout=\"normal\">\n<p id=\"viewer-qbe3b2869\" class=\"KjCpW _2iBaw LRhRI HbWqo MIiJ6\"><span class=\"dkiuR\"><a class=\"-uelp I783W\" href=\"https:\/\/www.facebook.com\/sescbelenzinho\" target=\"_blank\" rel=\"noopener\" data-hook=\"WebLink\">Facebook<\/a>\u00a0|<a class=\"-uelp I783W\" href=\"https:\/\/www.instagram.com\/sescbelenzinho\/?hl=pt-br\" target=\"_blank\" rel=\"noopener\" data-hook=\"WebLink\">\u00a0Instagram<\/a>\u00a0|<\/span><\/p>\n<\/div>\n<div data-hook=\"rcv-block32\"><\/div>\n<div data-breakout=\"normal\">\n<div id=\"viewer-iv43t778\" class=\"KjCpW _2iBaw LRhRI MIiJ6\"><span class=\"dkiuR\">\u00a0<\/span><\/div>\n<\/div>\n<div data-hook=\"rcv-block33\"><\/div>\n<div data-breakout=\"normal\">\n<p id=\"viewer-nwhuo2874\" class=\"KjCpW _2iBaw LRhRI HbWqo MIiJ6\"><span class=\"dkiuR\"><strong>Fonte:<\/strong> Reda\u00e7\u00e3o<\/span><\/p>\n<\/div>\n","protected":false},"excerpt":{"rendered":"<p>Cr\u00e9dito: Divulga\u00e7\u00e3o No dia 5 de abril de 2024, a banda de folk rock Terra Celta, fundada em 2005 na cidade de Londrina Paran\u00e1 se apresenta na comedoria do Sesc Belenzinho em S\u00e3o Paulo. \u00a0 Precursor do folk rock no Brasil e h\u00e1 1 ano de completar 25 anos de carreira, a banda Terra Celta [&hellip;]<\/p>\n","protected":false},"author":12,"featured_media":21811,"comment_status":"closed","ping_status":"open","sticky":false,"template":"","format":"standard","meta":{"footnotes":""},"categories":[4],"tags":[],"class_list":["post-21810","post","type-post","status-publish","format-standard","has-post-thumbnail","hentry","category-noticias"],"_links":{"self":[{"href":"http:\/\/heavymetalonline.com.br\/index.php?rest_route=\/wp\/v2\/posts\/21810","targetHints":{"allow":["GET"]}}],"collection":[{"href":"http:\/\/heavymetalonline.com.br\/index.php?rest_route=\/wp\/v2\/posts"}],"about":[{"href":"http:\/\/heavymetalonline.com.br\/index.php?rest_route=\/wp\/v2\/types\/post"}],"author":[{"embeddable":true,"href":"http:\/\/heavymetalonline.com.br\/index.php?rest_route=\/wp\/v2\/users\/12"}],"replies":[{"embeddable":true,"href":"http:\/\/heavymetalonline.com.br\/index.php?rest_route=%2Fwp%2Fv2%2Fcomments&post=21810"}],"version-history":[{"count":1,"href":"http:\/\/heavymetalonline.com.br\/index.php?rest_route=\/wp\/v2\/posts\/21810\/revisions"}],"predecessor-version":[{"id":21816,"href":"http:\/\/heavymetalonline.com.br\/index.php?rest_route=\/wp\/v2\/posts\/21810\/revisions\/21816"}],"wp:featuredmedia":[{"embeddable":true,"href":"http:\/\/heavymetalonline.com.br\/index.php?rest_route=\/wp\/v2\/media\/21811"}],"wp:attachment":[{"href":"http:\/\/heavymetalonline.com.br\/index.php?rest_route=%2Fwp%2Fv2%2Fmedia&parent=21810"}],"wp:term":[{"taxonomy":"category","embeddable":true,"href":"http:\/\/heavymetalonline.com.br\/index.php?rest_route=%2Fwp%2Fv2%2Fcategories&post=21810"},{"taxonomy":"post_tag","embeddable":true,"href":"http:\/\/heavymetalonline.com.br\/index.php?rest_route=%2Fwp%2Fv2%2Ftags&post=21810"}],"curies":[{"name":"wp","href":"https:\/\/api.w.org\/{rel}","templated":true}]}}