{"id":21955,"date":"2024-04-10T14:16:20","date_gmt":"2024-04-10T14:16:20","guid":{"rendered":"http:\/\/heavymetalonline.com.br\/?p=21955"},"modified":"2024-04-10T14:16:20","modified_gmt":"2024-04-10T14:16:20","slug":"rock-in-rio-2024-transporte-primeira-classe-abre-a-pre-venda-nesta-quarta-feira-dia-10","status":"publish","type":"post","link":"http:\/\/heavymetalonline.com.br\/?p=21955","title":{"rendered":"Rock in Rio 2024: Transporte Primeira Classe abre a pr\u00e9-venda nesta quarta-feira, dia 10"},"content":{"rendered":"<p><img loading=\"lazy\" decoding=\"async\" class=\"alignnone size-full wp-image-21295\" src=\"http:\/\/heavymetalonline.com.br\/wp-content\/uploads\/2024\/03\/unnamed-6-1.jpg\" alt=\"\" width=\"924\" height=\"423\" srcset=\"http:\/\/heavymetalonline.com.br\/wp-content\/uploads\/2024\/03\/unnamed-6-1.jpg 924w, http:\/\/heavymetalonline.com.br\/wp-content\/uploads\/2024\/03\/unnamed-6-1-300x137.jpg 300w, http:\/\/heavymetalonline.com.br\/wp-content\/uploads\/2024\/03\/unnamed-6-1-768x352.jpg 768w\" sizes=\"auto, (max-width: 924px) 100vw, 924px\" \/><\/p>\n<div data-breakout=\"normal\">\n<p style=\"text-align: center;\"><em>Um dos transportes oficiais do festival, o servi\u00e7o garante um acesso exclusivo que permite o desembarque dentro da Cidade do Rock. <\/em><\/p>\n<p style=\"text-align: center;\"><em>A compra na pr\u00e9-venda d\u00e1 o benef\u00edcio ao comprador de escolher futuramente <\/em><\/p>\n<p style=\"text-align: center;\"><em>o dia da viagem de acordo com a defini\u00e7\u00e3o de data do seu Rock in Rio Card<\/em><\/p>\n<p id=\"viewer-ga8qe4454\" class=\"R920X _5wA-D d0eTW vC2ou -oJ0G\"><span class=\"J6XX-\">O Transporte Primeira Classe, sucesso nas edi\u00e7\u00f5es passadas do Rock in Rio, continuar\u00e1 a oferecer o servi\u00e7o para o p\u00fablico que ir\u00e1 ao festival. Esta \u00e9 a op\u00e7\u00e3o mais confort\u00e1vel e a \u00fanica que deixa os clientes em uma entrada exclusiva dentro da Cidade do Rock, perto do palco New Dance Order. Com mais de 17 pontos de embarque em toda a cidade do Rio de Janeiro, os passageiros ser\u00e3o transportados em \u00f4nibus executivos que realizam o percurso sem paradas, garantindo uma viagem tranquila e segura. A partir desta quarta-feira, dia 10, os interessados j\u00e1 podem garantir seus lugares na pr\u00e9-venda, dispon\u00edvel no <a class=\"NIuFY _5mtCX\" href=\"https:\/\/click.presskit.com.br\/url\/10073631a95\/6552760340d\" target=\"_blank\" rel=\"noopener noreferrer\" data-hook=\"WebLink\">site<\/a>. Durante este per\u00edodo inicial, o servi\u00e7o estar\u00e1 com um pre\u00e7o promocional de R$ 140, permitindo aos f\u00e3s a flexibilidade de escolher a data de sua viagem posteriormente, de acordo com a defini\u00e7\u00e3o do dia de seu Rock in Rio Card. A venda inclui passagens de ida e volta e oferece a op\u00e7\u00e3o pagamento via pix ou no cart\u00e3o com parcelamento em at\u00e9 tr\u00eas vezes. O Primeira Classe opera a partir de um dos maiores terminais rodovi\u00e1rios j\u00e1 montados para um festival de m\u00fasica e entretenimento, garantindo uma experi\u00eancia completa e confort\u00e1vel para todos os participantes.\u00a0<\/span><\/p>\n<\/div>\n<div data-hook=\"rcv-block5\"><\/div>\n<div data-breakout=\"normal\">\n<div id=\"viewer-8fid02876\" class=\"R920X _5wA-D d0eTW -oJ0G\"><span class=\"J6XX-\">\u00a0<\/span><\/div>\n<\/div>\n<div data-hook=\"rcv-block6\"><\/div>\n<div data-breakout=\"normal\">\n<p id=\"viewer-avne42881\" class=\"R920X _5wA-D d0eTW vC2ou -oJ0G\"><span class=\"J6XX-\">Para este servi\u00e7o, na ida ao festival \u00e9 necess\u00e1rio escolher um local de embarque e marcar o hor\u00e1rio de partida para o Rock in Rio \u2013 que ocorre entre 11h e 19h. Na volta, no mesmo local que chegou ao festival, o p\u00fablico embarca no momento que desejar \u2013 sem necessidade de marcar hor\u00e1rio \u2013, podendo retornar para qualquer um dos mais de 17 destinos (exceto rota de Petr\u00f3polis),\u202fa partir de 22h, com sa\u00eddas mediante demanda.\u202f\u202f\u00a0<\/span><\/p>\n<\/div>\n<div data-hook=\"rcv-block7\"><\/div>\n<div data-breakout=\"normal\">\n<p id=\"viewer-3iw5k2888\" class=\"R920X _5wA-D d0eTW -oJ0G\"><span class=\"J6XX-\">\u202f\u00a0<\/span><\/p>\n<\/div>\n<div data-hook=\"rcv-block8\"><\/div>\n<div data-breakout=\"normal\">\n<p id=\"viewer-rqoth2890\" class=\"R920X _5wA-D d0eTW vC2ou -oJ0G\"><span class=\"J6XX-\">Os pontos de embarque e desembarque para este servi\u00e7o s\u00e3o: no Aeroporto Santos Dummont; no Aeroporto Tom Jobim &#8211; Gale\u00e3o; em Petr\u00f3polis; em Ipanema; em Copacabana; no Botafogo Praia Shopping; no Rio Design Barra; no Shopping Downtown; na Praia da Barra da Tijuca; na Tijuca; na Rodovi\u00e1ria do Rio; no Recreio; no Centro; na Lagoa; em Niter\u00f3i; no M\u00e9ier; e no shopping Nova Am\u00e9rica.\u202f\u00a0<\/span><\/p>\n<\/div>\n<div data-hook=\"rcv-block9\"><\/div>\n<div data-breakout=\"normal\">\n<div id=\"viewer-fzv9e2900\" class=\"R920X _5wA-D d0eTW -oJ0G\"><span class=\"J6XX-\">\u00a0<\/span><\/div>\n<\/div>\n<div data-hook=\"rcv-block10\"><\/div>\n<div data-breakout=\"normal\">\n<p id=\"viewer-jijd42909\" class=\"R920X _5wA-D d0eTW vC2ou -oJ0G\"><span class=\"J6XX-\">O Rock in Rio vai acontecer nos dias 13, 14, 15, 19, 20, 21 e 22 de setembro de 2024, com 700 mil pessoas na Cidade do Rock. Ser\u00e1 a celebra\u00e7\u00e3o de 40 anos do festival que colocou o Brasil na rota da cena musical do mundo, e que, em 2022, recebeu o t\u00edtulo de Patrim\u00f4nio Cultural Imaterial pela Cidade e Estado do Rio de Janeiro. J\u00e1 s\u00e3o 22 edi\u00e7\u00f5es realizadas, mais de 3.800 artistas escalados, mais de 11.2 milh\u00f5es na plateia e mais de 130 dias de magia desde 1985. E, para 2024, os f\u00e3s podem aguardar uma festa especial, com novas experi\u00eancias e viv\u00eancias dentro da Cidade do Rock. Aqueles que n\u00e3o adquiriram o Rock in Rio Card, poder\u00e3o garantir um lugar nesta edi\u00e7\u00e3o que ser\u00e1 hist\u00f3rica na venda geral de ingressos, que acontecer\u00e1 no dia 23 de maio, \u00e0s 19h, exclusivamente no site da Ticketmaster. E quem quiser estar na Cidade do Rock em 2024 precisa se planejar, j\u00e1 que neste ano o Rock in Rio Card esgotou em 2h04.\u202f\u00a0<\/span><\/p>\n<\/div>\n<div data-hook=\"rcv-block11\"><\/div>\n<div data-breakout=\"normal\">\n<p id=\"viewer-upsvy2920\" class=\"R920X _5wA-D d0eTW -oJ0G\"><span class=\"J6XX-\">\u202f\u00a0<\/span><\/p>\n<\/div>\n<div data-hook=\"rcv-block12\"><\/div>\n<div data-breakout=\"normal\">\n<p id=\"viewer-xttbq2922\" class=\"R920X _5wA-D d0eTW vC2ou -oJ0G\"><span class=\"J6XX-\">O p\u00fablico que adquiriu o Rock in Rio Card tamb\u00e9m j\u00e1 pode selecionar a data que deseja ir ao Rock in Rio. A escolha do dia \u00e9 feita exclusivamente online por meio do site, na se\u00e7\u00e3o Meus Pedidos, at\u00e9 o dia 21 de maio de 2024. Durante o per\u00edodo de troca, o titular do Rock in Rio Card poder\u00e1 escolher entre qualquer um dos dias do festival.\u202f\u00a0<\/span><\/p>\n<\/div>\n<div data-hook=\"rcv-block13\"><\/div>\n<div data-breakout=\"normal\">\n<div id=\"viewer-7iv3l2940\" class=\"R920X _5wA-D d0eTW -oJ0G\"><span class=\"J6XX-\">\u00a0<\/span><\/div>\n<\/div>\n<div data-hook=\"rcv-block14\"><\/div>\n<div data-breakout=\"normal\">\n<p id=\"viewer-ya9x82956\" class=\"R920X _5wA-D d0eTW vC2ou -oJ0G\"><span class=\"J6XX-\">Na programa\u00e7\u00e3o do primeiro fim de semana, Travis Scott \u00e9 o headliner do Palco Mundo no dia 13 de setembro, mesmo dia em que o palco recebe o show de 21 Savage e Matu\u00ea com participa\u00e7\u00e3o de TETO e WIU, al\u00e9m de contar Deadmau5 como headliner do New Dance Order. J\u00e1 no dia 14 de setembro \u00e9 a vez dos Imagine Dragons comandarem o festival, com o Palco Mundo recebendo tamb\u00e9m OneRepublic, Zara Larsson e Lulu Santos, enquanto no Sunset NX Zero ser\u00e1 o headliner.\u202f\u202f\u00a0<\/span><\/p>\n<\/div>\n<div data-hook=\"rcv-block15\"><\/div>\n<div data-breakout=\"normal\">\n<div id=\"viewer-s01rr3002\" class=\"R920X _5wA-D d0eTW -oJ0G\"><span class=\"J6XX-\">\u00a0<\/span><\/div>\n<\/div>\n<div data-hook=\"rcv-block16\"><\/div>\n<div data-breakout=\"normal\">\n<p id=\"viewer-xzc9a3019\" class=\"R920X _5wA-D d0eTW vC2ou -oJ0G\"><span class=\"J6XX-\">No fim de semana seguinte, Ed Sheeran \u00e9 o headliner do dia 19 e no Palco Mundo tamb\u00e9m se apresentam Charlie Puth, Joss Stone e J\u00e3o. Nesse mesmo dia, Gloria Groove sobe ao palco Sunset. No dia 20, o \u201cDia Delas\u201d, \u00e9 a vez de Katy Perry brilhar como headliner, com Cyndi Lauper e Ivete Sangalo se apresentando tamb\u00e9m no Palco Mundo, enquanto IZA, Gloria Gaynor, Tyla e Luedji Luna convida X\u00eania Fran\u00e7a e Tassia Reis no Palco Sunset. No NDO, Alison Wonderland \u00e9 a primeira headliner confirmada para este dia, em que o line-up de todos os palcos ser\u00e1 100% feminino, enquanto no palco da Global Village, Angelique Kidjo faz show no dia 20. Fechando o Rock in Rio, no dia 22 de setembro, Shawn Mendes \u00e9 o headliner e Akon e NE-YO tamb\u00e9m subir\u00e3o ao Palco Mundo, enquanto o Sunset receber\u00e1 a apresenta\u00e7\u00e3o inesquec\u00edvel de Mariah Carey.\u202f\u00a0<\/span><\/p>\n<\/div>\n<div data-hook=\"rcv-block17\"><\/div>\n<div data-breakout=\"normal\">\n<div id=\"viewer-voza93052\" class=\"R920X _5wA-D d0eTW -oJ0G\"><span class=\"J6XX-\">\u00a0<\/span><\/div>\n<\/div>\n<div data-hook=\"rcv-block18\"><\/div>\n<div data-breakout=\"normal\">\n<p id=\"viewer-k8xo33070\" class=\"R920X _5wA-D d0eTW vC2ou -oJ0G\"><span class=\"J6XX-\">Saiba mais sobre os ingressos para o Rock in Rio 2024\u202f\u00a0<\/span><\/p>\n<\/div>\n<div data-hook=\"rcv-block19\"><\/div>\n<div data-breakout=\"normal\">\n<p id=\"viewer-wc42m3091\" class=\"R920X _5wA-D d0eTW vC2ou -oJ0G\"><span class=\"J6XX-\">Para a edi\u00e7\u00e3o do Rock in Rio Brasil 2024, o valor do ingresso ser\u00e1 R$ 795 (inteira) e R$ 397,50 (meia-entrada) e n\u00e3o h\u00e1 cobran\u00e7a de taxa de servi\u00e7o. O pagamento pode ser feito por PIX ou cart\u00e3o de cr\u00e9dito e o valor parcelado em at\u00e9 seis vezes. Clientes que efetuarem o pagamento com os cart\u00f5es de cr\u00e9dito Ita\u00fa, Credicard e Iti t\u00eam 15% de desconto na compra de ingressos, por R\uff04675,75 (n\u00e3o cumulativos com a meia-entrada) e poder\u00e3o parcelar sua compra em at\u00e9 oito vezes sem juros.\u202f\u00a0<\/span><\/p>\n<\/div>\n<div data-hook=\"rcv-block20\"><\/div>\n<div data-breakout=\"normal\">\n<p id=\"viewer-o80783093\" class=\"R920X _5wA-D d0eTW -oJ0G\"><span class=\"J6XX-\">\u202f\u00a0<\/span><\/p>\n<\/div>\n<div data-hook=\"rcv-block21\"><\/div>\n<div data-breakout=\"normal\">\n<p id=\"viewer-gxzva3095\" class=\"R920X _5wA-D d0eTW vC2ou -oJ0G\"><span class=\"J6XX-\">O limite de compra do p\u00fablico em geral \u00e9 de at\u00e9 4 (quatro) ingressos por CPF, sendo uma meia-entrada, com exce\u00e7\u00e3o para meia-entrada para pessoas portadoras de necessidade especial, que t\u00eam direito a comprar outra meia-entrada tamb\u00e9m para seu acompanhante. Os clientes que adquirirem ingressos nesta modalidade ter\u00e3o que informar no pr\u00f3prio site todas as informa\u00e7\u00f5es referentes ao documento que comprove tal condi\u00e7\u00e3o, para posterior valida\u00e7\u00e3o, assim como ser\u00e1 necess\u00e1rio apresent\u00e1-lo no acesso \u00e0 Cidade do Rock, no dia do evento.\u202f\u202f\u00a0<\/span><\/p>\n<\/div>\n<div data-hook=\"rcv-block22\"><\/div>\n<div data-breakout=\"normal\">\n<p id=\"viewer-u0vvg3097\" class=\"R920X _5wA-D d0eTW -oJ0G\"><span class=\"J6XX-\">\u202f\u00a0<\/span><\/p>\n<\/div>\n<div data-hook=\"rcv-block23\"><\/div>\n<div data-breakout=\"normal\">\n<p id=\"viewer-1xce33099\" class=\"R920X _5wA-D d0eTW vC2ou -oJ0G\"><span class=\"J6XX-\">O ingresso de meia-entrada \u00e9 garantido por lei para estudantes, menores de 21 anos, maiores de 60 anos, deficientes e seu acompanhante, profissionais e professores da rede de ensino do Rio de Janeiro e jovens de baixa renda.\u202f\u00a0<\/span><\/p>\n<\/div>\n<div data-hook=\"rcv-block24\"><\/div>\n<div data-breakout=\"normal\">\n<div id=\"viewer-2nrny3241\" class=\"R920X _5wA-D d0eTW -oJ0G\"><span class=\"J6XX-\">\u00a0<\/span><\/div>\n<\/div>\n<div data-hook=\"rcv-block25\"><\/div>\n<div data-breakout=\"normal\">\n<p id=\"viewer-lixbo3266\" class=\"R920X _5wA-D d0eTW vC2ou -oJ0G\"><span class=\"J6XX-\">Sobre o Rock in Rio\u202f\u202f\u202f\u00a0<\/span><\/p>\n<\/div>\n<div data-hook=\"rcv-block26\"><\/div>\n<div data-breakout=\"normal\">\n<p id=\"viewer-ex8od3292\" class=\"R920X _5wA-D d0eTW vC2ou -oJ0G\"><span class=\"J6XX-\">1984 marca o in\u00edcio das prepara\u00e7\u00f5es para a primeira edi\u00e7\u00e3o do evento idealizado por Roberto Medina e que hoje, 40 anos depois, \u00e9 considerado o maior festival de m\u00fasica e entretenimento do mundo \u2013 o Rock in Rio. A hist\u00f3ria do evento se entrela\u00e7a com a do entretenimento no Brasil, sendo respons\u00e1vel por colocar o pa\u00eds na rota dos eventos internacionais, j\u00e1 que pela primeira vez, um pa\u00eds da Am\u00e9rica do Sul sediou um evento musical dessa magnitude. Em uma \u00e1rea de 250 mil m2, em Jacarepagu\u00e1, durante dez dias, 1 milh\u00e3o e 380 mil pessoas foram iluminadas pela primeira vez e come\u00e7aram a fazer parte do grande espet\u00e1culo. No palco \u2014 o maior do mundo na \u00e9poca, com 80m de boca de cena \u2014 15 atra\u00e7\u00f5es nacionais e 16 internacionais. Originalmente organizado no Rio de Janeiro, o festival ganhou o mundo chegando a Lisboa (Portugal), onde \u00e9 realizado at\u00e9 hoje, passando por Madrid (Espanha) e Las Vegas (USA).\u202f\u202f\u00a0<\/span><\/p>\n<\/div>\n<div data-hook=\"rcv-block27\"><\/div>\n<div data-breakout=\"normal\">\n<p id=\"viewer-ve7nu3294\" class=\"R920X _5wA-D d0eTW -oJ0G\"><span class=\"J6XX-\">\u202f\u202f\u00a0<\/span><\/p>\n<\/div>\n<div data-hook=\"rcv-block28\"><\/div>\n<div data-breakout=\"normal\">\n<p id=\"viewer-k55px3296\" class=\"R920X _5wA-D d0eTW vC2ou -oJ0G\"><span class=\"J6XX-\">Desde a primeira edi\u00e7\u00e3o, j\u00e1 gerou 265 mil empregos diretos e indiretos e, apenas na \u00faltima, em 2022, um impacto econ\u00f4mico de mais de 2 bilh\u00f5es na cidade do Rio de Janeiro. Tamb\u00e9m no ano passado, o Rock in Rio foi considerado patrim\u00f4nio cultural imaterial do estado do Rio de Janeiro. Pelas Cidades do Rock, desde 1985, j\u00e1 passaram mais de 11.2 milh\u00f5es de visitantes, que assistiram a 3.816 artistas em 130 dias de magia. Dentre os n\u00fameros gigantes do festival, mais de 64 milh\u00f5es de pessoas alcan\u00e7adas nas redes sociais apenas em 2022 e mais de 12 milh\u00f5es de f\u00e3s online.\u202f\u202f\u202f\u00a0<\/span><\/p>\n<\/div>\n<div data-hook=\"rcv-block29\"><\/div>\n<div data-breakout=\"normal\">\n<div id=\"viewer-ppmi73326\" class=\"R920X _5wA-D d0eTW -oJ0G\"><span class=\"J6XX-\">\u00a0<\/span><\/div>\n<\/div>\n<div data-hook=\"rcv-block30\"><\/div>\n<div data-breakout=\"normal\">\n<p id=\"viewer-q4wrc3356\" class=\"R920X _5wA-D d0eTW vC2ou -oJ0G\"><span class=\"J6XX-\">Gerando impactos positivos nos pa\u00edses onde \u00e9 realizado e consciente do poder disseminador da marca, o Rock in Rio pauta-se por ser um evento com o prop\u00f3sito de construir um mundo melhor para pessoas mais felizes, confiantes e emp\u00e1ticas num planeta mais saud\u00e1vel. Adotando e incentivando pr\u00e1ticas que apoiam o coletivo, se une a empresas que possuem este mesmo olhar e diretriz. O festival investiu, junto com seus parceiros, mais de R\uff04 110 milh\u00f5es em diferentes projetos, passando por temas como sustentabilidade, educa\u00e7\u00e3o, m\u00fasica, florestas, entre outros.\u202fApenas na Amaz\u00f4nia, 73 milh\u00f5es de \u00e1rvores foram plantadas. A marca foi pioneira em ter a certifica\u00e7\u00e3o ISO 20121 \u2014 Eventos Sustent\u00e1veis e, em 2022, come\u00e7ou a trabalhar ambiciosas metas para 2030, alinhadas com os Objetivos de Desenvolvimento Sustent\u00e1vel (ODS).\u202f\u202f\u202f\u00a0<\/span><\/p>\n<\/div>\n<div data-hook=\"rcv-block31\"><\/div>\n<div data-breakout=\"normal\">\n<p id=\"viewer-j9uaj3386\" class=\"R920X _5wA-D d0eTW -oJ0G\"><span class=\"J6XX-\">\u202f\u202f\u00a0<\/span><\/p>\n<\/div>\n<div data-hook=\"rcv-block32\"><\/div>\n<div data-breakout=\"normal\">\n<p id=\"viewer-xrzne3388\" class=\"R920X _5wA-D d0eTW vC2ou -oJ0G\"><span class=\"J6XX-\">O ano de 2024 ser\u00e1 de muitas comemora\u00e7\u00f5es para o Rock in Rio. O ano em que tudo come\u00e7ou, 40 anos depois, d\u00e1 in\u00edcio \u00e0s celebra\u00e7\u00f5es. E a festa brasileira j\u00e1 est\u00e1 marcada: 13, 14, 15, 19, 20, 21 e 22 de setembro de 2024, no Parque Ol\u00edmpico, Rio de Janeiro; e a lisboeta tamb\u00e9m: 15, 16, 22 e 23 de junho de 2024, no Parque Tejo. Das 22 edi\u00e7\u00f5es anteriores, nove ocorreram no Brasil (1985, 1991, 2001, 2011, 2013, 2015, 2017, 2019 e 2022), nove em Portugal (2004, 2006, 2008, 2010, 2012, 2014, 2016, 2018 e 2022), tr\u00eas na Espanha (2008, 2010 e 2012) e uma nos Estados Unidos (2015).\u202f\u202f\u00a0<\/span><\/p>\n<\/div>\n<div data-hook=\"rcv-block33\"><\/div>\n<div data-breakout=\"normal\">\n<div id=\"viewer-36bh13459\" class=\"R920X _5wA-D d0eTW -oJ0G\"><span class=\"J6XX-\">\u00a0<\/span><\/div>\n<\/div>\n<div data-hook=\"rcv-block34\"><\/div>\n<div data-breakout=\"normal\">\n<p id=\"viewer-i4hf33523\" class=\"R920X _5wA-D d0eTW vC2ou -oJ0G\"><span class=\"J6XX-\"><strong>Fonte:<\/strong> Approach Comunica\u00e7\u00e3o<\/span><\/p>\n<\/div>\n","protected":false},"excerpt":{"rendered":"<p>Um dos transportes oficiais do festival, o servi\u00e7o garante um acesso exclusivo que permite o desembarque dentro da Cidade do Rock. A compra na pr\u00e9-venda d\u00e1 o benef\u00edcio ao comprador de escolher futuramente o dia da viagem de acordo com a defini\u00e7\u00e3o de data do seu Rock in Rio Card O Transporte Primeira Classe, sucesso [&hellip;]<\/p>\n","protected":false},"author":12,"featured_media":21295,"comment_status":"closed","ping_status":"open","sticky":false,"template":"","format":"standard","meta":{"footnotes":""},"categories":[4],"tags":[],"class_list":["post-21955","post","type-post","status-publish","format-standard","has-post-thumbnail","hentry","category-noticias"],"_links":{"self":[{"href":"http:\/\/heavymetalonline.com.br\/index.php?rest_route=\/wp\/v2\/posts\/21955","targetHints":{"allow":["GET"]}}],"collection":[{"href":"http:\/\/heavymetalonline.com.br\/index.php?rest_route=\/wp\/v2\/posts"}],"about":[{"href":"http:\/\/heavymetalonline.com.br\/index.php?rest_route=\/wp\/v2\/types\/post"}],"author":[{"embeddable":true,"href":"http:\/\/heavymetalonline.com.br\/index.php?rest_route=\/wp\/v2\/users\/12"}],"replies":[{"embeddable":true,"href":"http:\/\/heavymetalonline.com.br\/index.php?rest_route=%2Fwp%2Fv2%2Fcomments&post=21955"}],"version-history":[{"count":1,"href":"http:\/\/heavymetalonline.com.br\/index.php?rest_route=\/wp\/v2\/posts\/21955\/revisions"}],"predecessor-version":[{"id":21956,"href":"http:\/\/heavymetalonline.com.br\/index.php?rest_route=\/wp\/v2\/posts\/21955\/revisions\/21956"}],"wp:featuredmedia":[{"embeddable":true,"href":"http:\/\/heavymetalonline.com.br\/index.php?rest_route=\/wp\/v2\/media\/21295"}],"wp:attachment":[{"href":"http:\/\/heavymetalonline.com.br\/index.php?rest_route=%2Fwp%2Fv2%2Fmedia&parent=21955"}],"wp:term":[{"taxonomy":"category","embeddable":true,"href":"http:\/\/heavymetalonline.com.br\/index.php?rest_route=%2Fwp%2Fv2%2Fcategories&post=21955"},{"taxonomy":"post_tag","embeddable":true,"href":"http:\/\/heavymetalonline.com.br\/index.php?rest_route=%2Fwp%2Fv2%2Ftags&post=21955"}],"curies":[{"name":"wp","href":"https:\/\/api.w.org\/{rel}","templated":true}]}}