{"id":22334,"date":"2024-04-29T18:52:10","date_gmt":"2024-04-29T18:52:10","guid":{"rendered":"http:\/\/heavymetalonline.com.br\/?p=22334"},"modified":"2024-04-29T18:55:36","modified_gmt":"2024-04-29T18:55:36","slug":"vania-cavalera-mae-de-max-e-iggor-fundadores-do-sepultura-e-a-estrela-de-novo-episodio-da-serie-o-ben-para-todo-mal-nesta-quarta-feira-15-no-music-box-brazil","status":"publish","type":"post","link":"http:\/\/heavymetalonline.com.br\/?p=22334","title":{"rendered":"Vania Cavalera (m\u00e3e de Max e Iggor, fundadores do Sepultura) \u00e9 a estrela de novo epis\u00f3dio da s\u00e9rie &#8220;O Ben para todo mal&#8221;, nesta quarta-feira (1\/5), no Music Box Brazil"},"content":{"rendered":"<p><img loading=\"lazy\" decoding=\"async\" class=\"alignnone size-full wp-image-22335\" src=\"http:\/\/heavymetalonline.com.br\/wp-content\/uploads\/2024\/04\/Equipe-O-Ben-para-todo-mal-com-Vania-Cavalera-_-Foto-Acervo-O-Ben-para-todo-mal-1.jpeg\" alt=\"\" width=\"1600\" height=\"900\" srcset=\"http:\/\/heavymetalonline.com.br\/wp-content\/uploads\/2024\/04\/Equipe-O-Ben-para-todo-mal-com-Vania-Cavalera-_-Foto-Acervo-O-Ben-para-todo-mal-1.jpeg 1600w, http:\/\/heavymetalonline.com.br\/wp-content\/uploads\/2024\/04\/Equipe-O-Ben-para-todo-mal-com-Vania-Cavalera-_-Foto-Acervo-O-Ben-para-todo-mal-1-300x169.jpeg 300w, http:\/\/heavymetalonline.com.br\/wp-content\/uploads\/2024\/04\/Equipe-O-Ben-para-todo-mal-com-Vania-Cavalera-_-Foto-Acervo-O-Ben-para-todo-mal-1-768x432.jpeg 768w, http:\/\/heavymetalonline.com.br\/wp-content\/uploads\/2024\/04\/Equipe-O-Ben-para-todo-mal-com-Vania-Cavalera-_-Foto-Acervo-O-Ben-para-todo-mal-1-1024x576.jpeg 1024w\" sizes=\"auto, (max-width: 1600px) 100vw, 1600px\" \/><\/p>\n<div data-breakout=\"normal\">\n<p id=\"viewer-u3h6t1275\" class=\"R920X _5wA-D d0eTW vC2ou -oJ0G\"><span class=\"J6XX-\">As ra\u00edzes de Iggor e Max, criadores do Sepultura, est\u00e3o bem fundamentadas em V\u00e2nia Cavalera, m\u00e3e dos irm\u00e3os \u2014 e da ca\u00e7ula Kira. A matriarca \u00e9 quem protagoniza o pr\u00f3ximo epis\u00f3dio in\u00e9dito de &#8220;O Ben para todo mal&#8221; no Music Box Brazil (canal 123 da NET, 145 da Oi TV ou 637 da Vivo TV), nesta quarta-feira (1\u00ba de maio), \u00e0s 20h15min. As reprises ocorrem quintas-feiras (8h15min) e s\u00e1bados (15h). Trata-se da \u00faltima entrevista registrada com Vania, que morreu em julho de 2023, aos 80 anos.<\/span><\/p>\n<\/div>\n<div data-hook=\"rcv-block4\"><\/div>\n<div data-breakout=\"normal\">\n<div id=\"viewer-uq7o965\" class=\"R920X _5wA-D k9TUT -oJ0G\"><span class=\"J6XX- k9TUT\">\u00a0<\/span><\/div>\n<\/div>\n<div data-hook=\"rcv-block5\"><\/div>\n<div data-breakout=\"normal\">\n<p id=\"viewer-rt5c966\" class=\"R920X _5wA-D k9TUT vC2ou -oJ0G\"><span class=\"J6XX- k9TUT\">Em papo emocionante, a \u201cm\u00e3ezona heavy metal\u201d, como j\u00e1 foi chamada pela imprensa, relembrou conquistas, perrengues e outras hist\u00f3rias ligadas ao nascimento e desenvolvimento do maior nome brasileiro do metal.<\/span><\/p>\n<\/div>\n<div data-hook=\"rcv-block6\"><\/div>\n<div data-breakout=\"normal\">\n<p id=\"viewer-k2ccv68\" class=\"R920X _5wA-D k9TUT -oJ0G\"><span class=\"J6XX- k9TUT\">\u00a0<\/span><\/p>\n<\/div>\n<div data-hook=\"rcv-block7\"><\/div>\n<div data-breakout=\"normal\">\n<p id=\"viewer-v110870\" class=\"R920X _5wA-D k9TUT vC2ou -oJ0G\"><span class=\"J6XX- k9TUT\"><em>\u201cEu fui chamada de louca, irrespons\u00e1vel. A fam\u00edlia n\u00e3o foi mais \u00e0 minha casa, mas seguiu a pr\u00f3pria vida. E a minha vida era com os meus filhos\u201d<\/em>, revelou Vania sobre a decis\u00e3o de apoiar a prole ent\u00e3o adolescente com o sonho de ter uma banda.<\/span><\/p>\n<\/div>\n<div data-hook=\"rcv-block8\"><\/div>\n<div data-breakout=\"normal\">\n<div id=\"viewer-87g5i154\" class=\"R920X _5wA-D k9TUT -oJ0G\"><span class=\"J6XX- k9TUT\">\u00a0<\/span><\/div>\n<\/div>\n<div data-hook=\"rcv-block9\"><\/div>\n<div data-breakout=\"normal\">\n<p id=\"viewer-p5qxg72\" class=\"R920X _5wA-D k9TUT vC2ou -oJ0G\"><span class=\"J6XX- k9TUT\">O programa \u201c<a class=\"NIuFY _5mtCX\" href=\"https:\/\/www.instagram.com\/obenparatodomal\/\" target=\"_blank\" rel=\"noopener\" data-hook=\"WebLink\">O Ben para todo mal<\/a>\u201d conversa com pessoas ligadas \u00e0 m\u00fasica para falar sobre parentalidade e som. Com uma segunda temporada sendo disponibilizada na televis\u00e3o, o projeto continua destacando como criar um ser humano impacta a rotina dos convidados. Al\u00e9m de Vania Cavalera, a nova leva de epis\u00f3dios tem como convidados Jean Dolabella (Pitty), Nen\u00ea Altro (Dance of Days), Clemente Nascimento (Inocentes), Bianca Jhord\u00e3o (Leela) e a rapper Negra Jaque, entre outros.<\/span><\/p>\n<\/div>\n<div data-hook=\"rcv-block10\"><\/div>\n<div data-breakout=\"normal\">\n<div id=\"viewer-0mf16177\" class=\"R920X _5wA-D k9TUT -oJ0G\"><span class=\"J6XX- k9TUT\">\u00a0<\/span><\/div>\n<\/div>\n<div data-hook=\"rcv-block11\"><\/div>\n<div data-breakout=\"normal\">\n<p id=\"viewer-1oz8a76\" class=\"R920X _5wA-D k9TUT vC2ou -oJ0G\"><span class=\"J6XX- k9TUT\"><a class=\"NIuFY _5mtCX\" href=\"https:\/\/www.instagram.com\/obenparatodomal\/reel\/C53U53KgeE_\/\" target=\"_blank\" rel=\"noopener\" data-hook=\"WebLink\">Confira trailer da nova temporada de O Bem para todo mal aqui!<\/a><\/span><\/p>\n<p>&nbsp;<\/p>\n<\/div>\n<blockquote class=\"instagram-media\" style=\"background: #FFF; border: 0; border-radius: 3px; box-shadow: 0 0 1px 0 rgba(0,0,0,0.5),0 1px 10px 0 rgba(0,0,0,0.15); margin: 1px; max-width: 540px; min-width: 326px; padding: 0; width: calc(100% - 2px);\" data-instgrm-captioned=\"\" data-instgrm-permalink=\"https:\/\/www.instagram.com\/reel\/C53U53KgeE_\/?utm_source=ig_embed&amp;utm_campaign=loading\" data-instgrm-version=\"14\">\n<div style=\"padding: 16px;\">\n<p>&nbsp;<\/p>\n<div style=\"display: flex; flex-direction: row; align-items: center;\"><\/div>\n<div style=\"padding: 19% 0;\"><\/div>\n<div style=\"display: block; height: 50px; margin: 0 auto 12px; width: 50px;\"><\/div>\n<div style=\"padding-top: 8px;\">\n<div style=\"color: #3897f0; font-family: Arial,sans-serif; font-size: 14px; font-style: normal; font-weight: 550; line-height: 18px;\">Ver essa foto no Instagram<\/div>\n<\/div>\n<div style=\"padding: 12.5% 0;\"><\/div>\n<div style=\"display: flex; flex-direction: row; margin-bottom: 14px; align-items: center;\"><\/div>\n<div style=\"display: flex; flex-direction: column; flex-grow: 1; justify-content: center; margin-bottom: 24px;\"><\/div>\n<p>&nbsp;<\/p>\n<p style=\"color: #c9c8cd; font-family: Arial,sans-serif; font-size: 14px; line-height: 17px; margin-bottom: 0; margin-top: 8px; overflow: hidden; padding: 8px 0 7px; text-align: center; text-overflow: ellipsis; white-space: nowrap;\"><a style=\"color: #c9c8cd; font-family: Arial,sans-serif; font-size: 14px; font-style: normal; font-weight: normal; line-height: 17px; text-decoration: none;\" href=\"https:\/\/www.instagram.com\/reel\/C53U53KgeE_\/?utm_source=ig_embed&amp;utm_campaign=loading\" target=\"_blank\" rel=\"noopener\">Uma publica\u00e7\u00e3o compartilhada por O Ben para todo mal (@obenparatodomal)<\/a><\/p>\n<p>&nbsp;<\/p>\n<\/div>\n<\/blockquote>\n<p><script async src=\"\/\/www.instagram.com\/embed.js\"><\/script><\/p>\n<div class=\"nLG8d5\" data-hook=\"post-description\">\n<article class=\"blog-post-page-font\">\n<div class=\"post-content__body stSKMK\">\n<div class=\"moHCnT\">\n<div class=\"moHCnT\">\n<div class=\"fTEXDR\" data-rce-version=\"9.18.4\">\n<div class=\"Xk2HO\" dir=\"ltr\" data-id=\"content-viewer\">\n<div class=\"orcxI\" data-query=\"container\">\n<div class=\"MJXUU\">\n<div data-breakout=\"normal\">\n<p id=\"viewer-4bv5g78\" class=\"R920X _5wA-D k9TUT vC2ou -oJ0G\"><span class=\"J6XX- k9TUT\">Das 13 produ\u00e7\u00f5es que entram na programa\u00e7\u00e3o do Music Box Brazil desde 24 de abril, 11 foram filmadas em S\u00e3o Paulo e duas em Porto Alegre. O roteiro e a apresenta\u00e7\u00e3o s\u00e3o feitos pelo jornalista Homero Pivotto Jr. (que idealizou a iniciativa em homenagem ao filho Benjamin), e a edi\u00e7\u00e3o e dire\u00e7\u00e3o s\u00e3o de S\u00e9rgio Caldas. Al\u00e9m da dupla, que est\u00e1 envolvida com o projeto desde o come\u00e7o, os novos v\u00eddeos t\u00eam ainda suporte de Luiz Argimon e Vin\u00edcius Lima na capta\u00e7\u00e3o de som e de imagens.<\/span><\/p>\n<\/div>\n<div data-hook=\"rcv-block16\"><\/div>\n<div data-breakout=\"normal\">\n<div id=\"viewer-sz6jf80\" class=\"R920X _5wA-D k9TUT -oJ0G\"><span class=\"J6XX- k9TUT\">\u00a0<\/span><\/div>\n<\/div>\n<div data-hook=\"rcv-block17\"><\/div>\n<div data-breakout=\"normal\">\n<p id=\"viewer-7sxv181\" class=\"R920X _5wA-D d0eTW vC2ou -oJ0G\"><span class=\"J6XX-\">\u201cO Ben para todo mal\u201d \u00e9 um trabalho iniciado em 2016. A primeira temporada, exibida no Music Box Brazil e dispon\u00edvel no Youtube <a class=\"NIuFY _5mtCX\" href=\"https:\/\/www.youtube.com\/c\/OBenparatodomal\" target=\"_blank\" rel=\"noopener noreferrer\" data-hook=\"WebLink\">(<\/a><a class=\"NIuFY _5mtCX\" href=\"https:\/\/www.youtube.com\/c\/OBenparatodomal\" target=\"_blank\" rel=\"noopener noreferrer\" data-hook=\"WebLink\">https:\/\/www.youtube.com\/c\/OBenparatodomal<\/a>), conta com 17 epis\u00f3dios. Os entrevistados incluem nomes como Jo\u00e3o Gordo e J\u00e3o (Ratos de Por\u00e3o), Julia Barth (Os Replicantes), Andreas Kisser (Sepultura), Fernanda Takai (Pato Fu), Iggor Cavalera (ex-Sepultura), CJ Ramone e Afro-X.<\/span><\/p>\n<\/div>\n<div data-hook=\"rcv-block18\"><\/div>\n<div data-breakout=\"normal\">\n<div id=\"viewer-at231842\" class=\"R920X _5wA-D d0eTW -oJ0G\"><span class=\"J6XX-\">\u00a0<\/span><\/div>\n<\/div>\n<div data-hook=\"rcv-block19\"><\/div>\n<div data-breakout=\"normal\">\n<p id=\"viewer-ny6ie865\" class=\"R920X _5wA-D d0eTW vC2ou -oJ0G\"><span class=\"J6XX-\"><strong>Fonte:<\/strong> Homero Pivotto Jr.<\/span><\/p>\n<\/div>\n<div data-hook=\"rcv-block20\"><\/div>\n<div data-breakout=\"normal\">\n<div id=\"viewer-5h4wo85\" class=\"R920X _5wA-D d0eTW -oJ0G\"><span class=\"J6XX-\">\u00a0<\/span><\/div>\n<\/div>\n<div data-hook=\"rcv-block21\"><\/div>\n<\/div>\n<div data-hook=\"rcv-block-last\"><\/div>\n<\/div>\n<\/div>\n<\/div>\n<\/div>\n<\/div>\n<\/div>\n<\/article>\n<\/div>\n<div class=\"BL3dva\"><\/div>\n","protected":false},"excerpt":{"rendered":"<p>As ra\u00edzes de Iggor e Max, criadores do Sepultura, est\u00e3o bem fundamentadas em V\u00e2nia Cavalera, m\u00e3e dos irm\u00e3os \u2014 e da ca\u00e7ula Kira. A matriarca \u00e9 quem protagoniza o pr\u00f3ximo epis\u00f3dio in\u00e9dito de &#8220;O Ben para todo mal&#8221; no Music Box Brazil (canal 123 da NET, 145 da Oi TV ou 637 da Vivo TV), [&hellip;]<\/p>\n","protected":false},"author":12,"featured_media":22335,"comment_status":"closed","ping_status":"open","sticky":false,"template":"","format":"standard","meta":{"footnotes":""},"categories":[4],"tags":[],"class_list":["post-22334","post","type-post","status-publish","format-standard","has-post-thumbnail","hentry","category-noticias"],"_links":{"self":[{"href":"http:\/\/heavymetalonline.com.br\/index.php?rest_route=\/wp\/v2\/posts\/22334","targetHints":{"allow":["GET"]}}],"collection":[{"href":"http:\/\/heavymetalonline.com.br\/index.php?rest_route=\/wp\/v2\/posts"}],"about":[{"href":"http:\/\/heavymetalonline.com.br\/index.php?rest_route=\/wp\/v2\/types\/post"}],"author":[{"embeddable":true,"href":"http:\/\/heavymetalonline.com.br\/index.php?rest_route=\/wp\/v2\/users\/12"}],"replies":[{"embeddable":true,"href":"http:\/\/heavymetalonline.com.br\/index.php?rest_route=%2Fwp%2Fv2%2Fcomments&post=22334"}],"version-history":[{"count":4,"href":"http:\/\/heavymetalonline.com.br\/index.php?rest_route=\/wp\/v2\/posts\/22334\/revisions"}],"predecessor-version":[{"id":22338,"href":"http:\/\/heavymetalonline.com.br\/index.php?rest_route=\/wp\/v2\/posts\/22334\/revisions\/22338"}],"wp:featuredmedia":[{"embeddable":true,"href":"http:\/\/heavymetalonline.com.br\/index.php?rest_route=\/wp\/v2\/media\/22335"}],"wp:attachment":[{"href":"http:\/\/heavymetalonline.com.br\/index.php?rest_route=%2Fwp%2Fv2%2Fmedia&parent=22334"}],"wp:term":[{"taxonomy":"category","embeddable":true,"href":"http:\/\/heavymetalonline.com.br\/index.php?rest_route=%2Fwp%2Fv2%2Fcategories&post=22334"},{"taxonomy":"post_tag","embeddable":true,"href":"http:\/\/heavymetalonline.com.br\/index.php?rest_route=%2Fwp%2Fv2%2Ftags&post=22334"}],"curies":[{"name":"wp","href":"https:\/\/api.w.org\/{rel}","templated":true}]}}