{"id":22508,"date":"2024-05-06T19:44:14","date_gmt":"2024-05-06T19:44:14","guid":{"rendered":"http:\/\/heavymetalonline.com.br\/?p=22508"},"modified":"2024-05-06T19:44:14","modified_gmt":"2024-05-06T19:44:14","slug":"rock-in-rio-lanca-musica-e-clipe-de-deixa-o-coracao-falar","status":"publish","type":"post","link":"http:\/\/heavymetalonline.com.br\/?p=22508","title":{"rendered":"Rock in Rio lan\u00e7a m\u00fasica e clipe de &#8220;Deixa o Cora\u00e7\u00e3o Falar&#8221;"},"content":{"rendered":"<p><img loading=\"lazy\" decoding=\"async\" class=\"alignnone size-full wp-image-22510\" src=\"http:\/\/heavymetalonline.com.br\/wp-content\/uploads\/2024\/05\/Rock-In-Rio-m\u00fasica.png\" alt=\"\" width=\"729\" height=\"481\" srcset=\"http:\/\/heavymetalonline.com.br\/wp-content\/uploads\/2024\/05\/Rock-In-Rio-m\u00fasica.png 729w, http:\/\/heavymetalonline.com.br\/wp-content\/uploads\/2024\/05\/Rock-In-Rio-m\u00fasica-300x198.png 300w\" sizes=\"auto, (max-width: 729px) 100vw, 729px\" \/><\/p>\n<div data-breakout=\"normal\">\n<pre id=\"viewer-tovp93611\" class=\"FFYxJ J3N5d HbsNx\" dir=\"auto\"><span class=\"\">Cr\u00e9dito: Diego Padilha - Rock In Rio<\/span><\/pre>\n<div data-breakout=\"normal\">\n<p id=\"viewer-x47wi2632\" class=\"_8AuA4 Kk4Lt gqZVI xcP3i\" dir=\"auto\" style=\"text-align: center;\"><span class=\"jAwRD\"><em>Neste que \u00e9 o maior encontro da hist\u00f3ria da m\u00fasica brasileira, festival reuniu vozes ic\u00f4nicas do pa\u00eds para fazerem parte deste momento \u00fanico que provoca uma reflex\u00e3o de uni\u00e3o e refor\u00e7a a import\u00e2ncia do di\u00e1logo e do abra\u00e7o para superar as diferen\u00e7as\u00a0<\/em><\/span><em>em prol de um mundo melhor<\/em><\/p>\n<\/div>\n<p id=\"viewer-othzf10725\" class=\"_8AuA4 Kk4Lt HbsNx xcP3i\" dir=\"auto\"><span class=\"jAwRD\">No ano em que celebra os 40 anos de hist\u00f3ria, o Rock in Rio realiza uma iniciativa in\u00e9dita ao unir 53 grandes artistas da m\u00fasica brasileira para espalhar uma mensagem poderosa na busca pela constru\u00e7\u00e3o de um mundo melhor. Desde o in\u00edcio da tarde deste domingo, os f\u00e3s j\u00e1 conseguem ouvir a m\u00fasica &#8220;Deixa o Cora\u00e7\u00e3o Falar&#8221; em todas as plataformas de streaming, como Spotify, Deezer, Apple Music, Amazon Music, YouTube Music, TikTok Music, entre diversas outras. O clipe estar\u00e1 dispon\u00edvel um pouco mais tarde, a partir das 23h, no canal oficial do Rock in Rio no <a class=\"R2iCi OHpSr\" href=\"https:\/\/click.presskit.com.br\/url\/101221476ad\/6552760340d\" target=\"_blank\" rel=\"noopener\" data-hook=\"WebLink\">Youtube<\/a>. A cada play da m\u00fasica, o p\u00fablico contribui para as duas ONGs que s\u00e3o apoiadas pelo festival nesta edi\u00e7\u00e3o: a A\u00e7\u00e3o da Cidadania e a Gerando Falc\u00f5es, por meio do Favela 3D. Na grava\u00e7\u00e3o, as pessoas encontrar\u00e3o alguns de seus artistas favoritos como Xande de Pilares, Gloria Groove, Ana Castela, Ivete Sangalo, Ludmilla, Jorge Arag\u00e3o, Cabelinho, Roberto Menescal, Andreas Kisser, Chit\u00e3ozinho &amp; Xoror\u00f3 e outros que foram escolhidos especialmente para fazerem parte deste momento t\u00e3o marcante.\u00a0<\/span><\/p>\n<\/div>\n<div data-hook=\"rcv-block7\"><\/div>\n<div data-breakout=\"normal\">\n<p id=\"viewer-exj5o54\" class=\"_8AuA4 Kk4Lt dB12f xcP3i\" dir=\"auto\"><span class=\"jAwRD dB12f\">\u00a0\u00a0<\/span><\/p>\n<\/div>\n<div data-hook=\"rcv-block8\"><\/div>\n<div data-breakout=\"normal\">\n<p id=\"viewer-x4zs556\" class=\"_8AuA4 Kk4Lt dB12f xcP3i\" dir=\"auto\"><span class=\"jAwRD dB12f\">&#8220;<em>O Rock in Rio foi criado para dar voz a uma gera\u00e7\u00e3o sedenta pela liberdade, usando a m\u00fasica como catalisador para demonstrar que pessoas de diferentes tribos poderiam viver em paz e harmonia, no mesmo espa\u00e7o. Quatro d\u00e9cadas depois, o festival lan\u00e7a \u201cDeixa o Cora\u00e7\u00e3o Falar\u201d, reunindo artistas dos mais variados estilos musicais em um verdadeiro hino que mostra justamente que a m\u00fasica ainda pode ser uma ferramenta poderosa para resgatar rela\u00e7\u00f5es em um pa\u00eds e em uma sociedade fragmentada. \u00c0 medida que o mundo enfrenta desafios cada vez mais complexos, \u00e9 crucial lembrar o papel unificador e inspirador da m\u00fasica, capaz de transcender diferen\u00e7as e promover a harmonia entre as pessoas. O Rock in Rio, ao longo de sua hist\u00f3ria, tem sido um farol de esperan\u00e7a e inclus\u00e3o e este clipe que estamos lan\u00e7ando marca mais um cap\u00edtulo dessa jornada em busca de um mundo melhor e mais unido.<\/em>\u201d, destaca Roberto Medina, presidente da Rock World, empresa que criou, organiza e produz o Rock in Rio e o The Town.\u00a0<\/span><\/p>\n<\/div>\n<div data-hook=\"rcv-block9\"><\/div>\n<div data-breakout=\"normal\">\n<div id=\"viewer-ewgl576\" class=\"_8AuA4 Kk4Lt dB12f xcP3i\" dir=\"auto\"><span class=\"jAwRD dB12f\">\u00a0<\/span><\/div>\n<\/div>\n<div data-hook=\"rcv-block10\"><\/div>\n<div data-breakout=\"normal\">\n<p id=\"viewer-29cgy86\" class=\"_8AuA4 Kk4Lt dB12f xcP3i\" dir=\"auto\"><span class=\"jAwRD dB12f\">A grava\u00e7\u00e3o de \u201cDeixa o Cora\u00e7\u00e3o Falar\u201d, feita na \u00faltima segunda-feira, na Cidade das Artes, promoveu uma mistura m\u00e1gica de artistas de g\u00eaneros musicais distintos. Ao todo, foram 53 vozes emblem\u00e1ticas do nosso pa\u00eds, de estilos que passam pelo funk, metal, trap, bossa nova, rock, pop, entre outros. Al\u00e9m de Z\u00e9 Ricardo, vice-presidente art\u00edstico da Rock World e m\u00fasico, cantor e compositor, tamb\u00e9m fazem parte da trilha sonora Alcione, Ana Castela, Andreas Kisser, Buchecha, Cabelinho, Carlinhos Brown, Chit\u00e3ozinho &amp; Xoror\u00f3, Claudio Zoli, Criolo, Daniela Mercury, Diogo Nogueira, Duda Beat, Erica Martins, Fernanda Abreu, Ferrugem, Frejat, Gloria Groove, Hyldon, Ivan Lins, Ivete Sangalo, IZA, J\u00e3o, Johnny Hooker, Jorge Arag\u00e3o, Junior, Livinho, Ludmilla, Lu\u00edsa Sonza, Luedji Luna, Majur, Marvilla, Mart&#8217;n\u00e1lia, MC Daniel, MC Hariel, MC IG, Maria Rita, Margareth Menezes, Orochi, P\u00e9ricles, Paula Lima, Paulo Xisto, Pedro Sampaio, Rael, Roberto Menescal, Rog\u00e9rio Flausino, Simoninha, Simone Mendes, Tico Santa Cruz, Toni Garrido, Veigh, Xam\u00e3 e Xande de Pilares.\u00a0<\/span><\/p>\n<\/div>\n<div data-hook=\"rcv-block11\"><\/div>\n<div data-breakout=\"normal\">\n<p id=\"viewer-9pmjf95\" class=\"_8AuA4 Kk4Lt dB12f xcP3i\" dir=\"auto\"><span class=\"jAwRD dB12f\">\u00a0<\/span><\/p>\n<\/div>\n<div data-hook=\"rcv-block12\"><\/div>\n<div data-breakout=\"normal\">\n<p id=\"viewer-s4xbf97\" class=\"_8AuA4 Kk4Lt dB12f xcP3i\" dir=\"auto\"><span class=\"jAwRD dB12f\">Com a letra carregada de esperan\u00e7a, a composi\u00e7\u00e3o vai emocionar e encantar os ouvintes ao provocar uma reflex\u00e3o de uni\u00e3o, incentivando as pessoas a dialogarem e a se abra\u00e7arem para que n\u00e3o haja mais divis\u00f5es no mundo. <em>\u201cA can\u00e7\u00e3o \u201cDeixa o Cora\u00e7\u00e3o Falar\u201d reafirma a miss\u00e3o do festival. Entreter e transformar por meio da m\u00fasica. Ela fala de empatia, de respeito as diferen\u00e7as e de reconcilia\u00e7\u00e3o. Eu espero que essa can\u00e7\u00e3o seja uma ponte para conectar pessoas que se desconectaram e n\u00e3o sabem mais o caminho da reconcilia\u00e7\u00e3o. Eu espero que todas essas vozes maravilhosas cantando juntos traga coragem para algu\u00e9m dar o primeiro passo. Espero que ela inspire e amplie o olhar construindo um caminho de entendimento para resgatar rela\u00e7\u00f5es pelo mundo a fora. \u201cDeixa o Cora\u00e7\u00e3o Falar\u201d \u00e9 mais um passo na nossa caminhada em busca de um mundo mais unido, mais emp\u00e1tico e compassivo, um mundo melhor\u201d<\/em>, conta Z\u00e9 Ricardo.\u00a0<\/span><\/p>\n<\/div>\n<div data-hook=\"rcv-block13\"><\/div>\n<div data-breakout=\"normal\">\n<div id=\"viewer-dlemv125\" class=\"_8AuA4 Kk4Lt dB12f xcP3i\" dir=\"auto\"><span class=\"jAwRD dB12f\">\u00a0<\/span><\/div>\n<\/div>\n<div data-hook=\"rcv-block14\"><\/div>\n<div data-breakout=\"normal\">\n<p id=\"viewer-m9voa140\" class=\"_8AuA4 Kk4Lt dB12f xcP3i\" dir=\"auto\"><span class=\"jAwRD dB12f\">Distribuidora da m\u00fasica, a Nikita Music Digital tamb\u00e9m embarcou nesta onda de mobiliza\u00e7\u00e3o e est\u00e1 atuando sem fins lucrativos, em prol das causas apoiadas pelo festival.\u00a0<\/span><\/p>\n<\/div>\n<p><iframe loading=\"lazy\" title=\"YouTube video player\" src=\"https:\/\/www.youtube.com\/embed\/Wcp9OFJM0Cw?si=biAR4Pzlca6libl2\" width=\"560\" height=\"315\" frameborder=\"0\" allowfullscreen=\"allowfullscreen\"><\/iframe><\/p>\n<div data-breakout=\"normal\">\n<p id=\"viewer-4ijxq181\" class=\"_8AuA4 Kk4Lt dB12f xcP3i\" dir=\"auto\"><span class=\"jAwRD dB12f\"><strong>Direitos dos artistas ser\u00e3o doados para A\u00e7\u00e3o Cidadania e Gerando Falc\u00f5es, por meio do projeto Favela 3D no Morro da Provid\u00eancia\u00a0<\/strong>\u00a0<\/span><\/p>\n<\/div>\n<div data-breakout=\"normal\">\n<p id=\"viewer-ixrr6199\" class=\"_8AuA4 Kk4Lt dB12f xcP3i\" dir=\"auto\"><span class=\"jAwRD dB12f\">Com a m\u00fasica nas plataformas, a cada vez que as pessoas reproduzirem a faixa, elas estar\u00e3o contribuindo para a constru\u00e7\u00e3o de um mundo melhor. Assim como direitos dos artistas que fazem parte de \u201cDeixa o Cora\u00e7\u00e3o Falar\u201d, os plays na can\u00e7\u00e3o ser\u00e3o destinados \u00e0s ONGs da A\u00e7\u00e3o da Cidadania e a Gerando Falc\u00f5es, por meio do Favela 3D. Dessa forma, quanto mais a m\u00fasica for escutada, maior ser\u00e1 a doa\u00e7\u00e3o. Al\u00e9m disso, com o Dia Brasil e toda a movimenta\u00e7\u00e3o de capta\u00e7\u00e3o de doa\u00e7\u00f5es para as ONGs A\u00e7\u00e3o Cidadania e Gerando Falc\u00f5es, o Rock in Rio promover\u00e1 uma enorme mobiliza\u00e7\u00e3o dos brasileiros em prol de um Brasil melhor para todos. Ao longo dos 40 anos de hist\u00f3ria, o festival j\u00e1 convocou mais de 500 marcas, centenas de milhares de pessoas que acompanham o festival presencialmente ou pela transmiss\u00e3o, al\u00e9m dos mais de 12 milh\u00f5es de f\u00e3s online para agirem em torno da transforma\u00e7\u00e3o por um mundo melhor.\u00a0\u00a0<\/span><\/p>\n<\/div>\n<div data-hook=\"rcv-block19\"><\/div>\n<div data-breakout=\"normal\">\n<p id=\"viewer-plemn201\" class=\"_8AuA4 Kk4Lt dB12f xcP3i\" dir=\"auto\"><span class=\"jAwRD dB12f\">\u00a0\u00a0<\/span><\/p>\n<\/div>\n<div data-hook=\"rcv-block20\"><\/div>\n<div data-breakout=\"normal\">\n<p id=\"viewer-xfeen203\" class=\"_8AuA4 Kk4Lt dB12f xcP3i\" dir=\"auto\"><span class=\"jAwRD dB12f\">Por meio do projeto Favela 3D (Digital, Digna e Desenvolvida), em 2023, na estreia do The Town, o festival, a ONG Gerando Falc\u00f5es, Gerdau e Funda\u00e7\u00e3o Grupo Volkswagen se uniram para interromper o ciclo de pobreza na Favela do Haiti, em S\u00e3o Paulo, onde 290 fam\u00edlias foram beneficiadas. Para a edi\u00e7\u00e3o de 2024 do Rock in Rio, o projeto do Favela 3D chega nas \u00e1reas do Buraco e Sessenta, ambas do Morro da Provid\u00eancia, conhecida como a primeira favela do Brasil, situada na Gamboa, no Rio de Janeiro. Essa \u00e9 uma das primeiras favelas contempladas por essa iniciativa, n\u00e3o necessariamente a \u00fanica que far\u00e1 parte do programa. Este \u00e9 um projeto de atua\u00e7\u00e3o sist\u00eamica que prop\u00f5e solu\u00e7\u00f5es de desenvolvimento, gera\u00e7\u00e3o de renda e urbanismo social, co-criadas em participa\u00e7\u00e3o com a popula\u00e7\u00e3o local. Com a metodologia, 250 fam\u00edlias, aproximadamente 1.200 pessoas, que vivem na regi\u00e3o ser\u00e3o beneficiadas pelas iniciativas, que visam fortalecer o desenvolvimento social e a gera\u00e7\u00e3o de renda, utilizando uma abordagem escal\u00e1vel e sustent\u00e1vel para o desenvolvimento da regi\u00e3o. O objetivo \u00e9 impactar 150 fam\u00edlias em trilhas de qualifica\u00e7\u00e3o profissional e levar outras 125 para a dignidade \u2014 empregando 95% das pessoas da regi\u00e3o.\u00a0<\/span><\/p>\n<\/div>\n<div data-hook=\"rcv-block21\"><\/div>\n<div data-breakout=\"normal\">\n<div id=\"viewer-j75zd245\" class=\"_8AuA4 Kk4Lt dB12f xcP3i\" dir=\"auto\"><span class=\"jAwRD dB12f\">\u00a0<\/span><\/div>\n<\/div>\n<div data-hook=\"rcv-block22\"><\/div>\n<div data-breakout=\"normal\">\n<p id=\"viewer-ae3sw267\" class=\"_8AuA4 Kk4Lt dB12f xcP3i\" dir=\"auto\"><span class=\"jAwRD dB12f\">J\u00e1 a A\u00e7\u00e3o da Cidadania, parceira de longa data do Rock in Rio, chega para atuar no combate \u00e0 fome. De acordo com a ONG, 64 milh\u00f5es de brasileiros t\u00eam algum grau de inseguran\u00e7a familiar e quase 60% dos lares com inseguran\u00e7a familiar s\u00e3o chefiados por mulheres. Dentre as a\u00e7\u00f5es j\u00e1 realizadas em parceria com o festival est\u00e3o a campanha do Natal Sem Fome, em 2021, quando 1.700 toneladas de alimentos foram entregues a mais de 700 mil pessoas beneficiadas. Desde 2017, os leil\u00f5es beneficentes arrecadam valores que s\u00e3o destinados ao projeto da A\u00e7\u00e3o da Cidadania e o Amazonia Live, que promove o reflorestamento da floresta amaz\u00f4nica \u2014 apenas na edi\u00e7\u00e3o de 2022 foram arrecadados R$ 230 mil e, no total at\u00e9 agora, j\u00e1 contou com mais de 4 milh\u00f5es de \u00e1rvores plantadas na regi\u00e3o. Para dar in\u00edcio e estimular o movimento, o Rock in Rio se compromete a doar 1.5 milh\u00e3o de refei\u00e7\u00f5es.\u00a0<\/span><\/p>\n<\/div>\n<div data-hook=\"rcv-block23\"><\/div>\n<div data-breakout=\"normal\">\n<p id=\"viewer-9hsd1288\" class=\"_8AuA4 Kk4Lt dB12f xcP3i\" dir=\"auto\"><span class=\"jAwRD dB12f\">\u00a0\u00a0<\/span><\/p>\n<\/div>\n<div data-hook=\"rcv-block24\"><\/div>\n<div data-breakout=\"normal\">\n<p id=\"viewer-d05w4290\" class=\"_8AuA4 Kk4Lt dB12f xcP3i\" dir=\"auto\"><span class=\"jAwRD dB12f\">Empenhado em tornar o mundo um lugar melhor, o Rock in Rio tamb\u00e9m vai criar produtos licenciados que v\u00e3o ser colocados \u00e0 venda e ter\u00e3o o lucro revertido em doa\u00e7\u00f5es, al\u00e9m de promover leil\u00f5es de instrumentos autografados por artistas internacionais e nacionais com o \u201cLeil\u00e3o Fans For Change\u201d, entre outras a\u00e7\u00f5es, que v\u00e3o gerar ainda mais renda para as causas. O p\u00fablico tamb\u00e9m poder\u00e1 participar deste movimento. Al\u00e9m de poderem fazer as doa\u00e7\u00f5es no site oficial do Rock in Rio a qualquer momento, durante a venda de ingressos estar\u00e1 dispon\u00edvel para incluir o valor da doa\u00e7\u00e3o ao concluir a compra. Os f\u00e3s poder\u00e3o, ainda, escolher para qual institui\u00e7\u00e3o ser\u00e1 sua contribui\u00e7\u00e3o.\u00a0<\/span><\/p>\n<\/div>\n<div data-hook=\"rcv-block25\"><\/div>\n<div data-breakout=\"normal\">\n<p id=\"viewer-t9llb292\" class=\"_8AuA4 Kk4Lt dB12f xcP3i\" dir=\"auto\"><span class=\"jAwRD dB12f\">\u00a0<\/span><\/p>\n<\/div>\n<div data-hook=\"rcv-block26\"><\/div>\n<div data-breakout=\"normal\">\n<p id=\"viewer-8400h294\" class=\"_8AuA4 Kk4Lt dB12f xcP3i\" dir=\"auto\"><span class=\"jAwRD dB12f\">O Rock in Rio vai acontecer nos dias 13, 14, 15, 19, 20, 21 e 22 de setembro de 2024, com 700 mil pessoas na Cidade do Rock. Ser\u00e1 a celebra\u00e7\u00e3o de 40 anos do festival que colocou o Brasil na rota da cena musical do mundo, e que, em 2022, recebeu o t\u00edtulo de Patrim\u00f4nio Cultural Imaterial pela Cidade e Estado do Rio de Janeiro. J\u00e1 s\u00e3o 22 edi\u00e7\u00f5es realizadas, mais de 3.800 artistas escalados, mais de 11.2 milh\u00f5es na plateia e mais de 130 dias de magia desde 1985. E, para 2024, os f\u00e3s podem aguardar uma festa especial, com novas experi\u00eancias e viv\u00eancias dentro da Cidade do Rock. Aqueles que n\u00e3o adquiriram o Rock in Rio Card, poder\u00e3o garantir um lugar nesta edi\u00e7\u00e3o que ser\u00e1 hist\u00f3rica na venda geral de ingressos, que acontecer\u00e1 no dia<strong> 23 de maio, \u00e0s 19h,<\/strong> exclusivamente no site da Ticketmaster. Quem quiser estar na Cidade do Rock em 2024 precisa se planejar, j\u00e1 que neste ano o Rock in Rio Card esgotou em 2h04.\u00a0<\/span><\/p>\n<\/div>\n<div data-hook=\"rcv-block27\"><\/div>\n<div data-breakout=\"normal\">\n<div id=\"viewer-bsjjx324\" class=\"_8AuA4 Kk4Lt dB12f xcP3i\" dir=\"auto\"><span class=\"jAwRD dB12f\">\u00a0<\/span><\/div>\n<\/div>\n<div data-hook=\"rcv-block28\"><\/div>\n<div data-breakout=\"normal\">\n<p id=\"viewer-6p34z351\" class=\"_8AuA4 Kk4Lt dB12f xcP3i\" dir=\"auto\"><span class=\"jAwRD dB12f\">O p\u00fablico que adquiriu o Rock in Rio Card tamb\u00e9m j\u00e1 pode selecionar a data que deseja ir ao Rock in Rio. A escolha do dia \u00e9 feita exclusivamente online por meio do site, na se\u00e7\u00e3o Meus Pedidos, at\u00e9 o dia <strong>21 de maio de 2024<\/strong>. Durante o per\u00edodo de troca, o titular do Rock in Rio Card poder\u00e1 escolher entre qualquer um dos dias do festival.\u00a0<\/span><\/p>\n<\/div>\n<div data-hook=\"rcv-block29\"><\/div>\n<div data-breakout=\"normal\">\n<p id=\"viewer-d1tso381\" class=\"_8AuA4 Kk4Lt dB12f xcP3i\" dir=\"auto\"><span class=\"jAwRD dB12f\">\u00a0<\/span><\/p>\n<\/div>\n<div data-hook=\"rcv-block30\"><\/div>\n<div data-breakout=\"normal\">\n<p id=\"viewer-7lfmj383\" class=\"_8AuA4 Kk4Lt dB12f xcP3i\" dir=\"auto\"><span class=\"jAwRD dB12f\">Na programa\u00e7\u00e3o do primeiro fim de semana, Travis Scott \u00e9 o headliner do Palco Mundo no dia 13 de setembro, mesmo dia em que recebe o show de 21 Savage, Ludmilla e Matu\u00ea com participa\u00e7\u00e3o de TETO e WIU, al\u00e9m de contar Deadmau5 como headliner do New Dance Order. Neste mesmo dia, o Palco Sunset tem shows de MC Cabelinho e Coral das Favelas, Orochi com Chefin e convidado, al\u00e9m de Veigh &amp; Kayblack, e Funk Orquestra convida MC Daniel, Rebecca e MC Soffia.\u00a0<\/span><\/p>\n<\/div>\n<div data-hook=\"rcv-block31\"><\/div>\n<div data-breakout=\"normal\">\n<p id=\"viewer-7v424385\" class=\"_8AuA4 Kk4Lt dB12f xcP3i\" dir=\"auto\"><span class=\"jAwRD dB12f\">\u00a0<\/span><\/p>\n<\/div>\n<div data-hook=\"rcv-block32\"><\/div>\n<div data-breakout=\"normal\">\n<p id=\"viewer-hy0gb387\" class=\"_8AuA4 Kk4Lt dB12f xcP3i\" dir=\"auto\"><span class=\"jAwRD dB12f\">J\u00e1 no dia 14 de setembro \u00e9 a vez do Imagine Dragons comandar o festival, com o Palco Mundo recebendo tamb\u00e9m OneRepublic, Zara Larsson e Lulu Santos, enquanto no Sunset NX Zero ser\u00e1 o headliner, no New Dance Order DJ Snake encerra a noite e no Espa\u00e7o Favela Dennis DJ faz a \u00faltima performance do dia.\u00a0<\/span><\/p>\n<\/div>\n<div data-hook=\"rcv-block33\"><\/div>\n<div data-breakout=\"normal\">\n<p id=\"viewer-nmys1389\" class=\"_8AuA4 Kk4Lt dB12f xcP3i\" dir=\"auto\"><span class=\"jAwRD dB12f\">\u00a0<\/span><\/p>\n<\/div>\n<div data-hook=\"rcv-block34\"><\/div>\n<div data-breakout=\"normal\">\n<p id=\"viewer-svzjw391\" class=\"_8AuA4 Kk4Lt dB12f xcP3i\" dir=\"auto\"><span class=\"jAwRD dB12f\">No dia 15 de setembro, se apresentam Avenged Sevenfold, Evanescence, Journey e Os Paralamas do Sucesso no Palco Mundo. No Sunset, Deep Purple, Incubus, Planet Hemp convida Pitty e Bar\u00e3o Vermelho.\u00a0<\/span><\/p>\n<\/div>\n<div data-hook=\"rcv-block35\"><\/div>\n<div data-breakout=\"normal\">\n<p id=\"viewer-u2nol393\" class=\"_8AuA4 Kk4Lt dB12f xcP3i\" dir=\"auto\"><span class=\"jAwRD dB12f\">\u00a0<\/span><\/p>\n<\/div>\n<div data-hook=\"rcv-block36\"><\/div>\n<div data-breakout=\"normal\">\n<p id=\"viewer-5jude395\" class=\"_8AuA4 Kk4Lt dB12f xcP3i\" dir=\"auto\"><span class=\"jAwRD dB12f\">No fim de semana seguinte, Ed Sheeran \u00e9 o headliner do dia 19 e no Palco Mundo tamb\u00e9m se apresentam Charlie Puth, Joss Stone e J\u00e3o. Nesse mesmo dia, Gloria Groove sobe ao palco Sunset e Xande de Pilares \u00e9 o embaixador e principal atra\u00e7\u00e3o do Espa\u00e7o Favela.\u00a0<\/span><\/p>\n<\/div>\n<div data-hook=\"rcv-block37\"><\/div>\n<div data-breakout=\"normal\">\n<div id=\"viewer-jt09b436\" class=\"_8AuA4 Kk4Lt dB12f xcP3i\" dir=\"auto\"><span class=\"jAwRD dB12f\">\u00a0<\/span><\/div>\n<\/div>\n<div data-hook=\"rcv-block38\"><\/div>\n<div data-breakout=\"normal\">\n<p id=\"viewer-ftvnq476\" class=\"_8AuA4 Kk4Lt dB12f xcP3i\" dir=\"auto\"><span class=\"jAwRD dB12f\">No dia 20, o \u201cDia Delas\u201d, \u00e9 a vez de Katy Perry brilhar como headliner, com Karol G, Cyndi Lauper e Ivete Sangalo se apresentando tamb\u00e9m no Palco Mundo, enquanto IZA, Gloria Gaynor, Tyla e Luedji Luna convida X\u00eania Fran\u00e7a e Tassia Reis no Palco Sunset, e Pocah faz show no Espa\u00e7o Favela. No NDO, Alison Wonderland \u00e9 a primeira headliner confirmada para este dia, enquanto no palco do Global Village, Angelique Kidjo faz show no dia 20, em que o line-up de todos os palcos ser\u00e1 100% feminino.\u00a0<\/span><\/p>\n<\/div>\n<div data-hook=\"rcv-block39\"><\/div>\n<div data-breakout=\"normal\">\n<p id=\"viewer-zg65g515\" class=\"_8AuA4 Kk4Lt dB12f xcP3i\" dir=\"auto\"><span class=\"jAwRD dB12f\">\u00a0<\/span><\/p>\n<\/div>\n<div data-hook=\"rcv-block40\"><\/div>\n<div data-breakout=\"normal\">\n<p id=\"viewer-wy48m517\" class=\"_8AuA4 Kk4Lt dB12f xcP3i\" dir=\"auto\"><span class=\"jAwRD dB12f\">No chamado Dia Brasil, 21 de setembro, no Palco Mundo, acontecem os shows de Capital Inicial, Detonautas, NX Zero, Pitty, Rog\u00e9rio Flausino, Toni Garrido, Ana Castela, Chit\u00e3ozinho &amp; Xoror\u00f3, Junior Lima, Luan Santana, Simone Mendes, Orquestra Heli\u00f3polis, BaianaSystem, Carlinhos Brown, Daniela Mercury, Majur, Ney Matogrosso, Margareth Menezes, MC Cabelinho, Kayblack, Matu\u00ea, Orochi, Filipe Ret, MC Ryan SP e Veigh. O Palco Sunset contar\u00e1 com apresenta\u00e7\u00f5es de Duda Beat, Gloria Groove, J\u00e3o, Ludmilla, Lulu Santos, Lu\u00edsa Sonza, Alcione, Diogo Nogueira, Jorge Arag\u00e3o, Maria Rita, Xande De Pilares, Zeca Pagodinho, Criolo, Djonga, Karol Conk\u00e1, Marcelo D2 e Rael. Enquanto isso, o Global Village recebe Bossacucanova com participa\u00e7\u00e3o de Cris Delanno, Leila Pinheiro, Roberto Menescal, Wanda S\u00e1, Banda Black Rio, Claudio Zoli, Hyldon, Leo Gandelman, Jonathan Ferr, Ant\u00f4nio Adolpho e Joabe Reis. No Espa\u00e7o Favela acontecem shows de MC Don Juan, MC Hariel, MC IG, MC Livinho, MC Dricka, MC Ph, Nathan Amaral, Orquestra Jovem Da Sinf\u00f4nica Brasileira, Buchecha, Funk Orquestra, Mc Carol, Tati Quebra Barraco, Cidinho E Doca e Kevin O Chris. Por fim, o New Dance Order recebe os DJs Mochakk, Beltran X Classmatic, Eli Iwasa X Ratier e Maz X Antdot.\u00a0<\/span><\/p>\n<\/div>\n<div data-hook=\"rcv-block41\"><\/div>\n<div data-breakout=\"normal\">\n<p id=\"viewer-6x240519\" class=\"_8AuA4 Kk4Lt dB12f xcP3i\" dir=\"auto\"><span class=\"jAwRD dB12f\">\u00a0<\/span><\/p>\n<\/div>\n<div data-hook=\"rcv-block42\"><\/div>\n<div data-breakout=\"normal\">\n<p id=\"viewer-lbgv8521\" class=\"_8AuA4 Kk4Lt dB12f xcP3i\" dir=\"auto\"><span class=\"jAwRD dB12f\">Fechando o Rock in Rio, no dia 22 de setembro, Shawn Mendes \u00e9 o headliner e Akon e NE-YO tamb\u00e9m subir\u00e3o ao Palco Mundo, enquanto o Sunset receber\u00e1 a apresenta\u00e7\u00e3o inesquec\u00edvel de Mariah Carey e o Espa\u00e7o Favela encerra a noite com o cantor Belo.\u00a0<\/span><\/p>\n<p dir=\"auto\"><img loading=\"lazy\" decoding=\"async\" class=\"alignnone size-full wp-image-22509\" src=\"http:\/\/heavymetalonline.com.br\/wp-content\/uploads\/2024\/05\/Rock-In-Rio-m\u00fasica-1.png\" alt=\"\" width=\"730\" height=\"488\" srcset=\"http:\/\/heavymetalonline.com.br\/wp-content\/uploads\/2024\/05\/Rock-In-Rio-m\u00fasica-1.png 730w, http:\/\/heavymetalonline.com.br\/wp-content\/uploads\/2024\/05\/Rock-In-Rio-m\u00fasica-1-300x201.png 300w, http:\/\/heavymetalonline.com.br\/wp-content\/uploads\/2024\/05\/Rock-In-Rio-m\u00fasica-1-270x180.png 270w\" sizes=\"auto, (max-width: 730px) 100vw, 730px\" \/><\/p>\n<div data-breakout=\"normal\">\n<pre id=\"viewer-o18hj7007\" class=\"FFYxJ J3N5d HbsNx\" dir=\"auto\"><span class=\"\">Cr\u00e9dito da foto: Bl\u00e9ia Campos - Rock In Rio<\/span><\/pre>\n<p id=\"viewer-2sd4e525\" class=\"_8AuA4 Kk4Lt dB12f xcP3i\" dir=\"auto\"><span class=\"jAwRD dB12f\"><strong>Saiba mais sobre os ingressos para o Rock in Rio 2024<\/strong>\u00a0\u00a0<\/span><\/p>\n<\/div>\n<div data-breakout=\"normal\">\n<p id=\"viewer-e304g575\" class=\"_8AuA4 Kk4Lt dB12f xcP3i\" dir=\"auto\"><span class=\"jAwRD dB12f\">Para a edi\u00e7\u00e3o do Rock in Rio Brasil 2024, o valor do ingresso ser\u00e1 R$ 795 (inteira) e R$ 397,50 (meia-entrada) e n\u00e3o h\u00e1 cobran\u00e7a de taxa de servi\u00e7o. O pagamento pode ser feito por PIX ou cart\u00e3o de cr\u00e9dito e o valor parcelado em at\u00e9 seis vezes. Clientes que efetuarem o pagamento com os cart\u00f5es de cr\u00e9dito Ita\u00fa, Credicard e Iti t\u00eam 15% de desconto na compra de ingressos, por R\uff04675,75 (n\u00e3o cumulativos com a meia-entrada) e poder\u00e3o parcelar sua compra em at\u00e9 oito vezes sem juros.\u00a0 \u00a0<\/span><\/p>\n<\/div>\n<div data-hook=\"rcv-block48\"><\/div>\n<div data-breakout=\"normal\">\n<p id=\"viewer-hpi8h624\" class=\"_8AuA4 Kk4Lt dB12f xcP3i\" dir=\"auto\"><span class=\"jAwRD dB12f\">\u00a0\u00a0<\/span><\/p>\n<\/div>\n<div data-hook=\"rcv-block49\"><\/div>\n<div data-breakout=\"normal\">\n<p id=\"viewer-x9r40626\" class=\"_8AuA4 Kk4Lt dB12f xcP3i\" dir=\"auto\"><span class=\"jAwRD dB12f\">O limite de compra do p\u00fablico em geral \u00e9 de at\u00e9 4 (quatro) ingressos por CPF, sendo uma meia-entrada, com exce\u00e7\u00e3o para meia-entrada para pessoas portadoras de necessidade especial, que t\u00eam direito a comprar outra meia-entrada tamb\u00e9m para seu acompanhante. Os clientes que adquirirem ingressos nesta modalidade ter\u00e3o que informar no pr\u00f3prio site todas as informa\u00e7\u00f5es referentes ao documento que comprove tal condi\u00e7\u00e3o, para posterior valida\u00e7\u00e3o, assim como ser\u00e1 necess\u00e1rio apresent\u00e1-lo no acesso \u00e0 Cidade do Rock, no dia do evento.\u00a0 \u00a0<\/span><\/p>\n<\/div>\n<div data-hook=\"rcv-block50\"><\/div>\n<div data-breakout=\"normal\">\n<p id=\"viewer-82tvj628\" class=\"_8AuA4 Kk4Lt dB12f xcP3i\" dir=\"auto\"><span class=\"jAwRD dB12f\">\u00a0\u00a0<\/span><\/p>\n<\/div>\n<div data-hook=\"rcv-block51\"><\/div>\n<div data-breakout=\"normal\">\n<p id=\"viewer-ms2i6630\" class=\"_8AuA4 Kk4Lt dB12f xcP3i\" dir=\"auto\"><span class=\"jAwRD dB12f\">O ingresso de meia-entrada \u00e9 garantido por lei para estudantes, menores de 21 anos, maiores de 60 anos, deficientes e seu acompanhante, profissionais e professores da rede de ensino do Rio de Janeiro e jovens de baixa renda.\u00a0 \u00a0<\/span><\/p>\n<\/div>\n<div data-hook=\"rcv-block52\"><\/div>\n<div data-breakout=\"normal\">\n<p id=\"viewer-9xlr9632\" class=\"_8AuA4 Kk4Lt dB12f xcP3i\" dir=\"auto\"><span class=\"jAwRD dB12f\">\u00a0<\/span><\/p>\n<\/div>\n<div data-hook=\"rcv-block53\"><\/div>\n<div data-breakout=\"normal\">\n<p id=\"viewer-0bscp634\" class=\"_8AuA4 Kk4Lt dB12f xcP3i\" dir=\"auto\"><span class=\"jAwRD dB12f\"><strong>Sobre o Rock in Rio<\/strong>\u00a0 \u00a0<\/span><\/p>\n<\/div>\n<div data-breakout=\"normal\">\n<p id=\"viewer-7etlp637\" class=\"_8AuA4 Kk4Lt dB12f xcP3i\" dir=\"auto\"><span class=\"jAwRD dB12f\">1984 marca o in\u00edcio das prepara\u00e7\u00f5es para a primeira edi\u00e7\u00e3o do evento idealizado por Roberto Medina e que hoje, 40 anos depois, \u00e9 considerado o maior festival de m\u00fasica e entretenimento do mundo \u2013 o Rock in Rio. A hist\u00f3ria do evento se entrela\u00e7a com a do entretenimento no Brasil, sendo respons\u00e1vel por colocar o pa\u00eds na rota dos eventos internacionais, j\u00e1 que pela primeira vez, um pa\u00eds da Am\u00e9rica do Sul sediou um evento musical dessa magnitude. Em uma \u00e1rea de 250 mil m2, em Jacarepagu\u00e1, durante dez dias, 1 milh\u00e3o e 380 mil pessoas foram iluminadas pela primeira vez e come\u00e7aram a fazer parte do grande espet\u00e1culo. No palco \u2014 o maior do mundo na \u00e9poca, com 80m de boca de cena \u2014 15 atra\u00e7\u00f5es nacionais e 16 internacionais. Originalmente organizado no Rio de Janeiro, o festival ganhou o mundo chegando a Lisboa (Portugal), onde \u00e9 realizado at\u00e9 hoje, passando por Madrid (Espanha) e Las Vegas (USA).\u00a0\u00a0<\/span><\/p>\n<\/div>\n<div data-hook=\"rcv-block55\"><\/div>\n<div data-breakout=\"normal\">\n<p id=\"viewer-9cvp7639\" class=\"_8AuA4 Kk4Lt dB12f xcP3i\" dir=\"auto\"><span class=\"jAwRD dB12f\">\u00a0\u00a0<\/span><\/p>\n<\/div>\n<div data-hook=\"rcv-block56\"><\/div>\n<div data-breakout=\"normal\">\n<p id=\"viewer-iy4p1641\" class=\"_8AuA4 Kk4Lt dB12f xcP3i\" dir=\"auto\"><span class=\"jAwRD dB12f\">Desde a primeira edi\u00e7\u00e3o, j\u00e1 gerou 265 mil empregos diretos e indiretos e, apenas na \u00faltima, em 2022, um impacto econ\u00f4mico de mais de 2 bilh\u00f5es na cidade do Rio de Janeiro. Tamb\u00e9m no ano passado, o Rock in Rio foi considerado patrim\u00f4nio cultural imaterial do estado do Rio de Janeiro. Pelas Cidades do Rock, desde 1985, j\u00e1 passaram mais de 11.2 milh\u00f5es de visitantes, que assistiram a 3.816 artistas em 130 dias de magia. Dentre os n\u00fameros gigantes do festival, mais de 64 milh\u00f5es de pessoas alcan\u00e7adas nas redes sociais apenas em 2022 e mais de 12 milh\u00f5es de f\u00e3s online.\u00a0 \u00a0<\/span><\/p>\n<\/div>\n<div data-hook=\"rcv-block57\"><\/div>\n<div data-breakout=\"normal\">\n<p id=\"viewer-l74jh643\" class=\"_8AuA4 Kk4Lt dB12f xcP3i\" dir=\"auto\"><span class=\"jAwRD dB12f\">\u00a0\u00a0<\/span><\/p>\n<\/div>\n<div data-hook=\"rcv-block58\"><\/div>\n<div data-breakout=\"normal\">\n<p id=\"viewer-tft26645\" class=\"_8AuA4 Kk4Lt dB12f xcP3i\" dir=\"auto\"><span class=\"jAwRD dB12f\">Gerando impactos positivos nos pa\u00edses onde \u00e9 realizado e consciente do poder disseminador da marca, o Rock in Rio pauta-se por ser um evento com o prop\u00f3sito de construir um mundo melhor para pessoas mais felizes, confiantes e emp\u00e1ticas num planeta mais saud\u00e1vel. Adotando e incentivando pr\u00e1ticas que apoiam o coletivo, se une a empresas que possuem este mesmo olhar e diretriz. O festival investiu, junto com seus parceiros, mais de R$ 110 milh\u00f5es em diferentes projetos, passando por temas como sustentabilidade, educa\u00e7\u00e3o, m\u00fasica, florestas, entre outros.\u202fApenas na Amaz\u00f4nia, 73 milh\u00f5es de \u00e1rvores foram plantadas. A marca foi pioneira em ter a certifica\u00e7\u00e3o ISO 20121 \u2014 Eventos Sustent\u00e1veis e, em 2022, come\u00e7ou a trabalhar ambiciosas metas para 2030, alinhadas com os Objetivos de Desenvolvimento Sustent\u00e1vel (ODS).\u00a0 \u00a0<\/span><\/p>\n<\/div>\n<div data-hook=\"rcv-block59\"><\/div>\n<div data-breakout=\"normal\">\n<p id=\"viewer-f1eil647\" class=\"_8AuA4 Kk4Lt dB12f xcP3i\" dir=\"auto\"><span class=\"jAwRD dB12f\">\u00a0\u00a0<\/span><\/p>\n<\/div>\n<div data-hook=\"rcv-block60\"><\/div>\n<div data-breakout=\"normal\">\n<p id=\"viewer-7o7t2649\" class=\"_8AuA4 Kk4Lt dB12f xcP3i\" dir=\"auto\"><span class=\"jAwRD dB12f\">O ano de 2024 ser\u00e1 de muitas comemora\u00e7\u00f5es para o Rock in Rio. O ano em que tudo come\u00e7ou, 40 anos depois, d\u00e1 in\u00edcio \u00e0s celebra\u00e7\u00f5es. E a festa brasileira j\u00e1 est\u00e1 marcada: 13, 14, 15, 19, 20, 21 e 22 de setembro de 2024, no Parque Ol\u00edmpico, Rio de Janeiro; e a lisboeta tamb\u00e9m: 15, 16, 22 e 23 de junho de 2024, no Parque Tejo. Das 22 edi\u00e7\u00f5es anteriores, nove ocorreram no Brasil (1985, 1991, 2001, 2011, 2013, 2015, 2017, 2019 e 2022), nove em Portugal (2004, 2006, 2008, 2010, 2012, 2014, 2016, 2018 e 2022), tr\u00eas na Espanha (2008, 2010 e 2012) e uma nos Estados Unidos (2015).\u00a0\u00a0<\/span><\/p>\n<\/div>\n<div data-hook=\"rcv-block61\"><\/div>\n<div data-breakout=\"normal\">\n<div id=\"viewer-2gzop888\" class=\"_8AuA4 Kk4Lt dB12f xcP3i\" dir=\"auto\"><span class=\"jAwRD dB12f\">\u00a0<\/span><\/div>\n<\/div>\n<div data-hook=\"rcv-block62\"><\/div>\n<div data-breakout=\"normal\">\n<p id=\"viewer-cmdx5948\" class=\"_8AuA4 Kk4Lt dB12f xcP3i\" dir=\"auto\"><span class=\"jAwRD dB12f\"><strong>Fonte: <\/strong>Approach Comunica\u00e7\u00e3o<\/span><\/p>\n<\/div>\n<\/div>\n","protected":false},"excerpt":{"rendered":"<p>Cr\u00e9dito: Diego Padilha &#8211; Rock In Rio Neste que \u00e9 o maior encontro da hist\u00f3ria da m\u00fasica brasileira, festival reuniu vozes ic\u00f4nicas do pa\u00eds para fazerem parte deste momento \u00fanico que provoca uma reflex\u00e3o de uni\u00e3o e refor\u00e7a a import\u00e2ncia do di\u00e1logo e do abra\u00e7o para superar as diferen\u00e7as\u00a0em prol de um mundo melhor No [&hellip;]<\/p>\n","protected":false},"author":12,"featured_media":22510,"comment_status":"closed","ping_status":"open","sticky":false,"template":"","format":"standard","meta":{"footnotes":""},"categories":[4],"tags":[],"class_list":["post-22508","post","type-post","status-publish","format-standard","has-post-thumbnail","hentry","category-noticias"],"_links":{"self":[{"href":"http:\/\/heavymetalonline.com.br\/index.php?rest_route=\/wp\/v2\/posts\/22508","targetHints":{"allow":["GET"]}}],"collection":[{"href":"http:\/\/heavymetalonline.com.br\/index.php?rest_route=\/wp\/v2\/posts"}],"about":[{"href":"http:\/\/heavymetalonline.com.br\/index.php?rest_route=\/wp\/v2\/types\/post"}],"author":[{"embeddable":true,"href":"http:\/\/heavymetalonline.com.br\/index.php?rest_route=\/wp\/v2\/users\/12"}],"replies":[{"embeddable":true,"href":"http:\/\/heavymetalonline.com.br\/index.php?rest_route=%2Fwp%2Fv2%2Fcomments&post=22508"}],"version-history":[{"count":1,"href":"http:\/\/heavymetalonline.com.br\/index.php?rest_route=\/wp\/v2\/posts\/22508\/revisions"}],"predecessor-version":[{"id":22514,"href":"http:\/\/heavymetalonline.com.br\/index.php?rest_route=\/wp\/v2\/posts\/22508\/revisions\/22514"}],"wp:featuredmedia":[{"embeddable":true,"href":"http:\/\/heavymetalonline.com.br\/index.php?rest_route=\/wp\/v2\/media\/22510"}],"wp:attachment":[{"href":"http:\/\/heavymetalonline.com.br\/index.php?rest_route=%2Fwp%2Fv2%2Fmedia&parent=22508"}],"wp:term":[{"taxonomy":"category","embeddable":true,"href":"http:\/\/heavymetalonline.com.br\/index.php?rest_route=%2Fwp%2Fv2%2Fcategories&post=22508"},{"taxonomy":"post_tag","embeddable":true,"href":"http:\/\/heavymetalonline.com.br\/index.php?rest_route=%2Fwp%2Fv2%2Ftags&post=22508"}],"curies":[{"name":"wp","href":"https:\/\/api.w.org\/{rel}","templated":true}]}}