{"id":22956,"date":"2024-06-15T18:35:04","date_gmt":"2024-06-15T18:35:04","guid":{"rendered":"http:\/\/heavymetalonline.com.br\/?p=22956"},"modified":"2024-06-15T18:35:04","modified_gmt":"2024-06-15T18:35:04","slug":"em-show-esgotado-treva-leva-show-do-disco-em-propria-razao-ao-hangar-11","status":"publish","type":"post","link":"http:\/\/heavymetalonline.com.br\/?p=22956","title":{"rendered":"Em show esgotado, Treva leva show do disco Em Pr\u00f3pria Raz\u00e3o ao Hangar 11"},"content":{"rendered":"<p><img loading=\"lazy\" decoding=\"async\" class=\"alignnone size-full wp-image-22958\" src=\"http:\/\/heavymetalonline.com.br\/wp-content\/uploads\/2024\/06\/unnamed-11.jpg\" alt=\"\" width=\"1180\" height=\"787\" srcset=\"http:\/\/heavymetalonline.com.br\/wp-content\/uploads\/2024\/06\/unnamed-11.jpg 1180w, http:\/\/heavymetalonline.com.br\/wp-content\/uploads\/2024\/06\/unnamed-11-300x200.jpg 300w, http:\/\/heavymetalonline.com.br\/wp-content\/uploads\/2024\/06\/unnamed-11-768x512.jpg 768w, http:\/\/heavymetalonline.com.br\/wp-content\/uploads\/2024\/06\/unnamed-11-1024x683.jpg 1024w, http:\/\/heavymetalonline.com.br\/wp-content\/uploads\/2024\/06\/unnamed-11-270x180.jpg 270w\" sizes=\"auto, (max-width: 1180px) 100vw, 1180px\" \/><\/p>\n<div data-breakout=\"normal\">\n<pre id=\"viewer-h32xd6609\" class=\"e1FVv cBlN0 _5HuoZ\" dir=\"auto\"><span class=\"\">Cr\u00e9dito: Divulga\u00e7\u00e3o<\/span><\/pre>\n<div data-breakout=\"normal\">\n<p id=\"viewer-nt60a6418\" class=\"xEOXg iKTke vweC4 _9-Qxn\" dir=\"auto\" style=\"text-align: center;\"><span class=\"bFOZY\"><em>Treva \u00e9 convidada na abertura junto \u00e0 Ch\u00e3o de Taco para o show do menores atos,\u00a0<\/em><\/span><em>que celebra 10 anos do disco Anim\u00e1lia<\/em><\/p>\n<\/div>\n<p id=\"viewer-56unh6831\" class=\"xEOXg iKTke _5HuoZ _9-Qxn\" dir=\"auto\"><span class=\"bFOZY\"><strong>Treva<\/strong>, nova banda de blues punk rock n&#8217; roll, formada por dois ex-Confronto e outros m\u00fasicos experientes, em divulga\u00e7\u00e3o do disco de estreia Em Pr\u00f3pria Raz\u00e3o (selo El Rocha Records), faz neste s\u00e1bado (15\/06) um importante show no hist\u00f3rico Hangar 110, em S\u00e3o Paulo &#8211; j\u00e1 esgotado!<\/span><\/p>\n<\/div>\n<div data-hook=\"rcv-block6\"><\/div>\n<div data-breakout=\"normal\">\n<div id=\"viewer-m47bm259\" class=\"xEOXg iKTke _5HuoZ _9-Qxn\" dir=\"auto\"><span class=\"bFOZY\">\u00a0<\/span><\/div>\n<\/div>\n<div data-hook=\"rcv-block7\"><\/div>\n<div data-breakout=\"normal\">\n<p id=\"viewer-eich155\" class=\"xEOXg iKTke _4M3bV _9-Qxn\" dir=\"auto\"><span class=\"bFOZY _4M3bV\">A Treva \u00e9 convidada na abertura junto \u00e0 <strong>Ch\u00e3o de Taco<\/strong> para o show do <strong>menores atos<\/strong>, que celebra 10 anos do disco Anim\u00e1lia. A casa abre \u00e0s 19h.<\/span><\/p>\n<\/div>\n<div data-hook=\"rcv-block8\"><\/div>\n<div data-breakout=\"normal\">\n<div id=\"viewer-wi50k244\" class=\"xEOXg iKTke _4M3bV _9-Qxn\" dir=\"auto\"><span class=\"bFOZY _4M3bV\">\u00a0<\/span><\/div>\n<\/div>\n<div data-hook=\"rcv-block9\"><\/div>\n<div data-breakout=\"normal\">\n<p id=\"viewer-qziug64\" class=\"xEOXg iKTke _4M3bV _9-Qxn\" dir=\"auto\"><span class=\"bFOZY _4M3bV\">Felipe Ribeiro, o vocalista, comenta sobre este show e fala em tom sentimental sobre o retorno ao palco do Hangar 110, agora com a banda que formou h\u00e1 alguns e aos poucos ganha espa\u00e7o no rock nacional.<\/span><\/p>\n<\/div>\n<div data-hook=\"rcv-block10\"><\/div>\n<div data-breakout=\"normal\">\n<div id=\"viewer-9hsrj202\" class=\"xEOXg iKTke _4M3bV _9-Qxn\" dir=\"auto\"><span class=\"bFOZY _4M3bV\">\u00a0<\/span><\/div>\n<\/div>\n<div data-hook=\"rcv-block11\"><\/div>\n<div data-breakout=\"normal\">\n<p id=\"viewer-mh0yl66\" class=\"xEOXg iKTke _4M3bV _9-Qxn\" dir=\"auto\"><span class=\"bFOZY _4M3bV\"><em>\u201cEsse show da TREVA no Hangar 110 ser\u00e1 muito especial pra todos n\u00f3s e tocaremos as m\u00fasicas do nosso primeiro e \u00fanico \u00e1lbum \u2018Em Pr\u00f3pria Raz\u00e3o\u2019. E pra mim, particularmente, ter\u00e1 um significado mais profundo. Primeiramente, porque ser\u00e1 a minha volta ao palco do Hangar 110 como m\u00fasico, fazendo show, depois de tantos anos nessa nova fase da minha vida. Um lugar t\u00e3o importante onde j\u00e1 tive o prazer de tocar outras vezes, mas anteriormente, ainda como baterista do Confronto, a mais de dez anos atr\u00e1s. E estar de volta desta vez com a TREVA significa muito pra mim. Segundo, porque ser\u00e1 uma noite com uma das bandas que mais admiro no Brasil e que s\u00e3o grandes amigos, que \u00e9 o Menores Atos, que estar\u00e3o comemorando dez anos de um disco t\u00e3o emblem\u00e1tico. Tudo isso em um show em que todos os ingressos foram vendidos em apenas 24h ap\u00f3s o an\u00fancio. Ou seja, tem tudo pra ser uma noite m\u00e1gica pra todos que estar\u00e3o presentes!\u201d<\/em><\/span><\/p>\n<p dir=\"auto\"><img loading=\"lazy\" decoding=\"async\" class=\"alignnone size-full wp-image-22957\" src=\"http:\/\/heavymetalonline.com.br\/wp-content\/uploads\/2024\/06\/unnamed-10.jpg\" alt=\"\" width=\"1080\" height=\"1080\" srcset=\"http:\/\/heavymetalonline.com.br\/wp-content\/uploads\/2024\/06\/unnamed-10.jpg 1080w, http:\/\/heavymetalonline.com.br\/wp-content\/uploads\/2024\/06\/unnamed-10-500x500.jpg 500w, http:\/\/heavymetalonline.com.br\/wp-content\/uploads\/2024\/06\/unnamed-10-300x300.jpg 300w, http:\/\/heavymetalonline.com.br\/wp-content\/uploads\/2024\/06\/unnamed-10-768x768.jpg 768w, http:\/\/heavymetalonline.com.br\/wp-content\/uploads\/2024\/06\/unnamed-10-1024x1024.jpg 1024w\" sizes=\"auto, (max-width: 1080px) 100vw, 1080px\" \/><\/p>\n<div data-breakout=\"normal\">\n<p id=\"viewer-0w15k7583\" class=\"xEOXg iKTke _4M3bV _9-Qxn\" dir=\"auto\"><span class=\"bFOZY _4M3bV\">Ou\u00e7a o disco aqui:<a class=\"JFeVX Lvqid\" href=\"https:\/\/links.altafonte.com\/EmPropriaRazao\" target=\"_blank\" rel=\"noopener\" data-hook=\"WebLink\"><strong><u>https:\/\/links.altafonte.com\/EmPropriaRazao<\/u><\/strong><\/a><\/span><\/p>\n<\/div>\n<div data-hook=\"rcv-block15\"><\/div>\n<div data-breakout=\"normal\">\n<div id=\"viewer-8ts3n181\" class=\"xEOXg iKTke _4M3bV _9-Qxn\" dir=\"auto\"><span class=\"bFOZY _4M3bV\">\u00a0<\/span><\/div>\n<\/div>\n<div data-hook=\"rcv-block16\"><\/div>\n<div data-breakout=\"normal\">\n<p id=\"viewer-08vxv68\" class=\"xEOXg iKTke _4M3bV _9-Qxn\" dir=\"auto\"><span class=\"bFOZY _4M3bV\">Em Pr\u00f3pria Raz\u00e3o apresenta 10 faixas e fala sobre libera\u00e7\u00f5es.<\/span><\/p>\n<\/div>\n<div data-hook=\"rcv-block17\"><\/div>\n<div data-breakout=\"normal\">\n<p id=\"viewer-l281470\" class=\"xEOXg iKTke _4M3bV _9-Qxn\" dir=\"auto\"><span class=\"bFOZY _4M3bV\">Assim como o blues, o samba de morro, a soul Music e o rock, Em Pr\u00f3pria Raz\u00e3o, sendo o primeiro disco do Treva, vem com o intuito de libertar, contar hist\u00f3rias reais, e tentar trazer da alma a for\u00e7a para que continuemos caminhando. \u00c9 sobre se manter vivo e sobre se movimentar. \u00c9 sobre se reconstruir e recome\u00e7ar. \u00c9 fazer algo em pr\u00f3pria raz\u00e3o.<\/span><\/p>\n<\/div>\n<div data-hook=\"rcv-block18\"><\/div>\n<div data-breakout=\"normal\">\n<p id=\"viewer-3ri2r72\" class=\"xEOXg iKTke _4M3bV _9-Qxn\" dir=\"auto\"><span class=\"bFOZY _4M3bV\">No \u00e1lbum, Felipe revela que uniu influ\u00eancias e inspira\u00e7\u00f5es, como elementos da m\u00fasica negra com o rock. A linha entre a rebeldia do punk rock e a melancolia contida na ess\u00eancia da m\u00fasica negra aparecem muito robustas neste primeiro disco do Treva.<\/span><\/p>\n<\/div>\n<div data-hook=\"rcv-block19\"><\/div>\n<div data-breakout=\"normal\">\n<div id=\"viewer-rafe1162\" class=\"xEOXg iKTke _4M3bV _9-Qxn\" dir=\"auto\"><span class=\"bFOZY _4M3bV\">\u00a0<\/span><\/div>\n<\/div>\n<div data-hook=\"rcv-block20\"><\/div>\n<div data-breakout=\"normal\">\n<p id=\"viewer-5jrj574\" class=\"xEOXg iKTke _4M3bV _9-Qxn\" dir=\"auto\"><span class=\"bFOZY _4M3bV\"><strong>Clipe no Scena<\/strong><\/span><\/p>\n<\/div>\n<div data-breakout=\"normal\">\n<p id=\"viewer-se1r576\" class=\"xEOXg iKTke _4M3bV _9-Qxn\" dir=\"auto\"><span class=\"bFOZY _4M3bV\">O Treva faz a premi\u00e8re do videoclipe da faixa Flama no <strong>Canal Scena<\/strong>.<\/span><\/p>\n<\/div>\n<\/div>\n<p><iframe loading=\"lazy\" title=\"YouTube video player\" src=\"https:\/\/www.youtube.com\/embed\/ktaa-X-NSRc?si=j154ASlCDPWOmeNk\" width=\"560\" height=\"315\" frameborder=\"0\" allowfullscreen=\"allowfullscreen\"><\/iframe><\/p>\n<div data-breakout=\"normal\">\n<p id=\"viewer-bq81u1910\" class=\"xEOXg iKTke _4M3bV _9-Qxn\" dir=\"auto\"><span class=\"bFOZY _4M3bV\">Flama, uma m\u00fasica de resgate da pr\u00f3pria f\u00e9, fica entre o folk e o punk rock, com uma doce introdu\u00e7\u00e3o que remete a influ\u00eancias bem latentes de m\u00fasica negra como soul e R&amp;B. Os vocais femininos de Julie Xavier e harmonias com piano de Grabriel Menndezz d\u00e3o um tom melanc\u00f3lico e, ao mesmo tempo, sutil \u00e0 can\u00e7\u00e3o.<\/span><\/p>\n<\/div>\n<div data-hook=\"rcv-block25\"><\/div>\n<div data-breakout=\"normal\">\n<div id=\"viewer-ungvx672\" class=\"xEOXg iKTke _4M3bV _9-Qxn\" dir=\"auto\"><span class=\"bFOZY _4M3bV\">\u00a0<\/span><\/div>\n<\/div>\n<div data-hook=\"rcv-block26\"><\/div>\n<div data-breakout=\"normal\">\n<p id=\"viewer-1nfjr694\" class=\"xEOXg iKTke _4M3bV _9-Qxn\" dir=\"auto\"><span class=\"bFOZY _4M3bV\"><strong>Ficha T\u00e9cnica<\/strong><\/span><\/p>\n<\/div>\n<div data-hook=\"rcv-block27\"><\/div>\n<div data-breakout=\"normal\">\n<p id=\"viewer-t3yt0717\" class=\"xEOXg iKTke _4M3bV _9-Qxn\" dir=\"auto\"><span class=\"bFOZY _4M3bV\">Gravadora: El Rocha Records<\/span><\/p>\n<\/div>\n<div data-hook=\"rcv-block28\"><\/div>\n<div data-breakout=\"normal\">\n<p id=\"viewer-48e3k2227\" class=\"xEOXg iKTke _4M3bV _9-Qxn\" dir=\"auto\"><span class=\"bFOZY _4M3bV\">Distribu\u00eddo por Altafonte Brasil<\/span><\/p>\n<\/div>\n<div data-hook=\"rcv-block29\"><\/div>\n<div data-breakout=\"normal\">\n<div id=\"viewer-y0can755\" class=\"xEOXg iKTke _4M3bV _9-Qxn\" dir=\"auto\"><span class=\"bFOZY _4M3bV\">\u00a0<\/span><\/div>\n<\/div>\n<div data-hook=\"rcv-block30\"><\/div>\n<div data-breakout=\"normal\">\n<p id=\"viewer-kg495719\" class=\"xEOXg iKTke _4M3bV _9-Qxn\" dir=\"auto\"><span class=\"bFOZY _4M3bV\"><strong>Em Pr\u00f3pria Raz\u00e3o Track List:<\/strong><\/span><\/p>\n<\/div>\n<div data-breakout=\"normal\">\n<p id=\"viewer-e7mmi721\" class=\"xEOXg iKTke _4M3bV _9-Qxn\" dir=\"auto\"><span class=\"bFOZY _4M3bV\">1 &#8211; XXVII.<\/span><\/p>\n<\/div>\n<div data-breakout=\"normal\">\n<p id=\"viewer-igoz6788\" class=\"xEOXg iKTke _4M3bV _9-Qxn\" dir=\"auto\"><span class=\"bFOZY _4M3bV\">2 &#8211; Novo Amanh\u00e3.<\/span><\/p>\n<\/div>\n<div data-breakout=\"normal\">\n<p id=\"viewer-r99he821\" class=\"xEOXg iKTke _4M3bV _9-Qxn\" dir=\"auto\"><span class=\"bFOZY _4M3bV\">3 &#8211; Onde Morre O Sol.<\/span><\/p>\n<\/div>\n<div data-breakout=\"normal\">\n<p id=\"viewer-ykhvd855\" class=\"xEOXg iKTke _4M3bV _9-Qxn\" dir=\"auto\"><span class=\"bFOZY _4M3bV\">4 &#8211; Quando A F\u00e9 Morrer (Onde For).<\/span><\/p>\n<\/div>\n<div data-breakout=\"normal\">\n<p id=\"viewer-olla5890\" class=\"xEOXg iKTke _4M3bV _9-Qxn\" dir=\"auto\"><span class=\"bFOZY _4M3bV\">5 &#8211; Mem\u00f3rias &amp; Reclus\u00e3o.<\/span><\/p>\n<\/div>\n<div data-breakout=\"normal\">\n<p id=\"viewer-jpuxb926\" class=\"xEOXg iKTke _4M3bV _9-Qxn\" dir=\"auto\"><span class=\"bFOZY _4M3bV\">6 &#8211; O Passado Que Se Tem.<\/span><\/p>\n<\/div>\n<div data-breakout=\"normal\">\n<p id=\"viewer-kropc963\" class=\"xEOXg iKTke _4M3bV _9-Qxn\" dir=\"auto\"><span class=\"bFOZY _4M3bV\">7 &#8211; Por Chance, Por Sangue!<\/span><\/p>\n<\/div>\n<div data-breakout=\"normal\">\n<p id=\"viewer-0pev71001\" class=\"xEOXg iKTke _4M3bV _9-Qxn\" dir=\"auto\"><span class=\"bFOZY _4M3bV\">8 &#8211; Flama.<\/span><\/p>\n<\/div>\n<div data-breakout=\"normal\">\n<p id=\"viewer-3fldk1040\" class=\"xEOXg iKTke _4M3bV _9-Qxn\" dir=\"auto\"><span class=\"bFOZY _4M3bV\">9 &#8211; Renasce Em Dor (Ft. Rodrigo Lima, Julie Xavier)<\/span><\/p>\n<\/div>\n<div data-breakout=\"normal\">\n<p id=\"viewer-he5vh1080\" class=\"xEOXg iKTke _4M3bV _9-Qxn\" dir=\"auto\"><span class=\"bFOZY _4M3bV\">10 &#8211; Alento.<\/span><\/p>\n<p dir=\"auto\"><img loading=\"lazy\" decoding=\"async\" class=\"alignnone size-full wp-image-22959\" src=\"http:\/\/heavymetalonline.com.br\/wp-content\/uploads\/2024\/06\/unnamed-12.jpg\" alt=\"\" width=\"599\" height=\"597\" srcset=\"http:\/\/heavymetalonline.com.br\/wp-content\/uploads\/2024\/06\/unnamed-12.jpg 599w, http:\/\/heavymetalonline.com.br\/wp-content\/uploads\/2024\/06\/unnamed-12-300x300.jpg 300w\" sizes=\"auto, (max-width: 599px) 100vw, 599px\" \/><\/p>\n<div data-breakout=\"normal\">\n<p id=\"viewer-p34rz723\" class=\"xEOXg iKTke _4M3bV _9-Qxn\" dir=\"auto\"><span class=\"bFOZY _4M3bV\">\u201cEm Pr\u00f3pria Raz\u00e3o\u201d foi gravado entre a primavera de 2022 e o inverno de 2023 no Estudio El Rocha<\/span><\/p>\n<\/div>\n<div data-breakout=\"normal\">\n<p id=\"viewer-2793x725\" class=\"xEOXg iKTke _4M3bV _9-Qxn\" dir=\"auto\"><span class=\"bFOZY _4M3bV\">Produzido por: Fernando Sanches, Chris Wiesen e Felipe Ribeiro.<\/span><\/p>\n<\/div>\n<div data-breakout=\"normal\">\n<p id=\"viewer-fl98l2481\" class=\"xEOXg iKTke _4M3bV _9-Qxn\" dir=\"auto\"><span class=\"bFOZY _4M3bV\">Mixagem por Fernando Sanches.<\/span><\/p>\n<\/div>\n<div data-breakout=\"normal\">\n<p id=\"viewer-tfrl62525\" class=\"xEOXg iKTke _4M3bV _9-Qxn\" dir=\"auto\"><span class=\"bFOZY _4M3bV\">Masteriza\u00e7\u00e3o por Fernando Sanches.<\/span><\/p>\n<\/div>\n<div data-breakout=\"normal\">\n<p id=\"viewer-2ycmz2570\" class=\"xEOXg iKTke _4M3bV _9-Qxn\" dir=\"auto\"><span class=\"bFOZY _4M3bV\">Gravado por: Fernando Sanches, Rodolfo Duarte, Chris Wiesen e Maiane Sousa.<\/span><\/p>\n<\/div>\n<div data-breakout=\"normal\">\n<p id=\"viewer-079g92616\" class=\"xEOXg iKTke _4M3bV _9-Qxn\" dir=\"auto\"><span class=\"bFOZY _4M3bV\">Pr\u00e9-produ\u00e7\u00e3o: Chris Wiesen e Felipe Ribeiro.<\/span><\/p>\n<\/div>\n<div data-breakout=\"normal\">\n<p id=\"viewer-h40932663\" class=\"xEOXg iKTke _4M3bV _9-Qxn\" dir=\"auto\"><span class=\"bFOZY _4M3bV\">Engenheira Assistente: Maiane Sousa.<\/span><\/p>\n<\/div>\n<div data-breakout=\"normal\">\n<p id=\"viewer-rskzv2711\" class=\"xEOXg iKTke _4M3bV _9-Qxn\" dir=\"auto\"><span class=\"bFOZY _4M3bV\">Capa: Wagner Loud.<\/span><\/p>\n<\/div>\n<div data-breakout=\"normal\">\n<p id=\"viewer-7i70h2760\" class=\"xEOXg iKTke _4M3bV _9-Qxn\" dir=\"auto\"><span class=\"bFOZY _4M3bV\">Foto: Felipe Vieira (Fredinho)<\/span><\/p>\n<\/div>\n<div data-breakout=\"normal\">\n<p id=\"viewer-kwmtk727\" class=\"xEOXg iKTke _4M3bV _9-Qxn\" dir=\"auto\"><span class=\"bFOZY _4M3bV\">Todos os teclados e pianos por Gabriel Menndezz.<\/span><\/p>\n<\/div>\n<div data-hook=\"rcv-block53\"><\/div>\n<div data-breakout=\"normal\">\n<p id=\"viewer-0st4y2811\" class=\"xEOXg iKTke _4M3bV _9-Qxn\" dir=\"auto\"><span class=\"bFOZY _4M3bV\">Backing Vocals femininos por Julie Xavier e Maiane Souza.<\/span><\/p>\n<\/div>\n<div data-hook=\"rcv-block54\"><\/div>\n<div data-breakout=\"normal\">\n<div id=\"viewer-q72h02281\" class=\"xEOXg iKTke _4M3bV _9-Qxn\" dir=\"auto\"><span class=\"bFOZY _4M3bV\">\u00a0<\/span><\/div>\n<\/div>\n<div data-hook=\"rcv-block55\"><\/div>\n<div data-breakout=\"normal\">\n<p id=\"viewer-pitsy729\" class=\"xEOXg iKTke _4M3bV _9-Qxn\" dir=\"auto\"><span class=\"bFOZY _4M3bV\"><strong>Treva \u00e9:<\/strong><\/span><\/p>\n<\/div>\n<div data-breakout=\"normal\">\n<p id=\"viewer-sb6la2321\" class=\"xEOXg iKTke _4M3bV _9-Qxn\" dir=\"auto\"><span class=\"bFOZY _4M3bV\">Felipe Ribeiro (Voz e Guitarra)<\/span><\/p>\n<\/div>\n<div data-breakout=\"normal\">\n<p id=\"viewer-w905i2361\" class=\"xEOXg iKTke _4M3bV _9-Qxn\" dir=\"auto\"><span class=\"bFOZY _4M3bV\">Chis Wiesen (Guitarra)<\/span><\/p>\n<\/div>\n<div data-breakout=\"normal\">\n<p id=\"viewer-5lqg52402\" class=\"xEOXg iKTke _4M3bV _9-Qxn\" dir=\"auto\"><span class=\"bFOZY _4M3bV\">Pedro Hernandes (Bateria)<\/span><\/p>\n<\/div>\n<div data-breakout=\"normal\">\n<p id=\"viewer-1vuzu2444\" class=\"xEOXg iKTke _4M3bV _9-Qxn\" dir=\"auto\"><span class=\"bFOZY _4M3bV\">Eduardo Moratori (Baixo)<\/span><\/p>\n<\/div>\n<div data-hook=\"rcv-block60\"><\/div>\n<div data-breakout=\"normal\">\n<div id=\"viewer-z9b5z2867\" class=\"xEOXg iKTke _4M3bV _9-Qxn\" dir=\"auto\"><span class=\"bFOZY _4M3bV\">\u00a0<\/span><\/div>\n<\/div>\n<div data-hook=\"rcv-block61\"><\/div>\n<div data-breakout=\"normal\">\n<p id=\"viewer-lf33p2917\" class=\"xEOXg iKTke _4M3bV _9-Qxn\" dir=\"auto\"><span class=\"bFOZY _4M3bV\">Acompanhe a banda aqui:<u> <\/u><a class=\"JFeVX Lvqid\" href=\"http:\/\/www.instagram.com\/oficialtreva\" target=\"_blank\" rel=\"noopener\" data-hook=\"WebLink\"><u>www.instagram.com\/oficialtreva<\/u><\/a><\/span><\/p>\n<\/div>\n<div data-hook=\"rcv-block62\"><\/div>\n<div data-breakout=\"normal\">\n<div id=\"viewer-x21lp4508\" class=\"xEOXg iKTke _4M3bV _9-Qxn\" dir=\"auto\"><span class=\"bFOZY _4M3bV\">\u00a0<\/span><\/div>\n<\/div>\n<div data-hook=\"rcv-block63\"><\/div>\n<div data-breakout=\"normal\">\n<p id=\"viewer-3xzqu4561\" class=\"xEOXg iKTke _4M3bV _9-Qxn\" dir=\"auto\"><span class=\"bFOZY _4M3bV\"><strong>Fonte:<\/strong> Tedesco Comunica\u00e7\u00e3o &amp; M\u00eddia<\/span><\/p>\n<\/div>\n<\/div>\n","protected":false},"excerpt":{"rendered":"<p>Cr\u00e9dito: Divulga\u00e7\u00e3o Treva \u00e9 convidada na abertura junto \u00e0 Ch\u00e3o de Taco para o show do menores atos,\u00a0que celebra 10 anos do disco Anim\u00e1lia Treva, nova banda de blues punk rock n&#8217; roll, formada por dois ex-Confronto e outros m\u00fasicos experientes, em divulga\u00e7\u00e3o do disco de estreia Em Pr\u00f3pria Raz\u00e3o (selo El Rocha Records), faz [&hellip;]<\/p>\n","protected":false},"author":12,"featured_media":22958,"comment_status":"closed","ping_status":"open","sticky":false,"template":"","format":"standard","meta":{"footnotes":""},"categories":[4],"tags":[],"class_list":["post-22956","post","type-post","status-publish","format-standard","has-post-thumbnail","hentry","category-noticias"],"_links":{"self":[{"href":"http:\/\/heavymetalonline.com.br\/index.php?rest_route=\/wp\/v2\/posts\/22956","targetHints":{"allow":["GET"]}}],"collection":[{"href":"http:\/\/heavymetalonline.com.br\/index.php?rest_route=\/wp\/v2\/posts"}],"about":[{"href":"http:\/\/heavymetalonline.com.br\/index.php?rest_route=\/wp\/v2\/types\/post"}],"author":[{"embeddable":true,"href":"http:\/\/heavymetalonline.com.br\/index.php?rest_route=\/wp\/v2\/users\/12"}],"replies":[{"embeddable":true,"href":"http:\/\/heavymetalonline.com.br\/index.php?rest_route=%2Fwp%2Fv2%2Fcomments&post=22956"}],"version-history":[{"count":1,"href":"http:\/\/heavymetalonline.com.br\/index.php?rest_route=\/wp\/v2\/posts\/22956\/revisions"}],"predecessor-version":[{"id":22961,"href":"http:\/\/heavymetalonline.com.br\/index.php?rest_route=\/wp\/v2\/posts\/22956\/revisions\/22961"}],"wp:featuredmedia":[{"embeddable":true,"href":"http:\/\/heavymetalonline.com.br\/index.php?rest_route=\/wp\/v2\/media\/22958"}],"wp:attachment":[{"href":"http:\/\/heavymetalonline.com.br\/index.php?rest_route=%2Fwp%2Fv2%2Fmedia&parent=22956"}],"wp:term":[{"taxonomy":"category","embeddable":true,"href":"http:\/\/heavymetalonline.com.br\/index.php?rest_route=%2Fwp%2Fv2%2Fcategories&post=22956"},{"taxonomy":"post_tag","embeddable":true,"href":"http:\/\/heavymetalonline.com.br\/index.php?rest_route=%2Fwp%2Fv2%2Ftags&post=22956"}],"curies":[{"name":"wp","href":"https:\/\/api.w.org\/{rel}","templated":true}]}}