{"id":22995,"date":"2024-06-18T20:19:48","date_gmt":"2024-06-18T20:19:48","guid":{"rendered":"http:\/\/heavymetalonline.com.br\/?p=22995"},"modified":"2024-06-18T20:19:48","modified_gmt":"2024-06-18T20:19:48","slug":"vazio-lanca-novo-clipe-e-confirma-segunda-turne-pela-europa","status":"publish","type":"post","link":"http:\/\/heavymetalonline.com.br\/?p=22995","title":{"rendered":"Vazio lan\u00e7a novo clipe e confirma segunda turn\u00ea pela Europa"},"content":{"rendered":"<p><img loading=\"lazy\" decoding=\"async\" class=\"alignnone size-full wp-image-20505\" src=\"http:\/\/heavymetalonline.com.br\/wp-content\/uploads\/2024\/01\/vazio-dani-moreira-ft.jpg\" alt=\"\" width=\"1920\" height=\"1080\" srcset=\"http:\/\/heavymetalonline.com.br\/wp-content\/uploads\/2024\/01\/vazio-dani-moreira-ft.jpg 1920w, http:\/\/heavymetalonline.com.br\/wp-content\/uploads\/2024\/01\/vazio-dani-moreira-ft-300x169.jpg 300w, http:\/\/heavymetalonline.com.br\/wp-content\/uploads\/2024\/01\/vazio-dani-moreira-ft-768x432.jpg 768w, http:\/\/heavymetalonline.com.br\/wp-content\/uploads\/2024\/01\/vazio-dani-moreira-ft-1024x576.jpg 1024w\" sizes=\"auto, (max-width: 1920px) 100vw, 1920px\" \/><\/p>\n<div data-breakout=\"normal\">\n<pre id=\"viewer-th9105102\" class=\"e1FVv cBlN0 _5HuoZ\" dir=\"auto\"><span class=\"\">Foto (Cr\u00e9dito: Dani Moreira<\/span><\/pre>\n<div data-breakout=\"normal\">\n<p id=\"viewer-6ugcy4902\" class=\"xEOXg iKTke vweC4 _9-Qxn\" dir=\"auto\" style=\"text-align: center;\"><span class=\"bFOZY\"><em>&#8220;Or\u00e1culo de Ossos&#8221;, segundo clipe extra\u00eddo do novo \u00e1lbum, &#8220;Necrocosmos&#8221;,\u00a0<\/em><\/span><em>foi disponibilizado no canal Scena<\/em><\/p>\n<\/div>\n<p id=\"viewer-ecog35679\" class=\"xEOXg iKTke _5HuoZ _9-Qxn\" dir=\"auto\"><span class=\"bFOZY\">A banda paulistana de black metal <strong>Vazio<\/strong> apresenta o single e videoclipe para a m\u00fasica <strong>&#8220;Or\u00e1culo de Ossos&#8221;<\/strong>, faixa do mais recente \u00e1lbum,<strong> &#8220;Necrocosmos&#8221;<\/strong> (2024), lan\u00e7ado em CD atrav\u00e9s da uni\u00e3o dos selos Black Hole, Sinfonia de C\u00e3es, Xaninho Discos, Misathropic Records e Excarnation. Al\u00e9m disso, Renato Gimenez (vocal e guitarra), Eric Cavalcante (guitarra), Nilson Slaughter (baixo) e Daniel Vecchi (bateria) anunciam uma extensa turn\u00ea europeia para os meses de agosto e setembro, com 28 datas passando por 17 pa\u00edses.<\/span><\/p>\n<\/div>\n<div data-hook=\"rcv-block6\"><\/div>\n<div data-breakout=\"normal\">\n<div id=\"viewer-8fu3v901\" class=\"xEOXg iKTke _5HuoZ _9-Qxn\" dir=\"auto\"><span class=\"bFOZY\">\u00a0<\/span><\/div>\n<\/div>\n<div data-hook=\"rcv-block7\"><\/div>\n<div data-breakout=\"normal\">\n<p id=\"viewer-l2fa8902\" class=\"xEOXg iKTke _5HuoZ _9-Qxn\" dir=\"auto\"><span class=\"bFOZY\"><em>&#8220;Na primeira tour na Europa em 2017 fizemos 23 shows, mas desta vez ser\u00e1 maior e mais bem estruturada. Estamos trabalhando duro produzindo essa grande tour de divulga\u00e7\u00e3o do &#8216;Necrocosmos&#8217;. O novo \u00e1lbum ganhou vers\u00e3o em vinil no Brasil pela Elessar Records e na Europa pela Sinfonia de C\u00e3es, e ainda haver\u00e1 a vers\u00e3o em fita cassete, pois \u00e9 um formato que o p\u00fablico europeu ainda consome bem. Al\u00e9m disso, temos um split sendo finalizado com m\u00fasicas in\u00e9ditas com a banda tcheca Sekeromlat a ser lan\u00e7ado na Europa em vinil e fita cassete em agosto, durante a tour&#8221;<\/em>, comentou Renato Gimenez, tamb\u00e9m respons\u00e1vel pela Associa\u00e7\u00e3o Cultural Sinfonia de C\u00e3es, que assina a produ\u00e7\u00e3o da turn\u00ea.<\/span><\/p>\n<\/div>\n<div data-hook=\"rcv-block8\"><\/div>\n<div data-breakout=\"normal\">\n<div id=\"viewer-ht1p3905\" class=\"xEOXg iKTke _5HuoZ _9-Qxn\" dir=\"auto\"><span class=\"bFOZY\">\u00a0<\/span><\/div>\n<\/div>\n<div data-hook=\"rcv-block9\"><\/div>\n<div data-breakout=\"normal\">\n<p id=\"viewer-bn59i906\" class=\"xEOXg iKTke _5HuoZ _9-Qxn\" dir=\"auto\"><span class=\"bFOZY\">O <strong>Vazio <\/strong>far\u00e1 datas em grandes festivais, como o &#8216;Malmo Massacre&#8217; na Su\u00e9cia e o<strong> &#8216;Paranoya Festival&#8217; em Dresden (ALE)<\/strong>, mas tamb\u00e9m tocar\u00e1 em pubs, clubes de metal e squats.<em> &#8220;Fiz todo o trabalho de booking e pr\u00e9-produ\u00e7\u00e3o com os produtores europeus at\u00e9 chegar nas 28 datas dessa tour, em que n\u00e3o apenas iremos tocar, mas dirigir, vender merch&#8230; Ser\u00e3o mais de 35 dias num carro alugado no melhor estilo &#8216;fa\u00e7a-voc\u00ea-mesmo&#8217; para levar o black metal brasileiro para 17 pa\u00edses diferentes, alguns deles in\u00e9ditos para n\u00f3s&#8221;<\/em>, detalhou Gimenez.<\/span><\/p>\n<p dir=\"auto\"><img loading=\"lazy\" decoding=\"async\" class=\"alignnone size-full wp-image-22996\" src=\"http:\/\/heavymetalonline.com.br\/wp-content\/uploads\/2024\/06\/vazio-tour-europe-2024.jpg\" alt=\"\" width=\"870\" height=\"1230\" srcset=\"http:\/\/heavymetalonline.com.br\/wp-content\/uploads\/2024\/06\/vazio-tour-europe-2024.jpg 870w, http:\/\/heavymetalonline.com.br\/wp-content\/uploads\/2024\/06\/vazio-tour-europe-2024-212x300.jpg 212w, http:\/\/heavymetalonline.com.br\/wp-content\/uploads\/2024\/06\/vazio-tour-europe-2024-768x1086.jpg 768w, http:\/\/heavymetalonline.com.br\/wp-content\/uploads\/2024\/06\/vazio-tour-europe-2024-724x1024.jpg 724w\" sizes=\"auto, (max-width: 870px) 100vw, 870px\" \/><\/p>\n<div data-breakout=\"normal\">\n<p id=\"viewer-029nt910\" class=\"xEOXg iKTke _5HuoZ _9-Qxn\" dir=\"auto\"><span class=\"bFOZY\"><strong>Datas da &#8220;Necrocosmos Over Europe Tour 2024&#8221;:<\/strong><\/span><\/p>\n<\/div>\n<div data-breakout=\"normal\">\n<p id=\"viewer-fup11913\" class=\"xEOXg iKTke _5HuoZ _9-Qxn\" dir=\"auto\"><span class=\"bFOZY\">20\/08 &#8211; Berlim &#8211; Alemanha<\/span><\/p>\n<\/div>\n<div data-breakout=\"normal\">\n<p id=\"viewer-vfp71916\" class=\"xEOXg iKTke _5HuoZ _9-Qxn\" dir=\"auto\"><span class=\"bFOZY\">21\/08 &#8211; Bremen &#8211; Alemanha\u00a0\u00a0<\/span><\/p>\n<\/div>\n<div data-breakout=\"normal\">\n<p id=\"viewer-he3g2919\" class=\"xEOXg iKTke _5HuoZ _9-Qxn\" dir=\"auto\"><span class=\"bFOZY\">22\/08 &#8211; Rostock &#8211; Alemanha<\/span><\/p>\n<\/div>\n<div data-breakout=\"normal\">\n<p id=\"viewer-r9rru922\" class=\"xEOXg iKTke _5HuoZ _9-Qxn\" dir=\"auto\"><span class=\"bFOZY\">23\/08 &#8211; Copenhage &#8211; Dinamarca<\/span><\/p>\n<\/div>\n<div data-breakout=\"normal\">\n<p id=\"viewer-wbfl2925\" class=\"xEOXg iKTke _5HuoZ _9-Qxn\" dir=\"auto\"><span class=\"bFOZY\">24\/08 &#8211; Malm\u00f6 &#8211; Su\u00e9cia<\/span><\/p>\n<\/div>\n<div data-breakout=\"normal\">\n<p id=\"viewer-36cm0928\" class=\"xEOXg iKTke _5HuoZ _9-Qxn\" dir=\"auto\"><span class=\"bFOZY\">26\/08 &#8211; Estocolmo &#8211; Su\u00e9cia<\/span><\/p>\n<\/div>\n<div data-breakout=\"normal\">\n<p id=\"viewer-zil1t931\" class=\"xEOXg iKTke _5HuoZ _9-Qxn\" dir=\"auto\"><span class=\"bFOZY\">30\/08 &#8211; Turku &#8211; Finl\u00e2ndia<\/span><\/p>\n<\/div>\n<div data-breakout=\"normal\">\n<p id=\"viewer-v4tot934\" class=\"xEOXg iKTke _5HuoZ _9-Qxn\" dir=\"auto\"><span class=\"bFOZY\">31\/08 &#8211; Tampere &#8211; Finl\u00e2ndia<\/span><\/p>\n<\/div>\n<div data-breakout=\"normal\">\n<p id=\"viewer-pwvmi937\" class=\"xEOXg iKTke _5HuoZ _9-Qxn\" dir=\"auto\"><span class=\"bFOZY\">01\/09 &#8211; Helsinque &#8211; Finl\u00e2ndia<\/span><\/p>\n<\/div>\n<div data-breakout=\"normal\">\n<p id=\"viewer-qz0t0940\" class=\"xEOXg iKTke _5HuoZ _9-Qxn\" dir=\"auto\"><span class=\"bFOZY\">02\/09 &#8211; Tallin &#8211; Est\u00f4nia<\/span><\/p>\n<\/div>\n<div data-breakout=\"normal\">\n<p id=\"viewer-b7hcc943\" class=\"xEOXg iKTke _5HuoZ _9-Qxn\" dir=\"auto\"><span class=\"bFOZY\">03\/09 &#8211; Riga &#8211; Let\u00f4nia<\/span><\/p>\n<\/div>\n<div data-breakout=\"normal\">\n<p id=\"viewer-gy08o946\" class=\"xEOXg iKTke _5HuoZ _9-Qxn\" dir=\"auto\"><span class=\"bFOZY\">04\/09 &#8211; Kaunas &#8211; Litu\u00e2nia<\/span><\/p>\n<\/div>\n<div data-breakout=\"normal\">\n<p id=\"viewer-u4hcn949\" class=\"xEOXg iKTke _5HuoZ _9-Qxn\" dir=\"auto\"><span class=\"bFOZY\">05\/09 &#8211; Szczecin &#8211; Pol\u00f4nia<\/span><\/p>\n<\/div>\n<div data-breakout=\"normal\">\n<p id=\"viewer-bycsf952\" class=\"xEOXg iKTke _5HuoZ _9-Qxn\" dir=\"auto\"><span class=\"bFOZY\">06\/09 &#8211; Valenje &#8211; Eslov\u00eania<\/span><\/p>\n<\/div>\n<div data-breakout=\"normal\">\n<p id=\"viewer-ueht6955\" class=\"xEOXg iKTke _5HuoZ _9-Qxn\" dir=\"auto\"><span class=\"bFOZY\">07\/09 &#8211; Dresden &#8211; Alemanha<\/span><\/p>\n<\/div>\n<div data-breakout=\"normal\">\n<p id=\"viewer-pbqvr958\" class=\"xEOXg iKTke _5HuoZ _9-Qxn\" dir=\"auto\"><span class=\"bFOZY\">08\/09 &#8211; P\u00edsek &#8211; Rep\u00fablica Tcheca<\/span><\/p>\n<\/div>\n<div data-breakout=\"normal\">\n<p id=\"viewer-61eff961\" class=\"xEOXg iKTke _5HuoZ _9-Qxn\" dir=\"auto\"><span class=\"bFOZY\">10\/09 &#8211; Praga &#8211; Rep\u00fablica Tcheca<\/span><\/p>\n<\/div>\n<div data-breakout=\"normal\">\n<p id=\"viewer-w066e964\" class=\"xEOXg iKTke _5HuoZ _9-Qxn\" dir=\"auto\"><span class=\"bFOZY\">11\/09 &#8211; Brun &#8211; Rep\u00fablica Tcheca<\/span><\/p>\n<\/div>\n<div data-breakout=\"normal\">\n<p id=\"viewer-ehhra967\" class=\"xEOXg iKTke _5HuoZ _9-Qxn\" dir=\"auto\"><span class=\"bFOZY\">12\/09 &#8211; Bratislava &#8211; Eslov\u00e1quia<\/span><\/p>\n<\/div>\n<div data-breakout=\"normal\">\n<p id=\"viewer-bzl92970\" class=\"xEOXg iKTke _5HuoZ _9-Qxn\" dir=\"auto\"><span class=\"bFOZY\">13\/09 &#8211; Terem &#8211; Hungria<\/span><\/p>\n<\/div>\n<div data-breakout=\"normal\">\n<p id=\"viewer-qcd45973\" class=\"xEOXg iKTke _5HuoZ _9-Qxn\" dir=\"auto\"><span class=\"bFOZY\">14\/09 &#8211; Velenje &#8211; Eslov\u00eania<\/span><\/p>\n<\/div>\n<div data-breakout=\"normal\">\n<p id=\"viewer-5x3m1976\" class=\"xEOXg iKTke _5HuoZ _9-Qxn\" dir=\"auto\"><span class=\"bFOZY\">15\/09 &#8211; Liestal &#8211; Su\u00ed\u00e7a<\/span><\/p>\n<\/div>\n<div data-breakout=\"normal\">\n<p id=\"viewer-8cm64979\" class=\"xEOXg iKTke _5HuoZ _9-Qxn\" dir=\"auto\"><span class=\"bFOZY\">17\/09 &#8211; Winterthur &#8211; Su\u00ed\u00e7a<\/span><\/p>\n<\/div>\n<div data-breakout=\"normal\">\n<p id=\"viewer-w9mu6982\" class=\"xEOXg iKTke _5HuoZ _9-Qxn\" dir=\"auto\"><span class=\"bFOZY\">18\/09 &#8211; Luxemburgo &#8211; Luxemburgo<\/span><\/p>\n<\/div>\n<div data-breakout=\"normal\">\n<p id=\"viewer-d050a985\" class=\"xEOXg iKTke _5HuoZ _9-Qxn\" dir=\"auto\"><span class=\"bFOZY\">19\/09 &#8211; Antu\u00e9rpia &#8211; B\u00e9lgica<\/span><\/p>\n<\/div>\n<div data-breakout=\"normal\">\n<p id=\"viewer-b26oh988\" class=\"xEOXg iKTke _5HuoZ _9-Qxn\" dir=\"auto\"><span class=\"bFOZY\">20\/09 &#8211; Leiden &#8211; Holanda<\/span><\/p>\n<\/div>\n<div data-breakout=\"normal\">\n<p id=\"viewer-2yll9991\" class=\"xEOXg iKTke _5HuoZ _9-Qxn\" dir=\"auto\"><span class=\"bFOZY\">21\/09 &#8211; Amsterd\u00e3 &#8211; Holanda<\/span><\/p>\n<\/div>\n<div data-breakout=\"normal\">\n<p id=\"viewer-c4atw994\" class=\"xEOXg iKTke _5HuoZ _9-Qxn\" dir=\"auto\"><span class=\"bFOZY\">22\/09 &#8211; Han\u00f4ver &#8211; Alemanha<\/span><\/p>\n<\/div>\n<div data-hook=\"rcv-block42\"><\/div>\n<div data-breakout=\"normal\">\n<div id=\"viewer-jqrxn997\" class=\"xEOXg iKTke _5HuoZ _9-Qxn\" dir=\"auto\"><span class=\"bFOZY\">\u00a0<\/span><\/div>\n<\/div>\n<div data-hook=\"rcv-block43\"><\/div>\n<div data-breakout=\"normal\">\n<p id=\"viewer-d854o998\" class=\"xEOXg iKTke _5HuoZ _9-Qxn\" dir=\"auto\"><span class=\"bFOZY\">Veja no<strong> Canal Scena<\/strong> o clipe de<strong> &#8220;Or\u00e1culo de Ossos&#8221;<\/strong>, produzido por Gabriel Sinu\u00ea, que tamb\u00e9m \u00e9 baterista da banda Sangue de Bode:<\/span><\/p>\n<\/div>\n<\/div>\n<p><iframe loading=\"lazy\" title=\"YouTube video player\" src=\"https:\/\/www.youtube.com\/embed\/uBpf6OeDVlo?si=YR_pLoQJFox7XFhk\" width=\"560\" height=\"315\" frameborder=\"0\" allowfullscreen=\"allowfullscreen\"><\/iframe><\/p>\n<div data-breakout=\"normal\">\n<p id=\"viewer-5zjqv1003\" class=\"xEOXg iKTke _5HuoZ _9-Qxn\" dir=\"auto\"><span class=\"bFOZY\"><strong>M\u00eddias sociais:<\/strong><\/span><\/p>\n<\/div>\n<div data-breakout=\"normal\">\n<p id=\"viewer-hsma11006\" class=\"xEOXg iKTke _5HuoZ _9-Qxn\" dir=\"auto\"><span class=\"bFOZY\"><a class=\"JFeVX Lvqid\" href=\"https:\/\/www.instagram.com\/vazio_blackmetal\" target=\"_blank\" rel=\"noopener\" data-hook=\"WebLink\"><u>https:\/\/www.instagram.com\/vazio_blackmetal<\/u><\/a><\/span><\/p>\n<\/div>\n<div data-breakout=\"normal\">\n<p id=\"viewer-59r5t1009\" class=\"xEOXg iKTke _5HuoZ _9-Qxn\" dir=\"auto\"><span class=\"bFOZY\"><a class=\"JFeVX Lvqid\" href=\"https:\/\/www.facebook.com\/vazioblackmetal\" target=\"_blank\" rel=\"noopener\" data-hook=\"WebLink\"><u>https:\/\/www.facebook.com\/vazioblackmetal<\/u><\/a><\/span><\/p>\n<\/div>\n<div data-hook=\"rcv-block49\"><\/div>\n<div data-breakout=\"normal\">\n<div id=\"viewer-mgjhs1012\" class=\"xEOXg iKTke _5HuoZ _9-Qxn\" dir=\"auto\"><span class=\"bFOZY\">\u00a0<\/span><\/div>\n<\/div>\n<div data-hook=\"rcv-block50\"><\/div>\n<div data-breakout=\"normal\">\n<p id=\"viewer-j8owp1013\" class=\"xEOXg iKTke _5HuoZ _9-Qxn\" dir=\"auto\"><span class=\"bFOZY\">E-mail: <a class=\"JFeVX Lvqid\" href=\"mailto:vazio.blackmetal@gmail.com\" target=\"_blank\" rel=\"noopener\" data-hook=\"WebLink\"><u>vazio.blackmetal@gmail.com<\/u><\/a><\/span><\/p>\n<\/div>\n<div data-hook=\"rcv-block51\"><\/div>\n<div data-breakout=\"normal\">\n<div id=\"viewer-hks1u1017\" class=\"xEOXg iKTke _5HuoZ _9-Qxn\" dir=\"auto\"><span class=\"bFOZY\">\u00a0<\/span><\/div>\n<\/div>\n<div data-hook=\"rcv-block52\"><\/div>\n<div data-breakout=\"normal\">\n<p id=\"viewer-lyq1j1018\" class=\"xEOXg iKTke _5HuoZ _9-Qxn\" dir=\"auto\"><span class=\"bFOZY\"><strong>Fonte: <\/strong>ASE Music Press<\/span><\/p>\n<\/div>\n","protected":false},"excerpt":{"rendered":"<p>Foto (Cr\u00e9dito: Dani Moreira &#8220;Or\u00e1culo de Ossos&#8221;, segundo clipe extra\u00eddo do novo \u00e1lbum, &#8220;Necrocosmos&#8221;,\u00a0foi disponibilizado no canal Scena A banda paulistana de black metal Vazio apresenta o single e videoclipe para a m\u00fasica &#8220;Or\u00e1culo de Ossos&#8221;, faixa do mais recente \u00e1lbum, &#8220;Necrocosmos&#8221; (2024), lan\u00e7ado em CD atrav\u00e9s da uni\u00e3o dos selos Black Hole, Sinfonia de [&hellip;]<\/p>\n","protected":false},"author":12,"featured_media":20505,"comment_status":"closed","ping_status":"open","sticky":false,"template":"","format":"standard","meta":{"footnotes":""},"categories":[4],"tags":[],"class_list":["post-22995","post","type-post","status-publish","format-standard","has-post-thumbnail","hentry","category-noticias"],"_links":{"self":[{"href":"http:\/\/heavymetalonline.com.br\/index.php?rest_route=\/wp\/v2\/posts\/22995","targetHints":{"allow":["GET"]}}],"collection":[{"href":"http:\/\/heavymetalonline.com.br\/index.php?rest_route=\/wp\/v2\/posts"}],"about":[{"href":"http:\/\/heavymetalonline.com.br\/index.php?rest_route=\/wp\/v2\/types\/post"}],"author":[{"embeddable":true,"href":"http:\/\/heavymetalonline.com.br\/index.php?rest_route=\/wp\/v2\/users\/12"}],"replies":[{"embeddable":true,"href":"http:\/\/heavymetalonline.com.br\/index.php?rest_route=%2Fwp%2Fv2%2Fcomments&post=22995"}],"version-history":[{"count":1,"href":"http:\/\/heavymetalonline.com.br\/index.php?rest_route=\/wp\/v2\/posts\/22995\/revisions"}],"predecessor-version":[{"id":22997,"href":"http:\/\/heavymetalonline.com.br\/index.php?rest_route=\/wp\/v2\/posts\/22995\/revisions\/22997"}],"wp:featuredmedia":[{"embeddable":true,"href":"http:\/\/heavymetalonline.com.br\/index.php?rest_route=\/wp\/v2\/media\/20505"}],"wp:attachment":[{"href":"http:\/\/heavymetalonline.com.br\/index.php?rest_route=%2Fwp%2Fv2%2Fmedia&parent=22995"}],"wp:term":[{"taxonomy":"category","embeddable":true,"href":"http:\/\/heavymetalonline.com.br\/index.php?rest_route=%2Fwp%2Fv2%2Fcategories&post=22995"},{"taxonomy":"post_tag","embeddable":true,"href":"http:\/\/heavymetalonline.com.br\/index.php?rest_route=%2Fwp%2Fv2%2Ftags&post=22995"}],"curies":[{"name":"wp","href":"https:\/\/api.w.org\/{rel}","templated":true}]}}