{"id":23000,"date":"2024-06-18T20:35:44","date_gmt":"2024-06-18T20:35:44","guid":{"rendered":"http:\/\/heavymetalonline.com.br\/?p=23000"},"modified":"2024-06-18T20:35:44","modified_gmt":"2024-06-18T20:35:44","slug":"golpe-de-estado-e-al9-sao-anunciados-no-franco-do-rock-galeria-rock-fest","status":"publish","type":"post","link":"http:\/\/heavymetalonline.com.br\/?p=23000","title":{"rendered":"Golpe de Estado e AL9 s\u00e3o anunciados no Franco do Rock \/ Galeria Rock Fest"},"content":{"rendered":"<div data-breakout=\"normal\">\n<p dir=\"auto\"><img loading=\"lazy\" decoding=\"async\" class=\"alignnone size-full wp-image-23001\" src=\"http:\/\/heavymetalonline.com.br\/wp-content\/uploads\/2024\/06\/unnamed-2-2.jpg\" alt=\"\" width=\"2000\" height=\"1125\" srcset=\"http:\/\/heavymetalonline.com.br\/wp-content\/uploads\/2024\/06\/unnamed-2-2.jpg 2000w, http:\/\/heavymetalonline.com.br\/wp-content\/uploads\/2024\/06\/unnamed-2-2-300x169.jpg 300w, http:\/\/heavymetalonline.com.br\/wp-content\/uploads\/2024\/06\/unnamed-2-2-768x432.jpg 768w, http:\/\/heavymetalonline.com.br\/wp-content\/uploads\/2024\/06\/unnamed-2-2-1024x576.jpg 1024w\" sizes=\"auto, (max-width: 2000px) 100vw, 2000px\" \/><\/p>\n<p id=\"viewer-klwx714611\" class=\"xEOXg iKTke _5HuoZ _9-Qxn\" dir=\"auto\"><span class=\"bFOZY\">A produ\u00e7\u00e3o do Franco do Rock \/ Galeria Rock Fest confirmou as bandas Golpe de Estado e AL9 entre as atra\u00e7\u00f5es principais do evento, que ocorrer\u00e1 nos dias 20 e 21 de julho, s\u00e1bado e domingo, na cidade de Franco da Rocha, S\u00e3o Paulo.<\/span><\/p>\n<\/div>\n<div data-hook=\"rcv-block3\"><\/div>\n<div data-breakout=\"normal\">\n<div id=\"viewer-ltlnf14573\" class=\"xEOXg iKTke _5HuoZ _9-Qxn\" dir=\"auto\"><span class=\"bFOZY\">\u00a0<\/span><\/div>\n<\/div>\n<div data-hook=\"rcv-block4\"><\/div>\n<div data-breakout=\"normal\">\n<p id=\"viewer-c4uh213663\" class=\"xEOXg iKTke _5HuoZ _9-Qxn\" dir=\"auto\"><span class=\"bFOZY\">Os shows acontecer\u00e3o no Parque Municipal Benedito Bueno de Morais, com capacidade para cerca de 50 mil pessoas. A expectativa \u00e9 que o festival se torne o maior do interior de S\u00e3o Paulo nos g\u00eaneros hard rock e heavy metal. O evento ser\u00e1 gratuito, proporcionando dois dias de m\u00fasica e outras atra\u00e7\u00f5es a apenas 30 minutos da capital paulista. As primeiras bandas anunciadas foram Sujera e John Wayne.<\/span><\/p>\n<\/div>\n<div data-hook=\"rcv-block5\"><\/div>\n<div data-breakout=\"normal\">\n<div id=\"viewer-4s9ta14554\" class=\"xEOXg iKTke _5HuoZ _9-Qxn\" dir=\"auto\"><span class=\"bFOZY\">\u00a0<\/span><\/div>\n<\/div>\n<div data-hook=\"rcv-block6\"><\/div>\n<div data-breakout=\"normal\">\n<p id=\"viewer-ri44q13665\" class=\"xEOXg iKTke _5HuoZ _9-Qxn\" dir=\"auto\"><span class=\"bFOZY\"><strong>Golpe de Estado<\/strong><\/span><\/p>\n<\/div>\n<div data-breakout=\"normal\">\n<p id=\"viewer-1y1r313667\" class=\"xEOXg iKTke _5HuoZ _9-Qxn\" dir=\"auto\"><span class=\"bFOZY\">Confirmado como um dos headliners do dia 21 de julho, o Golpe de Estado \u00e9 uma das bandas mais ic\u00f4nicas da cena do rock pesado brasileiro. Desde 1985, o quarteto de hard rock lan\u00e7ou \u00e1lbuns cl\u00e1ssicos como &#8220;Nem Pol\u00edcia, Nem Bandido&#8221; e &#8220;For\u00e7ando a Barra&#8221;. Atualmente, eles est\u00e3o promovendo seu mais recente trabalho, &#8220;Caosm\u00f3polis&#8221; (2022). O baixista Nelson Brito, que recentemente passou por uma cirurgia ap\u00f3s ser diagnosticado com c\u00e2ncer no intestino, espera estar plenamente recuperado para a apresenta\u00e7\u00e3o.<\/span><\/p>\n<\/div>\n<div data-hook=\"rcv-block8\"><\/div>\n<div data-breakout=\"normal\">\n<div id=\"viewer-9dyie14536\" class=\"xEOXg iKTke _5HuoZ _9-Qxn\" dir=\"auto\"><span class=\"bFOZY\">\u00a0<\/span><\/div>\n<\/div>\n<div data-hook=\"rcv-block9\"><\/div>\n<div data-breakout=\"normal\">\n<p id=\"viewer-yepgd13669\" class=\"xEOXg iKTke _5HuoZ _9-Qxn\" dir=\"auto\"><span class=\"bFOZY\"><strong>Banda AL9<\/strong><\/span><\/p>\n<\/div>\n<div data-breakout=\"normal\">\n<p id=\"viewer-eyt3k13671\" class=\"xEOXg iKTke _5HuoZ _9-Qxn\" dir=\"auto\"><span class=\"bFOZY\">A banda AL9, formada pelos irm\u00e3os Matheus e Thiago Khouri, acabou de lan\u00e7ar o novo \u00e1lbum &#8220;Amor \u00c9 A Lei&#8221; (2023), com fortes influ\u00eancias de Beatles e Jovem Guarda. Com quase 700 mil seguidores no Instagram, o grupo tem se destacado nas redes sociais. Entre seus sucessos est\u00e3o \u201cChama de Amor\u201d, \u201cAmericana\u201d e \u201cEla me Ligou\u201d.<\/span><\/p>\n<\/div>\n<div data-hook=\"rcv-block11\"><\/div>\n<div data-breakout=\"normal\">\n<div id=\"viewer-cyiiw14518\" class=\"xEOXg iKTke _5HuoZ _9-Qxn\" dir=\"auto\"><span class=\"bFOZY\">\u00a0<\/span><\/div>\n<\/div>\n<div data-hook=\"rcv-block12\"><\/div>\n<div data-breakout=\"normal\">\n<p id=\"viewer-a0ama13673\" class=\"xEOXg iKTke _5HuoZ _9-Qxn\" dir=\"auto\"><span class=\"bFOZY\"><strong>Bandas Locais<\/strong><\/span><\/p>\n<\/div>\n<div data-breakout=\"normal\">\n<p id=\"viewer-zaxuo13675\" class=\"xEOXg iKTke _5HuoZ _9-Qxn\" dir=\"auto\"><span class=\"bFOZY\">O Franco do Rock \/ Galeria Rock Fest tamb\u00e9m visa dar espa\u00e7o \u00e0s bandas locais, com diversas atra\u00e7\u00f5es confirmadas, incluindo Operador, Face of Metal, Barato da Basileia, A Pedra do Reino Animal, Vakaloka, Audiozumbi, Retaliador, This Lizzy, Breu, Spina Shiver, Leo Rocker and The Old Boys, Vila do Ref\u00fagio e Amarelo 7.<\/span><\/p>\n<\/div>\n<div data-hook=\"rcv-block14\"><\/div>\n<div data-breakout=\"normal\">\n<div id=\"viewer-fxsep13705\" class=\"xEOXg iKTke _5HuoZ _9-Qxn\" dir=\"auto\"><span class=\"bFOZY\">\u00a0<\/span><\/div>\n<\/div>\n<div data-hook=\"rcv-block15\"><\/div>\n<div data-breakout=\"normal\">\n<p id=\"viewer-3ug5y13677\" class=\"xEOXg iKTke _5HuoZ _9-Qxn\" dir=\"auto\"><span class=\"bFOZY\"><strong>Estrutura e Atra\u00e7\u00f5es<\/strong><\/span><\/p>\n<\/div>\n<div data-breakout=\"normal\">\n<p id=\"viewer-1yjie13679\" class=\"xEOXg iKTke _5HuoZ _9-Qxn\" dir=\"auto\"><span class=\"bFOZY\">O festival contar\u00e1 com dois palcos e mais de 20 bandas de diferentes estilos de rock, al\u00e9m de artistas locais. Os f\u00e3s poder\u00e3o desfrutar de uma variedade de atra\u00e7\u00f5es, como exposi\u00e7\u00e3o de carros antigos, lojas da Galeria do Rock, competi\u00e7\u00f5es de skate e basquete, batalhas de rap e palestras sobre m\u00fasica e mercado. A pra\u00e7a de alimenta\u00e7\u00e3o oferecer\u00e1 diversas op\u00e7\u00f5es culin\u00e1rias, com destaque para cervejas artesanais. Haver\u00e1 tamb\u00e9m uma \u00e1rea de camping dispon\u00edvel para os participantes que desejarem aproveitar ao m\u00e1ximo o fim de semana.<\/span><\/p>\n<\/div>\n<div data-hook=\"rcv-block17\"><\/div>\n<div data-breakout=\"normal\">\n<div id=\"viewer-ji4z113725\" class=\"xEOXg iKTke _5HuoZ _9-Qxn\" dir=\"auto\"><span class=\"bFOZY\">\u00a0<\/span><\/div>\n<\/div>\n<div data-hook=\"rcv-block18\"><\/div>\n<div data-breakout=\"normal\">\n<p id=\"viewer-x77sz13681\" class=\"xEOXg iKTke _5HuoZ _9-Qxn\" dir=\"auto\"><span class=\"bFOZY\"><strong>Links:<\/strong><\/span><\/p>\n<\/div>\n<div data-breakout=\"normal\">\n<p id=\"viewer-691ic13683\" class=\"xEOXg iKTke _5HuoZ _9-Qxn\" dir=\"auto\"><span class=\"bFOZY\"><a class=\"JFeVX Lvqid\" href=\"https:\/\/www.instagram.com\/festivalfrancodorock\/\" target=\"_blank\" rel=\"noopener\" data-hook=\"WebLink\"><u>https:\/\/www.instagram.com\/festivalfrancodorock\/<\/u><\/a><\/span><\/p>\n<\/div>\n<div data-breakout=\"normal\">\n<p id=\"viewer-3avrn13685\" class=\"xEOXg iKTke _5HuoZ _9-Qxn\" dir=\"auto\"><span class=\"bFOZY\"><a class=\"JFeVX Lvqid\" href=\"https:\/\/www.instagram.com\/galeriadorockoficial\/\" target=\"_blank\" rel=\"noopener\" data-hook=\"WebLink\"><u>https:\/\/www.instagram.com\/galeriadorockoficial\/<\/u><\/a><\/span><\/p>\n<\/div>\n<div data-breakout=\"normal\">\n<p id=\"viewer-59rqp13687\" class=\"xEOXg iKTke _5HuoZ _9-Qxn\" dir=\"auto\"><span class=\"bFOZY\"><a class=\"JFeVX Lvqid\" href=\"https:\/\/www.instagram.com\/bandaal9oficial\/\" target=\"_blank\" rel=\"noopener\" data-hook=\"WebLink\"><u>https:\/\/www.instagram.com\/bandaal9oficial\/<\/u><\/a><\/span><\/p>\n<\/div>\n<div data-breakout=\"normal\">\n<p id=\"viewer-1ndqt13689\" class=\"xEOXg iKTke _5HuoZ _9-Qxn\" dir=\"auto\"><span class=\"bFOZY\"><a class=\"JFeVX Lvqid\" href=\"https:\/\/www.instagram.com\/bandagolpedeestado\/\" target=\"_blank\" rel=\"noopener\" data-hook=\"WebLink\"><u>https:\/\/www.instagram.com\/bandagolpedeestado\/<\/u><\/a><\/span><\/p>\n<\/div>\n<div data-breakout=\"normal\">\n<p id=\"viewer-go22a13691\" class=\"xEOXg iKTke _5HuoZ _9-Qxn\" dir=\"auto\"><span class=\"bFOZY\"><a class=\"JFeVX Lvqid\" href=\"https:\/\/www.instagram.com\/bandajohnwayne\/\" target=\"_blank\" rel=\"noopener\" data-hook=\"WebLink\"><u>https:\/\/www.instagram.com\/bandajohnwayne\/<\/u><\/a><\/span><\/p>\n<\/div>\n<div data-breakout=\"normal\">\n<p id=\"viewer-0s96q13693\" class=\"xEOXg iKTke _5HuoZ _9-Qxn\" dir=\"auto\"><span class=\"bFOZY\"><a class=\"JFeVX Lvqid\" href=\"https:\/\/www.instagram.com\/sujerahc\/\" target=\"_blank\" rel=\"noopener\" data-hook=\"WebLink\"><u>https:\/\/www.instagram.com\/sujerahc\/<\/u><\/a><\/span><\/p>\n<\/div>\n<div data-hook=\"rcv-block25\"><\/div>\n<div data-breakout=\"normal\">\n<div id=\"viewer-zejs914060\" class=\"xEOXg iKTke _5HuoZ _9-Qxn\" dir=\"auto\"><span class=\"bFOZY\">\u00a0<\/span><\/div>\n<\/div>\n<div data-hook=\"rcv-block26\"><\/div>\n<div data-breakout=\"normal\">\n<p id=\"viewer-gvti414078\" class=\"xEOXg iKTke _5HuoZ _9-Qxn\" dir=\"auto\"><span class=\"bFOZY\"><strong>Fonte: <\/strong>The Bridge Press<\/span><\/p>\n<\/div>\n","protected":false},"excerpt":{"rendered":"<p>A produ\u00e7\u00e3o do Franco do Rock \/ Galeria Rock Fest confirmou as bandas Golpe de Estado e AL9 entre as atra\u00e7\u00f5es principais do evento, que ocorrer\u00e1 nos dias 20 e 21 de julho, s\u00e1bado e domingo, na cidade de Franco da Rocha, S\u00e3o Paulo. \u00a0 Os shows acontecer\u00e3o no Parque Municipal Benedito Bueno de Morais, [&hellip;]<\/p>\n","protected":false},"author":12,"featured_media":23001,"comment_status":"closed","ping_status":"open","sticky":false,"template":"","format":"standard","meta":{"footnotes":""},"categories":[4],"tags":[],"class_list":["post-23000","post","type-post","status-publish","format-standard","has-post-thumbnail","hentry","category-noticias"],"_links":{"self":[{"href":"http:\/\/heavymetalonline.com.br\/index.php?rest_route=\/wp\/v2\/posts\/23000","targetHints":{"allow":["GET"]}}],"collection":[{"href":"http:\/\/heavymetalonline.com.br\/index.php?rest_route=\/wp\/v2\/posts"}],"about":[{"href":"http:\/\/heavymetalonline.com.br\/index.php?rest_route=\/wp\/v2\/types\/post"}],"author":[{"embeddable":true,"href":"http:\/\/heavymetalonline.com.br\/index.php?rest_route=\/wp\/v2\/users\/12"}],"replies":[{"embeddable":true,"href":"http:\/\/heavymetalonline.com.br\/index.php?rest_route=%2Fwp%2Fv2%2Fcomments&post=23000"}],"version-history":[{"count":1,"href":"http:\/\/heavymetalonline.com.br\/index.php?rest_route=\/wp\/v2\/posts\/23000\/revisions"}],"predecessor-version":[{"id":23002,"href":"http:\/\/heavymetalonline.com.br\/index.php?rest_route=\/wp\/v2\/posts\/23000\/revisions\/23002"}],"wp:featuredmedia":[{"embeddable":true,"href":"http:\/\/heavymetalonline.com.br\/index.php?rest_route=\/wp\/v2\/media\/23001"}],"wp:attachment":[{"href":"http:\/\/heavymetalonline.com.br\/index.php?rest_route=%2Fwp%2Fv2%2Fmedia&parent=23000"}],"wp:term":[{"taxonomy":"category","embeddable":true,"href":"http:\/\/heavymetalonline.com.br\/index.php?rest_route=%2Fwp%2Fv2%2Fcategories&post=23000"},{"taxonomy":"post_tag","embeddable":true,"href":"http:\/\/heavymetalonline.com.br\/index.php?rest_route=%2Fwp%2Fv2%2Ftags&post=23000"}],"curies":[{"name":"wp","href":"https:\/\/api.w.org\/{rel}","templated":true}]}}