{"id":23003,"date":"2024-06-19T01:16:34","date_gmt":"2024-06-19T01:16:34","guid":{"rendered":"http:\/\/heavymetalonline.com.br\/?p=23003"},"modified":"2024-06-20T14:24:51","modified_gmt":"2024-06-20T14:24:51","slug":"sesc-belenzinho-recebe-a-banda-365-nesta-nesta-sexta-2106","status":"publish","type":"post","link":"http:\/\/heavymetalonline.com.br\/?p=23003","title":{"rendered":"Sesc Belenzinho recebe a banda 365 nesta nesta sexta (21\/06)"},"content":{"rendered":"<p><img loading=\"lazy\" decoding=\"async\" class=\"alignnone size-full wp-image-23004\" src=\"http:\/\/heavymetalonline.com.br\/wp-content\/uploads\/2024\/06\/image.png\" alt=\"\" width=\"611\" height=\"440\" srcset=\"http:\/\/heavymetalonline.com.br\/wp-content\/uploads\/2024\/06\/image.png 611w, http:\/\/heavymetalonline.com.br\/wp-content\/uploads\/2024\/06\/image-300x216.png 300w\" sizes=\"auto, (max-width: 611px) 100vw, 611px\" \/><\/p>\n<div data-breakout=\"normal\">\n<pre id=\"viewer-otjyc4891\" class=\"e1FVv cBlN0 _5HuoZ\" dir=\"auto\"><span class=\"\">Foto: Ferreguedes<\/span><\/pre>\n<div data-breakout=\"normal\">\n<p id=\"viewer-4i9du4687\" class=\"xEOXg iKTke vweC4 _9-Qxn\" dir=\"auto\" style=\"text-align: center;\"><span class=\"bFOZY\"><em>Banda de rock faz show da turn\u00ea comemorativa de 40 anos e\u00a0<\/em><\/span><em>tem o ator convidado S\u00e9rgio Guiz\u00e9<\/em><\/p>\n<\/div>\n<p id=\"viewer-jbkgt5117\" class=\"xEOXg iKTke _5HuoZ _9-Qxn\" dir=\"auto\"><span class=\"bFOZY\">Nesta semana o Sesc Belenzinho\u00a0recebe a banda <strong>365<\/strong>. O show acontece no dia 21\/6 na Comedoria, com ingressos de R$ 15\u00a0(Credencial Sesc) a R$ 50 (inteira).<\/span><\/p>\n<\/div>\n<div data-hook=\"rcv-block6\"><\/div>\n<div data-breakout=\"normal\">\n<div id=\"viewer-n1xok128\" class=\"xEOXg iKTke _5HuoZ _9-Qxn\" dir=\"auto\"><span class=\"bFOZY\">\u00a0<\/span><\/div>\n<\/div>\n<div data-hook=\"rcv-block7\"><\/div>\n<div data-breakout=\"normal\">\n<p id=\"viewer-vc8tl48\" class=\"xEOXg iKTke _5HuoZ _9-Qxn\" dir=\"auto\"><span class=\"bFOZY\">A banda 365 est\u00e1 rodando pelo Brasil na Turn\u00ea comemorativa de 40 anos\u00a0de carreira, tocando seus cl\u00e1ssicos: <em>S\u00e3o Paulo<\/em>, <em>Manh\u00e3 de Domingo<\/em>, <em>Vila Morena<\/em> + in\u00e9ditas e p\u00e9rolas do Rock nacional. Com o convidado especial o cantor e ator S\u00e9rgio Guiz\u00e9.<\/span><\/p>\n<\/div>\n<div data-hook=\"rcv-block8\"><\/div>\n<div data-breakout=\"normal\">\n<div id=\"viewer-ux5ht686\" class=\"xEOXg iKTke _5HuoZ _9-Qxn\" dir=\"auto\"><span class=\"bFOZY\">\u00a0<\/span><\/div>\n<\/div>\n<div data-hook=\"rcv-block9\"><\/div>\n<div data-breakout=\"normal\">\n<p id=\"viewer-lgh4o56\" class=\"xEOXg iKTke _5HuoZ _9-Qxn\" dir=\"auto\"><span class=\"bFOZY\">Um per\u00edodo de grande sucesso do 365\u00a0foi em 1986, quando lan\u00e7aram o disco mix contendo as m\u00fasicas <em>S\u00e3o Paulo<\/em>\u00a0e <em>Can\u00e7\u00e3o para Marchar<\/em>. A can\u00e7\u00e3o <em>S\u00e3o Paulo<\/em> torna-se um grande sucesso e posteriormente um cl\u00e1ssico do rock nacional. Com a repercuss\u00e3o positiva, em 1987, lan\u00e7am seu primeiro \u00e1lbum hom\u00f4nimo, contendo, entre outras m\u00fasicas, uma vers\u00e3o de <em>Gr\u00e2ndola, Vila Morena<\/em>, m\u00fasica do cantor e compositor portugu\u00eas Zeca Afonso. A m\u00fasica original foi utilizada, na d\u00e9cada de 1970, como senha durante a Revolu\u00e7\u00e3o dos Cravos, em Portugal.<\/span><\/p>\n<\/div>\n<div data-hook=\"rcv-block10\"><\/div>\n<div data-breakout=\"normal\">\n<div id=\"viewer-vf7zp737\" class=\"xEOXg iKTke _5HuoZ _9-Qxn\" dir=\"auto\"><span class=\"bFOZY\">\u00a0<\/span><\/div>\n<\/div>\n<div data-hook=\"rcv-block11\"><\/div>\n<div data-breakout=\"normal\">\n<p id=\"viewer-geexg66\" class=\"xEOXg iKTke _5HuoZ _9-Qxn\" dir=\"auto\"><span class=\"bFOZY\">Ao lado de bandas como Ira! A banda paulistana fez seu nome no estilo variando seu trabalho entre Punk e Post Punk, al\u00e9m de conseguir tamb\u00e9m refer\u00eancias de outros estilos sonoros.<\/span><\/p>\n<\/div>\n<div data-hook=\"rcv-block12\"><\/div>\n<div data-breakout=\"normal\">\n<div id=\"viewer-oh84x780\" class=\"xEOXg iKTke _5HuoZ _9-Qxn\" dir=\"auto\"><span class=\"bFOZY\">\u00a0<\/span><\/div>\n<\/div>\n<div data-hook=\"rcv-block13\"><\/div>\n<div data-breakout=\"normal\">\n<p id=\"viewer-a3djo68\" class=\"xEOXg iKTke _5HuoZ _9-Qxn\" dir=\"auto\"><span class=\"bFOZY\">Hoje na forma\u00e7\u00e3o com <strong>Miro de Melo (vocal), Ari Baltazar (guitarra e vocais), Milton Nunes Jr. (baixo) e Bart Silva (baterista)<\/strong>. A banda est\u00e1 na estrada, fazendo shows e comemorando os 40 anos e mostrando o seu novo trabalho mesclado com hits que n\u00e3o podem deixar de ser tocados.<\/span><\/p>\n<p dir=\"auto\"><img loading=\"lazy\" decoding=\"async\" class=\"alignnone size-full wp-image-23005\" src=\"http:\/\/heavymetalonline.com.br\/wp-content\/uploads\/2024\/06\/WhatsApp-Image-2024-06-18-at-21.59.57.jpeg\" alt=\"\" width=\"758\" height=\"1085\" srcset=\"http:\/\/heavymetalonline.com.br\/wp-content\/uploads\/2024\/06\/WhatsApp-Image-2024-06-18-at-21.59.57.jpeg 758w, http:\/\/heavymetalonline.com.br\/wp-content\/uploads\/2024\/06\/WhatsApp-Image-2024-06-18-at-21.59.57-210x300.jpeg 210w, http:\/\/heavymetalonline.com.br\/wp-content\/uploads\/2024\/06\/WhatsApp-Image-2024-06-18-at-21.59.57-715x1024.jpeg 715w\" sizes=\"auto, (max-width: 758px) 100vw, 758px\" \/><\/p>\n<div data-breakout=\"normal\">\n<p id=\"viewer-mop3670\" class=\"xEOXg iKTke _5HuoZ _9-Qxn\" dir=\"auto\"><span class=\"bFOZY\"><strong>Servi\u00e7o 365:<\/strong><\/span><\/p>\n<\/div>\n<div data-breakout=\"normal\">\n<p id=\"viewer-viewer-0ne9l20739\" class=\"xEOXg iKTke _5HuoZ _9-Qxn\" dir=\"auto\"><span class=\"bFOZY\">Dia 21 de junho de 2024. Sexta, 20h30\u202f<\/span><\/p>\n<\/div>\n<div data-breakout=\"normal\">\n<p id=\"viewer-viewer-sjhz821117\" class=\"xEOXg iKTke _5HuoZ _9-Qxn\" dir=\"auto\"><span class=\"bFOZY\">Local: Comedoria (650 lugares)\u202f\u00a0<\/span><\/p>\n<\/div>\n<div data-breakout=\"normal\">\n<p id=\"viewer-viewer-3x71n21383\" class=\"xEOXg iKTke _5HuoZ _9-Qxn\" dir=\"auto\"><span class=\"bFOZY\">Valores: R$ 50 (inteira); R$ 25 (Meia entrada), R$ 15 (Credencial Sesc)\u202f\u00a0<\/span><\/p>\n<\/div>\n<div data-breakout=\"normal\">\n<p id=\"viewer-viewer-suswj21580\" class=\"xEOXg iKTke _5HuoZ _9-Qxn\" dir=\"auto\"><span class=\"bFOZY\">Ingressos \u00e0 venda no portal <a class=\"JFeVX Lvqid\" href=\"http:\/\/sescsp.org.br\/\" target=\"_blank\" rel=\"noopener noreferrer\" data-hook=\"WebLink\"><u>sescsp.org.b<\/u><\/a><a class=\"JFeVX Lvqid\" href=\"http:\/\/sescsp.org.br\/\" target=\"_blank\" rel=\"noopener\" data-hook=\"WebLink\">r<\/a>\u00a0e nas bilheterias das unidades Sesc\u202f\u00a0<\/span><\/p>\n<\/div>\n<div data-breakout=\"normal\">\n<p id=\"viewer-viewer-jresm21766\" class=\"xEOXg iKTke _5HuoZ _9-Qxn\" dir=\"auto\"><span class=\"bFOZY\">Classifica\u00e7\u00e3o: 14 anos\u202f\u00a0Dura\u00e7\u00e3o: 90 minutos\u202f\u00a0<\/span><\/p>\n<\/div>\n<div data-hook=\"rcv-block23\"><\/div>\n<div data-breakout=\"normal\">\n<p id=\"viewer-viewer-x28e415809\" class=\"xEOXg iKTke _5HuoZ _9-Qxn\" dir=\"auto\"><span class=\"bFOZY\">\u00a0<\/span><\/p>\n<\/div>\n<div data-hook=\"rcv-block24\"><\/div>\n<div data-breakout=\"normal\">\n<p id=\"viewer-viewer-viewer-ut9nb116\" class=\"xEOXg iKTke _5HuoZ _9-Qxn\" dir=\"auto\"><span class=\"bFOZY\"><strong>SESC BELENZINHO<\/strong>\u00a0\u00a0<\/span><\/p>\n<\/div>\n<div data-breakout=\"normal\">\n<p id=\"viewer-viewer-viewer-viewer-viewer-viewer-85is2\" class=\"xEOXg iKTke _5HuoZ _9-Qxn\" dir=\"auto\"><span class=\"bFOZY\">Endere\u00e7o: Rua Padre Adelino, 1000.<\/span><\/p>\n<\/div>\n<div data-breakout=\"normal\">\n<p id=\"viewer-viewer-viewer-viewer-viewer-viewer-estkf\" class=\"xEOXg iKTke _5HuoZ _9-Qxn\" dir=\"auto\"><span class=\"bFOZY\">Belenzinho \u2013 S\u00e3o Paulo (SP)<\/span><\/p>\n<\/div>\n<div data-breakout=\"normal\">\n<p id=\"viewer-viewer-viewer-viewer-viewer-viewer-erc9n\" class=\"xEOXg iKTke _5HuoZ _9-Qxn\" dir=\"auto\"><span class=\"bFOZY\">Telefone: (11) 2076-9700<\/span><\/p>\n<\/div>\n<div data-breakout=\"normal\">\n<p id=\"viewer-viewer-viewer-viewer-viewer-viewer-ehunt\" class=\"xEOXg iKTke _5HuoZ _9-Qxn\" dir=\"auto\"><span class=\"bFOZY\"><a class=\"JFeVX Lvqid\" href=\"http:\/\/sescsp.org.br\/Belenzinho\" target=\"_blank\" rel=\"noopener\" data-hook=\"WebLink\"><u>sescsp.org.br\/Belenzinho<\/u><\/a><\/span><\/p>\n<\/div>\n<div data-hook=\"rcv-block29\"><\/div>\n<div data-breakout=\"normal\">\n<div id=\"viewer-csn3o838\" class=\"xEOXg iKTke _5HuoZ _9-Qxn\" dir=\"auto\"><span class=\"bFOZY\">\u00a0<\/span><\/div>\n<\/div>\n<div data-hook=\"rcv-block30\"><\/div>\n<div data-breakout=\"normal\">\n<p id=\"viewer-viewer-viewer-viewer-viewer-viewer-73fiv\" class=\"xEOXg iKTke _5HuoZ _9-Qxn\" dir=\"auto\"><span class=\"bFOZY\"><strong>Estacionamento<\/strong>\u00a0<\/span><\/p>\n<\/div>\n<div data-breakout=\"normal\">\n<p id=\"viewer-viewer-viewer-viewer-viewer-viewer-10jm9\" class=\"xEOXg iKTke _5HuoZ _9-Qxn\" dir=\"auto\"><span class=\"bFOZY\">De ter\u00e7a a s\u00e1bado, das 9h \u00e0s 21h. Domingos e feriados, das 9h \u00e0s 18h.<\/span><\/p>\n<\/div>\n<div data-breakout=\"normal\">\n<p id=\"viewer-viewer-viewer-viewer-viewer-viewer-df0a0\" class=\"xEOXg iKTke _5HuoZ _9-Qxn\" dir=\"auto\"><span class=\"bFOZY\">Valores: Credenciados plenos do Sesc: R$ 5,50 a primeira hora e R$ 2,00 por hora adicional. N\u00e3o credenciados no Sesc: R$ 12,00 a primeira hora e R$ 3,00 por hora adicional.<\/span><\/p>\n<\/div>\n<div data-hook=\"rcv-block33\"><\/div>\n<div data-breakout=\"normal\">\n<div id=\"viewer-vaj4t843\" class=\"xEOXg iKTke _5HuoZ _9-Qxn\" dir=\"auto\"><span class=\"bFOZY\">\u00a0<\/span><\/div>\n<\/div>\n<div data-hook=\"rcv-block34\"><\/div>\n<div data-breakout=\"normal\">\n<p id=\"viewer-viewer-viewer-viewer-viewer-viewer-asv0f\" class=\"xEOXg iKTke _5HuoZ _9-Qxn\" dir=\"auto\"><span class=\"bFOZY\"><strong>Transporte P\u00fablico<\/strong>\u00a0<\/span><\/p>\n<\/div>\n<div data-breakout=\"normal\">\n<p id=\"viewer-viewer-viewer-viewer-viewer-viewer-almsf\" class=\"xEOXg iKTke _5HuoZ _9-Qxn\" dir=\"auto\"><span class=\"bFOZY\">Metro Bel\u00e9m (550m) | Esta\u00e7\u00e3o Tatuap\u00e9 (1400m)<\/span><\/p>\n<\/div>\n<div data-hook=\"rcv-block36\"><\/div>\n<div data-breakout=\"normal\">\n<div id=\"viewer-2nl6z847\" class=\"xEOXg iKTke _5HuoZ _9-Qxn\" dir=\"auto\"><span class=\"bFOZY\">\u00a0<\/span><\/div>\n<\/div>\n<div data-hook=\"rcv-block37\"><\/div>\n<div data-breakout=\"normal\">\n<p id=\"viewer-viewer-viewer-viewer-viewer-viewer-2gp9v\" class=\"xEOXg iKTke _5HuoZ _9-Qxn\" dir=\"auto\"><span class=\"bFOZY\"><strong>Sesc Belenzinho nas redes<\/strong>\u00a0<\/span><\/p>\n<\/div>\n<div data-breakout=\"normal\">\n<p id=\"viewer-viewer-viewer-viewer-viewer-viewer-arjeb\" class=\"xEOXg iKTke _5HuoZ _9-Qxn\" dir=\"auto\"><span class=\"bFOZY\"><a class=\"JFeVX Lvqid\" href=\"https:\/\/www.facebook.com\/sescbelenzinho\" target=\"_blank\" rel=\"noopener\" data-hook=\"WebLink\"><u>Facebook<\/u><\/a>\u00a0|<a class=\"JFeVX Lvqid\" href=\"https:\/\/www.instagram.com\/sescbelenzinho\/?hl=pt-br\" target=\"_blank\" rel=\"noopener\" data-hook=\"WebLink\"><u>\u00a0Instagram<\/u><\/a>\u00a0|<\/span><\/p>\n<\/div>\n<div data-hook=\"rcv-block39\"><\/div>\n<div data-breakout=\"normal\">\n<div id=\"viewer-a1rdr854\" class=\"xEOXg iKTke _5HuoZ _9-Qxn\" dir=\"auto\"><span class=\"bFOZY\">\u00a0<\/span><\/div>\n<\/div>\n<div data-hook=\"rcv-block40\"><\/div>\n<div data-breakout=\"normal\">\n<p id=\"viewer-viewer-viewer-viewer-viewer-viewer-9v5h2\" class=\"xEOXg iKTke _5HuoZ _9-Qxn\" dir=\"auto\"><span class=\"bFOZY\"><strong>Fonte:<\/strong>\u00a0Priscila Dias\/Sesc Belenzinho<\/span><\/p>\n<\/div>\n<\/div>\n<div data-hook=\"rcv-block14\"><\/div>\n<div data-breakout=\"normal\"><\/div>\n","protected":false},"excerpt":{"rendered":"<p>Foto: Ferreguedes Banda de rock faz show da turn\u00ea comemorativa de 40 anos e\u00a0tem o ator convidado S\u00e9rgio Guiz\u00e9 Nesta semana o Sesc Belenzinho\u00a0recebe a banda 365. O show acontece no dia 21\/6 na Comedoria, com ingressos de R$ 15\u00a0(Credencial Sesc) a R$ 50 (inteira). \u00a0 A banda 365 est\u00e1 rodando pelo Brasil na Turn\u00ea [&hellip;]<\/p>\n","protected":false},"author":12,"featured_media":23004,"comment_status":"closed","ping_status":"open","sticky":false,"template":"","format":"standard","meta":{"footnotes":""},"categories":[4],"tags":[],"class_list":["post-23003","post","type-post","status-publish","format-standard","has-post-thumbnail","hentry","category-noticias"],"_links":{"self":[{"href":"http:\/\/heavymetalonline.com.br\/index.php?rest_route=\/wp\/v2\/posts\/23003","targetHints":{"allow":["GET"]}}],"collection":[{"href":"http:\/\/heavymetalonline.com.br\/index.php?rest_route=\/wp\/v2\/posts"}],"about":[{"href":"http:\/\/heavymetalonline.com.br\/index.php?rest_route=\/wp\/v2\/types\/post"}],"author":[{"embeddable":true,"href":"http:\/\/heavymetalonline.com.br\/index.php?rest_route=\/wp\/v2\/users\/12"}],"replies":[{"embeddable":true,"href":"http:\/\/heavymetalonline.com.br\/index.php?rest_route=%2Fwp%2Fv2%2Fcomments&post=23003"}],"version-history":[{"count":3,"href":"http:\/\/heavymetalonline.com.br\/index.php?rest_route=\/wp\/v2\/posts\/23003\/revisions"}],"predecessor-version":[{"id":23014,"href":"http:\/\/heavymetalonline.com.br\/index.php?rest_route=\/wp\/v2\/posts\/23003\/revisions\/23014"}],"wp:featuredmedia":[{"embeddable":true,"href":"http:\/\/heavymetalonline.com.br\/index.php?rest_route=\/wp\/v2\/media\/23004"}],"wp:attachment":[{"href":"http:\/\/heavymetalonline.com.br\/index.php?rest_route=%2Fwp%2Fv2%2Fmedia&parent=23003"}],"wp:term":[{"taxonomy":"category","embeddable":true,"href":"http:\/\/heavymetalonline.com.br\/index.php?rest_route=%2Fwp%2Fv2%2Fcategories&post=23003"},{"taxonomy":"post_tag","embeddable":true,"href":"http:\/\/heavymetalonline.com.br\/index.php?rest_route=%2Fwp%2Fv2%2Ftags&post=23003"}],"curies":[{"name":"wp","href":"https:\/\/api.w.org\/{rel}","templated":true}]}}