{"id":23007,"date":"2024-06-19T01:30:34","date_gmt":"2024-06-19T01:30:34","guid":{"rendered":"http:\/\/heavymetalonline.com.br\/?p=23007"},"modified":"2024-06-19T01:30:34","modified_gmt":"2024-06-19T01:30:34","slug":"alirio-netto-confirma-participacao-em-turne-solo-do-guitarrista-kiko-loureiro","status":"publish","type":"post","link":"http:\/\/heavymetalonline.com.br\/?p=23007","title":{"rendered":"Alirio Netto confirma participa\u00e7\u00e3o em turn\u00ea solo do guitarrista Kiko Loureiro"},"content":{"rendered":"<p><img loading=\"lazy\" decoding=\"async\" class=\"alignnone size-full wp-image-23008\" src=\"http:\/\/heavymetalonline.com.br\/wp-content\/uploads\/2024\/06\/Alirio-Netto.jpg\" alt=\"\" width=\"1280\" height=\"1600\" srcset=\"http:\/\/heavymetalonline.com.br\/wp-content\/uploads\/2024\/06\/Alirio-Netto.jpg 1280w, http:\/\/heavymetalonline.com.br\/wp-content\/uploads\/2024\/06\/Alirio-Netto-240x300.jpg 240w, http:\/\/heavymetalonline.com.br\/wp-content\/uploads\/2024\/06\/Alirio-Netto-768x960.jpg 768w, http:\/\/heavymetalonline.com.br\/wp-content\/uploads\/2024\/06\/Alirio-Netto-819x1024.jpg 819w\" sizes=\"auto, (max-width: 1280px) 100vw, 1280px\" \/><\/p>\n<div data-breakout=\"normal\">\n<pre id=\"viewer-64h9d8022\" class=\"e1FVv cBlN0 vweC4\" dir=\"auto\"><span class=\"\">Cr\u00e9dito Foto: Adasat Barroso<\/span><\/pre>\n<div data-breakout=\"normal\">\n<p id=\"viewer-hctk97835\" class=\"xEOXg iKTke vweC4 _9-Qxn\" dir=\"auto\" style=\"text-align: center;\"><span class=\"bFOZY\"><em>Vocalista fala sobre rela\u00e7\u00e3o com Kiko: \u201cNos \u00faltimos anos estivemos mais pr\u00f3ximos,\u00a0<\/em><\/span><em>o que me fez admirar mais ainda esse cara incr\u00edvel\u201d<\/em><\/p>\n<\/div>\n<p id=\"viewer-uee6y8181\" class=\"xEOXg iKTke _5HuoZ _9-Qxn\" dir=\"auto\"><span class=\"bFOZY\">O vocalista<strong> Alirio Netto<\/strong> acaba de confirmar participa\u00e7\u00e3o especial em turn\u00ea solo de <strong>Kiko Loureiro<\/strong> no Brasil, um dos nomes mais consagrados da guitarra em todo o mundo, em v\u00e1rias cidades selecionadas com performances especiais. O an\u00fancio revela que a banda que o acompanhar\u00e1 ser\u00e1 formada por Alirio Netto (vocal), Felipe Andreoli (baixo) e Bruno Valverde (bateria). A turn\u00ea tem produ\u00e7\u00e3o da <strong>Top Link Music<\/strong>.<\/span><\/p>\n<\/div>\n<div data-hook=\"rcv-block6\"><\/div>\n<div data-breakout=\"normal\">\n<div id=\"viewer-m10hf7363\" class=\"xEOXg iKTke _5HuoZ _9-Qxn\" dir=\"auto\"><span class=\"bFOZY\">\u00a0<\/span><\/div>\n<\/div>\n<div data-hook=\"rcv-block7\"><\/div>\n<div data-breakout=\"normal\">\n<p id=\"viewer-2c2vs6371\" class=\"xEOXg iKTke _5HuoZ _9-Qxn\" dir=\"auto\"><span class=\"bFOZY\"><strong>Alirio Netto fala sobre a turn\u00ea e rela\u00e7\u00e3o com Kiko Loureiro:<\/strong><\/span><\/p>\n<\/div>\n<div data-breakout=\"normal\">\n<p id=\"viewer-xqak26375\" class=\"xEOXg iKTke _5HuoZ _9-Qxn\" dir=\"auto\"><span class=\"bFOZY\"><em>Fiquei muito feliz com o convite do Kiko pra fazer a tour com ele.<\/em><\/span><\/p>\n<\/div>\n<div data-breakout=\"normal\">\n<p id=\"viewer-116a06378\" class=\"xEOXg iKTke _5HuoZ _9-Qxn\" dir=\"auto\"><span class=\"bFOZY\"><em>Ele \u00e9 um cara que tem uma carreira vitoriosa fruto de muito trabalho e dedica\u00e7\u00e3o.<\/em><\/span><\/p>\n<\/div>\n<div data-breakout=\"normal\">\n<p id=\"viewer-xo8nq6381\" class=\"xEOXg iKTke _5HuoZ _9-Qxn\" dir=\"auto\"><span class=\"bFOZY\"><em>Nos \u00faltimos anos estivemos mais pr\u00f3ximos, o que me fez admirar mais ainda esse cara incr\u00edvel. Estou muito empolgado com a tour!<\/em><\/span><\/p>\n<\/div>\n<div data-hook=\"rcv-block11\"><\/div>\n<div data-breakout=\"normal\">\n<div id=\"viewer-av3ml7299\" class=\"xEOXg iKTke _5HuoZ _9-Qxn\" dir=\"auto\"><span class=\"bFOZY\">\u00a0<\/span><\/div>\n<\/div>\n<div data-hook=\"rcv-block12\"><\/div>\n<div data-breakout=\"normal\">\n<p id=\"viewer-k9p996383\" class=\"xEOXg iKTke _5HuoZ _9-Qxn\" dir=\"auto\"><span class=\"bFOZY\"><strong>Confira as datas confirmadas com Alirio Netto:<\/strong><\/span><\/p>\n<\/div>\n<div data-breakout=\"normal\">\n<p id=\"viewer-lknp36385\" class=\"xEOXg iKTke _5HuoZ _9-Qxn\" dir=\"auto\"><span class=\"bFOZY\">27\/06 \u2013 Ribeir\u00e3o Preto\/SP<\/span><\/p>\n<\/div>\n<div data-breakout=\"normal\">\n<p id=\"viewer-kbgc37542\" class=\"xEOXg iKTke _5HuoZ _9-Qxn\" dir=\"auto\"><span class=\"bFOZY\">28\/07 \u2013 Belo Horizonte\/MG<\/span><\/p>\n<\/div>\n<div data-breakout=\"normal\">\n<p id=\"viewer-xiow77573\" class=\"xEOXg iKTke _5HuoZ _9-Qxn\" dir=\"auto\"><span class=\"bFOZY\">02\/08 \u2013 Goi\u00e2nia\/GO<\/span><\/p>\n<\/div>\n<div data-breakout=\"normal\">\n<p id=\"viewer-742qc7605\" class=\"xEOXg iKTke _5HuoZ _9-Qxn\" dir=\"auto\"><span class=\"bFOZY\">03\/08 \u2013 Bras\u00edlia\/DF0<\/span><\/p>\n<\/div>\n<div data-breakout=\"normal\">\n<p id=\"viewer-qh8877671\" class=\"xEOXg iKTke _5HuoZ _9-Qxn\" dir=\"auto\"><span class=\"bFOZY\">4\/08 \u2013 Santos\/SP<\/span><\/p>\n<\/div>\n<div data-breakout=\"normal\">\n<p id=\"viewer-oms5o7741\" class=\"xEOXg iKTke _5HuoZ _9-Qxn\" dir=\"auto\"><span class=\"bFOZY\">07\/08 \u2013 Santiago\/Chile<\/span><\/p>\n<\/div>\n<div data-breakout=\"normal\">\n<p id=\"viewer-jkmv87778\" class=\"xEOXg iKTke _5HuoZ _9-Qxn\" dir=\"auto\"><span class=\"bFOZY\">08\/08 \u2013 Florian\u00f3polis\/SC<\/span><\/p>\n<\/div>\n<div data-breakout=\"normal\">\n<p id=\"viewer-p35bf7816\" class=\"xEOXg iKTke _5HuoZ _9-Qxn\" dir=\"auto\"><span class=\"bFOZY\">09\/08 \u2013 Curitiba\/PR<\/span><\/p>\n<\/div>\n<div data-breakout=\"normal\">\n<p id=\"viewer-osgmp7638\" class=\"xEOXg iKTke _5HuoZ _9-Qxn\" dir=\"auto\"><span class=\"bFOZY\">10\/08 \u2013 S\u00e3o Paulo\/SP<\/span><\/p>\n<\/div>\n<div data-breakout=\"normal\">\n<p id=\"viewer-plhgh7707\" class=\"xEOXg iKTke _5HuoZ _9-Qxn\" dir=\"auto\"><span class=\"bFOZY\">11\/08 \u2013 Porto Alegre\/RS<\/span><\/p>\n<\/div>\n<div data-hook=\"rcv-block23\"><\/div>\n<div data-breakout=\"normal\">\n<div id=\"viewer-kf6ri7324\" class=\"xEOXg iKTke _5HuoZ _9-Qxn\" dir=\"auto\"><span class=\"bFOZY\">\u00a0<\/span><\/div>\n<\/div>\n<div data-hook=\"rcv-block24\"><\/div>\n<div data-breakout=\"normal\">\n<p id=\"viewer-67rl16387\" class=\"xEOXg iKTke _5HuoZ _9-Qxn\" dir=\"auto\"><span class=\"bFOZY\">Reconhecido por seu trabalho com o Angra e com o Megadeth, um dos gigantes do thrash metal mundial, banda que integrou por nove anos e da qual saiu recentemente, Kiko Loureiro se mostra empolgado com essa nova etapa da carreira: \u201cA expectativa \u00e9 alt\u00edssima, estou super contente pela primeira vez de estar fazendo uma turn\u00ea de mesmo porte das que eu fiz com bandas, em casas renomadas\u201d.<\/span><\/p>\n<\/div>\n<div data-hook=\"rcv-block25\"><\/div>\n<div data-breakout=\"normal\">\n<div id=\"viewer-knwee6390\" class=\"xEOXg iKTke _5HuoZ _9-Qxn\" dir=\"auto\"><span class=\"bFOZY\">\u00a0<\/span><\/div>\n<\/div>\n<div data-hook=\"rcv-block26\"><\/div>\n<div data-breakout=\"normal\">\n<p id=\"viewer-9sl7b6391\" class=\"xEOXg iKTke _5HuoZ _9-Qxn\" dir=\"auto\"><span class=\"bFOZY\"><strong>SOBRE AL\u00cdRIO NETTO:<\/strong><\/span><\/p>\n<\/div>\n<div data-breakout=\"normal\">\n<p id=\"viewer-4s2jj6395\" class=\"xEOXg iKTke _5HuoZ _9-Qxn\" dir=\"auto\"><span class=\"bFOZY\">Al\u00edrio Netto \u00e9 uma das vozes mais reconhecidas e vers\u00e1teis do Brasil, tanto nos palcos quanto em est\u00fadio, destacando-se especialmente no cen\u00e1rio do teatro musical. Sua voz poderosa, alcance incr\u00edvel e dom\u00ednio c\u00eanico deixam uma marca indel\u00e9vel em todos que t\u00eam o privil\u00e9gio de ouvi-lo. Atualmente, ele assume o posto de vocalista no Queen Extravaganza, o tributo oficial ao Queen, demonstrando sua habilidade excepcional em interpretar o legado musical de uma das maiores bandas de todos os tempos.<\/span><\/p>\n<\/div>\n<div data-hook=\"rcv-block28\"><\/div>\n<div data-breakout=\"normal\">\n<div id=\"viewer-ai4yx6398\" class=\"xEOXg iKTke _5HuoZ _9-Qxn\" dir=\"auto\"><span class=\"bFOZY\">\u00a0<\/span><\/div>\n<\/div>\n<div data-hook=\"rcv-block29\"><\/div>\n<div data-breakout=\"normal\">\n<p id=\"viewer-oaatb6399\" class=\"xEOXg iKTke _5HuoZ _9-Qxn\" dir=\"auto\"><span class=\"bFOZY\">Como l\u00edder da banda Khallice, Al\u00edrio firmou contrato com a gravadora de rock progressivo Magna Carta para o lan\u00e7amento do \u00e1lbum de estreia, \u201cThe Journey\u201d. Al\u00e9m disso, ele contribuiu com seu talento para a banda de metal Age of Artemis, que lan\u00e7ou dois discos, um deles produzido pelo renomado cantor e produtor Edu Falaschi (ex-Angra). Sua carreira tamb\u00e9m o levou a integrar a banda Shaman, onde assumiu o papel deixado pelo saudoso <strong>Andre Matos <\/strong>no lan\u00e7amento do \u00e1lbum \u201cRescue\u201d.<\/span><\/p>\n<\/div>\n<div data-hook=\"rcv-block30\"><\/div>\n<div data-breakout=\"normal\">\n<div id=\"viewer-58dmb6402\" class=\"xEOXg iKTke _5HuoZ _9-Qxn\" dir=\"auto\"><span class=\"bFOZY\">\u00a0<\/span><\/div>\n<\/div>\n<div data-hook=\"rcv-block31\"><\/div>\n<div data-breakout=\"normal\">\n<p id=\"viewer-rmjdu6403\" class=\"xEOXg iKTke _5HuoZ _9-Qxn\" dir=\"auto\"><span class=\"bFOZY\">Al\u00e9m de sua impressionante trajet\u00f3ria na m\u00fasica, Al\u00edrio tamb\u00e9m brilha nos palcos teatrais, onde interpretou o papel principal de \u201cGalileo\u201d na produ\u00e7\u00e3o oficial do Queen, \u201cWe Will Rock You\u201d. Sua performance excepcional chamou a aten\u00e7\u00e3o a ponto de ser escolhido como vocalista da banda \u201cQueen Extravaganza\u201d, com Roger Taylor, baterista original do Queen, comentando: \u201cAl\u00edrio n\u00e3o \u00e9 apenas um cantor superlativo, ele tamb\u00e9m \u00e9 um grande showman.\u201d<\/span><\/p>\n<\/div>\n<div data-hook=\"rcv-block32\"><\/div>\n<div data-breakout=\"normal\">\n<div id=\"viewer-a3hv66406\" class=\"xEOXg iKTke _5HuoZ _9-Qxn\" dir=\"auto\"><span class=\"bFOZY\">\u00a0<\/span><\/div>\n<\/div>\n<div data-hook=\"rcv-block33\"><\/div>\n<div data-breakout=\"normal\">\n<p id=\"viewer-re2an6407\" class=\"xEOXg iKTke _5HuoZ _9-Qxn\" dir=\"auto\"><span class=\"bFOZY\">Demonstrando sua versatilidade, Al\u00edrio emprestou sua voz para o personagem \u201cLefu\u201d na vers\u00e3o live action de \u201cA Bela e a Fera\u201d da Disney. Al\u00e9m disso, ele interpretou Jesus na produ\u00e7\u00e3o oficial mexicana de \u201cJesus Christ Superstar\u201d e desempenhou o papel de Judas na produ\u00e7\u00e3o brasileira do mesmo espet\u00e1culo, recebendo indica\u00e7\u00e3o ao pr\u00eamio de Melhor Ator Principal de 2014 pelo jornal \u201cEstado de S\u00e3o Paulo\u201d. Seu talento no teatro abriu portas para apari\u00e7\u00f5es em programas de televis\u00e3o no Brasil, incluindo o renomado talk show de J\u00f4 Soares, al\u00e9m de outras importantes produ\u00e7\u00f5es televisivas. Al\u00edrio tamb\u00e9m brilhou no programa \u201cGood Morning LA\u201d nos Estados Unidos, onde mostrou ao mundo seu talento inigual\u00e1vel, tanto como vocalista quanto como artista perform\u00e1tico.<\/span><\/p>\n<\/div>\n<div data-hook=\"rcv-block34\"><\/div>\n<div data-breakout=\"normal\">\n<div id=\"viewer-zpvwv6410\" class=\"xEOXg iKTke _5HuoZ _9-Qxn\" dir=\"auto\"><span class=\"bFOZY\">\u00a0<\/span><\/div>\n<\/div>\n<div data-hook=\"rcv-block35\"><\/div>\n<div data-breakout=\"normal\">\n<p id=\"viewer-6mbvj6411\" class=\"xEOXg iKTke _5HuoZ _9-Qxn\" dir=\"auto\"><span class=\"bFOZY\"><strong>Mais informa\u00e7\u00f5es:<\/strong><\/span><\/p>\n<\/div>\n<div data-breakout=\"normal\">\n<p id=\"viewer-p15dg6414\" class=\"xEOXg iKTke _5HuoZ _9-Qxn\" dir=\"auto\"><span class=\"bFOZY\"><a class=\"JFeVX Lvqid\" href=\"https:\/\/www.alirionetto.com\/\" target=\"_blank\" rel=\"noopener\" data-hook=\"WebLink\"><u>https:\/\/www.alirionetto.com<\/u><\/a><\/span><\/p>\n<\/div>\n<div data-breakout=\"normal\">\n<p id=\"viewer-idwpf6417\" class=\"xEOXg iKTke _5HuoZ _9-Qxn\" dir=\"auto\"><span class=\"bFOZY\"><a class=\"JFeVX Lvqid\" href=\"https:\/\/www.facebook.com\/nettoalirio\/\" target=\"_blank\" rel=\"noopener\" data-hook=\"WebLink\"><u>https:\/\/www.facebook.com\/nettoalirio\/<\/u><\/a><\/span><\/p>\n<\/div>\n<div data-breakout=\"normal\">\n<p id=\"viewer-ztrro6420\" class=\"xEOXg iKTke _5HuoZ _9-Qxn\" dir=\"auto\"><span class=\"bFOZY\"><a class=\"JFeVX Lvqid\" href=\"https:\/\/instagram.com\/alirio_netto\" target=\"_blank\" rel=\"noopener\" data-hook=\"WebLink\"><u>https:\/\/instagram.com\/alirio_netto<\/u><\/a><\/span><\/p>\n<\/div>\n<div data-breakout=\"normal\">\n<p id=\"viewer-a6mt56423\" class=\"xEOXg iKTke _5HuoZ _9-Qxn\" dir=\"auto\"><span class=\"bFOZY\"><a class=\"JFeVX Lvqid\" href=\"https:\/\/www.youtube.com\/c\/Al%C3%ADrioNetto\" target=\"_blank\" rel=\"noopener\" data-hook=\"WebLink\"><u>https:\/\/www.youtube.com\/c\/Al\u00edrioNetto<\/u><\/a><\/span><\/p>\n<\/div>\n<div data-hook=\"rcv-block40\"><\/div>\n<div data-breakout=\"normal\">\n<div id=\"viewer-6uq1h6780\" class=\"xEOXg iKTke _5HuoZ _9-Qxn\" dir=\"auto\"><span class=\"bFOZY\">\u00a0<\/span><\/div>\n<\/div>\n<div data-hook=\"rcv-block41\"><\/div>\n<div data-breakout=\"normal\">\n<p id=\"viewer-frdhn6799\" class=\"xEOXg iKTke _5HuoZ _9-Qxn\" dir=\"auto\"><span class=\"bFOZY\"><strong>Fonte:<\/strong> TRM Press<\/span><\/p>\n<\/div>\n","protected":false},"excerpt":{"rendered":"<p>Cr\u00e9dito Foto: Adasat Barroso Vocalista fala sobre rela\u00e7\u00e3o com Kiko: \u201cNos \u00faltimos anos estivemos mais pr\u00f3ximos,\u00a0o que me fez admirar mais ainda esse cara incr\u00edvel\u201d O vocalista Alirio Netto acaba de confirmar participa\u00e7\u00e3o especial em turn\u00ea solo de Kiko Loureiro no Brasil, um dos nomes mais consagrados da guitarra em todo o mundo, em v\u00e1rias [&hellip;]<\/p>\n","protected":false},"author":12,"featured_media":23008,"comment_status":"closed","ping_status":"open","sticky":false,"template":"","format":"standard","meta":{"footnotes":""},"categories":[4],"tags":[],"class_list":["post-23007","post","type-post","status-publish","format-standard","has-post-thumbnail","hentry","category-noticias"],"_links":{"self":[{"href":"http:\/\/heavymetalonline.com.br\/index.php?rest_route=\/wp\/v2\/posts\/23007","targetHints":{"allow":["GET"]}}],"collection":[{"href":"http:\/\/heavymetalonline.com.br\/index.php?rest_route=\/wp\/v2\/posts"}],"about":[{"href":"http:\/\/heavymetalonline.com.br\/index.php?rest_route=\/wp\/v2\/types\/post"}],"author":[{"embeddable":true,"href":"http:\/\/heavymetalonline.com.br\/index.php?rest_route=\/wp\/v2\/users\/12"}],"replies":[{"embeddable":true,"href":"http:\/\/heavymetalonline.com.br\/index.php?rest_route=%2Fwp%2Fv2%2Fcomments&post=23007"}],"version-history":[{"count":1,"href":"http:\/\/heavymetalonline.com.br\/index.php?rest_route=\/wp\/v2\/posts\/23007\/revisions"}],"predecessor-version":[{"id":23009,"href":"http:\/\/heavymetalonline.com.br\/index.php?rest_route=\/wp\/v2\/posts\/23007\/revisions\/23009"}],"wp:featuredmedia":[{"embeddable":true,"href":"http:\/\/heavymetalonline.com.br\/index.php?rest_route=\/wp\/v2\/media\/23008"}],"wp:attachment":[{"href":"http:\/\/heavymetalonline.com.br\/index.php?rest_route=%2Fwp%2Fv2%2Fmedia&parent=23007"}],"wp:term":[{"taxonomy":"category","embeddable":true,"href":"http:\/\/heavymetalonline.com.br\/index.php?rest_route=%2Fwp%2Fv2%2Fcategories&post=23007"},{"taxonomy":"post_tag","embeddable":true,"href":"http:\/\/heavymetalonline.com.br\/index.php?rest_route=%2Fwp%2Fv2%2Ftags&post=23007"}],"curies":[{"name":"wp","href":"https:\/\/api.w.org\/{rel}","templated":true}]}}