{"id":23017,"date":"2024-06-20T18:48:34","date_gmt":"2024-06-20T18:48:34","guid":{"rendered":"http:\/\/heavymetalonline.com.br\/?p=23017"},"modified":"2024-06-20T18:51:32","modified_gmt":"2024-06-20T18:51:32","slug":"enkrenka-lanca-novo-single-e-videoclipe-desordem-e-regresso-a-trilha-sonora-da-sua-revolucao-httpswix-tomuapsff","status":"publish","type":"post","link":"http:\/\/heavymetalonline.com.br\/?p=23017","title":{"rendered":"Enkrenka lan\u00e7a novo single e videoclipe &#8220;Desordem e Regresso&#8221;, a trilha sonora da sua revolu\u00e7\u00e3o"},"content":{"rendered":"<p><img loading=\"lazy\" decoding=\"async\" class=\"alignnone size-full wp-image-23018\" src=\"http:\/\/heavymetalonline.com.br\/wp-content\/uploads\/2024\/06\/unnamed-2-3.jpg\" alt=\"\" width=\"1125\" height=\"587\" srcset=\"http:\/\/heavymetalonline.com.br\/wp-content\/uploads\/2024\/06\/unnamed-2-3.jpg 1125w, http:\/\/heavymetalonline.com.br\/wp-content\/uploads\/2024\/06\/unnamed-2-3-300x157.jpg 300w, http:\/\/heavymetalonline.com.br\/wp-content\/uploads\/2024\/06\/unnamed-2-3-768x401.jpg 768w, http:\/\/heavymetalonline.com.br\/wp-content\/uploads\/2024\/06\/unnamed-2-3-1024x534.jpg 1024w\" sizes=\"auto, (max-width: 1125px) 100vw, 1125px\" \/><\/p>\n<div data-breakout=\"normal\">\n<pre id=\"viewer-vov9d8193\" class=\"-PcC2 bcaWA oaSxl\" dir=\"auto\"><span class=\"\">Fotos por Guilherme Becker<\/span><\/pre>\n<p id=\"viewer-ajts47900\" class=\"CMQuX tnihK oaSxl Lgome\" dir=\"auto\"><span class=\"TuVEW\">A banda de hardcore catarinense <strong>Enkrenka<\/strong> , oriunda da cidade de Gaspar, acaba de lan\u00e7ar seu mais novo single e videoclipe para a faixa <strong>&#8220;Desordem e Regresso&#8221;<\/strong> , um hino contagiante carregado de cr\u00edticas sociais e pol\u00edticas. A m\u00fasica conta com a participa\u00e7\u00e3o especial do percussionista <strong>Quevin Lenhani<\/strong> e promete agitar a cena com sua sonoridade potente e letras impactantes.<\/span><\/p>\n<\/div>\n<div data-hook=\"rcv-block8\"><\/div>\n<div data-breakout=\"normal\">\n<div id=\"viewer-aaqr05212\" class=\"CMQuX tnihK oaSxl Lgome\" dir=\"auto\"><span class=\"TuVEW\">\u00a0<\/span><\/div>\n<\/div>\n<div data-hook=\"rcv-block9\"><\/div>\n<div data-breakout=\"normal\">\n<p id=\"viewer-f7s3e5165\" class=\"CMQuX tnihK YasnO Lgome\" dir=\"auto\"><span class=\"TuVEW YasnO\"><strong>&#8220;Desordem e Regresso&#8221;<\/strong> \u00e9 mais do que apenas uma m\u00fasica, \u00e9 um manifesto contra a apatia e a insatisfa\u00e7\u00e3o com o estado atual do mundo. Atrav\u00e9s de letras afiadas e melodias intensas, a <strong>Enkrenka<\/strong> convida o p\u00fablico a refletir sobre os problemas sociais e pol\u00edticos que nos cercam e a lutar por um futuro melhor.<\/span><\/p>\n<\/div>\n<div data-hook=\"rcv-block10\"><\/div>\n<div data-breakout=\"normal\">\n<div id=\"viewer-xy3s85253\" class=\"CMQuX tnihK YasnO Lgome\" dir=\"auto\"><span class=\"TuVEW YasnO\">\u00a0<\/span><\/div>\n<\/div>\n<div data-hook=\"rcv-block11\"><\/div>\n<div data-breakout=\"normal\">\n<p id=\"viewer-0dmgr5170\" class=\"CMQuX tnihK YasnO Lgome\" dir=\"auto\"><span class=\"TuVEW YasnO\">Com um estilo \u00fanico que combina elementos do metal moderno com influ\u00eancias brasileiras e muito groove, a <strong>Enkrenka<\/strong> se destaca no cen\u00e1rio musical por sua sonoridade vibrante e energ\u00e9tica. A banda j\u00e1 dividiu o palco com nomes importantes do hardcore nacional, como Surra, Gritando HC, Pense e Matanza, e se consolidou como uma das principais for\u00e7as da cena catarinense.<\/span><\/p>\n<\/div>\n<div data-hook=\"rcv-block12\"><\/div>\n<div data-breakout=\"normal\">\n<div id=\"viewer-1rirc5293\" class=\"CMQuX tnihK YasnO Lgome\" dir=\"auto\"><span class=\"TuVEW YasnO\">\u00a0<\/span><\/div>\n<\/div>\n<div data-hook=\"rcv-block13\"><\/div>\n<div data-breakout=\"normal\">\n<p id=\"viewer-hodtm5174\" class=\"CMQuX tnihK YasnO Lgome\" dir=\"auto\"><span class=\"TuVEW YasnO\">Formada em 2015, a <strong>Enkrenka<\/strong> \u00e9 composta por <strong>Daniel Silva<\/strong> (vocal), <strong>L\u00e9o Bruno<\/strong> (vocal), <strong>Vinicius Procelli<\/strong> (guitarra), <strong>Vinnie Vincent<\/strong> (baixo) e <strong>Duda Santos<\/strong> (bateria). A banda j\u00e1 lan\u00e7ou dois singles, <strong>&#8220;Enkrenka&#8221;<\/strong> (2017) &#8211; com duas faixas &#8211; e agora <strong>&#8220;Desordem e Regresso&#8221;<\/strong> .<\/span><\/p>\n<\/div>\n<div data-hook=\"rcv-block14\"><\/div>\n<div data-breakout=\"normal\">\n<p id=\"viewer-7xqcu5192\" class=\"CMQuX tnihK YasnO Lgome\" dir=\"auto\"><span class=\"TuVEW YasnO\">E os planos do quinteto para o futuro s\u00e3o ambiciosos. At\u00e9 o final do ano, a banda pretende lan\u00e7ar um EP com m\u00fasicas novas &#8211; algumas j\u00e1 conhecidas pelo seu p\u00fablico &#8211; e em paralelo fechar shows para a turn\u00ea de lan\u00e7amento de <strong>&#8220;Desordem e Regresso&#8221;<\/strong> .<\/span><\/p>\n<\/div>\n<div data-hook=\"rcv-block15\"><\/div>\n<div data-breakout=\"normal\">\n<div id=\"viewer-ln2z85350\" class=\"CMQuX tnihK YasnO Lgome\" dir=\"auto\"><span class=\"TuVEW YasnO\">\u00a0<\/span><\/div>\n<\/div>\n<div data-hook=\"rcv-block16\"><\/div>\n<div data-breakout=\"normal\">\n<p id=\"viewer-n8azh5196\" class=\"CMQuX tnihK YasnO Lgome\" dir=\"auto\"><span class=\"TuVEW YasnO\">Nas palavras de seus membros: <em>&#8220;Todo show \u00e9 \u00e0 flor da pele, regado por energia e suor! Presenciar um show da Enkrenka \u00e9 encarar a realidade de frente, com os dentes cerrados e um taco de base na m\u00e3o (risos)&#8221;.<\/em><\/span><\/p>\n<\/div>\n<div data-hook=\"rcv-block17\"><\/div>\n<div data-breakout=\"normal\">\n<div id=\"viewer-3nfrf5393\" class=\"CMQuX tnihK pasFp Lgome\" dir=\"auto\"><span class=\"TuVEW\">\u00a0<\/span><\/div>\n<\/div>\n<div data-hook=\"rcv-block18\"><\/div>\n<div data-breakout=\"normal\">\n<p id=\"viewer-b5oz65430\" class=\"CMQuX tnihK pasFp Lgome\" dir=\"auto\"><span class=\"TuVEW\">Ou\u00e7a no Spotify em:<a class=\"_06hOl MRQmD\" href=\"https:\/\/open.spotify.com\/intl-pt\/track\/4fHUmZcOY714ODlDuW2ZzE\" target=\"_blank\" rel=\"noopener\" data-hook=\"WebLink\"><u>https:\/\/open.spotify.com\/intl-pt\/track\/4fHUmZcOY714ODlDuW2ZzE<\/u><\/a><\/span><\/p>\n<\/div>\n<div data-hook=\"rcv-block19\"><\/div>\n<div data-breakout=\"normal\">\n<div id=\"viewer-8fon26401\" class=\"CMQuX tnihK pasFp Lgome\" dir=\"auto\"><span class=\"TuVEW\">\u00a0<\/span><\/div>\n<\/div>\n<div data-hook=\"rcv-block20\"><\/div>\n<div data-breakout=\"normal\">\n<p id=\"viewer-dv5ly5469\" class=\"CMQuX tnihK pasFp Lgome\" dir=\"auto\"><span class=\"TuVEW\">Assista <strong>&#8220;Desordem e Regresso&#8221;<\/strong>:<\/span><\/p>\n<\/div>\n<p><iframe loading=\"lazy\" title=\"YouTube video player\" src=\"https:\/\/www.youtube.com\/embed\/FBP2_ybfwC4?si=VuVlMBwrBBsADXio\" width=\"560\" height=\"315\" frameborder=\"0\"><\/iframe><\/p>\n<div data-breakout=\"normal\">\n<p id=\"viewer-eumru5474\" class=\"CMQuX tnihK pasFp Lgome\" dir=\"auto\"><span class=\"TuVEW\"><strong>Enkrenka nas redes:<\/strong><\/span><\/p>\n<\/div>\n<div data-breakout=\"normal\">\n<p id=\"viewer-afnwd5476\" class=\"CMQuX tnihK pasFp Lgome\" dir=\"auto\"><span class=\"TuVEW\"><strong>Facebook:<\/strong> <em>@bandaenkrenka<\/em><\/span><\/p>\n<\/div>\n<div data-breakout=\"normal\">\n<p id=\"viewer-us8fz5742\" class=\"CMQuX tnihK pasFp Lgome\" dir=\"auto\"><span class=\"TuVEW\"><strong>Instagram:<\/strong> <em>@enkrenkaoficial<\/em><\/span><\/p>\n<\/div>\n<div data-breakout=\"normal\">\n<p id=\"viewer-0s6jt5798\" class=\"CMQuX tnihK pasFp Lgome\" dir=\"auto\"><span class=\"TuVEW\"><strong>Youtube:<\/strong> <em>@bandaenkrenka9069<\/em><\/span><\/p>\n<\/div>\n<div data-hook=\"rcv-block27\"><\/div>\n<div data-breakout=\"normal\">\n<div id=\"viewer-qlyqy8352\" class=\"CMQuX tnihK pasFp Lgome\" dir=\"auto\"><span class=\"TuVEW\">\u00a0<\/span><\/div>\n<\/div>\n<div data-hook=\"rcv-block28\"><\/div>\n<div data-breakout=\"normal\">\n<p id=\"viewer-hogr68405\" class=\"CMQuX tnihK pasFp Lgome\" dir=\"auto\"><span class=\"TuVEW\"><strong>Fonte: <\/strong>JZ Press<\/span><\/p>\n<\/div>\n","protected":false},"excerpt":{"rendered":"<p>Fotos por Guilherme Becker A banda de hardcore catarinense Enkrenka , oriunda da cidade de Gaspar, acaba de lan\u00e7ar seu mais novo single e videoclipe para a faixa &#8220;Desordem e Regresso&#8221; , um hino contagiante carregado de cr\u00edticas sociais e pol\u00edticas. A m\u00fasica conta com a participa\u00e7\u00e3o especial do percussionista Quevin Lenhani e promete agitar [&hellip;]<\/p>\n","protected":false},"author":12,"featured_media":23018,"comment_status":"closed","ping_status":"open","sticky":false,"template":"","format":"standard","meta":{"footnotes":""},"categories":[4],"tags":[],"class_list":["post-23017","post","type-post","status-publish","format-standard","has-post-thumbnail","hentry","category-noticias"],"_links":{"self":[{"href":"http:\/\/heavymetalonline.com.br\/index.php?rest_route=\/wp\/v2\/posts\/23017","targetHints":{"allow":["GET"]}}],"collection":[{"href":"http:\/\/heavymetalonline.com.br\/index.php?rest_route=\/wp\/v2\/posts"}],"about":[{"href":"http:\/\/heavymetalonline.com.br\/index.php?rest_route=\/wp\/v2\/types\/post"}],"author":[{"embeddable":true,"href":"http:\/\/heavymetalonline.com.br\/index.php?rest_route=\/wp\/v2\/users\/12"}],"replies":[{"embeddable":true,"href":"http:\/\/heavymetalonline.com.br\/index.php?rest_route=%2Fwp%2Fv2%2Fcomments&post=23017"}],"version-history":[{"count":2,"href":"http:\/\/heavymetalonline.com.br\/index.php?rest_route=\/wp\/v2\/posts\/23017\/revisions"}],"predecessor-version":[{"id":23020,"href":"http:\/\/heavymetalonline.com.br\/index.php?rest_route=\/wp\/v2\/posts\/23017\/revisions\/23020"}],"wp:featuredmedia":[{"embeddable":true,"href":"http:\/\/heavymetalonline.com.br\/index.php?rest_route=\/wp\/v2\/media\/23018"}],"wp:attachment":[{"href":"http:\/\/heavymetalonline.com.br\/index.php?rest_route=%2Fwp%2Fv2%2Fmedia&parent=23017"}],"wp:term":[{"taxonomy":"category","embeddable":true,"href":"http:\/\/heavymetalonline.com.br\/index.php?rest_route=%2Fwp%2Fv2%2Fcategories&post=23017"},{"taxonomy":"post_tag","embeddable":true,"href":"http:\/\/heavymetalonline.com.br\/index.php?rest_route=%2Fwp%2Fv2%2Ftags&post=23017"}],"curies":[{"name":"wp","href":"https:\/\/api.w.org\/{rel}","templated":true}]}}