{"id":23146,"date":"2024-06-25T14:07:54","date_gmt":"2024-06-25T14:07:54","guid":{"rendered":"http:\/\/heavymetalonline.com.br\/?p=23146"},"modified":"2024-06-25T14:07:54","modified_gmt":"2024-06-25T14:07:54","slug":"inocentes-lanca-ep-de-projeto-acustico-ouca-as-5-faixas-de-nao-acordem-a-cidade","status":"publish","type":"post","link":"http:\/\/heavymetalonline.com.br\/?p=23146","title":{"rendered":"Inocentes lan\u00e7a EP de projeto ac\u00fastico; ou\u00e7a as 5 faixas de \u201cN\u00e3o Acordem a Cidade\u201d"},"content":{"rendered":"<p><img loading=\"lazy\" decoding=\"async\" class=\"alignnone size-full wp-image-23147\" src=\"http:\/\/heavymetalonline.com.br\/wp-content\/uploads\/2024\/06\/Inocentes.jpg\" alt=\"\" width=\"1200\" height=\"800\" srcset=\"http:\/\/heavymetalonline.com.br\/wp-content\/uploads\/2024\/06\/Inocentes.jpg 1200w, http:\/\/heavymetalonline.com.br\/wp-content\/uploads\/2024\/06\/Inocentes-300x200.jpg 300w, http:\/\/heavymetalonline.com.br\/wp-content\/uploads\/2024\/06\/Inocentes-768x512.jpg 768w, http:\/\/heavymetalonline.com.br\/wp-content\/uploads\/2024\/06\/Inocentes-1024x683.jpg 1024w, http:\/\/heavymetalonline.com.br\/wp-content\/uploads\/2024\/06\/Inocentes-270x180.jpg 270w\" sizes=\"auto, (max-width: 1200px) 100vw, 1200px\" \/><\/p>\n<div data-breakout=\"normal\">\n<pre id=\"viewer-qhk3114524\" class=\"cb71S kZxcC _3Aqk9\" dir=\"auto\"><span class=\"\">Foto:\u00a0Alexandre Wittboldt<\/span><\/pre>\n<p dir=\"auto\" style=\"text-align: center;\"><em>Uma pr\u00e9via do projeto ac\u00fastico do Inocentes foi lan\u00e7ada nessa ter\u00e7a-feira (25). O EP \u201cN\u00e3o Acordem a Cidade\u201d, de 5 faixas, adianta o que vir\u00e1 no \u00e1lbum \u201cAntes do Fim\u201d, previsto pelo selo Red Star Records para ser lan\u00e7ado em LP no in\u00edcio de agosto<\/em><\/p>\n<p id=\"viewer-47jcr14580\" class=\"-mxsf _18nDN _3Aqk9 _26Cw2\" dir=\"auto\"><span class=\"_2hSFO\">Produzido por Henrique Khoury, \u201cN\u00e3o Acordem a Cidade\u201d conta com as faixas \u201cO Homem Que Bebia Demais\u201d, \u201cA Noite L\u00e1 Fora\u201d, \u201cN\u00e3o Acordem a Cidade\u201d, \u201cExpresso do Oriente\u201d e \u201cS\u00e3o Paulo\u201d. <em>\u201cA banda est\u00e1 tentando seguir um padr\u00e3o na escolha das faixas, que \u00e9 o de lan\u00e7ar m\u00fasicas que n\u00e3o tenham sido regravadas antes, e que os arranjos tenham nos deixado muito satisfeitos. S\u00e3o m\u00fasicas que acabam tendo um ar de frescor e ineditismo, algumas s\u00e3o velhas conhecidas, outras nem tanto, s\u00e3o verdadeiros lados B, mas que a gente gosta muito\u201d<\/em>, revela o vocalista Clemente Nascimento.<\/span><\/p>\n<\/div>\n<div data-hook=\"rcv-block5\"><\/div>\n<div data-breakout=\"normal\">\n<div id=\"viewer-kpvvi12992\" class=\"-mxsf _18nDN -pC3z _26Cw2\" dir=\"auto\"><span class=\"_2hSFO -pC3z\">\u00a0<\/span><\/div>\n<\/div>\n<div data-hook=\"rcv-block6\"><\/div>\n<div data-breakout=\"normal\">\n<p id=\"viewer-sc3x412993\" class=\"-mxsf _18nDN _3Aqk9 _26Cw2\" dir=\"auto\"><span class=\"_2hSFO\">As m\u00fasicas escolhidas para a divulga\u00e7\u00e3o do EP &#8211; <strong>\u201cExpresso do Oriente\u201d <\/strong>e a faixa t\u00edtulo \u201cN\u00e3o Acordem a Cidade\u201d, foram originalmente lan\u00e7adas no \u00e1lbum \u201cP\u00e2nico em SP\u201d de 1986. <em>\u201cPode parecer estranho, mas \u2018N\u00e3o Acordem a Cidade\u2019 foi escrita em 1979, quando eu ainda era baixista do Restos de Nada. Ela ficou guardada at\u00e9 1986, quando o Inocentes decidiu grav\u00e1-la. O clima de viajante noturno, pelos becos e vielas da cidade, permeia toda a m\u00fasica\u201d<\/em>, conta o vocalista.<\/span><\/p>\n<\/div>\n<p><iframe loading=\"lazy\" title=\"YouTube video player\" src=\"https:\/\/www.youtube.com\/embed\/O9dIXybfIe4?si=VJEh20AuzzZqJMJy\" width=\"560\" height=\"315\" frameborder=\"0\" allowfullscreen=\"allowfullscreen\"><\/iframe><\/p>\n<p>A banda destaca ainda, a faixa \u201cExpresso Oriente\u201d, que traz reflex\u00f5es bastante contempor\u00e2neas. <em>\u201cEla tem uma atualidade impressionante. Um amigo palestino me falou anos atr\u00e1s, que era a \u00fanica m\u00fasica que ele conhecia, fora do Oriente M\u00e9dio, que citava os palestinos e me agradeceu muito, fiquei emocionado, n\u00e3o sabia dessa relev\u00e2ncia\u201d<\/em>, diz Clemente.<\/p>\n<p><iframe loading=\"lazy\" title=\"YouTube video player\" src=\"https:\/\/www.youtube.com\/embed\/07YPDstm3U8?si=E-nEWe6ridYJMHDs\" width=\"560\" height=\"315\" frameborder=\"0\" allowfullscreen=\"allowfullscreen\"><\/iframe><\/p>\n<div data-breakout=\"normal\">\n<p id=\"viewer-u6gjl13266\" class=\"-mxsf _18nDN _3Aqk9 _26Cw2\" dir=\"auto\"><span class=\"_2hSFO\">A ideia de um projeto ac\u00fastico surgiu durante a pandemia, e cada uma das vers\u00f5es foram sendo criadas durante as lives solit\u00e1rias que Clemente fazia em sua casa. A banda gostou do que ouviu e quando se juntaram para tocar juntos, as m\u00fasicas tomaram forma. <em>\u201cA gente n\u00e3o queria deixar esse momento t\u00e3o importante em nossas vidas sem um registro, por isso \u00e9 um projeto, que nos dedicamos com muito carinho, pois foi um verdadeiro fio de esperan\u00e7a num momento dif\u00edcil\u201d<\/em>, lembra o vocalista, que credita o sucesso do projeto ao cuidado com os arranjos e a interpreta\u00e7\u00e3o, al\u00e9m da participa\u00e7\u00e3o de Wagner Bernardes nos teclados.<\/span><\/p>\n<\/div>\n<div data-hook=\"rcv-block15\"><\/div>\n<div data-breakout=\"normal\">\n<div id=\"viewer-lvjvf13282\" class=\"-mxsf _18nDN _3Aqk9 _26Cw2\" dir=\"auto\"><span class=\"_2hSFO\">\u00a0<\/span><\/div>\n<\/div>\n<div data-hook=\"rcv-block16\"><\/div>\n<div data-breakout=\"normal\">\n<p id=\"viewer-v51f413285\" class=\"-mxsf _18nDN _3Aqk9 _26Cw2\" dir=\"auto\"><span class=\"_2hSFO\"><strong><em>Ou\u00e7a o EP \u201cN\u00e3o Acordem a Cidade\u201d na \u00edntegra, abaixo:<\/em><\/strong><\/span><\/p>\n<p><iframe title=\"Spotify Embed: N\u00e3o Acordem a Cidade (Ac\u00fastico)\" style=\"border-radius: 12px\" width=\"100%\" height=\"352\" frameborder=\"0\" allowfullscreen allow=\"autoplay; clipboard-write; encrypted-media; fullscreen; picture-in-picture\" loading=\"lazy\" src=\"https:\/\/open.spotify.com\/embed\/album\/3nuETmO90RlG1nDvOzP7b1?si=R410onvVS621Amx9p6eSbQ&#038;utm_source=oembed\"><\/iframe><\/p>\n<p><strong>Fonte:<\/strong> Farol Music<\/p>\n<\/div>\n","protected":false},"excerpt":{"rendered":"<p>Foto:\u00a0Alexandre Wittboldt Uma pr\u00e9via do projeto ac\u00fastico do Inocentes foi lan\u00e7ada nessa ter\u00e7a-feira (25). O EP \u201cN\u00e3o Acordem a Cidade\u201d, de 5 faixas, adianta o que vir\u00e1 no \u00e1lbum \u201cAntes do Fim\u201d, previsto pelo selo Red Star Records para ser lan\u00e7ado em LP no in\u00edcio de agosto Produzido por Henrique Khoury, \u201cN\u00e3o Acordem a Cidade\u201d [&hellip;]<\/p>\n","protected":false},"author":12,"featured_media":23147,"comment_status":"closed","ping_status":"open","sticky":false,"template":"","format":"standard","meta":{"footnotes":""},"categories":[4],"tags":[],"class_list":["post-23146","post","type-post","status-publish","format-standard","has-post-thumbnail","hentry","category-noticias"],"_links":{"self":[{"href":"http:\/\/heavymetalonline.com.br\/index.php?rest_route=\/wp\/v2\/posts\/23146","targetHints":{"allow":["GET"]}}],"collection":[{"href":"http:\/\/heavymetalonline.com.br\/index.php?rest_route=\/wp\/v2\/posts"}],"about":[{"href":"http:\/\/heavymetalonline.com.br\/index.php?rest_route=\/wp\/v2\/types\/post"}],"author":[{"embeddable":true,"href":"http:\/\/heavymetalonline.com.br\/index.php?rest_route=\/wp\/v2\/users\/12"}],"replies":[{"embeddable":true,"href":"http:\/\/heavymetalonline.com.br\/index.php?rest_route=%2Fwp%2Fv2%2Fcomments&post=23146"}],"version-history":[{"count":1,"href":"http:\/\/heavymetalonline.com.br\/index.php?rest_route=\/wp\/v2\/posts\/23146\/revisions"}],"predecessor-version":[{"id":23148,"href":"http:\/\/heavymetalonline.com.br\/index.php?rest_route=\/wp\/v2\/posts\/23146\/revisions\/23148"}],"wp:featuredmedia":[{"embeddable":true,"href":"http:\/\/heavymetalonline.com.br\/index.php?rest_route=\/wp\/v2\/media\/23147"}],"wp:attachment":[{"href":"http:\/\/heavymetalonline.com.br\/index.php?rest_route=%2Fwp%2Fv2%2Fmedia&parent=23146"}],"wp:term":[{"taxonomy":"category","embeddable":true,"href":"http:\/\/heavymetalonline.com.br\/index.php?rest_route=%2Fwp%2Fv2%2Fcategories&post=23146"},{"taxonomy":"post_tag","embeddable":true,"href":"http:\/\/heavymetalonline.com.br\/index.php?rest_route=%2Fwp%2Fv2%2Ftags&post=23146"}],"curies":[{"name":"wp","href":"https:\/\/api.w.org\/{rel}","templated":true}]}}