{"id":23204,"date":"2024-06-26T13:35:46","date_gmt":"2024-06-26T13:35:46","guid":{"rendered":"http:\/\/heavymetalonline.com.br\/?p=23204"},"modified":"2024-06-26T13:35:46","modified_gmt":"2024-06-26T13:35:46","slug":"coala-festival-revela-line-up-completo-de-sabado-com-shows-de-lulu-santos-os-paralamas-do-sucesso-e-mais","status":"publish","type":"post","link":"http:\/\/heavymetalonline.com.br\/?p=23204","title":{"rendered":"Coala Festival revela line-up completo de s\u00e1bado, com shows de Lulu Santos, Os Paralamas do Sucesso e mais"},"content":{"rendered":"<p><img loading=\"lazy\" decoding=\"async\" class=\"alignnone size-full wp-image-23205\" src=\"http:\/\/heavymetalonline.com.br\/wp-content\/uploads\/2024\/06\/Lulu-Santos-Paralamas-Coala.jpg\" alt=\"\" width=\"900\" height=\"900\" srcset=\"http:\/\/heavymetalonline.com.br\/wp-content\/uploads\/2024\/06\/Lulu-Santos-Paralamas-Coala.jpg 900w, http:\/\/heavymetalonline.com.br\/wp-content\/uploads\/2024\/06\/Lulu-Santos-Paralamas-Coala-500x500.jpg 500w, http:\/\/heavymetalonline.com.br\/wp-content\/uploads\/2024\/06\/Lulu-Santos-Paralamas-Coala-300x300.jpg 300w, http:\/\/heavymetalonline.com.br\/wp-content\/uploads\/2024\/06\/Lulu-Santos-Paralamas-Coala-768x768.jpg 768w, http:\/\/heavymetalonline.com.br\/wp-content\/uploads\/2024\/06\/Lulu-Santos-Paralamas-Coala-250x250.jpg 250w\" sizes=\"auto, (max-width: 900px) 100vw, 900px\" \/><\/p>\n<div class=\"nLG8d5\" data-hook=\"post-description\">\n<article class=\"blog-post-page-font\">\n<div class=\"post-content__body stSKMK\">\n<div class=\"moHCnT\">\n<div class=\"moHCnT\">\n<div class=\"fTEXDR\" data-rce-version=\"10.82.2\">\n<div class=\"x4IFd\" dir=\"ltr\" data-id=\"content-viewer\">\n<div class=\"a9sQO\">\n<div class=\"_0vybS\">\n<div data-breakout=\"normal\">\n<div data-breakout=\"normal\">\n<p id=\"viewer-10sb99213\" class=\"-mxsf _18nDN iAZ8N _26Cw2\" dir=\"auto\" style=\"text-align: center;\"><span class=\"_2hSFO\"><em>D\u00e9cima edi\u00e7\u00e3o est\u00e1 marcada para os dias 6, 7 e 8 de setembro, no<\/em><\/span><\/p>\n<\/div>\n<div style=\"text-align: center;\" data-breakout=\"normal\">\n<p id=\"viewer-b5rz39706\" class=\"-mxsf _18nDN iAZ8N _26Cw2\" dir=\"auto\"><span class=\"_2hSFO\"><em>Memorial da Am\u00e9rica Latina, em S\u00e3o Paulo, e vai reunir artistas estreantes<\/em><\/span><\/p>\n<\/div>\n<div data-breakout=\"normal\">\n<p id=\"viewer-c7ox49606\" class=\"-mxsf _18nDN iAZ8N _26Cw2\" dir=\"auto\" style=\"text-align: center;\"><span class=\"_2hSFO\"><em>no evento e nomes j\u00e1 conhecidos pelo p\u00fablico<\/em><\/span><\/p>\n<\/div>\n<p id=\"viewer-gmgmz8967\" class=\"-mxsf _18nDN _3Aqk9 _26Cw2\" dir=\"auto\"><span class=\"_2hSFO\">Uma d\u00e9cada de <strong>Coala Festival<\/strong> \u00e9 resultado de uma hist\u00f3ria escrita por muitas m\u00e3os, vozes e encontros especiais. Por isso, a celebra\u00e7\u00e3o deste marco contar\u00e1 com o gostinho doce da mem\u00f3ria afetiva de alguns shows que fazem parte desse legado. \u00c9 o caso de <strong>Tulipa Ruiz<\/strong>. A artista, que se apresentou no evento em 2017, retorna ao palco do <strong>Memorial da Am\u00e9rica Latina<\/strong> com a participa\u00e7\u00e3o especial de <strong>Criolo<\/strong>. Para al\u00e9m desta retrospectiva, o Coala anuncia<strong> Lulu Santos, Os Paralamas do Sucesso e Beb\u00e9 <\/strong>no <em>line-up<\/em> do dia <strong>7 de setembro<\/strong>, s\u00e1bado, que fica completo com as performances de <strong>Jo\u00e3o Bosco <\/strong>e de <strong>Sandra de S\u00e1, Hyldon e T\u00e1ssia Reis<\/strong>, previamente confirmadas. A d\u00e9cima edi\u00e7\u00e3o do Coala Festival acontece entre os dias <strong>6 e 8 de setembro<\/strong>, em <strong>S\u00e3o Paulo<\/strong>. Confira os demais nomes j\u00e1 divulgados no final deste texto. A venda de ingressos est\u00e1 aberta no site da Total Acesso (<a class=\"JzdkU veBdU\" href=\"https:\/\/www.totalacesso.com\/events\/coalafstvl2024\" target=\"_blank\" rel=\"noopener noreferrer\" data-hook=\"WebLink\"><u>acesse aqui<\/u><\/a>).<\/span><\/p>\n<\/div>\n<div data-hook=\"rcv-block6\"><\/div>\n<div data-breakout=\"normal\">\n<div id=\"viewer-0m53h3500\" class=\"-mxsf _18nDN _3Aqk9 _26Cw2\" dir=\"auto\"><span class=\"_2hSFO\">\u00a0<\/span><\/div>\n<\/div>\n<div data-hook=\"rcv-block7\"><\/div>\n<div data-breakout=\"normal\">\n<p id=\"viewer-fvy0376\" class=\"-mxsf _18nDN -pC3z _26Cw2\" dir=\"auto\"><span class=\"_2hSFO -pC3z\">Vencedora do Grammy Latino e com mais de 396 mil ouvintes mensais no <em>Spotify<\/em>, <strong>Tulipa Ruiz<\/strong> lan\u00e7ou seu \u00faltimo disco, <em>Habilidades Extraordin\u00e1rias<\/em>, em 2022. Ela preparou um repert\u00f3rio cheio de sucessos, como \u201cS\u00f3 Sei Dan\u00e7ar Com Voc\u00ea\u201d e \u201cEf\u00eamera\u201d, para esta segunda passagem pelo festival. O rapper <strong>Criolo<\/strong>, seu parceiro de longa data, subir\u00e1 ao palco para uma participa\u00e7\u00e3o especial. Ele, que participou da primeira edi\u00e7\u00e3o do Coala Festival, em 2014, e acumula mais de 1,7 milh\u00f5es de ouvintes por m\u00eas nas plataformas de \u00e1udio, est\u00e1 em turn\u00ea pelo Brasil apresentando o \u00e1lbum <em>Sobre Viver<\/em> (2022).\u00a0<\/span><\/p>\n<\/div>\n<div data-hook=\"rcv-block8\"><\/div>\n<div data-breakout=\"normal\">\n<div id=\"viewer-osx683598\" class=\"-mxsf _18nDN -pC3z _26Cw2\" dir=\"auto\"><span class=\"_2hSFO -pC3z\">\u00a0<\/span><\/div>\n<\/div>\n<div data-hook=\"rcv-block9\"><\/div>\n<div data-breakout=\"normal\">\n<p id=\"viewer-ml2na88\" class=\"-mxsf _18nDN -pC3z _26Cw2\" dir=\"auto\"><span class=\"_2hSFO -pC3z\"><em>\u201cNesta edi\u00e7\u00e3o que completamos 10 anos de hist\u00f3ria, a curadoria musical segue o DNA que constru\u00edmos ao longo da nossa trajet\u00f3ria, misturando nomes novos e consagrados. Tamb\u00e9m estamos construindo uma retrospectiva. Muitas das atra\u00e7\u00f5es que v\u00e3o tocar em 2024 j\u00e1 passaram pelo nosso palco, como Criolo, O Terno e, 5 a Seco. Estamos muito felizes com esse retorno\u201d<\/em>, diz Gabriel Andrade, s\u00f3cio-fundador e curador do Coala Festival.<\/span><\/p>\n<\/div>\n<div data-hook=\"rcv-block10\"><\/div>\n<div data-breakout=\"normal\">\n<div id=\"viewer-zdpxg3682\" class=\"-mxsf _18nDN -pC3z _26Cw2\" dir=\"auto\"><span class=\"_2hSFO -pC3z\">\u00a0<\/span><\/div>\n<\/div>\n<div data-hook=\"rcv-block11\"><\/div>\n<div data-breakout=\"normal\">\n<p id=\"viewer-n8x9f90\" class=\"-mxsf _18nDN -pC3z _26Cw2\" dir=\"auto\"><span class=\"_2hSFO -pC3z\">O resgate de nomes familiares \u00e9 mesclado a outros de peso da m\u00fasica brasileira. <strong>Lulu Santos<\/strong> \u00e9 um deles. Vencedor do Grammy Latino e do Pr\u00eamio Multishow de M\u00fasica Brasileira, o cantor far\u00e1 sua estreia no Coala da melhor forma: apresentando sua nova turn\u00ea, \u201cBar\u00edtono\u201d. Ele preparou um show de imers\u00e3o nos principais sucessos dos seus 50 anos de carreira, como \u201cTempos Modernos\u201d e \u201cToda Forma de Amor\u201d, al\u00e9m de passar por can\u00e7\u00f5es de seu novo EP, <em>Atemporal<\/em>, lan\u00e7ado neste ano.\u00a0<\/span><\/p>\n<\/div>\n<div data-hook=\"rcv-block12\"><\/div>\n<div data-breakout=\"normal\">\n<div id=\"viewer-0cusm3854\" class=\"-mxsf _18nDN -pC3z _26Cw2\" dir=\"auto\"><span class=\"_2hSFO -pC3z\">\u00a0<\/span><\/div>\n<\/div>\n<div data-hook=\"rcv-block13\"><\/div>\n<div data-breakout=\"normal\">\n<p id=\"viewer-fvvjt96\" class=\"-mxsf _18nDN -pC3z _26Cw2\" dir=\"auto\"><span class=\"_2hSFO -pC3z\">Com 42 anos de estrada, o trio <strong>Os Paralamas do Sucesso<\/strong>, formado por Herbert Vianna (guitarra e voz), Bi Ribeiro (baixo) e Jo\u00e3o Barone (bateria), tamb\u00e9m subir\u00e1 ao palco do evento pela primeira vez. Vencedor de oito pr\u00eamios Grammy Latino, o grupo est\u00e1 viajando pelo Brasil com a turn\u00ea \u201cParalamas Cl\u00e1ssicos\u201d. O p\u00fablico do Coala pode esperar por um repert\u00f3rio com diversos hits, como \u201cLanterna dos Afogados\u201d, \u201cAonde Quer Que Eu V\u00e1\u201d e \u201cMeu Erro\u201d.<\/span><\/p>\n<\/div>\n<div data-hook=\"rcv-block14\"><\/div>\n<div data-breakout=\"normal\">\n<div id=\"viewer-gs9he3941\" class=\"-mxsf _18nDN -pC3z _26Cw2\" dir=\"auto\"><span class=\"_2hSFO -pC3z\">\u00a0<\/span><\/div>\n<\/div>\n<div data-hook=\"rcv-block15\"><\/div>\n<div data-breakout=\"normal\">\n<p id=\"viewer-plmil100\" class=\"-mxsf _18nDN -pC3z _26Cw2\" dir=\"auto\"><span class=\"_2hSFO -pC3z\">Por fim, mantendo a tradi\u00e7\u00e3o de ressaltar nomes em ascens\u00e3o no cen\u00e1rio musical, <strong>Beb\u00e9 <\/strong>completa a lista de novas atra\u00e7\u00f5es para o s\u00e1bado, segundo dia de shows do Coala. A artista, que se destacou no R&amp;B em 2021, e foi considerada pela imprensa nacional como uma das \u201c10 cantoras que v\u00e3o mudar o cen\u00e1rio da m\u00fasica brasileira\u201d, vai explorar toda a profundidade de seu novo \u00e1lbum, <em>SALVE-SE!,<\/em> lan\u00e7ado neste ano pelo selo Coala Records.\u00a0<\/span><\/p>\n<\/div>\n<div data-hook=\"rcv-block16\"><\/div>\n<div data-breakout=\"normal\">\n<p id=\"viewer-vqwn1106\" class=\"-mxsf _18nDN -pC3z _26Cw2\" dir=\"auto\"><span class=\"_2hSFO -pC3z\">Apresentado pela Amstel, o Coala Festival 2024 tem Elo como meio de pagamento oficial. O evento tem Ch\u00e1s Le\u00e3o como patrocinador e possui o apoio de Jameson, Chilli Beans, Natura e Amstel Vibes. Red Bull \u00e9 o energ\u00e9tico oficial. Participam ainda: Crystal, UMBRO, Altafonte, BOA Music Rights e Bullguer.\u00a0<\/span><\/p>\n<\/div>\n<div data-hook=\"rcv-block17\"><\/div>\n<div data-breakout=\"normal\">\n<div id=\"viewer-5rvdt4031\" class=\"-mxsf _18nDN -pC3z _26Cw2\" dir=\"auto\"><span class=\"_2hSFO -pC3z\">\u00a0<\/span><\/div>\n<\/div>\n<div data-hook=\"rcv-block18\"><\/div>\n<div data-breakout=\"normal\">\n<p id=\"viewer-176jv108\" class=\"-mxsf _18nDN -pC3z _26Cw2\" dir=\"auto\"><span class=\"_2hSFO -pC3z\">Em breve, mais novidades sobre o evento ser\u00e3o divulgadas.\u00a0<\/span><\/p>\n<\/div>\n<div data-hook=\"rcv-block19\"><\/div>\n<div data-breakout=\"normal\">\n<p id=\"viewer-ee7rh110\" class=\"-mxsf _18nDN -pC3z _26Cw2\" dir=\"auto\"><span class=\"_2hSFO -pC3z\">\u00a0<\/span><\/p>\n<\/div>\n<div data-hook=\"rcv-block20\"><\/div>\n<div data-breakout=\"normal\">\n<p id=\"viewer-6eprd112\" class=\"-mxsf _18nDN -pC3z _26Cw2\" dir=\"auto\"><span class=\"_2hSFO -pC3z\"><strong>LINE-UP J\u00c1 CONFIRMADO:<\/strong><\/span><\/p>\n<\/div>\n<div data-breakout=\"normal\">\n<p id=\"viewer-8avbs4118\" class=\"-mxsf _18nDN -pC3z _26Cw2\" dir=\"auto\"><span class=\"_2hSFO -pC3z\"><strong>SEXTA-FEIRA, 6 de setembro<\/strong><\/span><\/p>\n<\/div>\n<div data-breakout=\"normal\">\n<p id=\"viewer-kuap74208\" class=\"-mxsf _18nDN -pC3z _26Cw2\" dir=\"auto\"><span class=\"_2hSFO -pC3z\">O Terno<\/span><\/p>\n<\/div>\n<div data-hook=\"rcv-block23\"><\/div>\n<div data-breakout=\"normal\">\n<div id=\"viewer-240f14298\" class=\"-mxsf _18nDN -pC3z _26Cw2\" dir=\"auto\"><span class=\"_2hSFO -pC3z\">\u00a0<\/span><\/div>\n<\/div>\n<div data-hook=\"rcv-block24\"><\/div>\n<div data-breakout=\"normal\">\n<p id=\"viewer-9clx7115\" class=\"-mxsf _18nDN -pC3z _26Cw2\" dir=\"auto\"><span class=\"_2hSFO -pC3z\"><strong>S\u00c1BADO, 7 de setembro<\/strong><\/span><\/p>\n<\/div>\n<div data-breakout=\"normal\">\n<p id=\"viewer-7ksjm4384\" class=\"-mxsf _18nDN -pC3z _26Cw2\" dir=\"auto\"><span class=\"_2hSFO -pC3z\">Lulu Santos<\/span><\/p>\n<\/div>\n<div data-breakout=\"normal\">\n<p id=\"viewer-mgrmw4470\" class=\"-mxsf _18nDN -pC3z _26Cw2\" dir=\"auto\"><span class=\"_2hSFO -pC3z\">Os Paralamas do Sucesso<\/span><\/p>\n<\/div>\n<div data-breakout=\"normal\">\n<p id=\"viewer-1367p4557\" class=\"-mxsf _18nDN -pC3z _26Cw2\" dir=\"auto\"><span class=\"_2hSFO -pC3z\">Beb\u00e9<\/span><\/p>\n<\/div>\n<div data-breakout=\"normal\">\n<p id=\"viewer-isro34822\" class=\"-mxsf _18nDN -pC3z _26Cw2\" dir=\"auto\"><span class=\"_2hSFO -pC3z\">Tulipa Ruiz com participa\u00e7\u00e3o de Criolo<\/span><\/p>\n<\/div>\n<div data-breakout=\"normal\">\n<p id=\"viewer-sfvfx4645\" class=\"-mxsf _18nDN -pC3z _26Cw2\" dir=\"auto\"><span class=\"_2hSFO -pC3z\">Jo\u00e3o Bosc<\/span><\/p>\n<\/div>\n<div data-breakout=\"normal\">\n<p id=\"viewer-anz8g4734\" class=\"-mxsf _18nDN -pC3z _26Cw2\" dir=\"auto\"><span class=\"_2hSFO -pC3z\">Sandra de S\u00e1,<\/span><\/p>\n<\/div>\n<div data-breakout=\"normal\">\n<p id=\"viewer-2zy974915\" class=\"-mxsf _18nDN -pC3z _26Cw2\" dir=\"auto\"><span class=\"_2hSFO -pC3z\">Hyldon e T\u00e1ssia Reis<\/span><\/p>\n<\/div>\n<div data-hook=\"rcv-block32\"><\/div>\n<div data-breakout=\"normal\">\n<div id=\"viewer-agm6x5187\" class=\"-mxsf _18nDN -pC3z _26Cw2\" dir=\"auto\"><span class=\"_2hSFO -pC3z\">\u00a0<\/span><\/div>\n<\/div>\n<div data-hook=\"rcv-block33\"><\/div>\n<div data-breakout=\"normal\">\n<p id=\"viewer-3zkuj118\" class=\"-mxsf _18nDN -pC3z _26Cw2\" dir=\"auto\"><span class=\"_2hSFO -pC3z\"><strong>DOMINGO, 8 de setembro<\/strong><\/span><\/p>\n<\/div>\n<div data-breakout=\"normal\">\n<p id=\"viewer-1x1zn5279\" class=\"-mxsf _18nDN -pC3z _26Cw2\" dir=\"auto\"><span class=\"_2hSFO -pC3z\">5 a Seco<\/span><\/p>\n<\/div>\n<div data-breakout=\"normal\">\n<p id=\"viewer-ye4o95371\" class=\"-mxsf _18nDN -pC3z _26Cw2\" dir=\"auto\"><span class=\"_2hSFO -pC3z\">Xande canta Caetan<\/span><\/p>\n<\/div>\n<div data-breakout=\"normal\">\n<p id=\"viewer-no3zw5464\" class=\"-mxsf _18nDN -pC3z _26Cw2\" dir=\"auto\"><span class=\"_2hSFO -pC3z\">Mariana Aydar e Mestrinho<\/span><\/p>\n<\/div>\n<div data-hook=\"rcv-block37\"><\/div>\n<div data-breakout=\"normal\">\n<div id=\"viewer-mt6v75558\" class=\"-mxsf _18nDN -pC3z _26Cw2\" dir=\"auto\"><span class=\"_2hSFO -pC3z\">\u00a0<\/span><\/div>\n<\/div>\n<div data-hook=\"rcv-block38\"><\/div>\n<div data-breakout=\"normal\">\n<p id=\"viewer-vff33121\" class=\"-mxsf _18nDN -pC3z _26Cw2\" dir=\"auto\"><span class=\"_2hSFO -pC3z\"><strong>SERVI\u00c7O<\/strong><\/span><\/p>\n<\/div>\n<div data-breakout=\"normal\">\n<p id=\"viewer-wqmuk5652\" class=\"-mxsf _18nDN -pC3z _26Cw2\" dir=\"auto\"><span class=\"_2hSFO -pC3z\"><strong>Coala Festival 2024<\/strong><\/span><\/p>\n<\/div>\n<div data-breakout=\"normal\">\n<p id=\"viewer-t0myx5747\" class=\"-mxsf _18nDN -pC3z _26Cw2\" dir=\"auto\"><span class=\"_2hSFO -pC3z\"><strong>Datas: <\/strong>6, 7 e 8 de setembro (sexta, s\u00e1bado e domingo)<\/span><\/p>\n<\/div>\n<div data-breakout=\"normal\">\n<p id=\"viewer-cfwgj5844\" class=\"-mxsf _18nDN -pC3z _26Cw2\" dir=\"auto\"><span class=\"_2hSFO -pC3z\"><strong>Local: <\/strong>Memorial da Am\u00e9rica Latina &#8211; Av. M\u00e1rio de Andrade, 664 &#8211; Barra Funda &#8211; S\u00e3o Paulo\/SP<\/span><\/p>\n<\/div>\n<div data-hook=\"rcv-block42\"><\/div>\n<div data-breakout=\"normal\">\n<div id=\"viewer-ruaku5941\" class=\"-mxsf _18nDN -pC3z _26Cw2\" dir=\"auto\"><span class=\"_2hSFO -pC3z\">\u00a0<\/span><\/div>\n<\/div>\n<div data-hook=\"rcv-block43\"><\/div>\n<div data-breakout=\"normal\">\n<p id=\"viewer-dtko86036\" class=\"-mxsf _18nDN -pC3z _26Cw2\" dir=\"auto\"><span class=\"_2hSFO -pC3z\"><strong>Valores:<\/strong>\u00a0<\/span><\/p>\n<\/div>\n<div data-breakout=\"normal\">\n<ul class=\"QZ9nh _3Aqk9\">\n<li class=\"XGI5V\" dir=\"auto\">\n<p id=\"viewer-qt6m2130\" class=\"-mxsf _18nDN _3Aqk9 _26Cw2\" dir=\"\"><span class=\"_2hSFO\">Inteira (entrada para um dia): R$280,00<\/span><\/p>\n<\/li>\n<li class=\"XGI5V\" dir=\"auto\">\n<p id=\"viewer-bif6j133\" class=\"-mxsf _18nDN _3Aqk9 _26Cw2\" dir=\"\"><span class=\"_2hSFO\">Solid\u00e1ria (entrada para um dia): R$170,00\u00a0<\/span><\/p>\n<\/li>\n<li class=\"XGI5V\" dir=\"auto\">\n<p id=\"viewer-tvruu136\" class=\"-mxsf _18nDN _3Aqk9 _26Cw2\" dir=\"\"><span class=\"_2hSFO\">Meia-entrada (entrada para um dia): R$140,00<\/span><\/p>\n<\/li>\n<li class=\"XGI5V\" dir=\"auto\">\n<p id=\"viewer-ffy7h139\" class=\"-mxsf _18nDN _3Aqk9 _26Cw2\" dir=\"\"><span class=\"_2hSFO\">Passe para tr\u00eas dias: R$ 380,00<\/span><\/p>\n<\/li>\n<li class=\"XGI5V\" dir=\"auto\">\n<p id=\"viewer-qqfxc142\" class=\"-mxsf _18nDN _3Aqk9 _26Cw2\" dir=\"\"><span class=\"_2hSFO\">Passe para dois dias: R$ 270,00<\/span><\/p>\n<\/li>\n<li class=\"XGI5V\" dir=\"auto\">\n<p id=\"viewer-a1as3145\" class=\"-mxsf _18nDN _3Aqk9 _26Cw2\" dir=\"\"><span class=\"_2hSFO\">Cliente Elo &#8211; Passe para tr\u00eas dias: R$ 370,00<\/span><\/p>\n<\/li>\n<li class=\"XGI5V\" dir=\"auto\">\n<p id=\"viewer-w0pif148\" class=\"-mxsf _18nDN _3Aqk9 _26Cw2\" dir=\"\"><span class=\"_2hSFO\">Cliente Elo &#8211; Passe para dois dias: R$ 260,00<\/span><\/p>\n<\/li>\n<\/ul>\n<\/div>\n<div data-breakout=\"normal\">\n<p id=\"viewer-okxhc150\" class=\"-mxsf _18nDN -pC3z _26Cw2\" dir=\"auto\"><span class=\"_2hSFO -pC3z\"><strong>Ingressos:<\/strong> <a class=\"JzdkU veBdU\" href=\"https:\/\/www.totalacesso.com\/events\/coalafstvl2024\" target=\"_blank\" rel=\"noopener noreferrer\" data-hook=\"WebLink\"><u>https:\/\/www.totalacesso.com\/events\/coalafstvl2024<\/u><\/a><a class=\"JzdkU veBdU\" href=\"https:\/\/www.totalacesso.com\/events\/coalafstvl2024\" target=\"_blank\" rel=\"noopener noreferrer\" data-hook=\"WebLink\"><u>\u00a0<\/u><\/a><\/span><\/p>\n<\/div>\n<div data-hook=\"rcv-block46\"><\/div>\n<div data-breakout=\"normal\">\n<div id=\"viewer-a0q5b6144\" class=\"-mxsf _18nDN -pC3z _26Cw2\" dir=\"auto\"><span class=\"_2hSFO -pC3z\">\u00a0<\/span><\/div>\n<\/div>\n<div data-hook=\"rcv-block47\"><\/div>\n<div data-breakout=\"normal\">\n<p id=\"viewer-ka8kt155\" class=\"-mxsf _18nDN -pC3z _26Cw2\" dir=\"auto\"><span class=\"_2hSFO -pC3z\"><strong>SOBRE O COALA FESTIVAL<\/strong><\/span><\/p>\n<\/div>\n<div data-breakout=\"normal\">\n<p id=\"viewer-m4rnz6240\" class=\"-mxsf _18nDN -pC3z _26Cw2\" dir=\"auto\"><span class=\"_2hSFO -pC3z\">O Coala Festival surgiu em 2014 com a proposta de reverenciar os grandes nomes da nossa m\u00fasica e abrir caminhos para a nova gera\u00e7\u00e3o. Ao longo desses 10 anos de exist\u00eancia, o Coala se transformou em uma marca, o Coala Music, um ecossistema musical que atua em diversas frentes: festival, gravadora, n\u00facleo de gerenciamento de carreira de artistas, ag\u00eancia criativa, canal de conte\u00fado digital e consultoria. Em 2024, o Coala Festival expandiu sua atua\u00e7\u00e3o com a primeira edi\u00e7\u00e3o fora do Brasil, em Cascais, Portugal.<\/span><\/p>\n<\/div>\n<div data-hook=\"rcv-block49\"><\/div>\n<div data-breakout=\"normal\">\n<div id=\"viewer-j95ln6336\" class=\"-mxsf _18nDN -pC3z _26Cw2\" dir=\"auto\"><span class=\"_2hSFO -pC3z\">\u00a0<\/span><\/div>\n<\/div>\n<div data-hook=\"rcv-block50\"><\/div>\n<div data-breakout=\"normal\">\n<p id=\"viewer-d3fwp6431\" class=\"-mxsf _18nDN -pC3z _26Cw2\" dir=\"auto\"><span class=\"_2hSFO -pC3z\"><strong>Fonte: <\/strong>Trovoa Comunica\u00e7\u00e3o<\/span><\/p>\n<\/div>\n<div data-hook=\"rcv-block51\"><\/div>\n<\/div>\n<div data-hook=\"rcv-block-last\"><\/div>\n<\/div>\n<\/div>\n<\/div>\n<\/div>\n<\/div>\n<\/div>\n<\/article>\n<\/div>\n<div class=\"BL3dva\"><\/div>\n","protected":false},"excerpt":{"rendered":"<p>D\u00e9cima edi\u00e7\u00e3o est\u00e1 marcada para os dias 6, 7 e 8 de setembro, no Memorial da Am\u00e9rica Latina, em S\u00e3o Paulo, e vai reunir artistas estreantes no evento e nomes j\u00e1 conhecidos pelo p\u00fablico Uma d\u00e9cada de Coala Festival \u00e9 resultado de uma hist\u00f3ria escrita por muitas m\u00e3os, vozes e encontros especiais. Por isso, a [&hellip;]<\/p>\n","protected":false},"author":12,"featured_media":23205,"comment_status":"closed","ping_status":"open","sticky":false,"template":"","format":"standard","meta":{"footnotes":""},"categories":[4],"tags":[],"class_list":["post-23204","post","type-post","status-publish","format-standard","has-post-thumbnail","hentry","category-noticias"],"_links":{"self":[{"href":"http:\/\/heavymetalonline.com.br\/index.php?rest_route=\/wp\/v2\/posts\/23204","targetHints":{"allow":["GET"]}}],"collection":[{"href":"http:\/\/heavymetalonline.com.br\/index.php?rest_route=\/wp\/v2\/posts"}],"about":[{"href":"http:\/\/heavymetalonline.com.br\/index.php?rest_route=\/wp\/v2\/types\/post"}],"author":[{"embeddable":true,"href":"http:\/\/heavymetalonline.com.br\/index.php?rest_route=\/wp\/v2\/users\/12"}],"replies":[{"embeddable":true,"href":"http:\/\/heavymetalonline.com.br\/index.php?rest_route=%2Fwp%2Fv2%2Fcomments&post=23204"}],"version-history":[{"count":1,"href":"http:\/\/heavymetalonline.com.br\/index.php?rest_route=\/wp\/v2\/posts\/23204\/revisions"}],"predecessor-version":[{"id":23206,"href":"http:\/\/heavymetalonline.com.br\/index.php?rest_route=\/wp\/v2\/posts\/23204\/revisions\/23206"}],"wp:featuredmedia":[{"embeddable":true,"href":"http:\/\/heavymetalonline.com.br\/index.php?rest_route=\/wp\/v2\/media\/23205"}],"wp:attachment":[{"href":"http:\/\/heavymetalonline.com.br\/index.php?rest_route=%2Fwp%2Fv2%2Fmedia&parent=23204"}],"wp:term":[{"taxonomy":"category","embeddable":true,"href":"http:\/\/heavymetalonline.com.br\/index.php?rest_route=%2Fwp%2Fv2%2Fcategories&post=23204"},{"taxonomy":"post_tag","embeddable":true,"href":"http:\/\/heavymetalonline.com.br\/index.php?rest_route=%2Fwp%2Fv2%2Ftags&post=23204"}],"curies":[{"name":"wp","href":"https:\/\/api.w.org\/{rel}","templated":true}]}}