{"id":23234,"date":"2024-06-27T14:05:05","date_gmt":"2024-06-27T14:05:05","guid":{"rendered":"http:\/\/heavymetalonline.com.br\/?p=23234"},"modified":"2024-06-27T14:05:05","modified_gmt":"2024-06-27T14:05:05","slug":"over-rage-estreia-com-single-shadows-of-the-condemned","status":"publish","type":"post","link":"http:\/\/heavymetalonline.com.br\/?p=23234","title":{"rendered":"Over Rage estreia com single &#8216;Shadows of the Condemned&#8217;"},"content":{"rendered":"<div data-breakout=\"normal\">\n<div data-breakout=\"normal\">\n<p id=\"viewer-2r6v26643\" class=\"bbl5c dkFHG -bt26 _-7CKp\" dir=\"auto\" style=\"text-align: center;\"><span class=\"zKS-7\"><em>Dispon\u00edvel nas plataformas de streaming e em lyric video, faixa integra o <\/em><\/span><\/p>\n<\/div>\n<div style=\"text-align: center;\" data-hook=\"rcv-block3\">\u00a0<em>EP &#8220;Visions of the Abyss pt. 1&#8221;, que sair\u00e1 at\u00e9 o final do ano<\/em><\/div>\n<p id=\"viewer-rzr6u6550\" class=\"bbl5c dkFHG _8UBmS _-7CKp\" dir=\"auto\"><span class=\"zKS-7\">A m\u00fasica <strong>&#8220;Shadows of the Condemned&#8221;<\/strong>, dispon\u00edvel nas plataformas de streaming e em lyric video, marca a estreia do<strong> Over Rage<\/strong>, projeto capitaneado pelo guitarrista Aloisio Mello. Produzido por Rafael Gomes na AudioFB, o primeiro single do EP &#8220;Visions of the Abyss pt. 1&#8221;, que ser\u00e1 lan\u00e7ado at\u00e9 o final do ano, contou com a presen\u00e7a de Fernando Kolmar &#8220;Feu&#8221; (vocal), Bruno Luiz (guitarra, Gloria Perpetua, The Heathen Sc\u00ffthe, Command6 e Stormsons), Rich Gray (baixo, Annihilator), Felipe Milk (bateria e orquestra), al\u00e9m de Aloisio Mello. <em>&#8220;Ter a oportunidade de ter m\u00fasicos incrivelmente talentosos como Bruno Luiz, Felipe Milk, Fernando Kolmar e Rich Gray (Annihilator) colaborando com o projeto, sob a produ\u00e7\u00e3o impec\u00e1vel de Rafael Gomes da AudioFB, elevou ainda mais nosso trabalho. Este projeto n\u00e3o \u00e9 apenas um conjunto de m\u00fasicas, mas uma pe\u00e7a do nosso cora\u00e7\u00e3o e alma traduzida em sons e palavras. &#8216;Shadows of the Condemned&#8217; \u00e9 apenas o come\u00e7o de algo maior, e estou ansioso para ver onde essa jornada nos levar\u00e1&#8221;<\/em>, ilustra o guitarrista Aloisio Mello.<\/span><\/p>\n<\/div>\n<div data-hook=\"rcv-block5\"><\/div>\n<div data-breakout=\"normal\">\n<div id=\"viewer-ig4k04411\" class=\"bbl5c dkFHG _8UBmS _-7CKp\" dir=\"auto\"><span class=\"zKS-7\">\u00a0<\/span><\/div>\n<\/div>\n<div data-hook=\"rcv-block6\"><\/div>\n<div data-breakout=\"normal\">\n<p id=\"viewer-b0bat4412\" class=\"bbl5c dkFHG _8UBmS _-7CKp\" dir=\"auto\"><span class=\"zKS-7\">Al\u00e9m do estilo focado no heavy e thrash metal, o arranjo orquestral adiciona um clima misterioso e dram\u00e1tico em <strong>&#8220;Shadows of the Condemned&#8221;<\/strong>, indo de encontro \u00e0 tem\u00e1tica, que explora temas profundos e sombrios de reden\u00e7\u00e3o, condena\u00e7\u00e3o e luta interna. Ela narra a jornada de um indiv\u00edduo que enfrenta seus dem\u00f4nios internos e lida com culpa e arrependimento. Met\u00e1foras poderosas e imagens evocativas descrevem a batalha contra a escurid\u00e3o interna e a busca pela luz e reden\u00e7\u00e3o.<\/span><\/p>\n<\/div>\n<div data-hook=\"rcv-block7\"><\/div>\n<div data-breakout=\"normal\">\n<div id=\"viewer-jqt044415\" class=\"bbl5c dkFHG _8UBmS _-7CKp\" dir=\"auto\"><span class=\"zKS-7\">\u00a0<\/span><\/div>\n<\/div>\n<div data-hook=\"rcv-block8\"><\/div>\n<div data-breakout=\"normal\">\n<p id=\"viewer-bpmxp4416\" class=\"bbl5c dkFHG _8UBmS _-7CKp\" dir=\"auto\"><span class=\"zKS-7\"><em>&#8220;Para mim, este projeto \u00e9 particularmente significativo, pois representa minha pr\u00f3pria jornada pessoal de supera\u00e7\u00e3o da depress\u00e3o. Houve momentos em que a escurid\u00e3o parecia insuport\u00e1vel, mas encontrei for\u00e7a na m\u00fasica e na cria\u00e7\u00e3o art\u00edstica. Atrav\u00e9s desse processo, consegui transformar a dor em algo belo e significativo. Quero que nossas m\u00fasicas ofere\u00e7am a mesma esperan\u00e7a e conforto para aqueles que est\u00e3o enfrentando suas pr\u00f3prias batalhas internas&#8221;<\/em>, detalha Mello.<\/span><\/p>\n<\/div>\n<div data-hook=\"rcv-block9\"><\/div>\n<div data-breakout=\"normal\">\n<div id=\"viewer-2ytnc4419\" class=\"bbl5c dkFHG _8UBmS _-7CKp\" dir=\"auto\"><span class=\"zKS-7\">\u00a0<\/span><\/div>\n<\/div>\n<div data-hook=\"rcv-block10\"><\/div>\n<div data-breakout=\"normal\">\n<p id=\"viewer-yr3il4420\" class=\"bbl5c dkFHG _8UBmS _-7CKp\" dir=\"auto\"><span class=\"zKS-7\">Confira o lyric video de <strong>&#8220;Shadows of the Condemned&#8221;<\/strong><\/span><\/p>\n<\/div>\n<p><iframe loading=\"lazy\" title=\"YouTube video player\" src=\"https:\/\/www.youtube.com\/embed\/hg1c3otBu5Y?si=tVXHnxJucuFn4zlz\" width=\"560\" height=\"315\" frameborder=\"0\" allowfullscreen=\"allowfullscreen\"><\/iframe><\/p>\n<p>Ou\u00e7a no Spotify :<br \/>\n<iframe loading=\"lazy\" style=\"border-radius: 12px;\" src=\"https:\/\/open.spotify.com\/embed\/track\/2NX5eL8ewqCdBEUARINQ2d?utm_source=generator\" width=\"100%\" height=\"352\" frameborder=\"0\" allowfullscreen=\"allowfullscreen\"><\/iframe><\/p>\n<div data-breakout=\"normal\">\n<p id=\"viewer-wz1494430\" class=\"bbl5c dkFHG _8UBmS _-7CKp\" dir=\"auto\"><span class=\"zKS-7\">Instagram: <a class=\"L-ZXL QZImc\" href=\"https:\/\/www.instagram.com\/overrage.official\" target=\"_blank\" rel=\"noopener\" data-hook=\"WebLink\"><u>https:\/\/www.instagram.com\/overrage.official<\/u><\/a><\/span><\/p>\n<\/div>\n<div data-breakout=\"normal\">\n<p id=\"viewer-ihbp44435\" class=\"bbl5c dkFHG _8UBmS _-7CKp\" dir=\"auto\"><span class=\"zKS-7\">E-mail: <a class=\"L-ZXL QZImc\" href=\"mailto:overrage.contato@gmail.com\" target=\"_blank\" rel=\"noopener\" data-hook=\"WebLink\"><u>overrage.contato@gmail.com<\/u><\/a><\/span><\/p>\n<\/div>\n<div data-hook=\"rcv-block18\"><\/div>\n<div data-breakout=\"normal\">\n<div id=\"viewer-2grss5035\" class=\"bbl5c dkFHG _8UBmS _-7CKp\" dir=\"auto\"><span class=\"zKS-7\">\u00a0<\/span><\/div>\n<\/div>\n<div data-hook=\"rcv-block19\"><\/div>\n<div data-breakout=\"normal\">\n<p id=\"viewer-5rtx74438\" class=\"bbl5c dkFHG _8UBmS _-7CKp\" dir=\"auto\"><span class=\"zKS-7\"><strong>Fonte:<\/strong> ASE Music Press<\/span><\/p>\n<\/div>\n","protected":false},"excerpt":{"rendered":"<p>Dispon\u00edvel nas plataformas de streaming e em lyric video, faixa integra o \u00a0EP &#8220;Visions of the Abyss pt. 1&#8221;, que sair\u00e1 at\u00e9 o final do ano A m\u00fasica &#8220;Shadows of the Condemned&#8221;, dispon\u00edvel nas plataformas de streaming e em lyric video, marca a estreia do Over Rage, projeto capitaneado pelo guitarrista Aloisio Mello. Produzido por [&hellip;]<\/p>\n","protected":false},"author":12,"featured_media":23235,"comment_status":"closed","ping_status":"open","sticky":false,"template":"","format":"standard","meta":{"footnotes":""},"categories":[4],"tags":[],"class_list":["post-23234","post","type-post","status-publish","format-standard","has-post-thumbnail","hentry","category-noticias"],"_links":{"self":[{"href":"http:\/\/heavymetalonline.com.br\/index.php?rest_route=\/wp\/v2\/posts\/23234","targetHints":{"allow":["GET"]}}],"collection":[{"href":"http:\/\/heavymetalonline.com.br\/index.php?rest_route=\/wp\/v2\/posts"}],"about":[{"href":"http:\/\/heavymetalonline.com.br\/index.php?rest_route=\/wp\/v2\/types\/post"}],"author":[{"embeddable":true,"href":"http:\/\/heavymetalonline.com.br\/index.php?rest_route=\/wp\/v2\/users\/12"}],"replies":[{"embeddable":true,"href":"http:\/\/heavymetalonline.com.br\/index.php?rest_route=%2Fwp%2Fv2%2Fcomments&post=23234"}],"version-history":[{"count":1,"href":"http:\/\/heavymetalonline.com.br\/index.php?rest_route=\/wp\/v2\/posts\/23234\/revisions"}],"predecessor-version":[{"id":23236,"href":"http:\/\/heavymetalonline.com.br\/index.php?rest_route=\/wp\/v2\/posts\/23234\/revisions\/23236"}],"wp:featuredmedia":[{"embeddable":true,"href":"http:\/\/heavymetalonline.com.br\/index.php?rest_route=\/wp\/v2\/media\/23235"}],"wp:attachment":[{"href":"http:\/\/heavymetalonline.com.br\/index.php?rest_route=%2Fwp%2Fv2%2Fmedia&parent=23234"}],"wp:term":[{"taxonomy":"category","embeddable":true,"href":"http:\/\/heavymetalonline.com.br\/index.php?rest_route=%2Fwp%2Fv2%2Fcategories&post=23234"},{"taxonomy":"post_tag","embeddable":true,"href":"http:\/\/heavymetalonline.com.br\/index.php?rest_route=%2Fwp%2Fv2%2Ftags&post=23234"}],"curies":[{"name":"wp","href":"https:\/\/api.w.org\/{rel}","templated":true}]}}