{"id":23241,"date":"2024-06-27T19:47:34","date_gmt":"2024-06-27T19:47:34","guid":{"rendered":"http:\/\/heavymetalonline.com.br\/?p=23241"},"modified":"2024-06-27T19:47:34","modified_gmt":"2024-06-27T19:47:34","slug":"cpm-22-lanca-o-album-enfrente-na-audio","status":"publish","type":"post","link":"http:\/\/heavymetalonline.com.br\/?p=23241","title":{"rendered":"CPM 22 lan\u00e7a o \u00e1lbum Enfrente na Audio"},"content":{"rendered":"<div data-breakout=\"normal\">\n<pre id=\"viewer-wmv763244\" class=\"XMObC aPDpJ _8UBmS\" dir=\"auto\"><span class=\"\">Cr\u00e9dito: L\u00e9o Muniz<\/span><\/pre>\n<p id=\"viewer-79r5b3063\" class=\"bbl5c dkFHG _8UBmS _-7CKp\" dir=\"auto\"><span class=\"zKS-7\">No <strong>s\u00e1bado<\/strong>, <strong>13 de julho<\/strong>, Dia Mundial do Rock, a banda <strong>CPM 22<\/strong> se apresenta na <strong>Audio<\/strong>, em S\u00e3o Paulo, com o show de lan\u00e7amento do novo \u00e1lbum Enfrente. Os ingressos est\u00e3o \u00e0 venda pelo site <a class=\"L-ZXL QZImc\" href=\"https:\/\/www.ticket360.com.br\/ingressos\/28563\/ingressos-para-cpm22-show-de-lancamento-do-novo-album\" target=\"_blank\" rel=\"noopener noreferrer\" data-hook=\"WebLink\"><u>Ticket 360<\/u><\/a>.<\/span><\/p>\n<\/div>\n<div data-hook=\"rcv-block4\"><\/div>\n<div data-breakout=\"normal\">\n<div id=\"viewer-yc090627\" class=\"bbl5c dkFHG _8UBmS _-7CKp\" dir=\"auto\"><span class=\"zKS-7\">\u00a0<\/span><\/div>\n<\/div>\n<div data-hook=\"rcv-block5\"><\/div>\n<div data-breakout=\"normal\">\n<p id=\"viewer-qyo0c542\" class=\"bbl5c dkFHG _8UBmS _-7CKp\" dir=\"auto\"><span class=\"zKS-7\">Enfrente, oitavo trabalho de est\u00fadio do CPM 22, traz 14 faixas autorais que refletem a sonoridade e influ\u00eancias que, em quase 30 anos de carreira, tornaram o CPM 22 uma refer\u00eancia no rock nacional.\u00a0<\/span><\/p>\n<\/div>\n<div data-hook=\"rcv-block6\"><\/div>\n<div data-breakout=\"normal\">\n<div id=\"viewer-ntmgp22\" class=\"bbl5c dkFHG _8UBmS _-7CKp\" dir=\"auto\"><span class=\"zKS-7\">\u00a0<\/span><\/div>\n<\/div>\n<div data-hook=\"rcv-block7\"><\/div>\n<div data-breakout=\"normal\">\n<p id=\"viewer-5cfco27\" class=\"bbl5c dkFHG _8UBmS _-7CKp\" dir=\"auto\"><span class=\"zKS-7\">Produzido por Luciano Garcia e Ali Zaher Jr., o \u00e1lbum aborda hist\u00f3rias e experi\u00eancias pessoais, a era digital e a pandemia, per\u00edodo no qual o \u00e1lbum come\u00e7ou a ser composto.<\/span><\/p>\n<\/div>\n<div data-hook=\"rcv-block8\"><\/div>\n<div data-breakout=\"normal\">\n<div id=\"viewer-f5kjn3348\" class=\"bbl5c dkFHG _8UBmS _-7CKp\" dir=\"auto\"><span class=\"zKS-7\">\u00a0<\/span><\/div>\n<\/div>\n<div data-hook=\"rcv-block9\"><\/div>\n<div data-breakout=\"normal\">\n<p id=\"viewer-oklx83393\" class=\"bbl5c dkFHG _8UBmS _-7CKp\" dir=\"auto\"><span class=\"zKS-7\"><strong><em>CPM 22 \u00e9:<\/em><\/strong><\/span><\/p>\n<\/div>\n<div data-breakout=\"normal\">\n<p id=\"viewer-ctju13553\" class=\"bbl5c dkFHG _8UBmS _-7CKp\" dir=\"auto\"><span class=\"zKS-7\"> Badaui (vocal)<\/span><\/p>\n<\/div>\n<div data-breakout=\"normal\">\n<p id=\"viewer-6pm3z3734\" class=\"bbl5c dkFHG _8UBmS _-7CKp\" dir=\"auto\"><span class=\"zKS-7\">Luciano Garcia\u00a0(guitarra)<\/span><\/p>\n<\/div>\n<div data-breakout=\"normal\">\n<p id=\"viewer-wg3y73797\" class=\"bbl5c dkFHG _8UBmS _-7CKp\" dir=\"auto\"><span class=\"zKS-7\">Phil Fargnoli (guitarra)<\/span><\/p>\n<\/div>\n<div data-breakout=\"normal\">\n<p id=\"viewer-44jom4154\" class=\"bbl5c dkFHG _8UBmS _-7CKp\" dir=\"auto\"><span class=\"zKS-7\">Ali Zaher\u00a0Jr. (baixo)<\/span><\/p>\n<\/div>\n<div data-breakout=\"normal\">\n<p id=\"viewer-0ef5r4217\" class=\"bbl5c dkFHG _8UBmS _-7CKp\" dir=\"auto\"><span class=\"zKS-7\">Daniel Siqueira\u00a0(bateria)<\/span><\/p>\n<\/div>\n<div data-hook=\"rcv-block15\"><\/div>\n<div data-breakout=\"normal\">\n<div id=\"viewer-4d9nz36\" class=\"bbl5c dkFHG _8UBmS _-7CKp\" dir=\"auto\"><span class=\"zKS-7\">\u00a0<\/span><\/div>\n<\/div>\n<div data-hook=\"rcv-block16\"><\/div>\n<div data-breakout=\"normal\">\n<p id=\"viewer-hm8c342\" class=\"bbl5c dkFHG _8UBmS _-7CKp\" dir=\"auto\"><span class=\"zKS-7\">A noite tamb\u00e9m ter\u00e1 show da banda convidada Armada.<\/span><\/p>\n<\/div>\n<div data-hook=\"rcv-block17\"><\/div>\n<div data-breakout=\"normal\">\n<div id=\"viewer-eg7mv53\" class=\"bbl5c dkFHG _8UBmS _-7CKp\" dir=\"auto\"><span class=\"zKS-7\">\u00a0<\/span><\/div>\n<\/div>\n<div data-hook=\"rcv-block18\"><\/div>\n<div data-breakout=\"normal\">\n<p id=\"viewer-0xlbw60\" class=\"bbl5c dkFHG _8UBmS _-7CKp\" dir=\"auto\"><span class=\"zKS-7\"><strong>Servi\u00e7o CPM22 &#8211; Lan\u00e7amento do \u00c1lbum ENFRENTE | Audio<\/strong><\/span><\/p>\n<\/div>\n<div data-breakout=\"normal\">\n<p id=\"viewer-wvivg66\" class=\"bbl5c dkFHG _8UBmS _-7CKp\" dir=\"auto\"><span class=\"zKS-7\"><strong>Data:<\/strong> 13 de julho (s\u00e1bado)<\/span><\/p>\n<\/div>\n<div data-breakout=\"normal\">\n<p id=\"viewer-xf1r769\" class=\"bbl5c dkFHG _8UBmS _-7CKp\" dir=\"auto\"><span class=\"zKS-7\"><strong>Abertura da casa:<\/strong> 21h<\/span><\/p>\n<\/div>\n<div data-breakout=\"normal\">\n<p id=\"viewer-k64x372\" class=\"bbl5c dkFHG _8UBmS _-7CKp\" dir=\"auto\"><span class=\"zKS-7\"><strong>Previs\u00e3o de in\u00edcio dos shows:<\/strong> 22h30 Armada \/ 23h30 CPM 22<\/span><\/p>\n<\/div>\n<div data-breakout=\"normal\">\n<p id=\"viewer-cvkqs75\" class=\"bbl5c dkFHG _8UBmS _-7CKp\" dir=\"auto\"><span class=\"zKS-7\"><strong>Classifica\u00e7\u00e3o:<\/strong> 18 anos<\/span><\/p>\n<\/div>\n<div data-breakout=\"normal\">\n<p id=\"viewer-2ion978\" class=\"bbl5c dkFHG _8UBmS _-7CKp\" dir=\"auto\"><span class=\"zKS-7\"><strong>Local:<\/strong> Audio<\/span><\/p>\n<\/div>\n<div data-breakout=\"normal\">\n<p id=\"viewer-r8y7481\" class=\"bbl5c dkFHG _8UBmS _-7CKp\" dir=\"auto\"><span class=\"zKS-7\"><strong>Endere\u00e7o:<\/strong> Av. Francisco Matarazzo, 694 &#8211; \u00c1gua Branca &#8211; SP<\/span><\/p>\n<\/div>\n<div data-breakout=\"normal\">\n<p id=\"viewer-zxn8r84\" class=\"bbl5c dkFHG _8UBmS _-7CKp\" dir=\"auto\"><span class=\"zKS-7\"><strong>Capacidade da casa:<\/strong> 3.200 pax<\/span><\/p>\n<\/div>\n<div data-breakout=\"normal\">\n<p id=\"viewer-31xiw87\" class=\"bbl5c dkFHG _8UBmS _-7CKp\" dir=\"auto\"><span class=\"zKS-7\"><strong>Acesso para deficientes:<\/strong> sim<\/span><\/p>\n<\/div>\n<div data-breakout=\"normal\">\n<p id=\"viewer-7zv8j90\" class=\"bbl5c dkFHG _8UBmS _-7CKp\" dir=\"auto\"><span class=\"zKS-7\"><strong>\u00c1rea PNE:<\/strong> sim<\/span><\/p>\n<\/div>\n<div data-breakout=\"normal\">\n<p id=\"viewer-uw98o93\" class=\"bbl5c dkFHG _8UBmS _-7CKp\" dir=\"auto\"><span class=\"zKS-7\"><strong>Local para alimenta\u00e7\u00e3o:<\/strong> sim<\/span><\/p>\n<\/div>\n<div data-breakout=\"normal\">\n<p id=\"viewer-zxs3r96\" class=\"bbl5c dkFHG _8UBmS _-7CKp\" dir=\"auto\"><span class=\"zKS-7\"><strong>Pre\u00e7o:<\/strong> Entre R$70 (meia entrada para Pista) e R$100 (entrada inteira para Mezanino)<\/span><\/p>\n<\/div>\n<div data-hook=\"rcv-block30\"><\/div>\n<div data-breakout=\"normal\">\n<div id=\"viewer-zn9841895\" class=\"bbl5c dkFHG _8UBmS _-7CKp\" dir=\"auto\"><span class=\"zKS-7\">\u00a0<\/span><\/div>\n<\/div>\n<div data-hook=\"rcv-block31\"><\/div>\n<div data-breakout=\"normal\">\n<p id=\"viewer-mj4wg99\" class=\"bbl5c dkFHG _8UBmS _-7CKp\" dir=\"auto\"><span class=\"zKS-7\"><strong>Ingressos online no site <\/strong><a class=\"L-ZXL QZImc\" href=\"https:\/\/www.ticket360.com.br\/ingressos\/28563\/ingressos-para-cpm22-show-de-lancamento-do-novo-album\" target=\"_blank\" rel=\"noopener noreferrer\" data-hook=\"WebLink\"><strong><u>Ticket 360<\/u><\/strong><\/a><\/span><\/p>\n<\/div>\n<div data-breakout=\"normal\">\n<p id=\"viewer-eukjo102\" class=\"bbl5c dkFHG _8UBmS _-7CKp\" dir=\"auto\"><span class=\"zKS-7\"><strong>Hor\u00e1rio de funcionamento bilheteria Audio:<\/strong><\/span><\/p>\n<\/div>\n<div data-breakout=\"normal\">\n<p id=\"viewer-w9cyv104\" class=\"bbl5c dkFHG _8UBmS _-7CKp\" dir=\"auto\"><span class=\"zKS-7\">segunda a sa\u0301bado (exceto feriados) das 10h a\u0300s 17h | Fechada das 13h a\u0300s 14h<\/span><\/p>\n<\/div>\n<div data-hook=\"rcv-block34\"><\/div>\n<div data-breakout=\"normal\">\n<div id=\"viewer-p88dr1942\" class=\"bbl5c dkFHG _8UBmS _-7CKp\" dir=\"auto\"><span class=\"zKS-7\">\u00a0<\/span><\/div>\n<\/div>\n<div data-hook=\"rcv-block35\"><\/div>\n<div data-breakout=\"normal\">\n<p id=\"viewer-rbgy01985\" class=\"bbl5c dkFHG _8UBmS _-7CKp\" dir=\"auto\"><span class=\"zKS-7\"><strong>Fonte<\/strong>: Catto Comunica\u00e7\u00e3o<\/span><\/p>\n<\/div>\n<div data-hook=\"rcv-block36\"><\/div>\n<div data-breakout=\"normal\"><\/div>\n","protected":false},"excerpt":{"rendered":"<p>Cr\u00e9dito: L\u00e9o Muniz No s\u00e1bado, 13 de julho, Dia Mundial do Rock, a banda CPM 22 se apresenta na Audio, em S\u00e3o Paulo, com o show de lan\u00e7amento do novo \u00e1lbum Enfrente. Os ingressos est\u00e3o \u00e0 venda pelo site Ticket 360. \u00a0 Enfrente, oitavo trabalho de est\u00fadio do CPM 22, traz 14 faixas autorais que [&hellip;]<\/p>\n","protected":false},"author":12,"featured_media":21971,"comment_status":"closed","ping_status":"open","sticky":false,"template":"","format":"standard","meta":{"footnotes":""},"categories":[4],"tags":[],"class_list":["post-23241","post","type-post","status-publish","format-standard","has-post-thumbnail","hentry","category-noticias"],"_links":{"self":[{"href":"http:\/\/heavymetalonline.com.br\/index.php?rest_route=\/wp\/v2\/posts\/23241","targetHints":{"allow":["GET"]}}],"collection":[{"href":"http:\/\/heavymetalonline.com.br\/index.php?rest_route=\/wp\/v2\/posts"}],"about":[{"href":"http:\/\/heavymetalonline.com.br\/index.php?rest_route=\/wp\/v2\/types\/post"}],"author":[{"embeddable":true,"href":"http:\/\/heavymetalonline.com.br\/index.php?rest_route=\/wp\/v2\/users\/12"}],"replies":[{"embeddable":true,"href":"http:\/\/heavymetalonline.com.br\/index.php?rest_route=%2Fwp%2Fv2%2Fcomments&post=23241"}],"version-history":[{"count":1,"href":"http:\/\/heavymetalonline.com.br\/index.php?rest_route=\/wp\/v2\/posts\/23241\/revisions"}],"predecessor-version":[{"id":23242,"href":"http:\/\/heavymetalonline.com.br\/index.php?rest_route=\/wp\/v2\/posts\/23241\/revisions\/23242"}],"wp:featuredmedia":[{"embeddable":true,"href":"http:\/\/heavymetalonline.com.br\/index.php?rest_route=\/wp\/v2\/media\/21971"}],"wp:attachment":[{"href":"http:\/\/heavymetalonline.com.br\/index.php?rest_route=%2Fwp%2Fv2%2Fmedia&parent=23241"}],"wp:term":[{"taxonomy":"category","embeddable":true,"href":"http:\/\/heavymetalonline.com.br\/index.php?rest_route=%2Fwp%2Fv2%2Fcategories&post=23241"},{"taxonomy":"post_tag","embeddable":true,"href":"http:\/\/heavymetalonline.com.br\/index.php?rest_route=%2Fwp%2Fv2%2Ftags&post=23241"}],"curies":[{"name":"wp","href":"https:\/\/api.w.org\/{rel}","templated":true}]}}