{"id":23286,"date":"2024-07-03T16:27:25","date_gmt":"2024-07-03T16:27:25","guid":{"rendered":"http:\/\/heavymetalonline.com.br\/?p=23286"},"modified":"2024-07-03T16:27:25","modified_gmt":"2024-07-03T16:27:25","slug":"aniversario-de-23-anos-kiss-fm-shows-de-ultraje-a-rigor-raimundos-365-e-normalayz","status":"publish","type":"post","link":"http:\/\/heavymetalonline.com.br\/?p=23286","title":{"rendered":"Aniversario de 23 Anos Kiss FM: Shows de Ultraje a Rigor, Raimundos, 365 e Normalayz"},"content":{"rendered":"<div class=\"nLG8d5\" data-hook=\"post-description\">\n<article class=\"blog-post-page-font\">\n<div class=\"post-content__body stSKMK\">\n<div class=\"moHCnT\">\n<div class=\"moHCnT\">\n<div class=\"fTEXDR\" data-rce-version=\"10.82.3\">\n<div class=\"ZfUG-\" dir=\"ltr\" data-id=\"content-viewer\">\n<div class=\"d5f0O\">\n<div class=\"FZS4q\">\n<div data-breakout=\"normal\">\n<p id=\"viewer-ryscp3953\" class=\"bbl5c dkFHG _8UBmS _-7CKp\" dir=\"auto\"><span class=\"zKS-7\">No pr\u00f3ximo dia 13 de julho, a partir das 19h, a<strong> Kiss FM<\/strong>, emissora de r\u00e1dio tradicional por oferecer uma programa\u00e7\u00e3o exclusivamente rock and roll, comemora, no Dia Mundial do Rock, 23 anos de hist\u00f3ria. O evento acontece no <strong>Tokio Marine Hall<\/strong>, em S\u00e3o Paulo, com as bandas Ultraje a Rigor, Raimundos, 365 e Normalayze.<\/span><\/p>\n<\/div>\n<div data-hook=\"rcv-block4\"><\/div>\n<div data-breakout=\"normal\">\n<div id=\"viewer-kehu64330\" class=\"bbl5c dkFHG _8UBmS _-7CKp\" dir=\"auto\"><span class=\"zKS-7\">\u00a0<\/span><\/div>\n<\/div>\n<div data-hook=\"rcv-block5\"><\/div>\n<div data-breakout=\"normal\">\n<p id=\"viewer-uppeq1409\" class=\"bbl5c dkFHG _8UBmS _-7CKp\" dir=\"auto\"><span class=\"zKS-7\">A Kiss FM nasceu em 13 de julho de 2001, priorizando as prefer\u00eancias de um p\u00fablico segmentado, que gosta de rock and roll e encontra, na programa\u00e7\u00e3o variada, assuntos que tamb\u00e9m atraem os ouvintes, como filmes, not\u00edcias, entrevistas, s\u00e9ries, esportes radicais e muita m\u00fasica. <em>&#8220;O rock \u00e9 para todos, independente da idade e das prefer\u00eancias pol\u00edticas, culturais e de entretenimento. O objetivo da Kiss \u00e9 abrir espa\u00e7o para que as pessoas aproveitem a energia contagiante que somente o rock pode oferecer&#8221;<\/em>, afirmou Tais Abreu, diretora da r\u00e1dio.<\/span><\/p>\n<\/div>\n<div data-hook=\"rcv-block6\"><\/div>\n<div data-breakout=\"normal\">\n<div id=\"viewer-aqoiv1476\" class=\"bbl5c dkFHG _8UBmS _-7CKp\" dir=\"auto\"><span class=\"zKS-7\">\u00a0<\/span><\/div>\n<\/div>\n<div data-hook=\"rcv-block7\"><\/div>\n<div data-breakout=\"normal\">\n<p id=\"viewer-h5n9o1411\" class=\"bbl5c dkFHG _8UBmS _-7CKp\" dir=\"auto\"><span class=\"zKS-7\">A programa\u00e7\u00e3o musical traz novidades: as &#8220;10 da Kiss&#8221;, segunda edi\u00e7\u00e3o, voltam \u00e0s 17h, de segunda-feira a s\u00e1bado. Em seguida, &#8220;Alternativa Kiss&#8221;\u00a0acontece das 18h \u00e0s 20h, com <em>Titio<\/em>\u00a0Marco Antonio e Ros\u00e2ngela Alves. &#8220;Don&#8217;t Stop Kiss&#8221;, uma hora de m\u00fasica sem intervalo comercial, vai ao ar das 20h \u00e0s 21h, de segunda-feira a sexta-feira<\/span><\/p>\n<\/div>\n<div data-hook=\"rcv-block8\"><\/div>\n<div data-breakout=\"normal\">\n<div id=\"viewer-02y7z1415\" class=\"bbl5c dkFHG _8UBmS _-7CKp\" dir=\"auto\"><span class=\"zKS-7\">\u00a0<\/span><\/div>\n<\/div>\n<div data-hook=\"rcv-block9\"><\/div>\n<div data-breakout=\"normal\">\n<p id=\"viewer-ufxis1416\" class=\"bbl5c dkFHG _8UBmS _-7CKp\" dir=\"auto\"><span class=\"zKS-7\"><strong>Servi\u00e7o:\u00a0\u00a0<\/strong><\/span><\/p>\n<\/div>\n<div data-breakout=\"normal\">\n<p id=\"viewer-r406o1418\" class=\"bbl5c dkFHG _8UBmS _-7CKp\" dir=\"auto\"><span class=\"zKS-7\">Datas:\u00a013 de julho (sabado)<\/span><\/p>\n<\/div>\n<div data-breakout=\"normal\">\n<p id=\"viewer-3bpda1420\" class=\"bbl5c dkFHG _8UBmS _-7CKp\" dir=\"auto\"><span class=\"zKS-7\">Hor\u00e1rio:\u00a019h<\/span><\/p>\n<\/div>\n<div data-breakout=\"normal\">\n<p id=\"viewer-bcjva1422\" class=\"bbl5c dkFHG _8UBmS _-7CKp\" dir=\"auto\"><span class=\"zKS-7\">Hor\u00e1rio de abertura:\u00a02 horas antes do espet\u00e1culo<\/span><\/p>\n<\/div>\n<div data-breakout=\"normal\">\n<p id=\"viewer-jwr391424\" class=\"bbl5c dkFHG _8UBmS _-7CKp\" dir=\"auto\"><span class=\"zKS-7\">Local: Tokio Marine Hall\u202f\u202f\u202f\u202f\u202f\u00a0 \u00a0\u00a0<\/span><\/p>\n<\/div>\n<div data-breakout=\"normal\">\n<p id=\"viewer-sabt91426\" class=\"bbl5c dkFHG _8UBmS _-7CKp\" dir=\"auto\"><span class=\"zKS-7\">Endere\u00e7o:\u202fRua Bragan\u00e7a Paulista, 1281 \u2013 Ch\u00e1cara Santo Ant\u00f4nio \u2013 S\u00e3o Paulo\/SP\u202f\u202f\u202f\u202f\u202f\u00a0 \u00a0\u00a0<\/span><\/p>\n<\/div>\n<div data-breakout=\"normal\">\n<p id=\"viewer-roy3w1428\" class=\"bbl5c dkFHG _8UBmS _-7CKp\" dir=\"auto\"><span class=\"zKS-7\">Informa\u00e7\u00f5es e vendas:\u202f\u202f\u202f\u202f\u202f\u202f\u202f\u00a0 \u00a0<\/span><\/p>\n<\/div>\n<div data-breakout=\"normal\">\n<p id=\"viewer-k96nu1430\" class=\"bbl5c dkFHG _8UBmS _-7CKp\" dir=\"auto\"><span class=\"zKS-7\">Ingressos:\u00a0R$120,00 a R$240,00<\/span><\/p>\n<\/div>\n<div data-breakout=\"normal\">\n<p id=\"viewer-moxzf1432\" class=\"bbl5c dkFHG _8UBmS _-7CKp\" dir=\"auto\"><span class=\"zKS-7\">Vendas:\u202f\u202f<a class=\"L-ZXL QZImc\" href=\"https:\/\/www.eventim.com.br\/\" target=\"_blank\" rel=\"noopener noreferrer\" data-hook=\"WebLink\"><u>https:\/\/www.eventim.com.br\/<\/u><\/a><a class=\"L-ZXL QZImc\" href=\"https:\/\/www.eventim.com.br\/\" target=\"_blank\" rel=\"noopener noreferrer\" data-hook=\"WebLink\"><u>\u00a0\u00a0\u00a0<\/u><\/a><\/span><\/p>\n<\/div>\n<div data-hook=\"rcv-block18\"><\/div>\n<div data-breakout=\"normal\">\n<div id=\"viewer-llp4r1720\" class=\"bbl5c dkFHG _8UBmS _-7CKp\" dir=\"auto\"><span class=\"zKS-7\">\u00a0<\/span><\/div>\n<\/div>\n<div data-hook=\"rcv-block19\"><\/div>\n<div data-breakout=\"normal\">\n<p id=\"viewer-5d05t1436\" class=\"bbl5c dkFHG _8UBmS _-7CKp\" dir=\"auto\"><span class=\"zKS-7\">Informa\u00e7\u00f5es e compra de ingressos:\u202f\u202f\u202f\u202f\u202f\u00a0 \u00a0\u00a0<\/span><\/p>\n<\/div>\n<div data-breakout=\"normal\">\n<p id=\"viewer-i5g3k1438\" class=\"bbl5c dkFHG _8UBmS _-7CKp\" dir=\"auto\"><span class=\"zKS-7\">#\u00a0BILHETERIAS\u202f\u202f\u2013\u00a0Rua Bragan\u00e7a Paulista, 1281 \/ Ch\u00e1cara Santo Ant\u00f4nio\u202f\u202f\u202f\u202f\u202f\u00a0 \u00a0\u00a0<\/span><\/p>\n<\/div>\n<div data-breakout=\"normal\">\n<p id=\"viewer-i3vm11440\" class=\"bbl5c dkFHG _8UBmS _-7CKp\" dir=\"auto\"><span class=\"zKS-7\">(Hor\u00e1rio de atendimento: segunda a domingo, das 12h \u00e0s 18h)\u202f\u202f\u202f\u202f\u202f\u00a0 \u00a0\u00a0<\/span><\/p>\n<\/div>\n<div data-breakout=\"normal\">\n<p id=\"viewer-nh6mp1442\" class=\"bbl5c dkFHG _8UBmS _-7CKp\" dir=\"auto\"><span class=\"zKS-7\">* Em dias de espet\u00e1culo a bilheteria ter\u00e1 seu hor\u00e1rio estendido em 30 minutos ap\u00f3s o in\u00edcio do show, ou o quanto for necess\u00e1rio.\u202f\u202f\u202f\u202f\u202f<\/span><\/p>\n<\/div>\n<div data-hook=\"rcv-block23\"><\/div>\n<div data-breakout=\"normal\">\n<p id=\"viewer-cqx3e1765\" class=\"bbl5c dkFHG _8UBmS _-7CKp\" dir=\"auto\"><span class=\"zKS-7\">\u00a0\u00a0 \u00a0<\/span><\/p>\n<\/div>\n<div data-hook=\"rcv-block24\"><\/div>\n<div data-breakout=\"normal\">\n<p id=\"viewer-7hvlg1444\" class=\"bbl5c dkFHG _8UBmS _-7CKp\" dir=\"auto\"><span class=\"zKS-7\">(<strong>Formas de Pagamento:\u202f<\/strong>cart\u00f5es de cr\u00e9dito Visa, Mastercard, Credicard,\u00a0Diners);\u202f\u202f\u202f\u202f\u202f\u00a0 \u00a0\u00a0<\/span><\/p>\n<\/div>\n<div data-breakout=\"normal\">\n<p id=\"viewer-5jbqr1448\" class=\"bbl5c dkFHG _8UBmS _-7CKp\" dir=\"auto\"><span class=\"zKS-7\"># COMPRA PELA INTERNET\u202f\u202f\u202f\u202f\u202f\u00a0 \u00a0\u00a0<\/span><\/p>\n<\/div>\n<div data-breakout=\"normal\">\n<p id=\"viewer-0f9kq1450\" class=\"bbl5c dkFHG _8UBmS _-7CKp\" dir=\"auto\"><span class=\"zKS-7\"><a class=\"L-ZXL QZImc\" href=\"http:\/\/www.tokiomarinehall.com.br\/\" target=\"_blank\" rel=\"noopener noreferrer\" data-hook=\"WebLink\"><u>www.tokiomarinehall.com.br\u00a0\u00a0 <\/u><\/a>\u00a0<\/span><\/p>\n<\/div>\n<div data-hook=\"rcv-block27\"><\/div>\n<div data-breakout=\"normal\">\n<div id=\"viewer-lxuav1814\" class=\"bbl5c dkFHG _8UBmS _-7CKp\" dir=\"auto\"><span class=\"zKS-7\">\u00a0<\/span><\/div>\n<\/div>\n<div data-hook=\"rcv-block28\"><\/div>\n<div data-breakout=\"normal\">\n<p id=\"viewer-tzbxo1453\" class=\"bbl5c dkFHG _8UBmS _-7CKp\" dir=\"auto\"><span class=\"zKS-7\">(<strong>Formas de Pagamento:<\/strong>\u202f\u202fcart\u00f5es de cr\u00e9dito Visa, Mastercard, Credicard,\u00a0Diners);\u202f\u202f\u202f\u202f\u202f\u00a0 \u00a0\u00a0<\/span><\/p>\n<\/div>\n<div data-breakout=\"normal\">\n<p id=\"viewer-g64mt1457\" class=\"bbl5c dkFHG _8UBmS _-7CKp\" dir=\"auto\"><span class=\"zKS-7\">Compra em ponto-de-venda:\u202f\u202f20% do valor do ingresso\u202f\u202f\u202f\u202f\u202f\u00a0\u00a0 \u00a0<\/span><\/p>\n<\/div>\n<div data-hook=\"rcv-block30\"><\/div>\n<div data-breakout=\"normal\">\n<div id=\"viewer-owbj72981\" class=\"bbl5c dkFHG _8UBmS _-7CKp\" dir=\"auto\"><span class=\"zKS-7\">\u00a0<\/span><\/div>\n<\/div>\n<div data-hook=\"rcv-block31\"><\/div>\n<div data-breakout=\"normal\">\n<p id=\"viewer-nci6g1459\" class=\"bbl5c dkFHG _8UBmS _-7CKp\" dir=\"auto\"><span class=\"zKS-7\">Para a compra de ingressos de estudantes, aposentados e professores estaduais, os mesmos devem comparecer pessoalmente portando documento na bilheteria respectiva ao show ou nos pontos de venda. Esclarecemos que a venda de meia-entrada \u00e9 direta, pessoal e intransfer\u00edvel e a legitimidade est\u00e1 condicionada \u00e0 apresenta\u00e7\u00e3o dos documentos que comprovem esta condi\u00e7\u00e3o na entrada do espet\u00e1culo, conforme LEI N\u00ba 7.844 DE 13 MAIO DE 1992.\u00a0\u00a0 \u00a0<\/span><\/p>\n<\/div>\n<div data-hook=\"rcv-block32\"><\/div>\n<div data-breakout=\"normal\">\n<p id=\"viewer-yee3p1461\" class=\"bbl5c dkFHG _8UBmS _-7CKp\" dir=\"auto\"><span class=\"zKS-7\">Ar Condicionado\u202f\u202f\u202f\u202f\u202f\u00a0 \u00a0\u00a0<\/span><\/p>\n<\/div>\n<div data-breakout=\"normal\">\n<p id=\"viewer-f3fcq1463\" class=\"bbl5c dkFHG _8UBmS _-7CKp\" dir=\"auto\"><span class=\"zKS-7\">Estacionamento:\u202f\u202fHot\u00a0Valet\u00a0(com manobrista)\u202f\u202f\u202f\u202f\u202f\u00a0 \u00a0\u00a0<\/span><\/p>\n<\/div>\n<div data-breakout=\"normal\">\n<p id=\"viewer-5mw1d1465\" class=\"bbl5c dkFHG _8UBmS _-7CKp\" dir=\"auto\"><span class=\"zKS-7\">Aceitamos dinheiro e cart\u00f5es de d\u00e9bito e cr\u00e9dito (Visa, Mastercard, Credicard e\u00a0Diners) N\u00e3o aceitamos cheque.\u202f\u00a0\u00a0 \u00a0<\/span><\/p>\n<\/div>\n<div data-hook=\"rcv-block35\"><\/div>\n<div data-breakout=\"normal\">\n<div id=\"viewer-r9lc31467\" class=\"bbl5c dkFHG _8UBmS _-7CKp\" dir=\"auto\"><span class=\"zKS-7\">\u00a0<\/span><\/div>\n<\/div>\n<div data-hook=\"rcv-block36\"><\/div>\n<div data-breakout=\"normal\">\n<p id=\"viewer-3090s3753\" class=\"bbl5c dkFHG _8UBmS _-7CKp\" dir=\"auto\"><span class=\"zKS-7\"><strong>Fonte:<\/strong>\u00a0MMartinez Assessoria<\/span><\/p>\n<\/div>\n<div data-hook=\"rcv-block37\"><\/div>\n<\/div>\n<div data-hook=\"rcv-block-last\"><\/div>\n<\/div>\n<\/div>\n<\/div>\n<\/div>\n<\/div>\n<\/div>\n<\/article>\n<\/div>\n<div class=\"BL3dva\"><\/div>\n","protected":false},"excerpt":{"rendered":"<p>No pr\u00f3ximo dia 13 de julho, a partir das 19h, a Kiss FM, emissora de r\u00e1dio tradicional por oferecer uma programa\u00e7\u00e3o exclusivamente rock and roll, comemora, no Dia Mundial do Rock, 23 anos de hist\u00f3ria. O evento acontece no Tokio Marine Hall, em S\u00e3o Paulo, com as bandas Ultraje a Rigor, Raimundos, 365 e Normalayze. [&hellip;]<\/p>\n","protected":false},"author":12,"featured_media":23287,"comment_status":"closed","ping_status":"open","sticky":false,"template":"","format":"standard","meta":{"footnotes":""},"categories":[4],"tags":[],"class_list":["post-23286","post","type-post","status-publish","format-standard","has-post-thumbnail","hentry","category-noticias"],"_links":{"self":[{"href":"http:\/\/heavymetalonline.com.br\/index.php?rest_route=\/wp\/v2\/posts\/23286","targetHints":{"allow":["GET"]}}],"collection":[{"href":"http:\/\/heavymetalonline.com.br\/index.php?rest_route=\/wp\/v2\/posts"}],"about":[{"href":"http:\/\/heavymetalonline.com.br\/index.php?rest_route=\/wp\/v2\/types\/post"}],"author":[{"embeddable":true,"href":"http:\/\/heavymetalonline.com.br\/index.php?rest_route=\/wp\/v2\/users\/12"}],"replies":[{"embeddable":true,"href":"http:\/\/heavymetalonline.com.br\/index.php?rest_route=%2Fwp%2Fv2%2Fcomments&post=23286"}],"version-history":[{"count":1,"href":"http:\/\/heavymetalonline.com.br\/index.php?rest_route=\/wp\/v2\/posts\/23286\/revisions"}],"predecessor-version":[{"id":23288,"href":"http:\/\/heavymetalonline.com.br\/index.php?rest_route=\/wp\/v2\/posts\/23286\/revisions\/23288"}],"wp:featuredmedia":[{"embeddable":true,"href":"http:\/\/heavymetalonline.com.br\/index.php?rest_route=\/wp\/v2\/media\/23287"}],"wp:attachment":[{"href":"http:\/\/heavymetalonline.com.br\/index.php?rest_route=%2Fwp%2Fv2%2Fmedia&parent=23286"}],"wp:term":[{"taxonomy":"category","embeddable":true,"href":"http:\/\/heavymetalonline.com.br\/index.php?rest_route=%2Fwp%2Fv2%2Fcategories&post=23286"},{"taxonomy":"post_tag","embeddable":true,"href":"http:\/\/heavymetalonline.com.br\/index.php?rest_route=%2Fwp%2Fv2%2Ftags&post=23286"}],"curies":[{"name":"wp","href":"https:\/\/api.w.org\/{rel}","templated":true}]}}