{"id":23327,"date":"2024-07-06T20:13:59","date_gmt":"2024-07-06T20:13:59","guid":{"rendered":"http:\/\/heavymetalonline.com.br\/?p=23327"},"modified":"2024-07-06T20:13:59","modified_gmt":"2024-07-06T20:13:59","slug":"rock-in-rio-da-inicio-as-obras-dos-palcos-mundo-e-sunset-na-cidade-do-rock","status":"publish","type":"post","link":"http:\/\/heavymetalonline.com.br\/?p=23327","title":{"rendered":"Rock in Rio d\u00e1 in\u00edcio as obras dos palcos Mundo e Sunset na Cidade do Rock"},"content":{"rendered":"<div data-breakout=\"normal\">\n<p dir=\"auto\" style=\"text-align: center;\"><em>Magia do festival come\u00e7a a aparecer e Espa\u00e7o Favela, New Dance Order, Global Village e Rota 85 tamb\u00e9m <\/em><\/p>\n<p dir=\"auto\" style=\"text-align: center;\"><em>come\u00e7am a erguer seus primeiros pilares<\/em><\/p>\n<p id=\"viewer-vs24z3116\" class=\"bbl5c dkFHG _8UBmS _-7CKp\" dir=\"auto\"><span class=\"zKS-7\">Faltam 68 dias para a edi\u00e7\u00e3o que celebra os 40 anos do Rock in Rio e o festival j\u00e1 come\u00e7a a tomar forma na Cidade do Rock. At\u00e9 este momento, 31 pa\u00edses e todos os estados brasileiros j\u00e1 disseram <strong>\u201cEU VOU\u201d<\/strong> e a Cidade Maravilhosa, ber\u00e7o da primeira e hist\u00f3rica edi\u00e7\u00e3o do festival e que colocou o pa\u00eds na rota internacional do show business, j\u00e1 est\u00e1 se preparando e se vestindo de Rock in Rio. Nesta sexta-feira, os palcos Mundo e Sunset come\u00e7aram a ganhar vida com as primeiras estruturas sendo erguidas no Parque Ol\u00edmpico. As obras que v\u00e3o compor e dar forma a m\u00e1gica e ic\u00f4nica Cidade do Rock tamb\u00e9m est\u00e3o avan\u00e7ando nos palcos New Dance Order, Global Village, Espa\u00e7o Favela, al\u00e9m da Rota 85. As obras da \u00c1rea VIP e do lounge do Rock in Rio Club j\u00e1 est\u00e3o em andamento. Todos se preparam para receber os 700 mil f\u00e3s que far\u00e3o parte desta festa com 500 horas de experi\u00eancias e mais de 750 artistas nos sete palcos. Com quatro dias j\u00e1 esgotados, festival coleciona grandes n\u00fameros das vendas de ingresso e os f\u00e3s que n\u00e3o querem ficar de fora da hist\u00f3rica edi\u00e7\u00e3o de 40 anos do festival ainda podem adquirir suas entradas para os \u00faltimos tr\u00eas dias dispon\u00edveis, quando Avenged Sevenfold e Ed Sheeran s\u00e3o headliners, al\u00e9m do in\u00e9dito Dia Brasil, que traz o maior encontro da m\u00fasica brasileira. O Rock in Rio acontecer\u00e1 nos dias 13, 14, 15, 19, 20, 21 e 22 de setembro de 2024, na Cidade do Rock, no Rio de Janeiro.\u00a0<\/span><\/p>\n<\/div>\n<div data-hook=\"rcv-block5\"><\/div>\n<div data-breakout=\"normal\">\n<p id=\"viewer-o81pk18\" class=\"bbl5c dkFHG WZ-z2 _-7CKp\" dir=\"auto\"><span class=\"zKS-7 WZ-z2\">\u00a0<\/span><\/p>\n<\/div>\n<div data-hook=\"rcv-block6\"><\/div>\n<div data-breakout=\"normal\">\n<p id=\"viewer-d0zlr20\" class=\"bbl5c dkFHG WZ-z2 _-7CKp\" dir=\"auto\"><span class=\"zKS-7 WZ-z2\">Ser\u00e3o 500 horas de experi\u00eancias, os f\u00e3s v\u00e3o assistir a mais de 750 artistas nos sete palcos da Cidade do Rock. O p\u00fablico tamb\u00e9m poder\u00e1 aproveitar todos os brinquedos da Cidade do Rock, conferir o musical in\u00e9dito \u201cSonhos, Lama e Rock \u2018n Roll\u201d, caminhar Babil\u00f4nia Feira Hype, encontrar o mundo inteiro na Global Village, viver uma experi\u00eancia gastron\u00f4mica na Gourmet Square, participar das ativa\u00e7\u00f5es de marca e, no Dia Brasil, se encantar com fogos diurnos, videomaping no novo Palco Mundo, um bal\u00e9 a\u00e9reo com trilha sintonizada, pulseiras iluminadas e diversas outras op\u00e7\u00f5es de entretenimento.\u00a0<\/span><\/p>\n<\/div>\n<div data-hook=\"rcv-block7\"><\/div>\n<div data-breakout=\"normal\">\n<p id=\"viewer-1ig6522\" class=\"bbl5c dkFHG WZ-z2 _-7CKp\" dir=\"auto\"><span class=\"zKS-7 WZ-z2\">\u00a0<\/span><\/p>\n<\/div>\n<div data-hook=\"rcv-block8\"><\/div>\n<div data-breakout=\"normal\">\n<p id=\"viewer-o3dk224\" class=\"bbl5c dkFHG WZ-z2 _-7CKp\" dir=\"auto\"><span class=\"zKS-7 WZ-z2\">No Rock in Rio 40 anos, novidades para o Palco Mundo, um Palco Sunset ainda maior e mais imponente, uma nova experi\u00eancia com a Babil\u00f4nia Feira Hype, a nova \u00e1rea Global Village, uma Rota 85 que promete surpreender, uma nova localiza\u00e7\u00e3o para o Sunset, Supernova, Espa\u00e7o Favela e Lounge Club. Al\u00e9m de novidades no New Dance Order, uma Gourmet Square com nova proposta gastron\u00f4mica e uma \u00e1rea ainda maior para melhor circula\u00e7\u00e3o do p\u00fablico, que ainda conta com ativa\u00e7\u00f5es de marcas e os brinquedos tradicionais que comp\u00f5em o grande parque de divers\u00f5es do festival. Na arena ol\u00edmpica, uma nova experi\u00eancia: o musical in\u00e9dito \u201cSonhos, Lama e Rock and Roll\u201d.\u00a0<\/span><\/p>\n<\/div>\n<div data-hook=\"rcv-block9\"><\/div>\n<div data-breakout=\"normal\">\n<p id=\"viewer-wio8l26\" class=\"bbl5c dkFHG WZ-z2 _-7CKp\" dir=\"auto\"><span class=\"zKS-7 WZ-z2\">\u00a0<\/span><\/p>\n<\/div>\n<div data-hook=\"rcv-block10\"><\/div>\n<div data-breakout=\"normal\">\n<p id=\"viewer-9625228\" class=\"bbl5c dkFHG WZ-z2 _-7CKp\" dir=\"auto\"><span class=\"zKS-7 WZ-z2\"><strong>Palco Mundo<\/strong>\u00a0<\/span><\/p>\n<\/div>\n<div data-breakout=\"normal\">\n<p id=\"viewer-wy14k31\" class=\"bbl5c dkFHG WZ-z2 _-7CKp\" dir=\"auto\"><span class=\"zKS-7 WZ-z2\">O gigante Palco Mundo mant\u00e9m a sua localiza\u00e7\u00e3o, mas ganha novidades, para entregar um visual ainda mais moderno. Para que o p\u00fablico n\u00e3o perca nenhum detalhe dos shows, novos tel\u00f5es de led ser\u00e3o instalados no palco. Ser\u00e3o 830m2 de led, divididos em seis tel\u00f5es. O tamanho n\u00e3o muda: Com largura de 104m e 30m de altura, o palco tem o equivalente a um pr\u00e9dio de dez andares. A tradicional queima de fogos que marca a abertura e o encerramento das apresenta\u00e7\u00f5es no Palco Mundo, est\u00e1 confirmada e promete emocionar o p\u00fablico. No line-up, est\u00e3o confirmados Travis Scott, Imagine Dragons, Avenged Sevenfold, Ed Sheeran, Katy Perry, Shawn Mendes, al\u00e9m de uma programa\u00e7\u00e3o in\u00e9dita para o Dia Brasil, com \u201cPara Sempre: Rock\u201d, \u201cPara Sempre: Sertanejo\u201d, \u201cPara Sempre: MPB e \u201cPara Sempre: Trap\u201d.\u00a0<\/span><\/p>\n<\/div>\n<div data-hook=\"rcv-block12\"><\/div>\n<div data-breakout=\"normal\">\n<p id=\"viewer-gm5l733\" class=\"bbl5c dkFHG WZ-z2 _-7CKp\" dir=\"auto\"><span class=\"zKS-7 WZ-z2\">\u00a0<\/span><\/p>\n<\/div>\n<div data-hook=\"rcv-block13\"><\/div>\n<div data-breakout=\"normal\">\n<p id=\"viewer-lzqhu35\" class=\"bbl5c dkFHG WZ-z2 _-7CKp\" dir=\"auto\"><span class=\"zKS-7 WZ-z2\"><strong>Palco Sunset<\/strong>\u00a0<\/span><\/p>\n<\/div>\n<div data-breakout=\"normal\">\n<p id=\"viewer-9iohf38\" class=\"bbl5c dkFHG WZ-z2 _-7CKp\" dir=\"auto\"><span class=\"zKS-7 WZ-z2\">No ano da celebra\u00e7\u00e3o dos 40 anos do Rock in Rio, pela primeira vez na hist\u00f3ria, o palco dos grandes encontros, queridinho do p\u00fablico e da cr\u00edtica, o Palco Sunset, ter\u00e1 a mesma boca de cena que o gigante Palco Mundo, refor\u00e7ando toda a sua pot\u00eancia e igualdade e permitindo um line-up ainda mais poderoso. O Sunset tamb\u00e9m ganha uma nova localiza\u00e7\u00e3o dentro da Cidade do Rock. Com rela\u00e7\u00e3o a suas medidas, a largura ser\u00e1 de 93m e altura 27,5m. Com a chegada do Global Village, o palco, que ganhou protagonismo ao longo dos anos, muda de lugar. Com um \u00e2ngulo privilegiado, o Sunset toma conta do local que antes abrigava a Rock Street, acolhendo o p\u00fablico em um espa\u00e7o ainda maior, onde os f\u00e3s poder\u00e3o assistir aos shows com mais conforto. No line-up, est\u00e3o confirmados Mariah Carey, Iza, Gloria Groove, Gloria Gaynor, Tyla, NX Zero, Luedji Luna convida T\u00e1ssia Reis e X\u00eania Fran\u00e7a e muito mais.\u00a0<\/span><\/p>\n<\/div>\n<div data-hook=\"rcv-block15\"><\/div>\n<div data-breakout=\"normal\">\n<p id=\"viewer-ktcdu40\" class=\"bbl5c dkFHG WZ-z2 _-7CKp\" dir=\"auto\"><span class=\"zKS-7 WZ-z2\">\u00a0<\/span><\/p>\n<\/div>\n<div data-hook=\"rcv-block16\"><\/div>\n<div data-breakout=\"normal\">\n<p id=\"viewer-e73f042\" class=\"bbl5c dkFHG WZ-z2 _-7CKp\" dir=\"auto\"><span class=\"zKS-7 WZ-z2\"><strong>Global Village<\/strong>\u00a0<\/span><\/p>\n<\/div>\n<div data-breakout=\"normal\">\n<p id=\"viewer-sblvo45\" class=\"bbl5c dkFHG WZ-z2 _-7CKp\" dir=\"auto\"><span class=\"zKS-7 WZ-z2\">A nova \u00e1rea da Global Village vai proporcionar uma jornada arquitet\u00f4nica e musical pelos continentes em uma experi\u00eancia imersiva in\u00e9dita. Este novo espa\u00e7o de entretenimento ser\u00e1 uma express\u00e3o tang\u00edvel do compromisso cont\u00ednuo do festival com a paz e por um mundo melhor, ressaltando a diversidade, a m\u00fasica global e a multiplicidade cultural. A nova \u00e1rea, que deve ocupar 7.500 m2 da Cidade do Rock, vai contar com uma robusta cenografia inspirada em \u00edcones arquitet\u00f4nicos de todo o mundo \u2014 onde as pessoas poder\u00e3o andar por uma longa via e entrar em lojas.\u00a0<\/span><\/p>\n<\/div>\n<div data-hook=\"rcv-block18\"><\/div>\n<div data-breakout=\"normal\">\n<p id=\"viewer-swvac47\" class=\"bbl5c dkFHG WZ-z2 _-7CKp\" dir=\"auto\"><span class=\"zKS-7 WZ-z2\">\u00a0<\/span><\/p>\n<\/div>\n<div data-hook=\"rcv-block19\"><\/div>\n<div data-breakout=\"normal\">\n<p id=\"viewer-tdfmb49\" class=\"bbl5c dkFHG WZ-z2 _-7CKp\" dir=\"auto\"><span class=\"zKS-7 WZ-z2\">Angelique Kidjo, duas vezes vencedora do Grammy Awards na categoria Best Global Music Album, ser\u00e1 a embaixadora e est\u00e1 confirmada para se apresentar no dia 20 de setembro, al\u00e9m de Hermeto Pascoal, Anees, Karan Aujla, Noa Kirel, Delanno, Leila Pinheiro, Roberto Menescal, entre outros. O palco do Global Village ficar\u00e1 localizado no mesmo ponto que o Espa\u00e7o Favela ocupou na edi\u00e7\u00e3o do reencontro, em 2022.\u00a0<\/span><\/p>\n<\/div>\n<div data-hook=\"rcv-block20\"><\/div>\n<div data-breakout=\"normal\">\n<p id=\"viewer-u8uve51\" class=\"bbl5c dkFHG WZ-z2 _-7CKp\" dir=\"auto\"><span class=\"zKS-7 WZ-z2\">\u00a0<\/span><\/p>\n<\/div>\n<div data-hook=\"rcv-block21\"><\/div>\n<div data-breakout=\"normal\">\n<p id=\"viewer-xtqqn53\" class=\"bbl5c dkFHG WZ-z2 _-7CKp\" dir=\"auto\"><span class=\"zKS-7 WZ-z2\"><strong>Espa\u00e7o Favela<\/strong>\u00a0<\/span><\/p>\n<\/div>\n<div data-breakout=\"normal\">\n<p id=\"viewer-x002j56\" class=\"bbl5c dkFHG WZ-z2 _-7CKp\" dir=\"auto\"><span class=\"zKS-7 WZ-z2\">Se na edi\u00e7\u00e3o de 2022, o Espa\u00e7o Favela inovou na cenografia, aumentou o tamanho e passou a contar com grandes tel\u00f5es nas laterais para abrigar o dream team das comunidades e sub\u00farbios cariocas, hoje ele ganha uma nova e privilegiada localiza\u00e7\u00e3o. No palco, Tz da Coronel e Borges, Dennis DJ, Poze do Rodo, Xande de Pilares, Pocah, Belo e o Dia Brasil com funk, m\u00fasica cl\u00e1ssica e ind\u00edgena.\u00a0<\/span><\/p>\n<\/div>\n<div data-hook=\"rcv-block23\"><\/div>\n<div data-breakout=\"normal\">\n<p id=\"viewer-9qlgb58\" class=\"bbl5c dkFHG WZ-z2 _-7CKp\" dir=\"auto\"><span class=\"zKS-7 WZ-z2\">\u00a0<\/span><\/p>\n<\/div>\n<div data-hook=\"rcv-block24\"><\/div>\n<div data-breakout=\"normal\">\n<p id=\"viewer-rq61n60\" class=\"bbl5c dkFHG WZ-z2 _-7CKp\" dir=\"auto\"><span class=\"zKS-7 WZ-z2\"><strong>New Dance Order<\/strong>\u00a0<\/span><\/p>\n<\/div>\n<div data-breakout=\"normal\">\n<p id=\"viewer-mhjeu63\" class=\"bbl5c dkFHG WZ-z2 _-7CKp\" dir=\"auto\"><span class=\"zKS-7 WZ-z2\">Os amantes da Dance Music podem comemorar! O palco New Dance Order chega com v\u00e1rias novidades na programa\u00e7\u00e3o e ganha ainda mais destaque na Cidade do Rock para esta edi\u00e7\u00e3o. A organiza\u00e7\u00e3o anunciou grandes nomes nacionais e internacionais da cena eletr\u00f4nica no line-up, como Alison Wonderland, Deadmau5, Dj Snake, Artbat, Wade, Mochakk e Kaskade como headliners.\u00a0<\/span><\/p>\n<\/div>\n<div data-hook=\"rcv-block26\"><\/div>\n<div data-breakout=\"normal\">\n<p id=\"viewer-9udt765\" class=\"bbl5c dkFHG WZ-z2 _-7CKp\" dir=\"auto\"><span class=\"zKS-7 WZ-z2\">\u00a0<\/span><\/p>\n<\/div>\n<div data-hook=\"rcv-block27\"><\/div>\n<div data-breakout=\"normal\">\n<p id=\"viewer-bit7t67\" class=\"bbl5c dkFHG WZ-z2 _-7CKp\" dir=\"auto\"><span class=\"zKS-7 WZ-z2\"><strong>Supernova<\/strong>\u00a0<\/span><\/p>\n<\/div>\n<div data-breakout=\"normal\">\n<p id=\"viewer-a1pn570\" class=\"bbl5c dkFHG WZ-z2 _-7CKp\" dir=\"auto\"><span class=\"zKS-7 WZ-z2\">O Supernova confirma a sua terceira edi\u00e7\u00e3o no maior festival de m\u00fasica e entretenimento do mundo. Formado por artistas expoentes da m\u00fasica nacional e tamb\u00e9m atra\u00e7\u00f5es j\u00e1 consolidadas e reconhecidas pelo p\u00fablico, o palco estreou em 2019 com grande sucesso e, para 2024, conquista um novo espa\u00e7o, pr\u00f3ximo de onde ficava o palco da Rock District.\u00a0<\/span><\/p>\n<\/div>\n<div data-hook=\"rcv-block29\"><\/div>\n<div data-breakout=\"normal\">\n<p id=\"viewer-blf0i72\" class=\"bbl5c dkFHG WZ-z2 _-7CKp\" dir=\"auto\"><span class=\"zKS-7 WZ-z2\">\u00a0<\/span><\/p>\n<\/div>\n<div data-hook=\"rcv-block30\"><\/div>\n<div data-breakout=\"normal\">\n<p id=\"viewer-4gozk74\" class=\"bbl5c dkFHG WZ-z2 _-7CKp\" dir=\"auto\"><span class=\"zKS-7 WZ-z2\"><strong>Babil\u00f4nia Feira Hype<\/strong>\u00a0<\/span><\/p>\n<\/div>\n<div data-breakout=\"normal\">\n<p id=\"viewer-ouizz77\" class=\"bbl5c dkFHG WZ-z2 _-7CKp\" dir=\"auto\"><span class=\"zKS-7 WZ-z2\">Em uma parceria in\u00e9dita e com a alma carioca, o Rock in Rio vai levar a Babil\u00f4nia Feira Hype para dentro da Cidade do Rock. A feira de moda, arte e design mais popular do Rio de Janeiro ficar\u00e1 localizada pr\u00f3xima \u00e0 Rota 85 e vai ser uma nova experi\u00eancia para os f\u00e3s, al\u00e9m de um novo espa\u00e7o para descanso e divers\u00e3o. A Feira Hype tamb\u00e9m vai promover o empreendedorismo e incentivar a economia criativa do estado do Rio de Janeiro.\u00a0<\/span><\/p>\n<\/div>\n<div data-hook=\"rcv-block32\"><\/div>\n<div data-breakout=\"normal\">\n<p id=\"viewer-ldw1k79\" class=\"bbl5c dkFHG WZ-z2 _-7CKp\" dir=\"auto\"><span class=\"zKS-7 WZ-z2\">\u00a0<\/span><\/p>\n<\/div>\n<div data-hook=\"rcv-block33\"><\/div>\n<div data-breakout=\"normal\">\n<p id=\"viewer-05j4181\" class=\"bbl5c dkFHG WZ-z2 _-7CKp\" dir=\"auto\"><span class=\"zKS-7 WZ-z2\"><strong>Lounge Club<\/strong>\u00a0<\/span><\/p>\n<\/div>\n<div data-breakout=\"normal\">\n<p id=\"viewer-n3pf784\" class=\"bbl5c dkFHG WZ-z2 _-7CKp\" dir=\"auto\"><span class=\"zKS-7 WZ-z2\">Quem tamb\u00e9m ganha nova localiza\u00e7\u00e3o na Cidade do Rock \u00e9 o Lounge Club, que ficar\u00e1 em frente ao Palco Sunset, a uma dist\u00e2ncia de apenas 200 metros, permitindo uma vis\u00e3o sem bloqueios das apresenta\u00e7\u00f5es dos artistas nacionais e internacionais. Al\u00e9m da vista, o Lounge Club tamb\u00e9m vai contar com servi\u00e7o gratuito de maquiagem, cabelo, tatuagem e massagem, al\u00e9m de um rooftop, espa\u00e7o para descanso, elevador para PCDs, restaurante, bar com venda de cerveja e destilados e diversas ativa\u00e7\u00f5es interativas.\u00a0<\/span><\/p>\n<\/div>\n<div data-hook=\"rcv-block35\"><\/div>\n<div data-breakout=\"normal\">\n<p id=\"viewer-gpy7586\" class=\"bbl5c dkFHG WZ-z2 _-7CKp\" dir=\"auto\"><span class=\"zKS-7 WZ-z2\">\u00a0<\/span><\/p>\n<\/div>\n<div data-hook=\"rcv-block36\"><\/div>\n<div data-breakout=\"normal\">\n<p id=\"viewer-hj9sd88\" class=\"bbl5c dkFHG WZ-z2 _-7CKp\" dir=\"auto\"><span class=\"zKS-7 WZ-z2\"><strong>Musical &#8211; Sonhos, Lama e Rock and Roll<\/strong>\u00a0<\/span><\/p>\n<\/div>\n<div data-breakout=\"normal\">\n<p id=\"viewer-7muwf91\" class=\"bbl5c dkFHG WZ-z2 _-7CKp\" dir=\"auto\"><span class=\"zKS-7 WZ-z2\">Ap\u00f3s o sucesso do espet\u00e1culo &#8220;Uirapuru&#8221;, em 2022, e do &#8220;The Town \u2013 O Musical&#8221;, no The Town, o festival vai apresentar o musical \u201cSonhos, Lama e Rock and Roll\u201d. A obra vai fazer um mergulho profundo na trajet\u00f3ria de 40 anos do maior festival de m\u00fasica e entretenimento do mundo, levando o p\u00fablico para uma viagem m\u00e1gica pelos bastidores da cria\u00e7\u00e3o do Rock in Rio, destacando a import\u00e2ncia de perseguir e acreditar nos sonhos que desejam realizar.\u00a0<\/span><\/p>\n<\/div>\n<div data-hook=\"rcv-block38\"><\/div>\n<div data-breakout=\"normal\">\n<p id=\"viewer-pnufv93\" class=\"bbl5c dkFHG WZ-z2 _-7CKp\" dir=\"auto\"><span class=\"zKS-7 WZ-z2\">\u00a0<\/span><\/p>\n<\/div>\n<div data-hook=\"rcv-block39\"><\/div>\n<div data-breakout=\"normal\">\n<p id=\"viewer-zf34t95\" class=\"bbl5c dkFHG WZ-z2 _-7CKp\" dir=\"auto\"><span class=\"zKS-7 WZ-z2\"><strong>Brinquedos<\/strong>\u00a0<\/span><\/p>\n<\/div>\n<div data-breakout=\"normal\">\n<p id=\"viewer-cgxrq98\" class=\"bbl5c dkFHG WZ-z2 _-7CKp\" dir=\"auto\"><span class=\"zKS-7 WZ-z2\">E, para garantir que as horas di\u00e1rias de funcionamento do evento sejam de total divers\u00e3o, a Cidade do Rock conta com diversas atividades, entre elas cinco brinquedos gigantes que fazem com que o evento se torne tamb\u00e9m um grande parque de divers\u00f5es: Roda Gigante, Mega Download, Discovery, Tirolesa e Montanha Russa.\u00a0<\/span><\/p>\n<\/div>\n<div data-hook=\"rcv-block41\"><\/div>\n<div data-breakout=\"normal\">\n<p id=\"viewer-jc0as100\" class=\"bbl5c dkFHG WZ-z2 _-7CKp\" dir=\"auto\"><span class=\"zKS-7 WZ-z2\">\u00a0<\/span><\/p>\n<\/div>\n<div data-hook=\"rcv-block42\"><\/div>\n<div data-breakout=\"normal\">\n<p id=\"viewer-xxqeg102\" class=\"bbl5c dkFHG WZ-z2 _-7CKp\" dir=\"auto\"><span class=\"zKS-7 WZ-z2\"><strong>Confira o line-up dos dias ainda dispon\u00edveis para a edi\u00e7\u00e3o que celebra os 40 anos do Rock in Rio\u202f\u202f\u00a0<\/strong>\u00a0<\/span><\/p>\n<\/div>\n<div data-hook=\"rcv-block43\"><\/div>\n<div data-breakout=\"normal\">\n<p id=\"viewer-zkycm105\" class=\"bbl5c dkFHG WZ-z2 _-7CKp\" dir=\"auto\"><span class=\"zKS-7 WZ-z2\">\u00a0<\/span><\/p>\n<\/div>\n<div data-hook=\"rcv-block44\"><\/div>\n<div data-breakout=\"normal\">\n<p id=\"viewer-osnai107\" class=\"bbl5c dkFHG WZ-z2 _-7CKp\" dir=\"auto\"><span class=\"zKS-7 WZ-z2\">O Rock in Rio vai acontecer nos dias 13, 14, 15, 19, 20, 21 e 22 de setembro de 2024, com 700 mil pessoas na Cidade do Rock. Ser\u00e1 a celebra\u00e7\u00e3o de 40 anos do festival que colocou o Brasil na rota da cena musical do mundo, e que, em 2022, recebeu o t\u00edtulo de Patrim\u00f4nio Cultural Imaterial pela Cidade e Estado do Rio de Janeiro. J\u00e1 s\u00e3o 22 edi\u00e7\u00f5es realizadas, mais de 3.800 artistas escalados, mais de 11.2 milh\u00f5es na plateia e mais de 130 dias de magia desde 1985. E, para 2024, os f\u00e3s podem aguardar uma festa especial, com novas experi\u00eancias e viv\u00eancias dentro da Cidade do Rock. O p\u00fablico ainda tem a oportunidade \u00fanica de adquirir ingressos para 15 de setembro, quando se apresenta Avenged Sevenfold, Evanescence e Deep Purple, 19 de setembro, com apresenta\u00e7\u00f5es de Ed Sheeran, Charlie Puth e Gloria Groove, e ainda 21 de setembro, quando as celebra\u00e7\u00f5es do Dia Brasil acontecer\u00e3o ao longo de 12 horas de festival com grandes nomes do pa\u00eds em encontros in\u00e9ditos e exclusivos em todos os palcos. A venda acontece exclusivamente na plataforma da Ticketmaster (<a class=\"L-ZXL QZImc\" href=\"http:\/\/www.ticketmaster.com.br\/\" target=\"_blank\" rel=\"noopener\" data-hook=\"WebLink\">www.ticketmaster.com.br<\/a>).\u00a0<\/span><\/p>\n<\/div>\n<div data-hook=\"rcv-block45\"><\/div>\n<div data-breakout=\"normal\">\n<p id=\"viewer-2hyum111\" class=\"bbl5c dkFHG WZ-z2 _-7CKp\" dir=\"auto\"><span class=\"zKS-7 WZ-z2\">\u00a0<\/span><\/p>\n<\/div>\n<div data-hook=\"rcv-block46\"><\/div>\n<div data-breakout=\"normal\">\n<p id=\"viewer-areyb113\" class=\"bbl5c dkFHG WZ-z2 _-7CKp\" dir=\"auto\"><span class=\"zKS-7 WZ-z2\">Na programa\u00e7\u00e3o do primeiro fim de semana, no dia 15 de setembro, se apresentam Avenged Sevenfold, Evanescence, Journey e Os Paralamas do Sucesso no Palco Mundo. No Sunset, Deep Purple, Incubus, Planet Hemp convida Pitty e Bar\u00e3o Vermelho. No Global Village, Anees, Terra Celta e Larissa Luz. No Espa\u00e7o Favela, o MC Poze do Rodo, MC Hariel e Ster. No NDO, Artbat, Mila Journ\u00e8e, Binary e Ruback.\u202f\u202f\u202f\u00a0\u00a0<\/span><\/p>\n<\/div>\n<div data-hook=\"rcv-block47\"><\/div>\n<div data-breakout=\"normal\">\n<p id=\"viewer-af9pg115\" class=\"bbl5c dkFHG WZ-z2 _-7CKp\" dir=\"auto\"><span class=\"zKS-7 WZ-z2\">\u00a0<\/span><\/p>\n<\/div>\n<div data-hook=\"rcv-block48\"><\/div>\n<div data-breakout=\"normal\">\n<p id=\"viewer-yntj3117\" class=\"bbl5c dkFHG WZ-z2 _-7CKp\" dir=\"auto\"><span class=\"zKS-7 WZ-z2\">No fim de semana seguinte, Ed Sheeran \u00e9 o headliner do dia 19 e no Palco Mundo tamb\u00e9m se apresentam Charlie Puth, Joss Stone e J\u00e3o. Nesse mesmo dia, Gloria Groove sobe ao palco Sunset como headliner da noite, que tamb\u00e9m conta com apresenta\u00e7\u00f5es de Ferrugem convida Gilsons, Filipe Ret convida Caio Luccas e Pedro Sampaio. Xande de Pilares \u00e9 o embaixador e principal atra\u00e7\u00e3o do Espa\u00e7o Favela, que tamb\u00e9m recebe Fundo de Quintal e Vinny Santa F\u00e9. Na Global Village, Noa Kirel, Bixiga 70 e Sambaiana. No New Dance Order, Wade, Victor Lou, Gabe e Illusionize.\u202f\u202f\u202f\u00a0\u00a0<\/span><\/p>\n<\/div>\n<div data-hook=\"rcv-block49\"><\/div>\n<div data-breakout=\"normal\">\n<p id=\"viewer-eppht119\" class=\"bbl5c dkFHG WZ-z2 _-7CKp\" dir=\"auto\"><span class=\"zKS-7 WZ-z2\">\u00a0<\/span><\/p>\n<\/div>\n<div data-hook=\"rcv-block50\"><\/div>\n<div data-breakout=\"normal\">\n<p id=\"viewer-tojsd121\" class=\"bbl5c dkFHG WZ-z2 _-7CKp\" dir=\"auto\"><span class=\"zKS-7 WZ-z2\">J\u00e1 no chamado Dia Brasil, 21 de setembro, no Palco Mundo, acontecem os shows de Capital Inicial, Detonautas, NX Zero, Pitty, Rog\u00e9rio Flausino, Toni Garrido, Ana Castela, Chit\u00e3ozinho &amp; Xoror\u00f3, Junior Lima, Luan Santana, Simone Mendes, Orquestra Heli\u00f3polis, BaianaSystem, Carlinhos Brown, Daniela Mercury, Majur, Ney Matogrosso, Margareth Menezes, MC Cabelinho, Kayblack, Matu\u00ea, Orochi, Filipe Ret, MC Ryan SP e Veigh. O Palco Sunset contar\u00e1 com apresenta\u00e7\u00f5es de Duda Beat, Gloria Groove, Ivete Sangalo, J\u00e3o, Ludmilla, Lulu Santos, Lu\u00edsa Sonza, Alcione, Diogo Nogueira, Jorge Arag\u00e3o, Maria Rita, Xande de Pilares, Zeca Pagodinho, Criolo, Rael, D2, Djonga, Karol Conk\u00e1, Rincon Sapi\u00eancia e Xam\u00e3. Enquanto isso, o Global Village recebe Bossacucanova com participa\u00e7\u00e3o de Cris Delanno, Leila Pinheiro, Roberto Menescal, Wanda S\u00e1, Banda Black Rio, Claudio Zoli, Hyldon, Leo Gandelman, Jonathan Ferr, Ant\u00f4nio Adolfo e Joabe Reis, al\u00e9m de Gang do Eletro e Suraras do Tapaj\u00f3s.\u202f\u202fNo Espa\u00e7o Favela acontecem shows de MC Don Juan, MC Hariel, MC IG, MC Livinho, MC Dricka, MC Ph, Nathan Amaral, Orquestra Jovem Da Sinf\u00f4nica Brasileira, Buchecha, Funk Orquestra, MC Carol, Tati Quebra Barraco, Cidinho e Doca e Kevin o Chris, Nathan Amaram e OSB, Ka\u00ea Guaj\u00e1jara, DJ Totonete e grupo Dance Mar\u00e9. Por fim, o New Dance Order recebe os DJs Mochakk, Beltran X Classmatic, Eli Iwasa X Ratier e Maz X Antdot.\u00a0\u00a0<\/span><\/p>\n<\/div>\n<div data-hook=\"rcv-block51\"><\/div>\n<div data-breakout=\"normal\">\n<p id=\"viewer-q8brl123\" class=\"bbl5c dkFHG WZ-z2 _-7CKp\" dir=\"auto\"><span class=\"zKS-7 WZ-z2\">\u00a0<\/span><\/p>\n<\/div>\n<div data-hook=\"rcv-block52\"><\/div>\n<div data-breakout=\"normal\">\n<p id=\"viewer-jnsjz125\" class=\"bbl5c dkFHG WZ-z2 _-7CKp\" dir=\"auto\"><span class=\"zKS-7 WZ-z2\"><strong>Saiba mais sobre os ingressos para o Rock in Rio 2024\u00a0<\/strong>\u00a0<\/span><\/p>\n<\/div>\n<div data-breakout=\"normal\">\n<p id=\"viewer-4603e128\" class=\"bbl5c dkFHG WZ-z2 _-7CKp\" dir=\"auto\"><span class=\"zKS-7 WZ-z2\">\u00a0Para a edi\u00e7\u00e3o do Rock in Rio Brasil 2024, o valor do ingresso \u00e9 de R$ 795 (inteira) e R$ 397,50 (meia-entrada) e n\u00e3o h\u00e1 cobran\u00e7a de taxa de servi\u00e7o. O pagamento pode ser feito por PIX ou cart\u00e3o de cr\u00e9dito e o valor parcelado em at\u00e9 seis vezes. Clientes que efetuarem o pagamento com os cart\u00f5es de cr\u00e9dito Ita\u00fa, Credicard e Iti t\u00eam 15% de desconto na compra de ingressos, por R$ 675,75 (n\u00e3o cumulativos com a meia-entrada) e poder\u00e3o parcelar sua compra em at\u00e9 oito vezes sem juros.\u202f\u00a0\u00a0<\/span><\/p>\n<\/div>\n<div data-hook=\"rcv-block54\"><\/div>\n<div data-breakout=\"normal\">\n<p id=\"viewer-ebqyh132\" class=\"bbl5c dkFHG WZ-z2 _-7CKp\" dir=\"auto\"><span class=\"zKS-7 WZ-z2\">\u00a0<\/span><\/p>\n<\/div>\n<div data-hook=\"rcv-block55\"><\/div>\n<div data-breakout=\"normal\">\n<p id=\"viewer-1m0vx134\" class=\"bbl5c dkFHG WZ-z2 _-7CKp\" dir=\"auto\"><span class=\"zKS-7 WZ-z2\">O limite de compra do p\u00fablico em geral \u00e9 de at\u00e9 4 (quatro) ingressos por CPF, sendo uma meia-entrada, com exce\u00e7\u00e3o para meia-entrada para pessoas portadoras de necessidade especial, que t\u00eam direito a comprar outra meia-entrada tamb\u00e9m para seu acompanhante. Os clientes que adquirirem ingressos nesta modalidade ter\u00e3o que informar no pr\u00f3prio site todas as informa\u00e7\u00f5es referentes ao documento que comprove tal condi\u00e7\u00e3o, para posterior valida\u00e7\u00e3o, assim como ser\u00e1 necess\u00e1rio apresent\u00e1-lo no acesso \u00e0 Cidade do Rock, no dia do evento.\u202f\u202f\u00a0\u00a0<\/span><\/p>\n<\/div>\n<div data-hook=\"rcv-block56\"><\/div>\n<div data-breakout=\"normal\">\n<p id=\"viewer-4lnev136\" class=\"bbl5c dkFHG WZ-z2 _-7CKp\" dir=\"auto\"><span class=\"zKS-7 WZ-z2\">\u00a0<\/span><\/p>\n<\/div>\n<div data-hook=\"rcv-block57\"><\/div>\n<div data-breakout=\"normal\">\n<p id=\"viewer-jceih138\" class=\"bbl5c dkFHG WZ-z2 _-7CKp\" dir=\"auto\"><span class=\"zKS-7 WZ-z2\">O ingresso de meia-entrada \u00e9 garantido por lei para estudantes, menores de 21 anos, maiores de 60 anos, deficientes e seu acompanhante, profissionais e professores da rede de ensino do Rio de Janeiro e jovens de baixa renda.\u202f\u202f\u00a0\u00a0<\/span><\/p>\n<\/div>\n<div data-hook=\"rcv-block58\"><\/div>\n<div data-breakout=\"normal\">\n<p id=\"viewer-v4ka1140\" class=\"bbl5c dkFHG WZ-z2 _-7CKp\" dir=\"auto\"><span class=\"zKS-7 WZ-z2\"><strong>\u202f\u202f\u202f <\/strong>\u202f\u202f\u202f\u202f\u00a0<\/span><\/p>\n<\/div>\n<div data-hook=\"rcv-block59\"><\/div>\n<div data-breakout=\"normal\">\n<p id=\"viewer-uc3vd143\" class=\"bbl5c dkFHG WZ-z2 _-7CKp\" dir=\"auto\"><span class=\"zKS-7 WZ-z2\"><strong>Sobre o Rock in Rio<\/strong>\u202f\u202f\u202f\u202f\u202f\u00a0<\/span><\/p>\n<\/div>\n<div data-breakout=\"normal\">\n<p id=\"viewer-ckpus146\" class=\"bbl5c dkFHG WZ-z2 _-7CKp\" dir=\"auto\"><span class=\"zKS-7 WZ-z2\">1984 marca o in\u00edcio das prepara\u00e7\u00f5es para a primeira edi\u00e7\u00e3o do evento idealizado por Roberto Medina e que hoje, 40 anos depois, \u00e9 considerado o maior festival de m\u00fasica e entretenimento do mundo \u2013 o Rock in Rio. A hist\u00f3ria do evento se entrela\u00e7a com a do entretenimento no Brasil, sendo respons\u00e1vel por colocar o pa\u00eds na rota dos eventos internacionais, j\u00e1 que pela primeira vez, um pa\u00eds da Am\u00e9rica do Sul sediou um evento musical dessa magnitude. Em uma \u00e1rea de 250 mil m2, em Jacarepagu\u00e1, durante dez dias, 1 milh\u00e3o e 380 mil pessoas foram iluminadas pela primeira vez e come\u00e7aram a fazer parte do grande espet\u00e1culo. No palco \u2014 o maior do mundo na \u00e9poca, com 80m de boca de cena \u2014 15 atra\u00e7\u00f5es nacionais e 16 internacionais. Originalmente organizado no Rio de Janeiro, o festival ganhou o mundo chegando a Lisboa (Portugal), onde \u00e9 realizado at\u00e9 hoje, passando por Madrid (Espanha) e Las Vegas (USA).\u202f\u202f\u202f\u202f\u00a0<\/span><\/p>\n<\/div>\n<div data-hook=\"rcv-block61\"><\/div>\n<div data-breakout=\"normal\">\n<p id=\"viewer-xdvv0150\" class=\"bbl5c dkFHG WZ-z2 _-7CKp\" dir=\"auto\"><span class=\"zKS-7 WZ-z2\">\u202f\u202f\u202f\u202f\u00a0<\/span><\/p>\n<\/div>\n<div data-hook=\"rcv-block62\"><\/div>\n<div data-breakout=\"normal\">\n<p id=\"viewer-oehvi152\" class=\"bbl5c dkFHG WZ-z2 _-7CKp\" dir=\"auto\"><span class=\"zKS-7 WZ-z2\">Desde a primeira edi\u00e7\u00e3o, j\u00e1 gerou 265 mil empregos diretos e indiretos e, apenas na \u00faltima, em 2022, um impacto econ\u00f4mico de mais de 2 bilh\u00f5es na cidade do Rio de Janeiro. Tamb\u00e9m no ano passado, o Rock in Rio foi considerado patrim\u00f4nio cultural imaterial do estado do Rio de Janeiro. Pelas Cidades do Rock, desde 1985, j\u00e1 passaram mais de 11.2 milh\u00f5es de visitantes, que assistiram a 3.816 artistas em 130 dias de magia. Dentre os n\u00fameros gigantes do festival, mais de 64 milh\u00f5es de pessoas alcan\u00e7adas nas redes sociais apenas em 2022 e mais de 12 milh\u00f5es de f\u00e3s online.\u202f\u202f\u202f\u202f\u202f\u00a0<\/span><\/p>\n<\/div>\n<div data-hook=\"rcv-block63\"><\/div>\n<div data-breakout=\"normal\">\n<p id=\"viewer-vr8e1154\" class=\"bbl5c dkFHG WZ-z2 _-7CKp\" dir=\"auto\"><span class=\"zKS-7 WZ-z2\">\u202f\u202f\u202f\u202f\u00a0<\/span><\/p>\n<\/div>\n<div data-hook=\"rcv-block64\"><\/div>\n<div data-breakout=\"normal\">\n<p id=\"viewer-5b1qu156\" class=\"bbl5c dkFHG WZ-z2 _-7CKp\" dir=\"auto\"><span class=\"zKS-7 WZ-z2\">Gerando impactos positivos nos pa\u00edses onde \u00e9 realizado e consciente do poder disseminador da marca, o Rock in Rio pauta-se por ser um evento com o prop\u00f3sito de construir um mundo melhor para pessoas mais felizes, confiantes e emp\u00e1ticas num planeta mais saud\u00e1vel. Adotando e incentivando pr\u00e1ticas que apoiam o coletivo, se une a empresas que possuem este mesmo olhar e diretriz. O festival investiu, junto com seus parceiros, mais de R\uff04 110 milh\u00f5es em diferentes projetos, passando por temas como sustentabilidade, educa\u00e7\u00e3o, m\u00fasica, florestas, entre outros.\u202fApenas na Amaz\u00f4nia, 73 milh\u00f5es de \u00e1rvores foram plantadas. A marca foi pioneira em ter a certifica\u00e7\u00e3o ISO 20121 \u2014 Eventos Sustent\u00e1veis e, em 2022, come\u00e7ou a trabalhar ambiciosas metas para 2030, alinhadas com os Objetivos de Desenvolvimento Sustent\u00e1vel (ODS).\u202f\u202f\u202f\u202f\u202f\u00a0<\/span><\/p>\n<\/div>\n<div data-hook=\"rcv-block65\"><\/div>\n<div data-breakout=\"normal\">\n<p id=\"viewer-8mb4o158\" class=\"bbl5c dkFHG WZ-z2 _-7CKp\" dir=\"auto\"><span class=\"zKS-7 WZ-z2\">\u202f\u202f\u202f\u202f\u00a0<\/span><\/p>\n<\/div>\n<div data-hook=\"rcv-block66\"><\/div>\n<div data-breakout=\"normal\">\n<p id=\"viewer-qyux7160\" class=\"bbl5c dkFHG WZ-z2 _-7CKp\" dir=\"auto\"><span class=\"zKS-7 WZ-z2\">O ano de 2024 ser\u00e1 de muitas comemora\u00e7\u00f5es para o Rock in Rio. O ano em que tudo come\u00e7ou, 40 anos depois, d\u00e1 in\u00edcio \u00e0s celebra\u00e7\u00f5es. E a festa brasileira j\u00e1 est\u00e1 marcada: 13, 14, 15, 19, 20, 21 e 22 de setembro de 2024, no Parque Ol\u00edmpico, Rio de Janeiro; e a lisboeta tamb\u00e9m: 15, 16, 22 e 23 de junho de 2024, no Parque Tejo. Das 22 edi\u00e7\u00f5es anteriores, nove ocorreram no Brasil (1985, 1991, 2001, 2011, 2013, 2015, 2017, 2019 e 2022), nove em Portugal (2004, 2006, 2008, 2010, 2012, 2014, 2016, 2018 e 2022), tr\u00eas na Espanha (2008, 2010 e 2012) e uma nos Estados Unidos (2015).\u202f\u202f\u202f\u202f\u00a0<\/span><\/p>\n<\/div>\n<div data-hook=\"rcv-block67\"><\/div>\n<div data-breakout=\"normal\">\n<div id=\"viewer-rl3tb736\" class=\"bbl5c dkFHG WZ-z2 _-7CKp\" dir=\"auto\"><span class=\"zKS-7 WZ-z2\">\u00a0<\/span><\/div>\n<\/div>\n<div data-hook=\"rcv-block68\"><\/div>\n<div data-breakout=\"normal\">\n<p id=\"viewer-vlo34818\" class=\"bbl5c dkFHG WZ-z2 _-7CKp\" dir=\"auto\"><span class=\"zKS-7 WZ-z2\"><strong>Fonte: <\/strong>Approach Comunica\u00e7\u00e3o<\/span><\/p>\n<\/div>\n","protected":false},"excerpt":{"rendered":"<p>Magia do festival come\u00e7a a aparecer e Espa\u00e7o Favela, New Dance Order, Global Village e Rota 85 tamb\u00e9m come\u00e7am a erguer seus primeiros pilares Faltam 68 dias para a edi\u00e7\u00e3o que celebra os 40 anos do Rock in Rio e o festival j\u00e1 come\u00e7a a tomar forma na Cidade do Rock. At\u00e9 este momento, 31 [&hellip;]<\/p>\n","protected":false},"author":12,"featured_media":21295,"comment_status":"closed","ping_status":"open","sticky":false,"template":"","format":"standard","meta":{"footnotes":""},"categories":[4],"tags":[],"class_list":["post-23327","post","type-post","status-publish","format-standard","has-post-thumbnail","hentry","category-noticias"],"_links":{"self":[{"href":"http:\/\/heavymetalonline.com.br\/index.php?rest_route=\/wp\/v2\/posts\/23327","targetHints":{"allow":["GET"]}}],"collection":[{"href":"http:\/\/heavymetalonline.com.br\/index.php?rest_route=\/wp\/v2\/posts"}],"about":[{"href":"http:\/\/heavymetalonline.com.br\/index.php?rest_route=\/wp\/v2\/types\/post"}],"author":[{"embeddable":true,"href":"http:\/\/heavymetalonline.com.br\/index.php?rest_route=\/wp\/v2\/users\/12"}],"replies":[{"embeddable":true,"href":"http:\/\/heavymetalonline.com.br\/index.php?rest_route=%2Fwp%2Fv2%2Fcomments&post=23327"}],"version-history":[{"count":1,"href":"http:\/\/heavymetalonline.com.br\/index.php?rest_route=\/wp\/v2\/posts\/23327\/revisions"}],"predecessor-version":[{"id":23328,"href":"http:\/\/heavymetalonline.com.br\/index.php?rest_route=\/wp\/v2\/posts\/23327\/revisions\/23328"}],"wp:featuredmedia":[{"embeddable":true,"href":"http:\/\/heavymetalonline.com.br\/index.php?rest_route=\/wp\/v2\/media\/21295"}],"wp:attachment":[{"href":"http:\/\/heavymetalonline.com.br\/index.php?rest_route=%2Fwp%2Fv2%2Fmedia&parent=23327"}],"wp:term":[{"taxonomy":"category","embeddable":true,"href":"http:\/\/heavymetalonline.com.br\/index.php?rest_route=%2Fwp%2Fv2%2Fcategories&post=23327"},{"taxonomy":"post_tag","embeddable":true,"href":"http:\/\/heavymetalonline.com.br\/index.php?rest_route=%2Fwp%2Fv2%2Ftags&post=23327"}],"curies":[{"name":"wp","href":"https:\/\/api.w.org\/{rel}","templated":true}]}}