{"id":23494,"date":"2024-07-15T18:57:29","date_gmt":"2024-07-15T18:57:29","guid":{"rendered":"http:\/\/heavymetalonline.com.br\/?p=23494"},"modified":"2024-07-15T18:57:29","modified_gmt":"2024-07-15T18:57:29","slug":"laggus-banda-de-metal-alternativo-lanca-videoclipe-de-um-pouco-de-paz-o-desespero","status":"publish","type":"post","link":"http:\/\/heavymetalonline.com.br\/?p=23494","title":{"rendered":"Laggus: banda de metal alternativo lan\u00e7a videoclipe de \u201cUm Pouco de Paz (O Desespero)\u201d"},"content":{"rendered":"<div data-breakout=\"normal\">\n<p id=\"viewer-222w226582\" class=\"bbl5c dkFHG _8UBmS _-7CKp\" dir=\"auto\"><span class=\"zKS-7\">A banda carioca de metal alternativo <strong>Laggus<\/strong> lan\u00e7ou na sexta-feira, 05 de julho, o videoclipe do single <strong>\u201cUm Pouco de Paz (O Desespero\u201d)<\/strong>. A can\u00e7\u00e3o, que funciona como um desabafo e trata de sentimentos negativos como a raiva, \u00e9 a segunda na sequ\u00eancia de lan\u00e7amentos at\u00e9 o \u00e1lbum \u201cGris\u201d, previsto para sair em agosto.<\/span><\/p>\n<\/div>\n<div data-hook=\"rcv-block3\"><\/div>\n<div data-breakout=\"normal\">\n<div id=\"viewer-dyy5725164\" class=\"bbl5c dkFHG _8UBmS _-7CKp\" dir=\"auto\"><span class=\"zKS-7\">\u00a0<\/span><\/div>\n<\/div>\n<div data-hook=\"rcv-block4\"><\/div>\n<div data-breakout=\"normal\">\n<p id=\"viewer-fk11d25172\" class=\"bbl5c dkFHG _8UBmS _-7CKp\" dir=\"auto\"><span class=\"zKS-7\">A letra de \u201cUm Pouco de Paz (O Desespero)\u201d foi criada por Gustavo Ribeiro. O videoclipe foi gravado e produzido pela pr\u00f3pria banda, com o ator Kaio Raiol interpretando um homem com quest\u00f5es mentais.<\/span><\/p>\n<\/div>\n<div data-hook=\"rcv-block5\"><\/div>\n<div data-breakout=\"normal\">\n<div id=\"viewer-8ef3z25458\" class=\"bbl5c dkFHG _8UBmS _-7CKp\" dir=\"auto\"><span class=\"zKS-7\">\u00a0<\/span><\/div>\n<\/div>\n<div data-hook=\"rcv-block6\"><\/div>\n<div data-breakout=\"normal\">\n<p id=\"viewer-erakc25468\" class=\"bbl5c dkFHG _8UBmS _-7CKp\" dir=\"auto\"><span class=\"zKS-7\">Gustavo explica um pouco sobre o conceito e como surgiu a m\u00fasica: <em>&#8220;Essa \u00e9 uma das m\u00fasicas mais pesadas do \u00e1lbum. O assunto que ela trata tamb\u00e9m vai nesse sentido. Fala de raiva e sentimentos negativos. Ela surgiu na casa do Romildo, de palhetadas no viol\u00e3o. Ela \u00e9 um desabafo de uma pessoa que n\u00e3o aguenta mais o ambiente t\u00f3xico que est\u00e1 inserido Quando n\u00e3o se quer mais construir aquela &#8216;Fam\u00edlia de Margarina'&#8221;<\/em>.<\/span><\/p>\n<\/div>\n<div data-hook=\"rcv-block7\"><\/div>\n<div data-breakout=\"normal\">\n<div id=\"viewer-kctwf24950\" class=\"bbl5c dkFHG _8UBmS _-7CKp\" dir=\"auto\"><span class=\"zKS-7\">\u00a0<\/span><\/div>\n<\/div>\n<div data-hook=\"rcv-block8\"><\/div>\n<div data-breakout=\"normal\">\n<p id=\"viewer-7peg125053\" class=\"bbl5c dkFHG _8UBmS _-7CKp\" dir=\"auto\"><span class=\"zKS-7\">Confira o videoclipe <strong>\u00a0\u201cUm Pouco de Paz (O Desespero\u201d)<\/strong><\/span><\/p>\n<\/div>\n<p><iframe loading=\"lazy\" title=\"YouTube video player\" src=\"https:\/\/www.youtube.com\/embed\/u8ArMChgHuo?si=AL5E9CFyEvmixUW_\" width=\"560\" height=\"315\" frameborder=\"0\" allowfullscreen=\"allowfullscreen\"><\/iframe><\/p>\n<div data-breakout=\"normal\">\n<p id=\"viewer-16oce25412\" class=\"bbl5c dkFHG _8UBmS _-7CKp\" dir=\"auto\"><span class=\"zKS-7\">Anteriormente, o Laggus lan\u00e7ou o videoclipe de \u201cFora do Lugar\u201d (O Autoquestionamento\u201d), que trata da inadequa\u00e7\u00e3o na sociedade. O guitarrista Romildo Jr explica: &#8220;O Gustavo me apresentou essa m\u00fasica na \u00e9poca do primeiro \u00e1lbum e gostei de cara. Ela fala sobre a falta de enquadramento das pessoas na sociedade. \u00c9 sobre ser o ser deslocado numa sociedade que promove que todos sejam de determinada forma. Sei que muita gente est\u00e1 passando por isso. Alguma vez voc\u00ea j\u00e1 se sentiu como uma pe\u00e7a fora do lugar?<\/span><\/p>\n<\/div>\n<div data-hook=\"rcv-block12\"><\/div>\n<div data-breakout=\"normal\">\n<div id=\"viewer-7c2ah25510\" class=\"bbl5c dkFHG _8UBmS _-7CKp\" dir=\"auto\"><span class=\"zKS-7\">\u00a0<\/span><\/div>\n<\/div>\n<div data-hook=\"rcv-block13\"><\/div>\n<div data-breakout=\"normal\">\n<p id=\"viewer-d3psu25523\" class=\"bbl5c dkFHG _8UBmS _-7CKp\" dir=\"auto\"><span class=\"zKS-7\"><strong>Quem \u00e9 a banda Laggus?<\/strong><\/span><\/p>\n<\/div>\n<div data-breakout=\"normal\">\n<p id=\"viewer-32j9225537\" class=\"bbl5c dkFHG _8UBmS _-7CKp\" dir=\"auto\"><span class=\"zKS-7\">A banda Laggus, formada em 2018, \u00e9 composta por Alan Raiol (bateria e backing vocals), Gustavo Ribeiro (vocal e guitarra), Romildo Jr. Misturando metal alternativo e grunge, a banda foi criada ap\u00f3s Gustavo encontrar Alan em 2017. Em 2019, a forma\u00e7\u00e3o atual se consolidou com a entrada de Vitor e Romildo. Durante a pandemia de 2020, a Laggus gravou seu primeiro EP \u201cLimiar\u201d de forma caseira, seguido por \u201cHabitual\u201d (2021) e \u201cPerene In\u00e9rcia\u201d (2022).<\/span><\/p>\n<\/div>\n<div data-hook=\"rcv-block15\"><\/div>\n<div data-breakout=\"normal\">\n<div id=\"viewer-jj1vu25555\" class=\"bbl5c dkFHG _8UBmS _-7CKp\" dir=\"auto\"><span class=\"zKS-7\">\u00a0<\/span><\/div>\n<\/div>\n<div data-hook=\"rcv-block16\"><\/div>\n<div data-breakout=\"normal\">\n<p id=\"viewer-rpj8z25539\" class=\"bbl5c dkFHG _8UBmS _-7CKp\" dir=\"auto\"><span class=\"zKS-7\">Em 2023, a Laggus se dedica \u00e0 cria\u00e7\u00e3o de &#8220;Gris&#8221;, seu \u00e1lbum mais conceitual, com lan\u00e7amento previsto para agosto de 2024. &#8220;Gris&#8221; aborda temas de sa\u00fade mental e fragilidade emocional, com influ\u00eancias de metal alternativo, nu metal e elementos sinf\u00f4nicos. O \u00e1lbum, composto de forma colaborativa, oferece conforto para aqueles que enfrentam dificuldades emocionais e refor\u00e7a a mensagem de que ningu\u00e9m est\u00e1 sozinho em suas lutas.<\/span><\/p>\n<\/div>\n<div data-hook=\"rcv-block17\"><\/div>\n<div data-breakout=\"normal\">\n<div id=\"viewer-hj67125576\" class=\"bbl5c dkFHG _8UBmS _-7CKp\" dir=\"auto\"><span class=\"zKS-7\">\u00a0<\/span><\/div>\n<\/div>\n<div data-hook=\"rcv-block18\"><\/div>\n<div data-breakout=\"normal\">\n<p id=\"viewer-1hrko25592\" class=\"bbl5c dkFHG _8UBmS _-7CKp\" dir=\"auto\"><span class=\"zKS-7\"><strong>Links:<\/strong><\/span><\/p>\n<\/div>\n<div data-breakout=\"normal\">\n<p id=\"viewer-yfg6x25609\" class=\"bbl5c dkFHG _8UBmS _-7CKp\" dir=\"auto\"><span class=\"zKS-7\"><a class=\"L-ZXL QZImc\" href=\"https:\/\/open.spotify.com\/intl-pt\/artist\/4wK0C4mXVIO5gnKzyqu2Bi?si=01ff2aebb77b4d85\" target=\"_blank\" rel=\"noopener\" data-hook=\"WebLink\"><u>https:\/\/open.spotify.com\/intl-pt\/artist\/4wK0C4mXVIO5gnKzyqu2Bi?si=01ff2aebb77b4d85<\/u><\/a><\/span><\/p>\n<\/div>\n<div data-breakout=\"normal\">\n<p id=\"viewer-w1sy525611\" class=\"bbl5c dkFHG _8UBmS _-7CKp\" dir=\"auto\"><span class=\"zKS-7\"><a class=\"L-ZXL QZImc\" href=\"https:\/\/www.instagram.com\/laggusoficial\/\" target=\"_blank\" rel=\"noopener\" data-hook=\"WebLink\"><u>https:\/\/www.instagram.com\/laggusoficial\/<\/u><\/a><\/span><\/p>\n<\/div>\n<div data-breakout=\"normal\">\n<p id=\"viewer-fbspy25613\" class=\"bbl5c dkFHG _8UBmS _-7CKp\" dir=\"auto\"><span class=\"zKS-7\"><a class=\"L-ZXL QZImc\" href=\"https:\/\/www.youtube.com\/@laggusoficial\" target=\"_blank\" rel=\"noopener\" data-hook=\"WebLink\"><u>https:\/\/www.youtube.com\/@laggusoficial<\/u><\/a><\/span><\/p>\n<\/div>\n<div data-hook=\"rcv-block22\"><\/div>\n<div data-breakout=\"normal\">\n<div id=\"viewer-wa5bd26080\" class=\"bbl5c dkFHG _8UBmS _-7CKp\" dir=\"auto\"><span class=\"zKS-7\">\u00a0<\/span><\/div>\n<\/div>\n<div data-hook=\"rcv-block23\"><\/div>\n<div data-breakout=\"normal\">\n<p id=\"viewer-ebvmw26100\" class=\"bbl5c dkFHG _8UBmS _-7CKp\" dir=\"auto\"><span class=\"zKS-7\"><strong>Fonte:<\/strong> The Bridge Press<\/span><\/p>\n<\/div>\n<div data-hook=\"rcv-block24\"><\/div>\n<div data-breakout=\"normal\"><\/div>\n","protected":false},"excerpt":{"rendered":"<p>A banda carioca de metal alternativo Laggus lan\u00e7ou na sexta-feira, 05 de julho, o videoclipe do single \u201cUm Pouco de Paz (O Desespero\u201d). A can\u00e7\u00e3o, que funciona como um desabafo e trata de sentimentos negativos como a raiva, \u00e9 a segunda na sequ\u00eancia de lan\u00e7amentos at\u00e9 o \u00e1lbum \u201cGris\u201d, previsto para sair em agosto. \u00a0 [&hellip;]<\/p>\n","protected":false},"author":12,"featured_media":23495,"comment_status":"closed","ping_status":"open","sticky":false,"template":"","format":"standard","meta":{"footnotes":""},"categories":[4],"tags":[],"class_list":["post-23494","post","type-post","status-publish","format-standard","has-post-thumbnail","hentry","category-noticias"],"_links":{"self":[{"href":"http:\/\/heavymetalonline.com.br\/index.php?rest_route=\/wp\/v2\/posts\/23494","targetHints":{"allow":["GET"]}}],"collection":[{"href":"http:\/\/heavymetalonline.com.br\/index.php?rest_route=\/wp\/v2\/posts"}],"about":[{"href":"http:\/\/heavymetalonline.com.br\/index.php?rest_route=\/wp\/v2\/types\/post"}],"author":[{"embeddable":true,"href":"http:\/\/heavymetalonline.com.br\/index.php?rest_route=\/wp\/v2\/users\/12"}],"replies":[{"embeddable":true,"href":"http:\/\/heavymetalonline.com.br\/index.php?rest_route=%2Fwp%2Fv2%2Fcomments&post=23494"}],"version-history":[{"count":1,"href":"http:\/\/heavymetalonline.com.br\/index.php?rest_route=\/wp\/v2\/posts\/23494\/revisions"}],"predecessor-version":[{"id":23496,"href":"http:\/\/heavymetalonline.com.br\/index.php?rest_route=\/wp\/v2\/posts\/23494\/revisions\/23496"}],"wp:featuredmedia":[{"embeddable":true,"href":"http:\/\/heavymetalonline.com.br\/index.php?rest_route=\/wp\/v2\/media\/23495"}],"wp:attachment":[{"href":"http:\/\/heavymetalonline.com.br\/index.php?rest_route=%2Fwp%2Fv2%2Fmedia&parent=23494"}],"wp:term":[{"taxonomy":"category","embeddable":true,"href":"http:\/\/heavymetalonline.com.br\/index.php?rest_route=%2Fwp%2Fv2%2Fcategories&post=23494"},{"taxonomy":"post_tag","embeddable":true,"href":"http:\/\/heavymetalonline.com.br\/index.php?rest_route=%2Fwp%2Fv2%2Ftags&post=23494"}],"curies":[{"name":"wp","href":"https:\/\/api.w.org\/{rel}","templated":true}]}}